{"id":46053,"date":"2022-12-15T09:32:22","date_gmt":"2022-12-15T09:32:22","guid":{"rendered":"https:\/\/www.lapluma.net\/?p=46053"},"modified":"2022-12-15T10:32:41","modified_gmt":"2022-12-15T10:32:41","slug":"peru-un-pueblo-furioso-ante-una-represion-que-sigue-dejando-muertos","status":"publish","type":"post","link":"https:\/\/www.lapluma.net\/fr\/2022\/12\/15\/peru-un-pueblo-furioso-ante-una-represion-que-sigue-dejando-muertos\/","title":{"rendered":"Per\u00fa: Un pueblo furioso ante una represi\u00f3n que sigue dejando muertos"},"content":{"rendered":"<p style=\"text-align: justify;\"><span style=\"font-size: 14pt;\">La inmensa mayor\u00eda de peruanos intuye o toma conciencia de que no se trata solo de presidentes o gobiernos corruptos y vendepatrias sino en la mafiosa constituci\u00f3n fujimorista de 1993, y que el suicidio pol\u00edtico de Castillo lo aprovech\u00f3 la pandilla ultraderechista parlamentaria para sacarlo y darle cariz legal a la sucesi\u00f3n presidencial no hace m\u00e1s que prolongar y ampliar el robo y malversaci\u00f3n de los fondos p\u00fablicos.<\/span><\/p>\n<p style=\"text-align: justify;\"><span style=\"font-size: 14pt;\">La percepci\u00f3n popular creci\u00f3 desde la defecci\u00f3n del gobierno de Pedro Castillo y el manejo delincuencial y corrupto de un Congreso que s\u00f3lo existe para el enriquecimiento personal de la casta privilegiada de los delincuentes de cuello, corbata y leyes truchas en las manos. No hay nada m\u00e1s errado y perverso que pensar que las movilizaciones son para pedir la reposici\u00f3n de Castillo, se\u00f1ala el analista Vicente Otta.<\/span><\/p>\n<p><img loading=\"lazy\" decoding=\"async\" class=\" wp-image-46059 aligncenter\" src=\"https:\/\/www.lapluma.net\/wp-content\/uploads\/2022\/12\/Peru-policia-Ojo-critico-300x201.jpg\" alt=\"\" width=\"455\" height=\"305\" srcset=\"https:\/\/www.lapluma.net\/wp-content\/uploads\/2022\/12\/Peru-policia-Ojo-critico-300x201.jpg 300w, https:\/\/www.lapluma.net\/wp-content\/uploads\/2022\/12\/Peru-policia-Ojo-critico-1024x685.jpg 1024w, https:\/\/www.lapluma.net\/wp-content\/uploads\/2022\/12\/Peru-policia-Ojo-critico-768x514.jpg 768w, https:\/\/www.lapluma.net\/wp-content\/uploads\/2022\/12\/Peru-policia-Ojo-critico-150x100.jpg 150w, https:\/\/www.lapluma.net\/wp-content\/uploads\/2022\/12\/Peru-policia-Ojo-critico-370x247.jpg 370w, https:\/\/www.lapluma.net\/wp-content\/uploads\/2022\/12\/Peru-policia-Ojo-critico.jpg 1200w\" sizes=\"auto, (max-width: 455px) 100vw, 455px\" \/><\/p>\n<p style=\"text-align: justify;\"><span style=\"font-size: 14pt;\">Lo peor es que Dina Boluarte no ha entendido que las calles exigen adelanto de elecciones, refer\u00e9ndum y Asamblea constituyente.<\/span><\/p>\n<p style=\"text-align: justify;\"><span style=\"font-size: 14pt;\">La convulsi\u00f3n social no da tregua. Las movilizaciones de protesta en buena parte del pa\u00eds no ceden. En un desbordamiento de bronca contenida contra una clase pol\u00edtica, exigiendo \u201cque se vayan todos\u201d- y en espera de demandas sociales largamente desatendidas. La indignaci\u00f3n ciudadana escala, la violencia se desborda en diversos lugares y la represi\u00f3n sigue dejando muertos.<\/span><\/p>\n<p style=\"text-align: justify;\"><span style=\"font-size: 14pt;\">Lo que deja el momento pol\u00edtico es un pueblo furioso, que ha explotado en distintos lugares del Per\u00fa, harto de los enga\u00f1os del mismo elenco de impresentables que quiere repetirse hasta el infinito y cuyas opiniones son casi las \u00fanicas que permite escuchar el oligopolio medi\u00e1tico existente en el Per\u00fa.<\/span><\/p>\n<p style=\"text-align: justify;\"><span style=\"font-size: 14pt;\">Estos enga\u00f1os pueden ser resumidos en uno solo: que las protestas son obra de \u201cagitadores\u201d e \u201cinfiltrados\u201d, un nuevo desprecio a los miles de peruanos movilizados para expresar su descontento. Pero esta furia carece hasta hoy de una canalizaci\u00f3n pol\u00edtica adecuada que nos ponga en camino de superar esta crisis y alcanzar un bien esquivo en el \u00faltimo lustro: la estabilidad pol\u00edtica, se\u00f1ala el analista Nicol\u00e1s Lynch.<\/span><\/p>\n<p style=\"text-align: justify;\"><span style=\"font-size: 14pt;\"><img loading=\"lazy\" decoding=\"async\" class=\" wp-image-46060 aligncenter\" src=\"https:\/\/www.lapluma.net\/wp-content\/uploads\/2022\/12\/Peru-crisis-policia-300x201.jpg\" alt=\"\" width=\"467\" height=\"313\" srcset=\"https:\/\/www.lapluma.net\/wp-content\/uploads\/2022\/12\/Peru-crisis-policia-300x201.jpg 300w, https:\/\/www.lapluma.net\/wp-content\/uploads\/2022\/12\/Peru-crisis-policia-1024x685.jpg 1024w, https:\/\/www.lapluma.net\/wp-content\/uploads\/2022\/12\/Peru-crisis-policia-768x514.jpg 768w, https:\/\/www.lapluma.net\/wp-content\/uploads\/2022\/12\/Peru-crisis-policia-150x100.jpg 150w, https:\/\/www.lapluma.net\/wp-content\/uploads\/2022\/12\/Peru-crisis-policia-370x247.jpg 370w, https:\/\/www.lapluma.net\/wp-content\/uploads\/2022\/12\/Peru-crisis-policia.jpg 1200w\" sizes=\"auto, (max-width: 467px) 100vw, 467px\" \/><\/span><\/p>\n<p style=\"text-align: justify;\"><span style=\"font-size: 14pt;\">Mientras. la presidenta Dina Boluarte hac\u00eda un llamado a la calma frente a las protestas y anunciaba un posible nuevo adelanto de elecciones, el encarcelado exmandatario Pedro Castillo se present\u00f3 ante un tribunal y denunci\u00f3 que su detenci\u00f3n \u201ces injusta y arbitraria\u201d. Asimismo, pidi\u00f3 que se detenga la represi\u00f3n policial y militar contra las protestas.<\/span><\/p>\n<p style=\"text-align: justify;\"><span style=\"font-size: 14pt;\">Las demandas de los manifestantes a nivel nacional son cierre del Congreso, renuncia de Boluarte, adelanto de elecciones generales, apertura de una asamblea constituyente para una nueva constituci\u00f3n.<\/span><\/p>\n<p style=\"text-align: justify;\"><span style=\"font-size: 14pt;\">La convulsi\u00f3n social no da tregua y las movilizaciones de protesta en buena parte del pa\u00eds no ceden. En una demostraci\u00f3n de bronca contenida contra una clase pol\u00edtica desacreditada y demandas sociales largamente desatendidas, ninguneadas, olvidadas. Hay una gran <strong>\u00a0<\/strong>indignaci\u00f3n ciudadana que escala, mientras la violencia se desborda en diversos lugares y la represi\u00f3n sigue dejando muertos.<\/span><\/p>\n<p style=\"text-align: justify;\"><span style=\"font-size: 14pt;\">Mientras la presidenta Dina Boluarte hac\u00eda un llamado a la calma frente a las protestas y anunciaba un posible nuevo adelanto de elecciones -hace unos d\u00edas anunci\u00f3 que se adelantaban de 2026 al mes de abril de 2024-, en un intento de parar el desborde popular que exige que \u201cse vayan todos\u201d, el encarcelado exmandatario Pedro Castillo se presentaba ante un tribunal y denunci\u00f3 que su detenci\u00f3n \u201ces injusta y arbitraria\u201d. Aprovech\u00f3 la ocasi\u00f3n para pedir que se detenga la represi\u00f3n contra las protestas.<\/span><\/p>\n<p><img loading=\"lazy\" decoding=\"async\" class=\" wp-image-46061 aligncenter\" src=\"https:\/\/www.lapluma.net\/wp-content\/uploads\/2022\/12\/Peru-un-pueblo-furioso-300x172.jpg\" alt=\"\" width=\"494\" height=\"283\" srcset=\"https:\/\/www.lapluma.net\/wp-content\/uploads\/2022\/12\/Peru-un-pueblo-furioso-300x172.jpg 300w, https:\/\/www.lapluma.net\/wp-content\/uploads\/2022\/12\/Peru-un-pueblo-furioso.jpg 750w\" sizes=\"auto, (max-width: 494px) 100vw, 494px\" \/><\/p>\n<p style=\"text-align: justify;\">\n<p style=\"text-align: justify;\"><span style=\"font-size: 14pt;\">El ministro de Defensa, Alberto Ot\u00e1rola, hizo o\u00eddos sordos y anunci\u00f3 que se declarar\u00e1 en emergencia la red vial nacional, en medio de las protestas y enfrentamientos en diversas regiones. Se\u00f1al\u00f3 que son ocho mil personas las que causan los disturbios en el Per\u00fa \u00a0y dijo que las Fuerzas Armadas resguardar\u00e1n los activos nacionales, aeropuertos y centrales hidroel\u00e9ctricas, adem\u00e1s de declarar el estado de emergencia en Arequipa e Ica.<\/span><\/p>\n<h2><span style=\"font-size: 18pt;\"><strong>M\u00e9xico: Castillo es el presidente<\/strong><\/span><\/h2>\n<p style=\"text-align: justify;\"><span style=\"font-size: 14pt;\">Para M\u00e9xico, Pedro Castillo sigue siendo el presidente de Per\u00fa, pues su elecci\u00f3n es resultado de la voluntad ciudadana expresada en las urnas, sostuvo el presidente Andr\u00e9s Manuel L\u00f3pez Obrador, quien record\u00f3 que en el comunicado conjunto que emitieron los gobiernos de Argentina, Bolivia, Colombia y M\u00e9xico se manifestaron por priorizar la voluntad del pueblo peruano.<\/span><\/p>\n<p style=\"text-align: justify;\"><span style=\"font-size: 14pt;\">\u201cLo que plantea es que se debe respetar la voluntad del pueblo que lo eligi\u00f3, reconocer que gan\u00f3 democr\u00e1ticamente y que no se le puede destituir. Que eso de origen (la remoci\u00f3n del presidente o vacancia), aunque est\u00e9 en la Constituci\u00f3n peruana, tiene un problema, una falla antidemocr\u00e1tica de origen\u201d, dijo el mandatario.<\/span><\/p>\n<p><img loading=\"lazy\" decoding=\"async\" class=\" wp-image-46062 aligncenter\" src=\"https:\/\/www.lapluma.net\/wp-content\/uploads\/2022\/12\/peru-pedro-castillo1-300x114.jpg\" alt=\"\" width=\"434\" height=\"165\" srcset=\"https:\/\/www.lapluma.net\/wp-content\/uploads\/2022\/12\/peru-pedro-castillo1-300x114.jpg 300w, https:\/\/www.lapluma.net\/wp-content\/uploads\/2022\/12\/peru-pedro-castillo1.jpg 364w\" sizes=\"auto, (max-width: 434px) 100vw, 434px\" \/><\/p>\n<p style=\"text-align: justify;\"><span style=\"font-size: 14pt;\">Mientras, el gobierno de Per\u00fa pidi\u00f3 que\u00a0se respeten las decisiones internas que est\u00e1 tomando \u00abpara resguardar la institucionalidad democr\u00e1tica\u00bb, y dio a\u00a0 entender que el exmandatrio fue removido por darse un autogolpe al cerrar el Congreso e intervenir el Poder Judicial, lo cual est\u00e1 prohibido en un tratado interamericano de derechos humanos. Exigi\u00f3 que se cumplan las obligaciones internacionales previstas en el Sistema Interamericano y en particular en la Carta Democr\u00e1tica Interamericana<\/span><\/p>\n<p style=\"text-align: justify;\"><span style=\"font-size: 14pt;\">La ministra de Relaciones Exteriores, Ana Cecilia Gervasi, convoc\u00f3 a los embajadores de M\u00e9xico, Bolivia y Argentina y al encargado de negocios de Colombia, a quienes reiter\u00f3 que la sucesi\u00f3n presidencial de Dina Boluarte es constitucional.De igual manera, les se\u00f1al\u00f3 que las decisiones que el expresidente Pedro Castillo, del 7 de diciembre pasado, materializaron un golpe de estado en el pa\u00eds.<\/span><\/p>\n<h2><span style=\"font-size: 18pt;\"><strong>\u00bfHay salida?<\/strong><\/span><\/h2>\n<p style=\"text-align: justify;\">L<span style=\"font-size: 14pt;\">a \u00fanica salida que le queda a Boluarte es convocar a elecciones generales y producir el cierre del mafioso Congreso de la Rep\u00fablica. Omitir este mandato popular le traer\u00e1 grav\u00edsimas consecuencias no solo de orden pol\u00edtico. Alguien tendr\u00e1 que pagar por los cr\u00edmenes contra el pueblo.<\/span><\/p>\n<p><img loading=\"lazy\" decoding=\"async\" class=\" wp-image-46063 aligncenter\" src=\"https:\/\/www.lapluma.net\/wp-content\/uploads\/2022\/12\/peru-dina_boluarte-300x169.jpg\" alt=\"\" width=\"493\" height=\"278\" srcset=\"https:\/\/www.lapluma.net\/wp-content\/uploads\/2022\/12\/peru-dina_boluarte-300x169.jpg 300w, https:\/\/www.lapluma.net\/wp-content\/uploads\/2022\/12\/peru-dina_boluarte.jpg 600w\" sizes=\"auto, (max-width: 493px) 100vw, 493px\" \/><\/p>\n<p style=\"text-align: justify;\"><span style=\"font-size: 14pt;\">El pueblo, las clases populares enga\u00f1adas una y otra vez, siempre postergadas en sus reivindicaciones b\u00e1sicas, siguen sin voz y sin protecci\u00f3n. Donde hay dominaci\u00f3n y explotaci\u00f3n siempre aparece, tarde o temprano, la rebeld\u00eda, la insumisi\u00f3n, el conflicto social en un sentido amplio.<\/span><\/p>\n<p style=\"text-align: justify;\"><span style=\"font-size: 14pt;\">Para que los mismos de siempre no vuelvan disfrazados de cordero, se deben organizar nuevas elecciones, reformas electorales, refer\u00e9ndum y Asamblea Constituyente. Y hay que cambiar la actual constituci\u00f3n, organizar el Estado pluricultural, el estado de todas los pueblos.<\/span><\/p>\n<p><img loading=\"lazy\" decoding=\"async\" class=\" wp-image-46064 aligncenter\" src=\"https:\/\/www.lapluma.net\/wp-content\/uploads\/2022\/12\/Peru-gases-300x172.webp\" alt=\"\" width=\"460\" height=\"264\" srcset=\"https:\/\/www.lapluma.net\/wp-content\/uploads\/2022\/12\/Peru-gases-300x172.webp 300w, https:\/\/www.lapluma.net\/wp-content\/uploads\/2022\/12\/Peru-gases.webp 750w\" sizes=\"auto, (max-width: 460px) 100vw, 460px\" \/><\/p>\n<h2><span style=\"font-size: 18pt;\"><strong>Mariana \u00c1lvarez Orellana<\/strong><\/span><\/h2>\n<h2><span style=\"font-size: 18pt;\">Editado por <a href=\"https:\/\/www.lapluma.net\/nosotros\/editora\/\">Mar\u00eda Piedad Ossaba<\/a><\/span><\/h2>\n<h2><span style=\"font-size: 18pt;\">Fuente: <a href=\"https:\/\/estrategia.la\/2022\/12\/14\/peru-un-pueblo-furioso-ante-una-represion-que-sigue-dejando-muertos\/\">Centro Latinoamericano de An\u00edlisis Estrat\u00e9gico (CLAE)<\/a>, 14 de diciembre de 2022<\/span><\/h2>\n<h2><span style=\"font-size: 14pt;\">Lea en La Pluma: <\/span><a href=\"https:\/\/www.lapluma.net\/2022\/12\/10\/crisis-politica-en-peru-destitucion-de-pedro-castillo-y-nuevo-gobierno\/\" rel=\"bookmark\"><span style=\"font-size: 14pt;\">Crisis pol\u00edtica en Per\u00fa: Destituci\u00f3n de Pedro Castillo y nuevo gobierno<\/span><\/a><\/h2>\n","protected":false},"excerpt":{"rendered":"<p>El pueblo, las clases populares enga\u00f1adas una y otra vez, siempre postergadas en sus reivindicaciones b\u00e1sicas, siguen sin voz y sin protecci\u00f3n. Donde hay dominaci\u00f3n y explotaci\u00f3n siempre aparece, tarde o temprano, la rebeld\u00eda, la insumisi\u00f3n, el conflicto social en un sentido amplio.<\/p>\n","protected":false},"author":1200,"featured_media":46069,"comment_status":"open","ping_status":"open","sticky":false,"template":"","format":"standard","meta":{"_uf_show_specific_survey":0,"_uf_disable_surveys":false,"footnotes":""},"categories":[5],"tags":[21390,21449,16792,21453,21452],"coauthors":[21450],"class_list":["post-46053","post","type-post","status-publish","format-standard","has-post-thumbnail","hentry","category-editoriales-y-opiniones","tag-dina-boluarte","tag-mariana-alvarez-orellana","tag-peru-america-latina-abya-yala","tag-referendum-y-asamblea-constituyente","tag-reformas-electorales"],"translation":{"provider":"WPGlobus","version":"2.12.2","language":"fr","enabled_languages":["es","fr"],"languages":{"es":{"title":true,"content":true,"excerpt":true},"fr":{"title":false,"content":false,"excerpt":false}}},"_links":{"self":[{"href":"https:\/\/www.lapluma.net\/fr\/wp-json\/wp\/v2\/posts\/46053","targetHints":{"allow":["GET"]}}],"collection":[{"href":"https:\/\/www.lapluma.net\/fr\/wp-json\/wp\/v2\/posts"}],"about":[{"href":"https:\/\/www.lapluma.net\/fr\/wp-json\/wp\/v2\/types\/post"}],"author":[{"embeddable":true,"href":"https:\/\/www.lapluma.net\/fr\/wp-json\/wp\/v2\/users\/1200"}],"replies":[{"embeddable":true,"href":"https:\/\/www.lapluma.net\/fr\/wp-json\/wp\/v2\/comments?post=46053"}],"version-history":[{"count":7,"href":"https:\/\/www.lapluma.net\/fr\/wp-json\/wp\/v2\/posts\/46053\/revisions"}],"predecessor-version":[{"id":47228,"href":"https:\/\/www.lapluma.net\/fr\/wp-json\/wp\/v2\/posts\/46053\/revisions\/47228"}],"wp:featuredmedia":[{"embeddable":true,"href":"https:\/\/www.lapluma.net\/fr\/wp-json\/wp\/v2\/media\/46069"}],"wp:attachment":[{"href":"https:\/\/www.lapluma.net\/fr\/wp-json\/wp\/v2\/media?parent=46053"}],"wp:term":[{"taxonomy":"category","embeddable":true,"href":"https:\/\/www.lapluma.net\/fr\/wp-json\/wp\/v2\/categories?post=46053"},{"taxonomy":"post_tag","embeddable":true,"href":"https:\/\/www.lapluma.net\/fr\/wp-json\/wp\/v2\/tags?post=46053"},{"taxonomy":"author","embeddable":true,"href":"https:\/\/www.lapluma.net\/fr\/wp-json\/wp\/v2\/coauthors?post=46053"}],"curies":[{"name":"wp","href":"https:\/\/api.w.org\/{rel}","templated":true}]}}