{"id":45961,"date":"2022-12-11T11:19:47","date_gmt":"2022-12-11T11:19:47","guid":{"rendered":"https:\/\/www.lapluma.net\/?p=45961"},"modified":"2022-12-11T19:14:13","modified_gmt":"2022-12-11T19:14:13","slug":"cedis-resistir-y-derrotar-la-carga-del-fascismo","status":"publish","type":"post","link":"https:\/\/www.lapluma.net\/fr\/2022\/12\/11\/cedis-resistir-y-derrotar-la-carga-del-fascismo\/","title":{"rendered":"Pronunciamiento del CEDIS: Resistir y derrotar la carga del fascismo"},"content":{"rendered":"<p style=\"text-align: justify;\"><span style=\"font-size: 14pt;\">El Centro de Estudios \u201cDemocracia, Independencia y Soberan\u00eda\u201d, se pronunci\u00f3 sobre los \u00faltimos acontecimientos en la pol\u00edtica peruana tras la destituci\u00f3n del presidente Pedro Castillo.<\/span><\/p>\n<p style=\"text-align: justify;\"><span style=\"font-size: 14pt;\">A partir del mediod\u00eda del miercoles 7 de diciembre, arreci\u00f3 en el pa\u00eds la carga sediciosa del fascismo.<\/span><\/p>\n<p><iframe loading=\"lazy\" title=\"As\u00ed se enfrentaron Pedro Castillo y el Congreso de Per\u00fa hasta la destituci\u00f3n \u2022 FRANCE 24 Espa\u00f1ol\" width=\"660\" height=\"371\" src=\"https:\/\/www.youtube.com\/embed\/j--yxxgYI30?feature=oembed\" frameborder=\"0\" allow=\"accelerometer; autoplay; clipboard-write; encrypted-media; gyroscope; picture-in-picture; web-share\" referrerpolicy=\"strict-origin-when-cross-origin\" allowfullscreen><\/iframe><\/p>\n<p>&nbsp;<\/p>\n<p style=\"text-align: justify;\"><span style=\"font-size: 14pt;\">Teniendo como pretexto una supuesta aventura golpista cuyo origen, desarrollo y desenlace a\u00fan debe esclarecerse; las fuerzas m\u00e1s reaccionarias actuaron al un\u00edsono, contando con el apoyo c\u00f3mplice de altas esferas castrenses. \u00a0 Fue, en efecto, a partir del comunicado de la Fuerza Armada deslindando con lo anunciado por el Presidente Pedro Castillo, y referido a la disoluci\u00f3n del Congreso de la Rep\u00fablica \u00a0y otros entes del Estado; que el Parlamento Nacional declar\u00f3 la Vacancia del Primer Mandatario, a lo que se sum\u00f3 el pronunciamiento del Tribunal Constitucional y otros organismos del Poder. De este modo, el Jefe del Estado fue derribado, y luego detenido, en una suerte de operativo rel\u00e1mpago incubado y trabajado laboriosamente por estructuras especializadas del Per\u00fa y del exterior.<\/span><\/p>\n<p style=\"text-align: justify;\"><span style=\"font-size: 14pt;\">Hoy se sabe que Fern\u00e1ndez, el exjefe de la Direcci\u00f3n de Inteligencia de Palacio de Gobierno, tuvo reuniones que ha admitido, con funcionarios de la Agencia Central de Inteligencia de los Estados Unidos (la CIA) para diversos efectos. El combate contra el gobierno de Castillo, estuvo sin duda, en esa agenda.<\/span><\/p>\n<p style=\"text-align: justify;\"><span style=\"font-size: 14pt;\">Probablemente se conocer\u00e1 m\u00e1s adelante el conjunto de hechos ocurridos en el marco de esa crisis, y se conocer\u00e1n los nombres de las personas que urdieron planes golpistas para acabar con el proceso popular iniciado en julio del 2021. Por ahora, resulta evidente que se beneficiaron con su desenlace las fuerzas m\u00e1s reaccionaria de la vida nacional, la Mafia Apro Fujimorista que construyera una conjura sediciosa sumando a su precaria \u201cmayor\u00eda parlamentaria\u201d, los instrumentos de la judicializaci\u00f3n de la pol\u00edtica, la incidencia de los medios de comunicaci\u00f3n y la suma de colectivos partidistas de la reacci\u00f3n. Juntos actuaron \u00a0para denigrar y demoler la figura presidencial y apoderarse de los resortes del Estado y administrar el Poder en beneficio del Capital Financiero.<\/span><\/p>\n<h2><span style=\"font-size: 18pt;\"><strong>TRAS LA MANIOBRA GOLPISTA, LA MANO DEL IMPERIO<\/strong><\/span><\/h2>\n<p style=\"text-align: justify;\"><span style=\"font-size: 14pt;\">Es claro ahora tambi\u00e9n que tras las acciones golpistas estuvo la mano del Imperialismo. La OEA, que fuera invocada por el Presidente Castillo, lo abandon\u00f3 en la hora decisiva en lugar de denunciar la conjura sediciosa en marcha, en tanto que la embajadora de los Estados Unidos en el Per\u00fa se apresur\u00f3 a saludar la ca\u00edda del Presidente Castillo bajo el argumento de defender \u201cla estabilidad constitucional\u201d en el pa\u00eds. A la sombra del Poder Imperial, el trabajo de la CIA y la influencia del Comando Sur de los Estados Unidos sobre los altos mandos de la Fuerza Armada peruana, resulta m\u00e1s que evidente.<\/span><\/p>\n<p style=\"text-align: justify;\"><span style=\"font-size: 14pt;\">Para la Casa Blanca, el tema de fondo es siempre la situaci\u00f3n continental en el marco de la guerra que libra en suelo ucraniano bajo las siglas sangrientas de la OTAN. Alinear a los pa\u00edses de la regi\u00f3n bajo su estrategia de guerra, constituye una obsesi\u00f3n del Imperio sobre todo ahora, que Bolsonaro perdiera las elecciones en Brasil y que en Colombia se afirma un proceso liberador liderado por Gustavo Petro como nuevo mandatario.<\/span><\/p>\n<p style=\"text-align: justify;\"><span style=\"font-size: 14pt;\">M\u00e1s all\u00e1 de ello, sin embargo, las causas de la crisis fueron predominantemente internas. Las empresas periodistas y los canales de la Televisi\u00f3n Privada viven en un estado de extrema angustia por la falta de lectores y audiencia, pero sobre todo por la ausencia de avisaje estatal que les permita subsistir. Los exportadores necesitan debilitar la moneda nacional dado que ellos negocian en d\u00f3lares; y los grandes empresarios no se sienten en la voluntad de pagar sus deudas al Estado. Todos \u00a0buscan privilegios econ\u00f3micos y una pol\u00edtica de \u201cincentivos\u201d que los ayuden a solventar sus costos e incrementar sus ganancias.<\/span><\/p>\n<h3 style=\"text-align: justify;\"><span style=\"font-size: 14pt;\"><strong>LOS FACTORES INTERNOS<\/strong><\/span><\/h3>\n<p style=\"text-align: justify;\"><span style=\"font-size: 14pt;\">Hay que reconocer ciertamente, los factores internos de la crisis. La arremetida de las fuerzas reaccionarias que finalmente les gener\u00f3 una victoria parcial y transitoria, se vio facilitada por la falta de unidad del movimiento popular. Per\u00fa Libre, el Partido que ganara los comicios el 2021, no estuvo a la altura de sus deberes y responsabilidades. \u00a0Presa de criterios dogm\u00e1ticos y de un sectarismo estrecho, fue incapaz de ampliar el movimiento, ganar aliados, vertebrar acuerdos e impulsar acciones unitarias. \u00a0 Al contrario, alent\u00f3 distancias y busc\u00f3 alejar a todos los que quer\u00edan apuntalar el proceso. Motej\u00f3 a unos como \u201ccaviares\u201d, para ahuyentarlos del escenario y descalificarlos; \u00a0y adjudic\u00f3 a otros un comportamiento \u201carribista\u201d como si lo que quisieran era \u201csubirse al carro\u201d de su victoria para arrebatarle la conducci\u00f3n del proceso. \u00a0Por lo dem\u00e1s, sus parlamentarios tuvieron un comportamiento err\u00e1tico que los llev\u00f3 votar en diversas ocasiones con la derecha m\u00e1s reaccionaria, y facilitar sus planes.<\/span><\/p>\n<p style=\"text-align: justify;\"><span style=\"font-size: 14pt;\">El resto de la Izquierda tampoco estuvo a la altura de los retos que planteaba el proceso. No fue capaz de ayudar al Gobierno a cumplir sus planes ni avanzar. Tampoco, supo defenderlo del acoso de sus enemigos. Apenas si busc\u00f3 eventualmente ponerse a la sombra del Poder para alcanzar beneficios puntuales, pero no fue capaz de apuntalar programas ni tareas. Las organizaciones sociales lucharon, es verdad, por sus propias reivindicaciones y derechos, pero carecieron tambi\u00e9n de una pol\u00edtica de clase que respondiera a los intereses hist\u00f3ricos del movimiento.<\/span><\/p>\n<p style=\"text-align: justify;\"><span style=\"font-size: 14pt;\">El Gobierno de Castillo, por lo dem\u00e1s, fue en extremo precario, d\u00e9bil y a\u00fan inconsistente. Y no alcanz\u00f3 a impulsar programas ni planes de gobierno. Se dej\u00f3 atrapar por la confrontaci\u00f3n interna, dando s\u00f3lo en la etapa final de su gesti\u00f3n, una respuesta pol\u00edtica al acoso de sus adversarios<\/span><\/p>\n<h3 style=\"text-align: justify;\"><span style=\"font-size: 14pt;\"><strong>LAS LECCIONES DE LA CRISIS<\/strong><\/span><\/h3>\n<p style=\"text-align: justify;\"><span style=\"font-size: 14pt;\">La evoluci\u00f3n de los hechos, luego del 7 de diciembre, permite, y obliga, a extraer lecciones de la crisis. Veamos. La alturada reacci\u00f3n del movimiento popular nos demuestra, en primer lugar que nunca hay una situaci\u00f3n concluida. Nunca, una crisis se agota definitivamente, ni configura una derrota sellada. Cualquier proceso puede revertir y un escenario puede recomponerse. Lo ocurrido en noviembre del 2020 cuando la fuerza del pueblo dio al traste con el gobierno reaccionario de Manuel Merino, fue un atisbo de ello, y bien puede confirmarse ahora. Por lo pronto, las movilizaciones populares registradas en el interior del pa\u00eds, pero tambi\u00e9n en la capital, el bloqueo de carreteras y caminos, el pronunciamiento de localidades enteras y los llamamientos a proseguir la batalla en resistencia al Golpe ejecutado por la reacci\u00f3n, confirmar una voluntad no desde\u00f1able que hay que apuntalar.<\/span><\/p>\n<p style=\"text-align: justify;\"><span style=\"font-size: 14pt;\">En segundo lugar la experiencia demuestra que hay que definir el blanco principal de nuestro ataque. El Congreso de la Rep\u00fablica, es, objetivamente, el enemigo principal de esta confrontaci\u00f3n puntual y el eslab\u00f3n m\u00e1s d\u00e9bil en la cadena de dominaci\u00f3n actuante. Hay que golpear all\u00ed. Constituye un error centrar los fuegos en Dina Boluarte. Ella asumi\u00f3 la Presidencia de la Rep\u00fablica no como Mandataria paralela a Castillo, como quiso hacerlo Mercedes Araoz ante Mart\u00edn Vizcarra. Lo hizo luego que Castillo dejara Palacio de Gobierno. Si no hubiese actuado de esa manera, habr\u00eda asumido la conducci\u00f3n del pa\u00eds Jos\u00e9 Williams Zapata y se hubiese configurado n\u00edtidamente un Golpe de Corte Fascista enmascarado tras una supuesta \u201crecuperaci\u00f3n democr\u00e1tica\u201d. Y eso habr\u00eda sido mucho peor en todos los extremos. Por lo dem\u00e1s, la ultra derecha ya comenz\u00f3 a atacar violentamente a Dina Boluarte acus\u00e1ndola de \u201cc\u00f3mplice\u201d de Pedro Castillo. Muy pronto, esa derecha que hoy busca rodearla, podr\u00eda convertirse en su principal adversaria.<\/span><\/p>\n<p style=\"text-align: justify;\"><span style=\"font-size: 14pt;\">Tampoco hay que hacerse ilusiones con ella. Objetivamente, est\u00e1 ubicada en el v\u00e9rtice de dos caminos y tendr\u00e1 dos opciones: o capitula ante los designios de la reacci\u00f3n y se presta a su juego y dominio; o mira al pueblo y mantiene una l\u00ednea general progresista y avanzada. En el primer caso, se configurar\u00e1 una traici\u00f3n que deberemos enfrentar; en el segundo, una resistencia que ser\u00e1 preciso apuntalar.<\/span><\/p>\n<p style=\"text-align: justify;\"><span style=\"font-size: 14pt;\">La composici\u00f3n del Gabinete Ministerial constituye un indicio a observar. Integrado por elementos calificados acad\u00e9micamente, en su mayor\u00eda responde a un apoliticismo que va a contraluz con la realidad. A diferencia del \u201cGabinete Merino\u201d , \u00e9ste \u00a0no \u00a0integra los n\u00facleos agresivos de la reacci\u00f3n peruana.\u00a0<\/span><\/p>\n<p style=\"text-align: justify;\"><span style=\"font-size: 14pt;\">La pol\u00edtica interna, el manejo que d\u00e9 a los conflictos sociales y la pol\u00edtica exterior basada en la amistad y solidaridad con pueblo y gobiernos as\u00ed como el respeto a los principios de la No Injerencia en los Asuntos Internos de los Estados y la Auto Determinaci\u00f3n de los Pueblos; principios que son esenciales siempre y que se tornan a\u00fan m\u00e1s vigentes por cuanto la ultra derecha busca ya reorientar la pol\u00edtica exterior peruana para distanciarnos de los pa\u00edses hermanos y el Proceso Emancipador Bolivariano.<\/span><\/p>\n<p style=\"text-align: justify;\"><span style=\"font-size: 14pt;\">El tercer elemento indispensable es construir la verdadera alternativa popular. Ella pasa por forjar la unidad de todas las fuerzas democr\u00e1ticas y antiimperialistas, los sectores avanzados, progresistas y revolucionarios de la sociedad peruana, sin prejuicios ni limitaciones artificiales. Tambi\u00e9n, por organizar a las masas populares en los distintos niveles de la estructura social. La organizaci\u00f3n, es la correa de trasmisi\u00f3n que facilita la lucha, agiliza al movimiento y protege a los activistas y a los dirigentes para que libren mejor la batalla planteada. Adicionalmente, hay que politizar altamente la lucha demostrando que ella se proyecta contra la Oligarqu\u00eda a y sus exponentes, el modelo Neo Liberal y sus voceros, incluida la \u201cPrensa Grande\u201d.<\/span><\/p>\n<p style=\"text-align: justify;\"><span style=\"font-size: 14pt;\">Para el efecto, hay que promover y alentar la Prensa Alternativa y el uso de las redes sociales que constituyen la v\u00eda m\u00e1s pr\u00e1ctica de informaci\u00f3n y comunicaci\u00f3n y el instrumento para el conocimiento real de lo que se vive en elPer\u00fa y el mundo.<\/span><\/p>\n<p style=\"text-align: justify;\"><span style=\"font-size: 14pt;\">Y el cuarto elemento es la necesidad de dotar al pueblo de una \u00a0l\u00ednea coherente, constante y justa, que responda realmente a los intereses \u00a0de las grandes masas.<\/span><\/p>\n<h3 style=\"text-align: justify;\"><span style=\"font-size: 14pt;\"><strong>LOS OBJETIVOS DE LA LUCHA<\/strong><\/span><\/h3>\n<p style=\"text-align: justify;\"><span style=\"font-size: 14pt;\">En las condiciones de hoy, la lucha debe centrarse en demandas concretas. Solidaridad con Pedro Castillo y el \u00a0rechazo a la campa\u00f1a represiva desatada contra \u00e9l y sus colaboradores pol\u00edticos como Ra\u00fal Noblecilla, Guillermo Bermejo, An\u00edbal Torres y Bertsy Ch\u00e1vez, constituye un deber elemental.<\/span><\/p>\n<p style=\"text-align: justify;\"><span style=\"font-size: 14pt;\">Exigir el respeto a las movilizaciones populares, el debate abierto de los problemas del pa\u00eds, el di\u00e1logo entre las fuerzas comprometidas con el cambio social, la reforma de la legislaci\u00f3n electoral y la retoma de la consigna de una Asamblea Constituyente para dejar atr\u00e1s la \u00edrrita carta del 93; tienen que formar parte de los objetivos concretos de nuestra lucha,<\/span><\/p>\n<p style=\"text-align: justify;\"><span style=\"font-size: 14pt;\">Igualmente hay que exigir que se esclarezcan las denuncias referidas a la consumaci\u00f3n del Golpe que derrib\u00f3 al Presidente Castillo, dado que en torno al tema han surgido diversas interrogantes y distintas interpretaciones que justifican una investigaci\u00f3n minuciosa de los hechos.<\/span><\/p>\n<h3 style=\"text-align: justify;\"><span style=\"font-size: 14pt;\"><strong>CON LAS BANDERAS DEL PUEBLO\u00a0<\/strong><\/span><\/h3>\n<p style=\"text-align: justify;\"><span style=\"font-size: 14pt;\">Conscientes de nuestro deber y convencidos de la necesidad de aportar a las luchas que fluyen a partir de todos los rincones de la Patria, enarbolamos las banderas populares en la ruta de T\u00fapac Amaru y Jos\u00e9 Carlos Mari\u00e1tegui, que ser\u00e1 siempre una ruta de victoria.<\/span><\/p>\n<h2><span style=\"font-size: 18pt;\">CEDIS<\/span><\/h2>\n<h2><span style=\"font-size: 18pt;\">Editado por <a href=\"https:\/\/www.lapluma.net\/nosotros\/editora\/\">Mar\u00eda Piedad Ossaba<\/a><\/span><\/h2>\n<h2><span style=\"font-size: 18pt;\">Publicado por <a href=\"https:\/\/espanol.almayadeen.net\/articles\/1655595\/cedis:-resistir-y-derrotar-la-carga-del-fascismo\">Almayaden Espa\u00f1ol<\/a> , 11 de diciembre de 2022<\/span><\/h2>\n<h2 style=\"text-align: justify;\"><span style=\"font-size: 14pt;\">Lea en La Pluma:<\/span><\/h2>\n<h2 style=\"text-align: justify;\"><span style=\"font-size: 14pt;\"><a href=\"https:\/\/www.lapluma.net\/2022\/12\/10\/crisis-politica-en-peru-destitucion-de-pedro-castillo-y-nuevo-gobierno\/\" rel=\"bookmark\">Crisis pol\u00edtica en Per\u00fa: Destituci\u00f3n de Pedro Castillo y nuevo gobierno<\/a><\/span><\/h2>\n<h2 style=\"text-align: justify;\"><a href=\"https:\/\/www.lapluma.net\/2022\/12\/08\/trasfondo-del-ano-y-medio-de-gobierno-del-maestro-rural-en-peru-de-los-intentos-de-destituir-a-pedro-castillo-al-abrupto-desenlace\/\" rel=\"bookmark\"><span style=\"font-size: 14pt;\">Trasfondo del a\u00f1o y medio de gobierno del maestro rural en Per\u00fa: de los intentos de destituir a Pedro Castillo al abrupto desenlace<\/span><\/a><\/h2>\n<h2><\/h2>\n","protected":false},"excerpt":{"rendered":"<p>Conscientes de nuestro deber y convencidos de la necesidad de aportar a las luchas que fluyen a partir de todos los rincones de la Patria, enarbolamos las banderas populares en la ruta de T\u00fapac Amaru y Jos\u00e9 Carlos Mari\u00e1tegui, que ser\u00e1 siempre una ruta de victoria.<\/p>\n","protected":false},"author":1199,"featured_media":45970,"comment_status":"open","ping_status":"open","sticky":false,"template":"","format":"standard","meta":{"_uf_show_specific_survey":0,"_uf_disable_surveys":false,"footnotes":""},"categories":[5],"tags":[21420,21425,21422,21426,21423,21419,21424,16792,21391,3634,18708],"coauthors":[21421],"class_list":["post-45961","post","type-post","status-publish","format-standard","has-post-thumbnail","hentry","category-editoriales-y-opiniones","tag-casa-blanca-oea-medios","tag-centro-de-estudios-democracia","tag-conflictos-sociales","tag-independencia-y-soberania-cedis","tag-no-injerencia-auto-determinacion-de-los-pueblos","tag-oea-cia-comando-sur-usa-fuerza-armada-peruana","tag-pedro-castillo-intentos-de-destitucion-abrupto-desenlace","tag-peru-america-latina-abya-yala","tag-peru-nueva-crisis-politica","tag-politica-exterior","tag-usa-acoso-imperial"],"translation":{"provider":"WPGlobus","version":"2.12.2","language":"fr","enabled_languages":["es","fr"],"languages":{"es":{"title":true,"content":true,"excerpt":true},"fr":{"title":false,"content":false,"excerpt":false}}},"_links":{"self":[{"href":"https:\/\/www.lapluma.net\/fr\/wp-json\/wp\/v2\/posts\/45961","targetHints":{"allow":["GET"]}}],"collection":[{"href":"https:\/\/www.lapluma.net\/fr\/wp-json\/wp\/v2\/posts"}],"about":[{"href":"https:\/\/www.lapluma.net\/fr\/wp-json\/wp\/v2\/types\/post"}],"author":[{"embeddable":true,"href":"https:\/\/www.lapluma.net\/fr\/wp-json\/wp\/v2\/users\/1199"}],"replies":[{"embeddable":true,"href":"https:\/\/www.lapluma.net\/fr\/wp-json\/wp\/v2\/comments?post=45961"}],"version-history":[{"count":9,"href":"https:\/\/www.lapluma.net\/fr\/wp-json\/wp\/v2\/posts\/45961\/revisions"}],"predecessor-version":[{"id":45983,"href":"https:\/\/www.lapluma.net\/fr\/wp-json\/wp\/v2\/posts\/45961\/revisions\/45983"}],"wp:featuredmedia":[{"embeddable":true,"href":"https:\/\/www.lapluma.net\/fr\/wp-json\/wp\/v2\/media\/45970"}],"wp:attachment":[{"href":"https:\/\/www.lapluma.net\/fr\/wp-json\/wp\/v2\/media?parent=45961"}],"wp:term":[{"taxonomy":"category","embeddable":true,"href":"https:\/\/www.lapluma.net\/fr\/wp-json\/wp\/v2\/categories?post=45961"},{"taxonomy":"post_tag","embeddable":true,"href":"https:\/\/www.lapluma.net\/fr\/wp-json\/wp\/v2\/tags?post=45961"},{"taxonomy":"author","embeddable":true,"href":"https:\/\/www.lapluma.net\/fr\/wp-json\/wp\/v2\/coauthors?post=45961"}],"curies":[{"name":"wp","href":"https:\/\/api.w.org\/{rel}","templated":true}]}}