{"id":45922,"date":"2022-12-10T14:30:53","date_gmt":"2022-12-10T14:30:53","guid":{"rendered":"https:\/\/www.lapluma.net\/?p=45922"},"modified":"2022-12-10T14:49:30","modified_gmt":"2022-12-10T14:49:30","slug":"45922","status":"publish","type":"post","link":"https:\/\/www.lapluma.net\/fr\/2022\/12\/10\/45922\/","title":{"rendered":"Reflexi\u00f3n del d\u00eda: Sembremos el di\u00e1logo, exigijamos el respeto a la vida y cuidemos y protejamos a la naturaleza"},"content":{"rendered":"<p style=\"text-align: justify;\"><span style=\"font-size: 14pt;\">En un mundo oscurecido por la injusticia, el empobrecimiento y la violencia, encender una luz de esperanza es una invitaci\u00f3n a que todos y todas aportemos en la construcci\u00f3n de la paz. Iluminar el camino con propuestas desde cada territorio, sembrando el di\u00e1logo y exigiendo el respeto a la vida, no solamente para silenciar los fusiles, sino para superar las causas que originan los conflictos.<\/span><\/p>\n<p style=\"text-align: justify;\"><span style=\"font-size: 14pt;\">La sorber\u00eda de algunos seres humanos, los ha llevado a pensar que tienen el derecho a controlar y destruir la naturaleza. Solo piensan en su propio inter\u00e9s, justifican sus acciones diciendo que promueven el desarrollo, pretenden condenar a muerte a todos los seres vivos sobre la idea de la prosperidad. Reconocer con humildad el puesto del ser humano en la naturaleza, nos llevar a cuidarla y protegerla.<\/span><\/p>\n<h2><span style=\"font-size: 18pt;\">Henry Ram\u00edrez Soler para La Pluma, 10 de diciembre de 2022<\/span><\/h2>\n<h2><span style=\"font-size: 18pt;\">Editado por <\/span><a href=\"https:\/\/www.lapluma.net\/nosotros\/editora\/\"><span style=\"font-size: 18pt;\">Mar\u00eda Piedad Ossaba<\/span><\/a><\/h2>\n","protected":false},"excerpt":{"rendered":"<p>En un mundo oscurecido por la injusticia, el empobrecimiento y la violencia, encender una luz de esperanza es una invitaci&oacute;n a que todos y todas aportemos en la construcci&oacute;n de la paz. Iluminar el camino con propuestas desde cada territorio, sembrando el di&aacute;logo y exigiendo el respeto a la vida, no solamente para silenciar los&#8230;<\/p>\n","protected":false},"author":1179,"featured_media":44456,"comment_status":"open","ping_status":"open","sticky":false,"template":"","format":"standard","meta":{"_uf_show_specific_survey":0,"_uf_disable_surveys":false,"footnotes":""},"categories":[8],"tags":[],"coauthors":[21063],"class_list":["post-45922","post","type-post","status-publish","format-standard","has-post-thumbnail","hentry","category-culture"],"translation":{"provider":"WPGlobus","version":"2.12.2","language":"fr","enabled_languages":["es","fr"],"languages":{"es":{"title":true,"content":true,"excerpt":false},"fr":{"title":false,"content":false,"excerpt":false}}},"_links":{"self":[{"href":"https:\/\/www.lapluma.net\/fr\/wp-json\/wp\/v2\/posts\/45922","targetHints":{"allow":["GET"]}}],"collection":[{"href":"https:\/\/www.lapluma.net\/fr\/wp-json\/wp\/v2\/posts"}],"about":[{"href":"https:\/\/www.lapluma.net\/fr\/wp-json\/wp\/v2\/types\/post"}],"author":[{"embeddable":true,"href":"https:\/\/www.lapluma.net\/fr\/wp-json\/wp\/v2\/users\/1179"}],"replies":[{"embeddable":true,"href":"https:\/\/www.lapluma.net\/fr\/wp-json\/wp\/v2\/comments?post=45922"}],"version-history":[{"count":5,"href":"https:\/\/www.lapluma.net\/fr\/wp-json\/wp\/v2\/posts\/45922\/revisions"}],"predecessor-version":[{"id":45927,"href":"https:\/\/www.lapluma.net\/fr\/wp-json\/wp\/v2\/posts\/45922\/revisions\/45927"}],"wp:featuredmedia":[{"embeddable":true,"href":"https:\/\/www.lapluma.net\/fr\/wp-json\/wp\/v2\/media\/44456"}],"wp:attachment":[{"href":"https:\/\/www.lapluma.net\/fr\/wp-json\/wp\/v2\/media?parent=45922"}],"wp:term":[{"taxonomy":"category","embeddable":true,"href":"https:\/\/www.lapluma.net\/fr\/wp-json\/wp\/v2\/categories?post=45922"},{"taxonomy":"post_tag","embeddable":true,"href":"https:\/\/www.lapluma.net\/fr\/wp-json\/wp\/v2\/tags?post=45922"},{"taxonomy":"author","embeddable":true,"href":"https:\/\/www.lapluma.net\/fr\/wp-json\/wp\/v2\/coauthors?post=45922"}],"curies":[{"name":"wp","href":"https:\/\/api.w.org\/{rel}","templated":true}]}}