{"id":45819,"date":"2022-12-07T14:51:13","date_gmt":"2022-12-07T14:51:13","guid":{"rendered":"https:\/\/www.lapluma.net\/?p=45819"},"modified":"2022-12-07T17:52:21","modified_gmt":"2022-12-07T17:52:21","slug":"45819","status":"publish","type":"post","link":"https:\/\/www.lapluma.net\/fr\/2022\/12\/07\/45819\/","title":{"rendered":"\u2018La reconquista autoritaria\u2019: una investigaci\u00f3n que devela la grave amenaza de la derecha global para la democracia y los derechos humanos en Am\u00e9rica Latina"},"content":{"rendered":"<p style=\"text-align: justify;\"><span style=\"font-size: 14pt;\">El soci\u00f3logo argentino <a href=\"https:\/\/twitter.com\/AGoldok\">Ariel Goldstein<\/a> analiza la influencia y <a href=\"https:\/\/cronicon.net\/wp\/la-ultraderecha-aupada-por-el-fanatismo-religioso-esta-al-acecho-en-latinoamerica\/\">conformaci\u00f3n de las alianzas ultraconservadoras<\/a> y su impacto en la desestabilizaci\u00f3n democr\u00e1tica y violaci\u00f3n de derechos humanos en Am\u00e9rica Latina.<\/span><\/p>\n<p style=\"text-align: justify;\"><span style=\"font-size: 14pt;\">El autoritarismo y la regresi\u00f3n democr\u00e1tica son posibilidades abiertas en Am\u00e9rica Latina gracias a la reconversi\u00f3n de la derecha en\u00a0\u201cuna gran familia global\u201d\u00a0que retoma narrativas de la Guerra Fr\u00eda y que, con el <a href=\"https:\/\/cronicon.net\/wp\/partido-espanol-fascista-vox-impulsa-creacion-de-un-frente-ultraderechista-latinoamericano-por-encargo-de-los-halcones-republicanos-de-ee-uu\/\">partido fascista espa\u00f1ol Vox al frente<\/a>, revive nociones paternalistas y colonizadoras.<\/span><\/p>\n<figure style=\"width: 541px\" class=\"wp-caption aligncenter\"><img loading=\"lazy\" decoding=\"async\" title=\"0001-Fascistas latinoamericanos\" src=\"https:\/\/cronicon.net\/wp\/wp-content\/uploads\/2022\/12\/0001-Fascistas-latinoamericanos.jpg\" alt=\"\" width=\"541\" height=\"327\" \/><figcaption class=\"wp-caption-text\">Los impresentables l\u00edderes del neofascismo latinoamericano como el brasile\u00f1o Jair Bolsonaro, el colombiano Iv\u00e1n Duque, pupilo de \u00c1lvaro Uribe, el argentino Mauricio Macri, y el chileno Sebasti\u00e1n Pi\u00f1era, todos implicados en serias violaciones de derechos humanos durante sus funestos gobiernos.<\/figcaption><\/figure>\n<p style=\"text-align: justify;\"><span style=\"font-size: 14pt;\">Esta es la premisa central de <em><a href=\"https:\/\/www.editorialmarea.com.ar\/noticias\/adelanto-de-la-reconquista-autoritaria-de-ariel-goldstein-1469\">La reconquista autoritaria. C\u00f3mo la derecha amenaza la democracia en Am\u00e9rica Latina<\/a> <\/em>(Marea Editorial 2022), el m\u00e1s reciente libro de Goldstein, doctor en Ciencias Sociales por la Universidad de Buenos Aires (UBA), en el que analiza la radicalizaci\u00f3n ideol\u00f3gica que enfrenta la regi\u00f3n desde hace varios a\u00f1os y que ha tenido en el saliente presidente de Brasil, Jair Bolsonaro, a uno de sus principales exponentes.<\/span><\/p>\n<p><img loading=\"lazy\" decoding=\"async\" class=\"aligncenter wp-image-28015\" src=\"http:\/\/cronicon.net\/wp\/wp-content\/uploads\/2022\/12\/0001-Reconquista-autoritaria-portada.jpg\" alt=\"\" width=\"400\" height=\"300\" \/><\/p>\n<p style=\"text-align: justify;\"><em>Goldstein, tambi\u00e9n autor del libro \u2018<a href=\"https:\/\/actualidad.rt.com\/actualidad\/367400-poder-evangelico-libro-peligro-democracia-america\">Poder evang\u00e9lico<\/a>\u2018, advierte que la derecha<span style=\"font-size: 14pt;\"> global era hasta hace pocos a\u00f1os un espacio de trayectorias heterog\u00e9neas y culturalmente divergentes, en algunos casos ubicadas hacia el centro, pero ahora, de forma repentina, parece haber encontrado cauces comunes y, sobre todo, se ha radicalizado.<\/span><\/em><\/p>\n<p style=\"text-align: justify;\"><span style=\"font-size: 14pt;\">Tambi\u00e9n recuerda que su irrupci\u00f3n en Am\u00e9rica Latina no es una novedad ya que, durante la Segunda Guerra Mundial, colectivos argentinos buscaron unirse con Espa\u00f1a y Portugal para <em>\u201creconstruir la hispanidad\u201d <\/em>a trav\u00e9s de una alianza fascista que promet\u00eda neutralidad ante la guerra, proyecto que se vino abajo tras la derrota del nazismo.<\/span><\/p>\n<p style=\"text-align: justify;\"><span style=\"font-size: 14pt;\">M\u00e1s tarde, durante las dictaduras que prevalecieron en Sudam\u00e9rica, hubo represiones fascistas en las que participaron italianos como Stefano Delle Chiaie; agentes de <a href=\"https:\/\/cronicon.net\/wp\/legado-de-cenizas-la-historia-de-la-cia\/\">la criminal CIA<\/a> como Michael Townley; o criminales de guerra nazis como Klaus Barbie.<\/span><\/p>\n<p style=\"text-align: justify;\"><span style=\"font-size: 14pt;\"><em>\u201cLas dictaduras estaban alineadas con Estados Unidos y la <a href=\"https:\/\/cronicon.net\/wp\/operacion-condor-pacto-criminal\/\">Operaci\u00f3n<\/a><\/em><a href=\"https:\/\/cronicon.net\/wp\/operacion-condor-pacto-criminal\/\"> C\u00f3ndor<\/a><em> fue una herramienta clave en la persecuci\u00f3n conjunta y el <\/em>asesinato <em>de opositores pol\u00edticos. Este contexto fue propicio al fortalecimiento de los lazos entre grupos de extrema derecha\u201d<\/em>, explica.<\/span><\/p>\n<p style=\"text-align: justify;\"><span style=\"font-size: 14pt;\">De esta forma, los fascistas y los nazis acorralados en Europa por los cr\u00edmenes cometidos, encontraron en Am\u00e9rica Latina un lugar para continuar sus tareas y en donde sus conocimientos sobre estrategias de represi\u00f3n, persecuci\u00f3n y asesinato fueron valorados.<\/span><\/p>\n<p style=\"text-align: justify;\"><span style=\"font-size: 14pt;\">Otro de los ejemplos de la cercan\u00eda con los fascismos fue la admiraci\u00f3n que el dictador chileno Augusto Pinochet le profes\u00f3 al dictador espa\u00f1ol Francisco Franco.<\/span><\/p>\n<figure id=\"attachment_28016\" class=\"wp-caption aligncenter\">\n<p><figure id=\"attachment_28016\" aria-describedby=\"caption-attachment-28016\" style=\"width: 600px\" class=\"wp-caption aligncenter\"><img loading=\"lazy\" decoding=\"async\" class=\"wp-image-28016\" src=\"http:\/\/cronicon.net\/wp\/wp-content\/uploads\/2022\/12\/0001-Kast-Abascal.jpg\" alt=\"\" width=\"600\" height=\"338\" \/><figcaption id=\"caption-attachment-28016\" class=\"wp-caption-text\">El excandidato presidencial neopinochetista de Chile Jos\u00e9 Antonio Kast junto al l\u00edder de Vox, el espa\u00f1ol fascista Santiago Abascal.<\/figcaption><\/figure><\/figure>\n<h2><span style=\"font-size: 18pt;\"><strong>Ideario<\/strong><\/span><\/h2>\n<p style=\"text-align: justify;\"><span style=\"font-size: 14pt;\">Las dictaduras sudamericanas, precisa Goldstein, sosten\u00edan que combat\u00edan un enemigo interno y que las mayores violencias estaban justificadas para salvar al pa\u00eds de <em>\u201cla subversi\u00f3n\u201d<\/em> y <em>\u201cel comunismo\u201d<\/em>, as\u00ed como defender <em>\u201cla libertad\u201d<\/em>, discurso de la Guerra Fr\u00eda que las derechas de hoy han retomado al designar <em>\u201cun nuevo peligro comunista\u201d<\/em>.<\/span><\/p>\n<p style=\"text-align: justify;\"><span style=\"font-size: 14pt;\">En su agenda tambi\u00e9n predominan temas de seguridad, culturales, de valores o religiosos, adem\u00e1s de que han mutado de una derecha tradicional elitista a una que es capaz de movilizar votantes y realizar actos masivos en las calles.<\/span><\/p>\n<p style=\"text-align: justify;\"><span style=\"font-size: 14pt;\">Uno de los ejemplos m\u00e1s recientes en Argentina, por ejemplo, es el caso del diputado <a href=\"https:\/\/elpais.com\/argentina\/2022-06-18\/auge-y-caida-de-javier-milei-la-estrella-de-la-ultraderecha-liberal-argentina.html\">Javier Milei<\/a>, quien, a pesar de su escasa trayectoria, ya es precandidato presidencial rumbo a las elecciones generales de 2013.<\/span><\/p>\n<p><img loading=\"lazy\" decoding=\"async\" class=\"aligncenter wp-image-20704\" src=\"http:\/\/cronicon.net\/wp\/wp-content\/uploads\/2022\/03\/0001-Ultraderecha5.jpg\" alt=\"\" width=\"600\" height=\"397\" \/><\/p>\n<p style=\"text-align: justify;\"><span style=\"font-size: 14pt;\">A\u00f1ade el autor de esta investigaci\u00f3n bibliogr\u00e1fica que la sombra de la herencia de las dictaduras y los autoritarismos se ha cernido sobre las transiciones democr\u00e1ticas en la regi\u00f3n. El riesgo, latente, hoy es todav\u00eda m\u00e1s visible, advierte.<\/span><\/p>\n<p style=\"text-align: justify;\"><span style=\"font-size: 14pt;\">\u201cLa pandemia, al acentuar las desigualdades y la ilegitimidad de las instituciones, ha intensificado los reflejos de defensa y temor\u201d, considera al detallar uno de los motivos que intensificaron la desconfianza hacia un sistema que, luego de una emergencia sanitaria mundial, dej\u00f3 un retroceso social y un mayor empobrecimiento.<\/span><\/p>\n<p style=\"text-align: justify;\"><span style=\"font-size: 14pt;\">\u201cEl fuerte cuestionamiento hacia las \u00e9lites gobernantes ha derivado en el descr\u00e9dito del r\u00e9gimen democr\u00e1tico. Cuando las \u00e9lites gobernantes y los funcionarios son percibidos como alejados del destino de las mayor\u00edas populares, el r\u00e9gimen democr\u00e1tico pierde legitimidad y se vuelven m\u00e1s aceptables soluciones autoritarias y\/o outsiders que aparecen con propuestas disruptivas\u201d, se\u00f1ala Goldstein.<\/span><\/p>\n<figure id=\"attachment_28017\" class=\"wp-caption aligncenter\">\n<p><figure id=\"attachment_28017\" aria-describedby=\"caption-attachment-28017\" style=\"width: 600px\" class=\"wp-caption aligncenter\"><img loading=\"lazy\" decoding=\"async\" class=\"wp-image-28017\" src=\"http:\/\/cronicon.net\/wp\/wp-content\/uploads\/2022\/12\/0001-Ariel-Goldstein.jpg\" alt=\"\" width=\"600\" height=\"518\" \/><figcaption id=\"caption-attachment-28017\" class=\"wp-caption-text\">Ariel Goldstein, soci\u00f3logo e investigador argentino, autor del libro \u2018La reconquista autoritaria. C\u00f3mo la derecha amenaza la democracia en Am\u00e9rica Latina\u2019.<\/figcaption><\/figure><\/figure>\n<p style=\"text-align: justify;\"><span style=\"font-size: 14pt;\">En este proceso han sido fundamentales los medios de comunicaci\u00f3n tradicionales que se dejaron seducir y cayeron en la trampa de promover la pol\u00edtica del esc\u00e1ndalo y el espect\u00e1culo, lo que ha beneficiado a los l\u00edderes de la derecha radical.<\/span><\/p>\n<p style=\"text-align: justify;\"><span style=\"font-size: 14pt;\">La democracia ha quedado debilitada, tanto, que en Paraguay, Guatemala, Per\u00fa y Honduras, el 40 % o m\u00e1s reconocen que apoyar\u00eda a un gobierno militar. La decepci\u00f3n hacia el sistema democr\u00e1tico tambi\u00e9n se ha reflejado con altos niveles en Brasil, Argentina, Chile, Ecuador.<\/span><\/p>\n<h2><span style=\"font-size: 18pt;\"><strong>Hermandad<\/strong><\/span><\/h2>\n<p style=\"text-align: justify;\"><span style=\"font-size: 14pt;\">En medio de ese desencantamiento, la derecha radical emergi\u00f3 en la regi\u00f3n, en sinton\u00eda con sus versiones de EE.UU. y Europa, y hoy tiene a sus m\u00e1ximas figuras en Bolsonaro y en el <a href=\"https:\/\/cronicon.net\/wp\/jose-antonio-kast-peor-que-augusto-pinochet\/\">excandidato presidencial de Chile, Jos\u00e9 Antonio Kast<\/a>.<\/span><\/p>\n<p style=\"text-align: justify;\"><span style=\"font-size: 14pt;\">Si se toma en cuenta a los partidos, a las tendencias m\u00e1s antidemocr\u00e1ticas se suma el uribismo en Colombia, es decir, los seguidores del cuestionado <a href=\"https:\/\/cronicon.net\/wp\/uribe-el-juicio-de-la-historia\/\">expresidente \u00c1lvaro Uribe V\u00e9lez<\/a>; y la derecha en Per\u00fa, que tiene en <a href=\"https:\/\/cronicon.net\/wp\/peru-la-saga-de-los-temibles-fujimori\/\">Keiko Fujimori<\/a> a su principal exponente.<\/span><\/p>\n<p style=\"text-align: justify;\"><span style=\"font-size: 14pt;\"><em><a href=\"https:\/\/books.google.com.ec\/books?id=TvWbEAAAQBAJ&amp;pg=PT5&amp;lpg=PT5&amp;dq=La+reconquista+autoritaria+C%C3%B3mo+la+derecha+global+amenaza+la+democracia+en+Am%C3%A9rica+Latina+Ariel+Goldstein&amp;source=bl&amp;ots=6BVD8OhJZV&amp;sig=ACfU3U3-KRmZPwHDafMB9zwbjawG8-wf5w&amp;hl=es&amp;sa=X&amp;ved=2ahUKEwiz_pHeod_7AhWMSTABHe80B5QQ6AF6BAgVEAM#v=onepage&amp;q=La%20reconquista%20autoritaria%20C%C3%B3mo%20la%20derecha%20global%20amenaza%20la%20democracia%20en%20Am%C3%A9rica%20Latina%20Ariel%20Goldstein&amp;f=false\">La reconquista autoritaria<\/a><\/em> devela c\u00f3mo se ha construido una red internacional de la derecha en Occidente que tiene entre sus principales protagonistas a Vox, de Espa\u00f1a; Ley y Justicia, de Polonia; Hermanos de Italia; Chega, de Portugal; y <em>think thanks<\/em> vinculados al Partido Republicano de EE.UU.<\/span><\/p>\n<p style=\"text-align: justify;\"><span style=\"font-size: 14pt;\">La novedad de Vox, a\u00f1ade Goldstein, reside en su capacidad de articular alianzas en Europa con los gobiernos de Hungr\u00eda y Polonia y l\u00edderes de la derecha radical en Italia, Portugal y Francia y con los seguidores del estramb\u00f3tico expresidente norteamericano Donald Trump.<\/span><\/p>\n<p style=\"text-align: justify;\"><span style=\"font-size: 14pt;\"><em>\u201cTodos juntos alimentan la radicalizaci\u00f3n y uni\u00f3n de la derecha de Am\u00e9rica Latina (\u2026) Hacen uso de conflictos hist\u00f3ricos y culturales propios de cada pa\u00eds, se presentan como salvadores, construyen nuevos enemigos a atacar y canalizan las pulsiones sociales del odio\u201d<\/em>, explica el autor del libro.<\/span><\/p>\n<figure id=\"attachment_28018\" class=\"wp-caption aligncenter\">\n<p><figure id=\"attachment_28018\" aria-describedby=\"caption-attachment-28018\" style=\"width: 600px\" class=\"wp-caption aligncenter\"><img loading=\"lazy\" decoding=\"async\" class=\"wp-image-28018\" src=\"http:\/\/cronicon.net\/wp\/wp-content\/uploads\/2022\/12\/0001-Javier-Milei.jpg\" alt=\"\" width=\"600\" height=\"450\" \/><figcaption id=\"caption-attachment-28018\" class=\"wp-caption-text\">Javier Milei, diputado de ultraderecha de Argentina.<\/figcaption><\/figure><\/figure>\n<p style=\"text-align: justify;\"><span style=\"font-size: 14pt;\">Adem\u00e1s, Vox se ha acercado de manera particular al bolsonarismo, al uribismo, a la derecha peruana, al PRO, el partido del impresentable <a href=\"https:\/\/cronicon.net\/wp\/el-para-que-de-mauricio-macri\/\">expresidente Mauricio Macri<\/a>, en Argentina; y al Partido Acci\u00f3n Nacional (PAN) de los neoliberales exmandatarios Vicente Fox y Felipe Calder\u00f3n en M\u00e9xico.<\/span><\/p>\n<p><span style=\"font-size: 14pt;\">Es una regi\u00f3n que la ultraderecha espa\u00f1ola ha bautizado como <em>\u201cla Iber\u00f3sfera\u201d<\/em> con base en una idea de la <em>\u201creconquista<\/em>\u201d que quiere volver a instalar una noci\u00f3n paternalista y <a href=\"https:\/\/cronicon.net\/wp\/europa-continua-proyectando-relacion-con-america-latina-a-partir-del-paradigma-conquista-colonizacion-vergonzoso-e-insolito-discurso-del-jefe-de-la-diplomacia-de-la-ue\/\">colonizadora en la relaci\u00f3n entre Espa\u00f1a y Am\u00e9rica Latina<\/a>.<\/span><\/p>\n<p><span style=\"font-size: 14pt;\"><em>\u201cLas derechas seducen al prometer el sue\u00f1o individual de progreso personal, donde la propiedad privada y las posesiones aparecen como la consagraci\u00f3n del esfuerzo y el \u00e9xito. Las nuevas iglesias evang\u00e9licas pentecostales articulan con estos sentimientos en el marco de la ca\u00edda de instituciones amplias de contenci\u00f3n social y de utop\u00edas colectivas. De esta modo, se presenta una \u2018afinidad electiva\u2019 entre la visi\u00f3n conservadora de la familia y la defensa del libre mercado promovido en las iglesias evang\u00e9licas pentecostales y las fuerzas y liderazgos de derecha radical emergentes\u201d<\/em>, sostiene Goldstein en la introducci\u00f3n del libro.<\/span><\/p>\n<p><span style=\"font-size: 14pt;\">Este interesante trabajo bibliogr\u00e1fico se torna imprescindible para comprender el avance de las derechas radicales y reflexionar sobre las acciones posibles para frenar la amenaza que representan para la democracia en la regi\u00f3n.<\/span><\/p>\n<p><span style=\"font-size: 14pt;\">Fuente: <a href=\"https:\/\/cronicon.net\/wp\/la-reconquista-autoritaria-una-investigacion-que-devela-la-grave-amenaza-de-la-derecha-global-para-la-democracia-y-los-derechos-humanos-en-america-latina\/\">Cronic\u00f3n, 4-12-2022 <\/a><\/span><\/p>\n","protected":false},"excerpt":{"rendered":"<p>Todos juntos alimentan la radicalizaci\u00f3n y uni\u00f3n de la derecha de Am\u00e9rica Latina (\u2026) Hacen uso de conflictos hist\u00f3ricos y culturales propios de cada pa\u00eds, se presentan como salvadores, construyen nuevos enemigos a atacar y canalizan las pulsiones sociales del odio<\/p>\n","protected":false},"author":1194,"featured_media":45831,"comment_status":"open","ping_status":"open","sticky":false,"template":"","format":"standard","meta":{"_uf_show_specific_survey":0,"_uf_disable_surveys":false,"footnotes":""},"categories":[8],"tags":[],"coauthors":[21379],"class_list":["post-45819","post","type-post","status-publish","format-standard","has-post-thumbnail","hentry","category-culture"],"translation":{"provider":"WPGlobus","version":"2.12.2","language":"fr","enabled_languages":["es","fr"],"languages":{"es":{"title":true,"content":true,"excerpt":true},"fr":{"title":false,"content":false,"excerpt":false}}},"_links":{"self":[{"href":"https:\/\/www.lapluma.net\/fr\/wp-json\/wp\/v2\/posts\/45819","targetHints":{"allow":["GET"]}}],"collection":[{"href":"https:\/\/www.lapluma.net\/fr\/wp-json\/wp\/v2\/posts"}],"about":[{"href":"https:\/\/www.lapluma.net\/fr\/wp-json\/wp\/v2\/types\/post"}],"author":[{"embeddable":true,"href":"https:\/\/www.lapluma.net\/fr\/wp-json\/wp\/v2\/users\/1194"}],"replies":[{"embeddable":true,"href":"https:\/\/www.lapluma.net\/fr\/wp-json\/wp\/v2\/comments?post=45819"}],"version-history":[{"count":7,"href":"https:\/\/www.lapluma.net\/fr\/wp-json\/wp\/v2\/posts\/45819\/revisions"}],"predecessor-version":[{"id":45834,"href":"https:\/\/www.lapluma.net\/fr\/wp-json\/wp\/v2\/posts\/45819\/revisions\/45834"}],"wp:featuredmedia":[{"embeddable":true,"href":"https:\/\/www.lapluma.net\/fr\/wp-json\/wp\/v2\/media\/45831"}],"wp:attachment":[{"href":"https:\/\/www.lapluma.net\/fr\/wp-json\/wp\/v2\/media?parent=45819"}],"wp:term":[{"taxonomy":"category","embeddable":true,"href":"https:\/\/www.lapluma.net\/fr\/wp-json\/wp\/v2\/categories?post=45819"},{"taxonomy":"post_tag","embeddable":true,"href":"https:\/\/www.lapluma.net\/fr\/wp-json\/wp\/v2\/tags?post=45819"},{"taxonomy":"author","embeddable":true,"href":"https:\/\/www.lapluma.net\/fr\/wp-json\/wp\/v2\/coauthors?post=45819"}],"curies":[{"name":"wp","href":"https:\/\/api.w.org\/{rel}","templated":true}]}}