{"id":4485,"date":"2018-12-21T18:30:42","date_gmt":"2018-12-21T18:30:42","guid":{"rendered":"http:\/\/www.lapluma.net\/?p=4485"},"modified":"2018-12-21T18:31:29","modified_gmt":"2018-12-21T18:31:29","slug":"mexico-en-la-mira-del-progresismo-latinoamericano","status":"publish","type":"post","link":"https:\/\/www.lapluma.net\/fr\/2018\/12\/21\/mexico-en-la-mira-del-progresismo-latinoamericano\/","title":{"rendered":"M\u00e9xico en la mira del progresismo latinoamericano"},"content":{"rendered":"<p style=\"text-align: justify;\"><span style=\"font-size: 12pt;\"><img loading=\"lazy\" decoding=\"async\" class=\"size-full wp-image-1154 alignleft\" src=\"http:\/\/www.lapluma.net\/wp-content\/uploads\/2018\/10\/JuanPazYMinoBis.jpg\" alt=\"\" width=\"70\" height=\"70\" \/>Desde 1999 en adelante, entre los sectores democr\u00e1ticos y de izquierda se crey\u00f3 que el ciclo de los gobiernos progresistas abr\u00eda un nuevo momento hist\u00f3rico. Parec\u00eda que su duraci\u00f3n era indefinida. Los avances, no solo en la estabilidad y hasta el crecimiento econ\u00f3mico sino -sobre todo- en m\u00faltiples mejoras sociales, aseguraban la permanencia de la tendencia progresista.<\/span><\/p>\n<p style=\"text-align: justify;\"><span style=\"font-size: 12pt;\"><img loading=\"lazy\" decoding=\"async\" class=\"articlePhoto50 alignleft\" title=\"\" src=\"https:\/\/firmas.prensa-latina.cu\/images\/FotosArticulos\/2018\/12-2018\/20\/America.jpg\" alt=\"\" width=\"358\" height=\"294\" align=\"left\" border=\"0\" \/>Pero hubo demasiada confianza en los procesos electorales porque los triunfos se suced\u00edan y, en general, se descuid\u00f3 la organizaci\u00f3n social, laboral y popular, as\u00ed como el permanente trabajo ideol\u00f3gico para transformar viejos valores y conceptos y generar nuevas conciencias ciudadanas.<\/span><\/p>\n<p style=\"text-align: justify;\"><span style=\"font-size: 12pt;\">El progresismo fue derrotado, no solo a trav\u00e9s de los golpes blandos como en Brasil, Honduras o Paraguay, sino tambi\u00e9n por los triunfos electorales de las derechas en Argentina o Chile e, incluso, por el giro absolutamente imprevisible de la ruptura total con la Revoluci\u00f3n Ciudadana y la persecuci\u00f3n institucional del \u201ccorre\u00edsmo\u201d, ocurridos en Ecuador desde 2017.<\/span><\/p>\n<p style=\"text-align: justify;\"><span style=\"font-size: 12pt;\">De manera que al ciclo progresista ha sucedido el de la restauraci\u00f3n conservadora, con el poder total de los sectores sociales de mayor elite y concentraci\u00f3n de la riqueza econ\u00f3mica en Latinoam\u00e9rica. En la regi\u00f3n y especialmente en Suram\u00e9rica, cuna del progresismo, predominan hoy los gobiernos identificados con el gran capital y subordinados a la geoestrategia continental del americanismo.<\/span><\/p>\n<blockquote>\n<p style=\"text-align: justify;\"><span style=\"font-size: 12pt;\">Surgido en las postrimer\u00edas del siglo XX, la duraci\u00f3n del ciclo progresista latinoamericano parec\u00eda indefinida: lo derrotaron los golpes blandos, el triunfo electoral de las derechas y el giro imprevisible contra la Revoluci\u00f3n Ciudadana.<\/span><\/p>\n<\/blockquote>\n<p style=\"text-align: justify;\"><span style=\"font-size: 12pt;\">El retorno de las derechas -nuevas o viejas- unifica posiciones en torno a m\u00faltiples \u00e1reas del manejo econ\u00f3mico. Pero cuatro son las que est\u00e1n definiendo el marco del desarrollo de la regi\u00f3n: la vinculaci\u00f3n transnacional, el Estado, los impuestos y el trabajo.<\/span><\/p>\n<p style=\"text-align: justify;\"><span style=\"font-size: 12pt;\">Primero. Los v\u00ednculos latinoamericanistas se han debilitado. No interesa fortalecer Celac, Mercosur o Unasur. Las acciones del ALBA est\u00e1n reducidas. Los gobiernos de la derecha latinoamericana buscan tratados de libre comercio (en Brasil se cuestiona el multilateralismo y se prefiere el bilateralismo), convenios bilaterales de inversi\u00f3n, ingreso al Acuerdo Asia-Pac\u00edfico, apertura y conexiones con el capital imperialista. Es una cuesti\u00f3n de negocios, no de intereses nacionales.<\/span><\/p>\n<p style=\"text-align: justify;\"><span style=\"font-size: 12pt;\">Segundo. Como los gobiernos de derecha han revitalizado la ideolog\u00eda neoliberal, el Estado debe ser reducido a su m\u00ednima expresi\u00f3n, pero con una institucionalidad suficiente, que responda exclusivamente al mundo de los intereses y negocios privados. En consecuencia, las empresas otrora p\u00fablicas, son descuidadas o se privatizan; las inversiones estatales pasan a manos de empresarios, contratistas o concesionarios particulares; los servicios p\u00fablicos se deterioran a fin de favorecer la educaci\u00f3n, la medicina o la seguridad social privadas. De este modo, la atenci\u00f3n estatal a la sociedad se reduce, pasa a ser de peor calidad y queda justificado el argumento de que el Estado es \u201cmal administrador\u201d.<\/span><\/p>\n<p style=\"text-align: justify;\"><span style=\"font-size: 12pt;\"><img loading=\"lazy\" decoding=\"async\" class=\"articlePhoto50 alignleft\" title=\"\" src=\"https:\/\/firmas.prensa-latina.cu\/images\/FotosArticulos\/2018\/12-2018\/20\/gobiernos-de-derecha-america-latina3.jpg\" alt=\"\" width=\"350\" height=\"379\" align=\"left\" border=\"0\" \/>Tercero. Abolir o reducir impuestos directos ha pasado a ser la consigna de la nueva ideolog\u00eda fiscal seg\u00fan la cual el aflojamiento de los sistemas tributarios alienta la inversi\u00f3n de capitales y la promoci\u00f3n del crecimiento. Todos los estudios de la Cepal al respecto niegan ese supuesto, pero contin\u00faa en vigencia. De modo que la tendencia generalizada est\u00e1 en reducir, condonar o abolir impuestos directos como el de rentas y fortalecer los indirectos y el IVA.<\/span><\/p>\n<p style=\"text-align: justify;\"><span style=\"font-size: 12pt;\">La reciente reforma fiscal de Costa Rica es un claro ejemplo de lo que viene ocurriendo. Y, bajo estas condiciones, se ha agravado la concentraci\u00f3n de la riqueza, se afirman las diferencias sociales y se marginan los programas, acciones e inversiones p\u00fablicas, porque el Estado carece de los recursos impositivos necesarios para promover el desarrollo.<\/span><\/p>\n<p style=\"text-align: justify;\"><span style=\"font-size: 12pt;\">Cuarto. La flexibilidad y la precarizaci\u00f3n de la fuerza de trabajo est\u00e1n en plena vigencia y se generalizan. En Brasil y Argentina los niveles de derrumbe de antiguos principios y derechos laborales se tornan en modelos ejemplares para las burgues\u00edas de todos los pa\u00edses. No importa si todo ello trae la ruina social, el incremento de la pobreza, la ampliaci\u00f3n del desempleo o el subempleo. Nuevamente es un asunto de negocios y rentabilidades, que predominan sobre los intereses y necesidades sociales.<\/span><\/p>\n<p style=\"text-align: justify;\"><span style=\"font-size: 12pt;\">En este \u201ctr\u00e1gico\u201d panorama, el ciclo neo-derechista de Am\u00e9rica Latina afianza procesos complementarios: la judicializaci\u00f3n de la pol\u00edtica y la politizaci\u00f3n de la justicia (lawfare), para perseguir a todo ex funcionario o partidario de los gobiernos progresistas y marginar cualquier tipo de oposici\u00f3n o cr\u00edtica, como ocurre en Argentina, en Brasil o en Ecuador (con la fascista \u201cdescorreizaci\u00f3n\u201d de la sociedad); la instrumentalizaci\u00f3n de los organismos de control al servicio de estos mismos objetivos.<\/span><\/p>\n<p style=\"text-align: justify;\"><span style=\"font-size: 12pt;\"><img loading=\"lazy\" decoding=\"async\" class=\"articlePhoto25 alignleft\" title=\"\" src=\"https:\/\/firmas.prensa-latina.cu\/images\/FotosArticulos\/2018\/12-2018\/20\/Tiempos-conservadores.-Amrica-Latina-en-la-derechizacin-de-Occidente-1987.jpg\" alt=\"\" width=\"270\" height=\"489\" align=\"left\" border=\"0\" \/>A ello se une la reorientaci\u00f3n de la polic\u00eda y las fuerzas armadas para recuperarlas como instituciones al servicio del poder del capital y de los empresarios; el contubernio de los m\u00e1s importantes medios de comunicaci\u00f3n para dirigir la opini\u00f3n p\u00fablica y la informaci\u00f3n solo en el sentido que mejor interese a los poderes constituidos, etc.<\/span><\/p>\n<p style=\"text-align: justify;\"><span style=\"font-size: 12pt;\">Nos hallamos en situaciones parecidas a las de fines del siglo XX, que merecieron una obra colectiva muy importante: <a href=\"http:\/\/webcache.googleusercontent.com\/search?q=cache:EYUXpxzObPkJ:www.revistas.unam.mx\/index.php\/rel\/article\/view\/47239\/42524+&amp;cd=1&amp;hl=fr&amp;ct=clnk&amp;gl=fr&amp;client=firefox-b-ab\">Tiempos conservadores. Am\u00e9rica Latina en la derechizaci\u00f3n de Occident<\/a>e (1987), que recogi\u00f3 los estudios de diez investigadores, bajo el impulso del CELA y la Facultad de Ciencias Pol\u00edticas y Sociales de la UNAM (M\u00e9xico).<\/span><\/p>\n<p style=\"text-align: justify;\"><span style=\"font-size: 12pt;\">Se ha afectado la movilizaci\u00f3n social. El movimiento obrero, los otros movimientos sociales e incluso el movimiento ind\u00edgena, est\u00e1n en crisis en Ecuador, aunque cabe diferenciar a Bolivia, con un pujante movimiento ind\u00edgena. Lo social-popular todav\u00eda no encuentra posibilidades de lucha efectiva ni de sumatoria de fuerzas sociales que reaccionen frente a las imposiciones de los gobiernos de derecha, lo cual no resta la importancia que tienen las luchas coyunturales y las reacciones ciudadanas que, cuando se activan, han logrado frenar en algo las ambiciones del reinado absoluto del capital.<\/span><\/p>\n<p style=\"text-align: justify;\"><span style=\"font-size: 12pt;\">Las izquierdas contin\u00faan debilitadas y, adem\u00e1s divididas. El caso de Ecuador es pat\u00e9tico: sectores reconocidos de las izquierdas tradicionales y los antiguos marxistas (incluyendo a los marxistas pro-bancarios) se unieron a la \u201cdescorreizaci\u00f3n\u201d; en principio, saludaron al gobierno de Len\u00edn Moreno, apoyaron sus acciones, as\u00ed como la reinstitucionalizaci\u00f3n del pa\u00eds; pero ahora procuran alejarse sin hacer mucho ruido, a fin de que se \u201colvide\u201d su responsabilidad pol\u00edtica directa en lo que ha ocurrido en el pa\u00eds desde el a\u00f1o pasado.<\/span><\/p>\n<blockquote>\n<p style=\"text-align: justify;\"><span style=\"font-size: 12pt;\">Lo social-popular aun no encuentra posibilidades de lucha efectiva en la regi\u00f3n ni una suma de fuerzas sociales que reaccionen frente a las imposiciones de los gobiernos de derecha<\/span>.<\/p>\n<\/blockquote>\n<p style=\"text-align: justify;\"><span style=\"font-size: 12pt;\">Desde 1979 en adelante, esos mismos sectores no crearon una alternativa electoral propia para acceder al gobierno, y peor a\u00fan, una alternativa pol\u00edtica ciudadana o \u201cproletaria\u201d para la toma del poder. A su vez, las nuevas izquierdas solo lograron mantener expresi\u00f3n pol\u00edtica durante la Revoluci\u00f3n Ciudadana, pero en la actualidad, adem\u00e1s de estar seriamente golpeadas por la \u201cdescorreizaci\u00f3n\u201d y los evidentes casos de corrupci\u00f3n (aunque medi\u00e1ticamente magnificados) -que afectaron la imagen del gobierno de Rafael Correa (2007-2017)- no han podido articular mecanismos que les permitan retomar la lucha con eficacia.<\/span><\/p>\n<p style=\"text-align: justify;\"><span style=\"font-size: 12pt;\"><img loading=\"lazy\" decoding=\"async\" class=\"articlePhoto50 alignleft\" title=\"\" src=\"https:\/\/firmas.prensa-latina.cu\/images\/FotosArticulos\/2018\/12-2018\/20\/Manuel-Lpez-Obrador-Corte-Nacional-mexicana.jpg\" alt=\"\" width=\"285\" height=\"211\" align=\"left\" border=\"0\" \/>En estas circunstancias, el gobierno de Andr\u00e9s Manuel L\u00f3pez Obrador (AMLO) se convierte en una esperanza obligada y un referente continental. Porque su \u00e9xito podr\u00e1 alentar, con mejor fuerza e influencia, la rearticulaci\u00f3n de las izquierdas latinoamericanas y la preparaci\u00f3n para un futuro que permita recuperar el camino que trazaron los gobiernos progresistas.<\/span><\/p>\n<p style=\"text-align: justify;\"><span style=\"font-size: 12pt;\">Sin embargo, en mi reciente visita a M\u00e9xico pude observar lo mismo que en Ecuador ya hab\u00edamos experimentado en alg\u00fan momento: ciertos sectores de la izquierda m\u00e1s tradicional se lanzaban contra las propuestas de AMLO a\u00fan antes de que tomara posesi\u00f3n de su cargo como presidente. Y, naturalmente, las derechas se preparaban a evitar la \u201cvenezolanizaci\u00f3n\u201d de M\u00e9xico y el \u201ccomunismo\u201d, conforme lo advert\u00ed en forma directa.<\/span><\/p>\n<p style=\"text-align: justify;\"><span style=\"font-size: 12pt;\"><img loading=\"lazy\" decoding=\"async\" class=\"articlePhoto50 alignleft\" title=\"\" src=\"https:\/\/firmas.prensa-latina.cu\/images\/FotosArticulos\/2018\/12-2018\/20\/Marti-Bolivar-3.jpg\" alt=\"\" width=\"285\" height=\"242\" align=\"left\" border=\"0\" \/>AMLO ha valorado a Bol\u00edvar y a Mart\u00ed; anuncia la redefinici\u00f3n del Estado; el aliento e identidad con los sectores sociales, laborales y populares, pero ha asegurado que no aumentar\u00e1 impuestos, lo cual puede afectar los afanes redistributivos de la riqueza. Sus primeras acciones, como el intento por reducir sueldos en la alta burocracia, ya han chocado con la misma Corte Nacional, que ha impedido esa reforma con un pronunciamiento jur\u00eddico.<\/span><\/p>\n<p style=\"text-align: justify;\"><span style=\"font-size: 12pt;\">Es decir, el flamante gobierno mexicano empieza a experimentar las mismas reacciones anticipadas o en proceso de desarrollo de las fuerzas que, en los otros pa\u00edses, tuvieron en mira la derrota de los gobiernos progresistas. Sin embargo, no han sido abatidas las esperanzas por el camino progresista de M\u00e9xico. As\u00ed es que su desarrollo tendr\u00e1 determinante repercusi\u00f3n en una Am\u00e9rica Latina por el momento cercada por los gobiernos de la derecha pol\u00edtica y econ\u00f3mica.<\/span><\/p>\n<p><span style=\"font-size: 12pt;\"><strong>Juan J. Paz-y-Mi\u00f1o Cepeda para La Pluma, Quito, Ecuador, 16 de diciembre de 2018<\/strong><\/span><\/p>\n<p><span style=\"font-size: 12pt;\"><strong>Editado por\u00a0<\/strong><a href=\"http:\/\/www.lapluma.net\/nosotros\/editora\/\"><strong>Mar\u00eda Piedad Ossaba<\/strong><\/a><\/span><\/p>\n<p><span style=\"font-size: 12pt;\"><strong>Publicado por\u00a0<\/strong> <a href=\"https:\/\/firmas.prensa-latina.cu\/index.php?opcion=ver-article&amp;cat=P&amp;authorID=129&amp;articleID=2599&amp;SEO=paz-y-mino-cepeda-juan-jose-mexico-en-la-mira-del-progresismo-latinoamericano\"><strong>Firmas Selectas de Prensa Latina<\/strong><\/a><\/span><\/p>\n<p><span style=\"font-size: 12pt;\"><strong>Visita la red del colectivo\u00a0<\/strong><strong><a href=\"https:\/\/rutakritica.org\">Ruta Kr\u00edtica<\/a><\/strong><strong>, el\u00a0nuevo blog de difusi\u00f3n del pensamiento y la comunicaci\u00f3n alternativos<\/strong><\/span><\/p>\n","protected":false},"excerpt":{"rendered":"<p>El flamante gobierno mexicano empieza a experimentar las mismas reacciones anticipadas o en proceso de desarrollo de las fuerzas que, en los otros pa\u00edses, tuvieron en mira la derrota de los gobiernos progresistas.<\/p>\n","protected":false},"author":8,"featured_media":0,"comment_status":"open","ping_status":"open","sticky":false,"template":"","format":"standard","meta":{"_uf_show_specific_survey":0,"_uf_disable_surveys":false,"footnotes":""},"categories":[217],"tags":[2231,150,2230,2226,2227,2229,2228],"coauthors":[257],"class_list":["post-4485","post","type-post","status-publish","format-standard","hentry","category-abya-yala","tag-celac-mercosur-unasur","tag-ciclo-progresista","tag-debilitamiento-vinculos-latinoamericanos","tag-derrota-progresismo","tag-golpes-blandos-triunfos-electorales","tag-retorno-derechas","tag-revolucion-ciudadana"],"translation":{"provider":"WPGlobus","version":"2.12.2","language":"fr","enabled_languages":["es","fr"],"languages":{"es":{"title":true,"content":true,"excerpt":true},"fr":{"title":false,"content":false,"excerpt":false}}},"_links":{"self":[{"href":"https:\/\/www.lapluma.net\/fr\/wp-json\/wp\/v2\/posts\/4485","targetHints":{"allow":["GET"]}}],"collection":[{"href":"https:\/\/www.lapluma.net\/fr\/wp-json\/wp\/v2\/posts"}],"about":[{"href":"https:\/\/www.lapluma.net\/fr\/wp-json\/wp\/v2\/types\/post"}],"author":[{"embeddable":true,"href":"https:\/\/www.lapluma.net\/fr\/wp-json\/wp\/v2\/users\/8"}],"replies":[{"embeddable":true,"href":"https:\/\/www.lapluma.net\/fr\/wp-json\/wp\/v2\/comments?post=4485"}],"version-history":[{"count":3,"href":"https:\/\/www.lapluma.net\/fr\/wp-json\/wp\/v2\/posts\/4485\/revisions"}],"predecessor-version":[{"id":4490,"href":"https:\/\/www.lapluma.net\/fr\/wp-json\/wp\/v2\/posts\/4485\/revisions\/4490"}],"wp:attachment":[{"href":"https:\/\/www.lapluma.net\/fr\/wp-json\/wp\/v2\/media?parent=4485"}],"wp:term":[{"taxonomy":"category","embeddable":true,"href":"https:\/\/www.lapluma.net\/fr\/wp-json\/wp\/v2\/categories?post=4485"},{"taxonomy":"post_tag","embeddable":true,"href":"https:\/\/www.lapluma.net\/fr\/wp-json\/wp\/v2\/tags?post=4485"},{"taxonomy":"author","embeddable":true,"href":"https:\/\/www.lapluma.net\/fr\/wp-json\/wp\/v2\/coauthors?post=4485"}],"curies":[{"name":"wp","href":"https:\/\/api.w.org\/{rel}","templated":true}]}}