{"id":44748,"date":"2022-11-06T21:21:48","date_gmt":"2022-11-06T21:21:48","guid":{"rendered":"https:\/\/www.lapluma.net\/?p=44748"},"modified":"2022-11-06T21:24:45","modified_gmt":"2022-11-06T21:24:45","slug":"neofascismo-version-israel-cronica-del-extremismo-prologado-por-el-colonialismo-la-ocupacion-y-el-apartheid","status":"publish","type":"post","link":"https:\/\/www.lapluma.net\/fr\/2022\/11\/06\/neofascismo-version-israel-cronica-del-extremismo-prologado-por-el-colonialismo-la-ocupacion-y-el-apartheid\/","title":{"rendered":"Neofascismo versi\u00f3n Israel: Cr\u00f3nica del extremismo prologado por el colonialismo, la ocupaci\u00f3n y el apartheid"},"content":{"rendered":"<p style=\"text-align: justify;\"><span style=\"font-size: 14pt;\">La naturalizaci\u00f3n y continuidad del <em>apartheid<\/em> contra el pueblo palestino, la ocupaci\u00f3n colonial y militar de su territorio en Cisjordania y la renuncia \u2013por parte de los partidos hegem\u00f3nicos israel\u00edes\u2013 a viabilizar el establecimiento de un Estado Palestino independiente, habilitaron la expansi\u00f3n progresiva de los grupos supremacistas, que lograron convertirse en grandes triunfadores de las elecciones del 1\u00ba de noviembre.<\/span><\/p>\n<figure id=\"attachment_44752\" aria-describedby=\"caption-attachment-44752\" style=\"width: 561px\" class=\"wp-caption aligncenter\"><img loading=\"lazy\" decoding=\"async\" class=\"wp-image-44752\" src=\"https:\/\/www.lapluma.net\/wp-content\/uploads\/2022\/11\/Ben-Gvir-y-Netanyahu-300x242.jpg\" alt=\"\" width=\"561\" height=\"452\" srcset=\"https:\/\/www.lapluma.net\/wp-content\/uploads\/2022\/11\/Ben-Gvir-y-Netanyahu-300x242.jpg 300w, https:\/\/www.lapluma.net\/wp-content\/uploads\/2022\/11\/Ben-Gvir-y-Netanyahu-124x100.jpg 124w, https:\/\/www.lapluma.net\/wp-content\/uploads\/2022\/11\/Ben-Gvir-y-Netanyahu.jpg 709w\" sizes=\"auto, (max-width: 561px) 100vw, 561px\" \/><figcaption id=\"caption-attachment-44752\" class=\"wp-caption-text\">Afiche electoral de los dos ganadores de la elecci\u00f3n: Itamar Ben-Gvir, en la imagen superior, y Benjam\u00edn Netanyahu en la inferior.<\/figcaption><\/figure>\n<p style=\"text-align: justify;\"><span style=\"font-size: 14pt;\">Israel realiz\u00f3 las quintas elecciones en cuatro a\u00f1os, debido a la fragilidad de un sistema pol\u00edtico que requiere una mayor\u00eda de 61 integrantes sobre 120 bancas existentes en el parlamento unicameral, cuyo nombre en hebreo es Kn\u00e9set. El bloque que agrupa a la derecha y a los supremacistas alcanz\u00f3 64 sitiales, mientras que el conjunto de los partidos de la oposici\u00f3n logr\u00f3 sumar 56 representantes. Esa distribuci\u00f3n de cargos, sin embargo, no expresa la cantidad de votos recibidos por cada uno de los conglomerados que conformar\u00e1n el oficialismo y la oposici\u00f3n: entre la alianza que lidera Benjam\u00edn <em>Bibi<\/em> Netanyahu y sus oponentes, solo existi\u00f3 una diferencia de 8.189 votos. La diferencia de cargos alcanzados en la Kn\u00e9set se debe al piso electoral planteado por la normativa electoral, que solo permite la admisi\u00f3n de congresistas a las listas que superen el 3,25% de los votantes.<\/span><\/p>\n<p style=\"text-align: justify;\"><span style=\"font-size: 14pt;\">Los resultados finales indican que el Likud \u2013partido liderado por Netanyahu\u2013 obtuvo 32 bancas, los supremacistas 14 y los ortodoxos 18. Por su parte, el partido del actual premier Yair Lapid obtuvo 24 investiduras que, sumadas a las 12 del ministro de defensa Benny Gantz, no son suficientes para formar gobierno. El bloque de la derecha es el que defiende con mayor ah\u00ednco la continuidad de la ocupaci\u00f3n de tierras en Cisjordania y avala de forma enf\u00e1tica la represi\u00f3n sistem\u00e1tica sobre los, 2,5 millones de palestinos que carecen de derechos ciudadanos y son sometidos a la autoridad militar administrativa.<\/span><\/p>\n<p style=\"text-align: justify;\"><span style=\"font-size: 14pt;\">El l\u00edder del Likud se constituir\u00e1 en el primer jefe de gobierno que ejercer\u00e1 por tercera vez el cargo de primer ministro, luego de que David Ben-Guri\u00f3n, Itzj\u00e1k Shamir y Shim\u00f3n P\u00e9res ocuparan ese cargo en dos oportunidades cada uno. Netanyahu es sindicado como uno de los m\u00e1ximos responsables de sabotear los Acuerdos de Oslo de 1993 \u2013firmados por Itzj\u00e1k Rab\u00edn y Yasser Arafat\u2013 y de lograr su posterior disoluci\u00f3n. Tambi\u00e9n se lo acusa de promover la ocupaci\u00f3n ilegal de los territorios de Jerusal\u00e9n Este y Cisjordania para extender las colonias israel\u00edes en esos territorios ocupados militarmente. En 2020 <a href=\"https:\/\/www.elcohetealaluna.com\/neoliberalismo-apartheid-corrupcion\/\">Netanyahu<\/a> fue acusado de cohecho, fraude y abuso de poder, convirti\u00e9ndose en el primer gobernante de la historia de Israel en ser imputado durante el transcurso de su mandato. Las causas por las que a\u00fan est\u00e1 procesado incluyen la recepci\u00f3n de sobornos para favorecer a empresarios y el abuso de poder para mejorar su imagen en los medios de comunicaci\u00f3n.<\/span><\/p>\n<h3>Kahanismo sin l\u00edmites<\/h3>\n<p style=\"text-align: justify;\"><span style=\"font-size: 14pt;\">Seg\u00fan la inmensa mayor\u00eda de los analistas pol\u00edticos israel\u00edes, los partidos supremacistas ubicados a la derecha del Likud han radicalizado a Netanyahu para sortear la continua fuga de votos hacia esos grupos, caracterizados por la islamofobia, el racismo, la homofobia y la misoginia. El colectivo que los expresa, que alcanz\u00f3 14 cargos parlamentarios, tiene como referente a Itamar Ben-Gvir, un abogado extremista acusado en reiteradas ocasiones por discursos de odio contra los \u00e1rabes. Seg\u00fan varios testigos, el futuro <em>Javer Kn\u00e9set<\/em> (parlamentario) expon\u00eda en su domicilio \u2013hasta hace dos a\u00f1os\u2013 un retrato del terrorista estadounidense-israel\u00ed Baruch Goldstein, quien en 1994 masacr\u00f3 a 29 fieles musulmanes palestinos e hiri\u00f3 a otros 125 en la Tumba de los Patriarcas, ubicada en la ciudad palestina de Hebr\u00f3n. Un a\u00f1o despu\u00e9s, un integrante del mismo colectivo al cual pertenec\u00eda Goldstein asesin\u00f3 al primer ministro Rab\u00edn, momentos antes de participar en una gigantesca manifestaci\u00f3n en Tel Aviv, convocada bajo la consigna \u201cS\u00ed a la paz, no a la violencia\u201d.<\/span><\/p>\n<p style=\"text-align: justify;\"><span style=\"font-size: 14pt;\">En octubre de 2021, Ben-Gvir agredi\u00f3 al l\u00edder \u00e1rabe-israel\u00ed de la Lista Conjunta, <a href=\"https:\/\/www.newyorker.com\/magazine\/2016\/01\/25\/seeds-of-peace\">Ayman Odeh<\/a>, quien revalid\u00f3 el \u00faltimo martes su ingreso a la Kn\u00e9set obteniendo cinco plazas para su agrupaci\u00f3n, conformada por el Partido Comunista y otras formaciones opuestas a la ocupaci\u00f3n y el fascismo. Los congresistas de su alianza juraron su cargo en marzo de 2021 con el compromiso de \u201cenfrentar la ocupaci\u00f3n y de luchar contra el racismo y los racistas\u201d, en obvia referencia al colectivo comandado por Ben-Gvir. En diciembre de 2021, este \u00faltimo fue acusado de violencia armada, debido a la filtraci\u00f3n de un video en el que se exhib\u00edan sus amenazas contra guardias de seguridad desarmados que le solicitaban que moviera su veh\u00edculo porque estaba mal estacionado.<\/span><\/p>\n<figure id=\"attachment_44751\" aria-describedby=\"caption-attachment-44751\" style=\"width: 582px\" class=\"wp-caption aligncenter\"><img loading=\"lazy\" decoding=\"async\" class=\"wp-image-44751\" src=\"https:\/\/www.lapluma.net\/wp-content\/uploads\/2022\/11\/Meir-Kahane-300x188.jpg\" alt=\"\" width=\"582\" height=\"365\" srcset=\"https:\/\/www.lapluma.net\/wp-content\/uploads\/2022\/11\/Meir-Kahane-300x188.jpg 300w, https:\/\/www.lapluma.net\/wp-content\/uploads\/2022\/11\/Meir-Kahane-768x480.jpg 768w, https:\/\/www.lapluma.net\/wp-content\/uploads\/2022\/11\/Meir-Kahane.jpg 1024w\" sizes=\"auto, (max-width: 582px) 100vw, 582px\" \/><figcaption id=\"caption-attachment-44751\" class=\"wp-caption-text\">Meir Kahane.<\/figcaption><\/figure>\n<p style=\"text-align: justify;\"><span style=\"font-size: 14pt;\">En octubre de 2022, Ben-Gvir particip\u00f3 en los enfrentamientos entre los colonos israel\u00edes y los residentes palestinos locales, exigi\u00e9ndole a la polic\u00eda que disparara a los manifestantes palestinos. En esa ocasi\u00f3n, el actual ministro de Seguridad P\u00fablica, Omer Barlev, calific\u00f3 a Ben-Gvir como \u201cun mat\u00f3n cobarde que exhibe su arma mientras se esconde detr\u00e1s de un cami\u00f3n protegido por personal de seguridad\u201d. Seg\u00fan fuentes ligadas al Likud, Ben-Gvir puja por convertirse en el pr\u00f3ximo ministro de Seguridad P\u00fablica, entre cuyas tareas figura la de garantizar la convivencia pac\u00edfica en el Monte del Templo de Jerusal\u00e9n, nominado por los musulmanes como <em>Haram Al-Sharif<\/em> (o complejo Al-Aqsa), espacio donde se han detonado diversos espirales de violencia durante las \u00faltimas d\u00e9cadas.<\/span><\/p>\n<p style=\"text-align: justify;\"><span style=\"font-size: 14pt;\">Ben-Gvir \u2013y su organizaci\u00f3n, <em>Otsm\u00e1 Yehudit <\/em>(cuya traducci\u00f3n del hebreo es Poder Jud\u00edo)\u2013 son tributarios de las ense\u00f1anzas del rabino racista <a href=\"https:\/\/www.timesofisrael.com\/rabbi-meir-kahane-and-israels-far-right-explained\/\">Meir Kahane,<\/a> quien tambi\u00e9n influy\u00f3 sobre Baruch Goldstein y sobre el asesino de Rab\u00edn, Ygal Amir. Kahane fue expulsado de la Kn\u00e9set en julio de 1988 por haber mostrado una soga con un nudo corredizo a un parlamentario \u00e1rabe-israel\u00ed, y su organizaci\u00f3n pol\u00edtica <em>Kach <\/em>fue calificada como grupo terrorista.<\/span><\/p>\n<p><img loading=\"lazy\" decoding=\"async\" class=\" wp-image-44753 aligncenter\" src=\"https:\/\/www.lapluma.net\/wp-content\/uploads\/2022\/11\/Welcome-my-allies-300x192.jpg\" alt=\"\" width=\"581\" height=\"372\" srcset=\"https:\/\/www.lapluma.net\/wp-content\/uploads\/2022\/11\/Welcome-my-allies-300x192.jpg 300w, https:\/\/www.lapluma.net\/wp-content\/uploads\/2022\/11\/Welcome-my-allies-1024x654.jpg 1024w, https:\/\/www.lapluma.net\/wp-content\/uploads\/2022\/11\/Welcome-my-allies-768x490.jpg 768w, https:\/\/www.lapluma.net\/wp-content\/uploads\/2022\/11\/Welcome-my-allies-1536x981.jpg 1536w, https:\/\/www.lapluma.net\/wp-content\/uploads\/2022\/11\/Welcome-my-allies.jpg 1767w\" sizes=\"auto, (max-width: 581px) 100vw, 581px\" \/><\/p>\n<p style=\"text-align: center;\">\u00a1<strong><span style=\"font-size: 12pt;\">Bienvenidos, mis aliados!<\/span><\/strong><br \/>\n<strong><span style=\"font-size: 12pt;\">Netanyahu da la bienvenida al KKK israel\u00ed &#8211; los kahanistas &#8211; a su gobierno. No hay lugar para la hip\u00e9rbole, este es el verdadero negocio.<\/span><\/strong><br \/>\n<strong><span style=\"font-size: 12pt;\">Caricatura Latuff 2021<\/span><\/strong><\/p>\n<p style=\"text-align: justify;\"><span style=\"font-size: 14pt;\">El programa de <em>Otzm\u00e1<\/em> para la vig\u00e9sima quinta conformaci\u00f3n parlamentaria es, desde 1948, profundamente racista. Sus diputados suman tres veces la cantidad del movimiento mayoritario que fund\u00f3 Israel, el Partido Laborista. Ben Gvir propone las mismas medidas que Kahane introdujo cuatro d\u00e9cadas atr\u00e1s: prohibir los matrimonios entre \u00e1rabes e israel\u00edes, revocar la ciudadan\u00eda de los \u00e1rabes israel\u00edes, deportar a gran parte de la poblaci\u00f3n palestina de Israel y a los descendiente de et\u00edopes hebreos, conocidos como <a href=\"https:\/\/elpais.com\/internacional\/2019\/07\/03\/actualidad\/1562183196_316983.html\">Beta-Israel<\/a>, pero denominados en forma despectiva como <em>falashas<\/em>. Una organizaci\u00f3n de la sociedad civil vinculada en forma directa con <em>Otzm\u00e1<\/em> es <a href=\"http:\/\/www.chasdeimeir.co.il\/\"><em>Jasidei Meir<\/em><\/a><em>.<\/em> Entre sus actividades se destaca el programa orientado a evitar o impedir el<a href=\"https:\/\/theintercept.com\/2022\/11\/02\/israel-us-funding-terror\/\"> mestizaje<\/a> de jud\u00edos con \u00e1rabes, musulmanes y\/o ateos.<\/span><\/p>\n<p style=\"text-align: justify;\"><span style=\"font-size: 14pt;\">Uno de los hist\u00f3ricos partidos que no logr\u00f3 superar piso del 3,25% fue <em>Meretz,<\/em> la organizaci\u00f3n sionista progresista que por primera vez desde la fundaci\u00f3n del Estado quedar\u00e1 fuera de la Kn\u00e9set. Su l\u00edder, <a href=\"https:\/\/agenciaajn.com\/noticia\/elecciones-en-israel-netanyahu-mas-cerca-de-la-victoria-995-de-los-votos-contados-201191\">Zejava Gal\u00f3n<\/a>, consider\u00f3 que los resultados de la elecci\u00f3n son producto de una ola de neofascismo, pero que \u201cning\u00fan <em>kahanista,<\/em> ning\u00fan fascista, ning\u00fan racista, chovinista ni hom\u00f3fobo lograr\u00e1 extinguir el esp\u00edritu de la igualdad al interior de la especie humana\u201d.<\/span><\/p>\n<p style=\"text-align: justify;\"><span style=\"font-size: 14pt;\">Sin embargo, en la Argentina, el actual vicepresidente de la DAIA, Sergio Pikholtz, public\u00f3 un twit al otro d\u00eda de las elecciones en el que repudi\u00f3 la catalogaci\u00f3n de Israel como pa\u00eds ocupante, al tiempo que reivindic\u00f3 su car\u00e1cter de democracia, pese a negarle el voto a 2,5 millones de palestinos. El periodista israel\u00ed <a href=\"https:\/\/www.haaretz.com\/opinion\/2022-11-03\/ty-article\/.premium\/after-more-than-50-years-of-israels-occupation-what-did-the-left-think-would-happen\/00000184-3aa7-dfd0-a9a7-3fb79c5f0000\">Guide\u00f3n Levy<\/a> \u2013quiz\u00e1s el analista m\u00e1s l\u00facido y coherente que aborda la situaci\u00f3n imperante en Medio Oriente\u2013 consider\u00f3 que el kahanismo es una caracter\u00edstica impl\u00edcita y obligada del <a href=\"https:\/\/www.haaretz.com\/opinion\/2022-11-03\/ty-article\/.premium\/after-more-than-50-years-of-israels-occupation-what-did-the-left-think-would-happen\/00000184-3aa7-dfd0-a9a7-3fb79c5f0000\"><em>apartheid<\/em><\/a> sufrido por los palestinos. Al permitirse que el racismo se divulgue sin demarcaciones claras, y que los discursos violentos se diversifiquen \u2013sin regulaciones ni condenas\u2013, se instaur\u00f3 un piso de posibilidad apto para la irrupci\u00f3n desenfrenada de la intimidaci\u00f3n simb\u00f3lica y material. En palabras de Levy: \u201cLa sociedad israel\u00ed se ha vuelto en parte religiosa, y en parte racista, siendo el odio hacia los \u00e1rabes su principal combustible\u201d.<\/span><\/p>\n<figure id=\"attachment_44750\" aria-describedby=\"caption-attachment-44750\" style=\"width: 527px\" class=\"wp-caption aligncenter\"><img loading=\"lazy\" decoding=\"async\" class=\"wp-image-44750\" src=\"https:\/\/www.lapluma.net\/wp-content\/uploads\/2022\/11\/Guideon-Levy-300x205.jpg\" alt=\"\" width=\"527\" height=\"360\" srcset=\"https:\/\/www.lapluma.net\/wp-content\/uploads\/2022\/11\/Guideon-Levy-300x205.jpg 300w, https:\/\/www.lapluma.net\/wp-content\/uploads\/2022\/11\/Guideon-Levy-220x150.jpg 220w, https:\/\/www.lapluma.net\/wp-content\/uploads\/2022\/11\/Guideon-Levy.jpg 616w\" sizes=\"auto, (max-width: 527px) 100vw, 527px\" \/><figcaption id=\"caption-attachment-44750\" class=\"wp-caption-text\">El periodista israel\u00ed Guide\u00f3n Levy.<\/figcaption><\/figure>\n<p style=\"text-align: justify;\"><span style=\"font-size: 14pt;\">Cuando se renuncia a combatir la violencia de forma decidida, sistem\u00e1tica y persistente, un d\u00eda los monstruos pasan a convivir con quienes \u2013de forma pasiva\u2013 los subestimaron y habilitaron.<\/span><\/p>\n<h2><span style=\"font-size: 18pt;\">Jorge Elbaum para La Pluma, 6 de noviembre de 2022<\/span><\/h2>\n<h2><span style=\"font-size: 18pt;\">Ediado por <a href=\"https:\/\/www.lapluma.net\/nosotros\/editora\/\">Mar\u00eda Piedad Ossaba<\/a><\/span><\/h2>\n<h2><span style=\"font-size: 18pt;\">Publicado por <a href=\"https:\/\/www.elcohetealaluna.com\/neofascismo-version-israel\/\">ElCoheteAlaLuna<\/a><\/span><\/h2>\n","protected":false},"excerpt":{"rendered":"<p>Al permitirse que el racismo se divulgue sin demarcaciones claras, y que los discursos violentos se diversifiquen \u2013sin regulaciones ni condenas\u2013, se instaur\u00f3 un piso de posibilidad apto para la irrupci\u00f3n desenfrenada de la intimidaci\u00f3n simb\u00f3lica y material.<\/p>\n","protected":false},"author":785,"featured_media":44754,"comment_status":"open","ping_status":"open","sticky":false,"template":"","format":"standard","meta":{"_uf_show_specific_survey":0,"_uf_disable_surveys":false,"footnotes":""},"categories":[15,218],"tags":[21128,21124,21129,12617,487,21121,21122,20331,21123,743,21125,17190,21126,21127],"coauthors":[11953],"class_list":["post-44748","post","type-post","status-publish","format-standard","has-post-thumbnail","hentry","category-impunidad","category-monde","tag-apartheid-kahanismo","tag-cisjordanie-occupada","tag-colonialismo-impunidad","tag-colonos-judios","tag-gideon-levy","tag-israel-neofasicmo","tag-itamar-ben-gvir","tag-jorge-elabum","tag-meir-kahane","tag-netanyahu","tag-otzma-yehudit","tag-palestine-israel-2","tag-sionismo-religioso","tag-soldados-sionistas"],"translation":{"provider":"WPGlobus","version":"2.12.2","language":"fr","enabled_languages":["es","fr"],"languages":{"es":{"title":true,"content":true,"excerpt":true},"fr":{"title":false,"content":false,"excerpt":false}}},"_links":{"self":[{"href":"https:\/\/www.lapluma.net\/fr\/wp-json\/wp\/v2\/posts\/44748","targetHints":{"allow":["GET"]}}],"collection":[{"href":"https:\/\/www.lapluma.net\/fr\/wp-json\/wp\/v2\/posts"}],"about":[{"href":"https:\/\/www.lapluma.net\/fr\/wp-json\/wp\/v2\/types\/post"}],"author":[{"embeddable":true,"href":"https:\/\/www.lapluma.net\/fr\/wp-json\/wp\/v2\/users\/785"}],"replies":[{"embeddable":true,"href":"https:\/\/www.lapluma.net\/fr\/wp-json\/wp\/v2\/comments?post=44748"}],"version-history":[{"count":4,"href":"https:\/\/www.lapluma.net\/fr\/wp-json\/wp\/v2\/posts\/44748\/revisions"}],"predecessor-version":[{"id":44759,"href":"https:\/\/www.lapluma.net\/fr\/wp-json\/wp\/v2\/posts\/44748\/revisions\/44759"}],"wp:featuredmedia":[{"embeddable":true,"href":"https:\/\/www.lapluma.net\/fr\/wp-json\/wp\/v2\/media\/44754"}],"wp:attachment":[{"href":"https:\/\/www.lapluma.net\/fr\/wp-json\/wp\/v2\/media?parent=44748"}],"wp:term":[{"taxonomy":"category","embeddable":true,"href":"https:\/\/www.lapluma.net\/fr\/wp-json\/wp\/v2\/categories?post=44748"},{"taxonomy":"post_tag","embeddable":true,"href":"https:\/\/www.lapluma.net\/fr\/wp-json\/wp\/v2\/tags?post=44748"},{"taxonomy":"author","embeddable":true,"href":"https:\/\/www.lapluma.net\/fr\/wp-json\/wp\/v2\/coauthors?post=44748"}],"curies":[{"name":"wp","href":"https:\/\/api.w.org\/{rel}","templated":true}]}}