{"id":4463,"date":"2018-12-21T18:58:15","date_gmt":"2018-12-21T18:58:15","guid":{"rendered":"http:\/\/www.lapluma.net\/?p=4463"},"modified":"2018-12-22T01:40:40","modified_gmt":"2018-12-22T01:40:40","slug":"francia-la-gran-leccion","status":"publish","type":"post","link":"https:\/\/www.lapluma.net\/fr\/2018\/12\/21\/francia-la-gran-leccion\/","title":{"rendered":"France : la grande le\u00e7on"},"content":{"rendered":"<p style=\"text-align: justify;\"><span style=\"font-size: 12pt;\"><img loading=\"lazy\" decoding=\"async\" class=\"wp-image-2144 alignleft\" src=\"http:\/\/www.lapluma.net\/wp-content\/uploads\/2018\/10\/Luis-CasadoBis.jpg\" alt=\"\" width=\"78\" height=\"85\" \/>Les gilets jaunes laissent une grande le\u00e7on, une sorte de Master Class : Tu veux te faire entendre ? Tu dois descendre dans la rue. Ou ne pas descendre. Les premiers \u00e0 entendre le message ont \u00e9t\u00e9 les policiers charg\u00e9s de les r\u00e9primer.<\/span><\/p>\n<p style=\"text-align: justify;\"><span style=\"font-size: 12pt;\">M\u00e9contents de leurs salaires, des heures suppl\u00e9mentaires non r\u00e9mun\u00e9r\u00e9es, de la multiplication des t\u00e2ches ingrates&#8230; les syndicats de policiers ont d&rsquo;abord menac\u00e9 de mettre un gilet jaune, puis de rester dans leurs cantonnements. C&rsquo;est ce qu&rsquo;ils ont fait mardi et mercredi. Enferm\u00e9s dans leurs commissariats, ils ne sont pas sortis, sauf en cas d&rsquo;extr\u00eame urgence.<\/span><\/p>\n<p style=\"text-align: justify;\"><span style=\"font-size: 12pt;\">La police des fronti\u00e8res s&rsquo;est solidaris\u00e9e avec une gr\u00e8ve de z\u00e8le. Elle a soigneusement v\u00e9rifi\u00e9 chaque passeport, prenant un quart d&rsquo;heure, alors qu&rsquo;une minute ou deux suffisent g\u00e9n\u00e9ralement. Mercredi, le d\u00e9sordre aux a\u00e9roports d&rsquo;Orly et de Roissy \u00e9tait \u00e0 son maximum : les passagers ont attendu trois ou quatre heures pour embarquer.<\/span><\/p>\n<p style=\"text-align: justify;\"><span style=\"font-size: 12pt;\">Christophe Castaner, ministre de l&rsquo;Int\u00e9rieur, a voulu calmer ses troupes avec un bon de 300 euros pour chaque policier. Il n&rsquo;est pas surprenant que les syndicats consid\u00e8rent cela comme une mis\u00e8re. L&rsquo;\u00c9tat leur doit 22 millions d&rsquo;heures suppl\u00e9mentaires non pay\u00e9zq, soit 2 000 euros par t\u00eate. Le gouvernement a propos\u00e9 de \u00ab\u00a0converser\u00a0\u00bb, avant de c\u00e9der sur tout : il y aura une augmentation significative des salaires des policiers et ils seront pay\u00e9s pour leurs heures suppl\u00e9mentaires. Gr\u00e2ce \u00e0 qui ?<\/span><\/p>\n<p><img loading=\"lazy\" decoding=\"async\" class=\"aligncenter\" src=\"http:\/\/www.tlaxcala-int.org\/upload\/gal_19551.jpg\" alt=\"\" width=\"500\" height=\"526\" \/><\/p>\n<p style=\"text-align: center;\"><strong><span style=\"font-size: 12pt;\">La parole se lib\u00e8re, par Nagy<\/span><\/strong><\/p>\n<p style=\"text-align: justify;\"><span style=\"font-size: 12pt;\">Macron cherche \u00e0 temporiser avec le leurre d&rsquo;un \u00ab\u00a0d\u00e9bat national\u00a0\u00bb de trois mois,. Un d\u00e9bat visant \u00e0 rechercher un consensus pour r\u00e9pondre aux exigences des gilets jaunes. Mercredi, 360 ronds-points \u00e9taient encore occup\u00e9s. Le gouvernement utilise l&rsquo;artillerie lourde en envoyant des bulldozers pour d\u00e9gager les abris de fortune qui ont abrit\u00e9 les manifestants pendant plus d&rsquo;un mois.<\/span><\/p>\n<p style=\"text-align: justify;\"><span style=\"font-size: 12pt;\">La mise en \u0153uvre des mesures annonc\u00e9es par Macron se r\u00e9v\u00e8le complexe et al\u00e9atoire. Mardi matin, le gouvernement a annonc\u00e9 l&rsquo;annulation de la \u00ab\u00a0prime \u00e0 l&rsquo;\u00e9nergie\u00a0\u00bb et, face au tumulte g\u00e9n\u00e9r\u00e9 parmi ses propres d\u00e9put\u00e9s, il a d\u00fb annuler cette annulation deux heures plus tard.<\/span><\/p>\n<p style=\"text-align: justify;\"><span style=\"font-size: 12pt;\">La demande de r\u00e9f\u00e9rendum d&rsquo;initiative citoyenne (RIC) a d&rsquo;abord \u00e9t\u00e9 salu\u00e9e favorablement par le Premier ministre, puis avec des frissons par le pr\u00e9sident. Les \u00ab\u00a0experts\u00a0\u00bb de service sont mont\u00e9s au cr\u00e9neau pour expliquer que si la revendication est satisfaite, le peuple pourrait exiger des choses insens\u00e9es. Comme la suppression du droit \u00e0 l&rsquo;avortement ou le r\u00e9tablissement de la peine de mort. Pourquoi pas la restauration de la monarchie ou du Troisi\u00e8me Empire ?<\/span><\/p>\n<p style=\"text-align: justify;\"><span style=\"font-size: 12pt;\">Le peuple est insens\u00e9. Seuls les \u00ab\u00a0experts\u00a0\u00bb peuvent donner leur avis et d\u00e9cider ce qui est bon pour le peuple Comment les manants, les vilains et les mis\u00e9rables peuvent-ils savoir ce qui est bon pour eux ? C&rsquo;est \u00e0 \u00e7a que servent ceux qui savent. Il y a donc des soup\u00e7ons fond\u00e9s quant au caract\u00e8re s\u00e9rieux du \u00ab\u00a0d\u00e9bat national\u00a0\u00bb. La m\u00e9fiance r\u00e8gne et son r\u00e8gne n&rsquo;est pas d&rsquo;origine divine.<\/span><\/p>\n<p style=\"text-align: justify;\"><span style=\"font-size: 12pt;\">Macron d\u00e9clare que le \u00ab\u00a0d\u00e9bat national\u00a0\u00bb n&rsquo;a pas pour but de d\u00e9faire ce qui est d\u00e9j\u00e0 tiss\u00e9. En d&rsquo;autres termes, il essaie de sauver les meubles, de consolider un gouvernement qui ne sait pas o\u00f9 il va. Qui est terrifi\u00e9 que m\u00eame la police ait perdu patience. Sans parler de l&rsquo;arm\u00e9e, des p\u00eacheurs, des agriculteurs, des salari\u00e9s, des retrait\u00e9s, des petits commer\u00e7ants, des artisans, des \u00e9tudiants, du personnel hospitalier, des enseignants, des fonctionnaires et tutti quanti.<\/span><\/p>\n<p style=\"text-align: justify;\"><span style=\"font-size: 12pt;\">La traditionnelle \u00ab\u00a0tr\u00eave des confiseurs\u00a0\u00bb, No\u00ebl oblige, ne sera donc que cela : une tr\u00eave. La le\u00e7on des gilets jaunes, r\u00e9affirm\u00e9e par le chemin rapide pris par les policiers, \u00e9veillera les vocations.<\/span><\/p>\n<p style=\"text-align: justify;\"><span style=\"font-size: 12pt;\">Si tu veux \u00eatre entendu, desends dans la rue. Ou bien, quand on t&rsquo;appelle, fais la sourde oreille et ne bouge pas.<\/span><\/p>\n<p style=\"text-align: justify;\"><span style=\"font-size: 12pt;\">On dit que Marie-Antoinette r\u00e9alisa que la monarchie \u00e9tait en train de chanceler quand elle appela sa domesticit\u00e9&#8230;. et que personne n\u2019arriva !<\/span><\/p>\n<p><span style=\"font-size: 12pt;\"><strong>Luis Casado<\/strong><\/span><\/p>\n<p><span style=\"font-size: 12pt;\"><strong>Original: <a title=\"Permanent Link to Francia: La gran lecci\u00f3n\" href=\"http:\/\/www.lapluma.net\/2018\/12\/20\/francia-la-gran-leccion\/\" rel=\"bookmark\">Francia: La gran lecci\u00f3n<\/a><\/strong><\/span><\/p>\n<p><span style=\"font-size: 12pt;\"><strong>Traduit par <span class=\"trad\"> <a href=\"http:\/\/www.tlaxcala-int.org\/biographie.asp?ref_aut=2&amp;lg_pp=fr\">Fausto Giudice \u0424\u0430\u0443\u0441\u0442\u043e \u0414\u0436\u0443\u0434\u0438\u0447\u0435 \u0641\u0627\u0648\u0633\u062a\u0648 \u062c\u064a\u0648\u062f\u064a\u0634\u064a<\/a><\/span><\/strong><\/span><\/p>\n<p><span style=\"font-size: 12pt;\"><strong>Source: <a href=\"http:\/\/www.tlaxcala-int.org\/article.asp?reference=24980\">Tlaxcala<\/a>, le 22 d\u00e9cembre 2018<\/strong><\/span><\/p>\n<p style=\"text-align: justify;\">\n","protected":false},"excerpt":{"rendered":"<p>Les Gilets jaunes nous rappellent une le\u00e7on grande comme un ch\u00e2teau : la d\u00e9sob\u00e9issance est l&rsquo;arme des hommes libres. Il est int\u00e9ressant de noter que les premiers \u00e0 s&rsquo;en rendre compte ont \u00e9t\u00e9 les policiers charg\u00e9s de r\u00e9primer le mouvement. Luis Casado le raconte, avec d\u00e9lectation&#8230;.<\/p>\n","protected":false},"author":38,"featured_media":0,"comment_status":"open","ping_status":"open","sticky":false,"template":"","format":"standard","meta":{"_uf_show_specific_survey":0,"_uf_disable_surveys":false,"footnotes":""},"categories":[218],"tags":[1564,438,286,1560,2207],"coauthors":[336],"class_list":["post-4463","post","type-post","status-publish","format-standard","hentry","category-mundo","tag-chalecos-amarillos","tag-douce-france","tag-francia","tag-gilets-jaunes","tag-policiia"],"translation":{"provider":"WPGlobus","version":"2.12.2","language":"fr","enabled_languages":["es","fr"],"languages":{"es":{"title":true,"content":true,"excerpt":true},"fr":{"title":true,"content":true,"excerpt":true}}},"_links":{"self":[{"href":"https:\/\/www.lapluma.net\/fr\/wp-json\/wp\/v2\/posts\/4463","targetHints":{"allow":["GET"]}}],"collection":[{"href":"https:\/\/www.lapluma.net\/fr\/wp-json\/wp\/v2\/posts"}],"about":[{"href":"https:\/\/www.lapluma.net\/fr\/wp-json\/wp\/v2\/types\/post"}],"author":[{"embeddable":true,"href":"https:\/\/www.lapluma.net\/fr\/wp-json\/wp\/v2\/users\/38"}],"replies":[{"embeddable":true,"href":"https:\/\/www.lapluma.net\/fr\/wp-json\/wp\/v2\/comments?post=4463"}],"version-history":[{"count":5,"href":"https:\/\/www.lapluma.net\/fr\/wp-json\/wp\/v2\/posts\/4463\/revisions"}],"predecessor-version":[{"id":4466,"href":"https:\/\/www.lapluma.net\/fr\/wp-json\/wp\/v2\/posts\/4463\/revisions\/4466"}],"wp:attachment":[{"href":"https:\/\/www.lapluma.net\/fr\/wp-json\/wp\/v2\/media?parent=4463"}],"wp:term":[{"taxonomy":"category","embeddable":true,"href":"https:\/\/www.lapluma.net\/fr\/wp-json\/wp\/v2\/categories?post=4463"},{"taxonomy":"post_tag","embeddable":true,"href":"https:\/\/www.lapluma.net\/fr\/wp-json\/wp\/v2\/tags?post=4463"},{"taxonomy":"author","embeddable":true,"href":"https:\/\/www.lapluma.net\/fr\/wp-json\/wp\/v2\/coauthors?post=4463"}],"curies":[{"name":"wp","href":"https:\/\/api.w.org\/{rel}","templated":true}]}}