{"id":4458,"date":"2018-12-20T17:47:53","date_gmt":"2018-12-20T17:47:53","guid":{"rendered":"http:\/\/www.lapluma.net\/?p=4458"},"modified":"2018-12-20T17:47:53","modified_gmt":"2018-12-20T17:47:53","slug":"transition-ecologique-budget-130-millions-deuros-en-moins-pour-la-renovation-energetique-des-batiments","status":"publish","type":"post","link":"https:\/\/www.lapluma.net\/fr\/2018\/12\/20\/transition-ecologique-budget-130-millions-deuros-en-moins-pour-la-renovation-energetique-des-batiments\/","title":{"rendered":"Transition \u00e9cologique ? <br>Budget : 130 millions d\u2019euros en moins pour la r\u00e9novation \u00e9nerg\u00e9tique des b\u00e2timents"},"content":{"rendered":"<p style=\"text-align: justify;\"><span style=\"font-size: 12pt;\"><img loading=\"lazy\" decoding=\"async\" class=\"size-full wp-image-3764 alignleft\" src=\"http:\/\/www.lapluma.net\/wp-content\/uploads\/2018\/12\/maxime_combesBis.jpg\" alt=\"\" width=\"90\" height=\"79\" \/>Tard dans la soir\u00e9e du 18 d\u00e9cembre, l\u2019Agence nationale de l\u2019habitat (Anah) a \u00e9t\u00e9 priv\u00e9e par le gouvernement de 130 millions d\u2019euros qui auraient pu alimenter son budget 2019. En plus d\u2019\u00eatre le principal op\u00e9rateur de la r\u00e9novation \u00e9nerg\u00e9tique dans l\u2019habitat priv\u00e9, l\u2019Anah a pour mission de <i>\u00ab\u00a0lutter contre les fractures sociales et territoriales\u00a0\u00bb<\/i>\u00a0: l\u2019agence va ainsi intervenir, en lien avec les collectivit\u00e9s territoriales, pour r\u00e9sorber l\u2019habitat insalubre \u00e0 Marseille \u00e0 la suite de l\u2019effondrement de deux immeubles rue d\u2019Aubagne le 5 novembre dernier (voir <a href=\"https:\/\/www.bastamag.net\/A-Marseille-voila-des-annees-que-nous-nous-battons-pour-nos-droits-et-contre-le\">notre reportage<\/a>).<\/span><\/p>\n<p><img loading=\"lazy\" decoding=\"async\" class=\"adapt-img spip_logo spip_logos aligncenter\" src=\"https:\/\/www.bastamag.net\/local\/adapt-img\/740\/10x\/IMG\/arton7106.jpg?1545301686\" alt=\"\" width=\"617\" height=\"463\" \/><\/p>\n<p style=\"text-align: justify;\"><span style=\"font-size: 12pt;\">Intervenant \u00e9galement pour dynamiser le c\u0153ur des villes et bourgs en difficult\u00e9 ou encore pour aider les m\u00e9nages \u00e0 adapter leur logement \u00e0 la perte d\u2019autonomie, l\u2019Anah ne cesse de voir ses missions s\u2019\u00e9tendre et, en m\u00eame temps, devenir plus urgentes. Ainsi, elle pilote le tout nouveau <a class=\"spip_out\" href=\"http:\/\/www.cohesion-territoires.gouv.fr\/julien-denormandie-lance-le-plan-initiative-coproprietes\" rel=\"external\">plan \u00ab\u00a0Initiative copropri\u00e9t\u00e9s\u00a0\u00bb<\/a> annonc\u00e9 par le gouvernement le 10 octobre dernier, qui vise \u00e0 <i>\u00ab\u00a0apporter les moyens de lutter efficacement contre les copropri\u00e9t\u00e9s d\u00e9grad\u00e9es\u00a0\u00bb<\/i>, soit 684 copropri\u00e9t\u00e9s en difficult\u00e9 repr\u00e9sentant pr\u00e8s de 56\u00a0000 logements dans 26 territoires.<\/span><\/p>\n<p style=\"text-align: justify;\"><span style=\"font-size: 12pt;\">Face \u00e0 ces nouvelles missions, <a class=\"spip_out\" href=\"http:\/\/www.anah.fr\/qui-sommes-nous\/budget-2019\/\" rel=\"external\">le budget de l\u2019Anah<\/a> a \u00e9t\u00e9 augment\u00e9 pour l\u2019ann\u00e9e 2019. Le gouvernement a en effet d\u00e9cid\u00e9 de lui attribuer une part plus cons\u00e9quente des taxes sur les logements vacants (+ 40 millions d\u2019euros), portant le budget de l\u2019agence \u00e0 874,1 millions d\u2019euros, en hausse de 9,3\u00a0% par rapport \u00e0 2018. Dans le m\u00eame temps, il a \u00e9galement d\u00e9cid\u00e9 de r\u00e9duire de 130 millions d\u2019euros les financements que l\u2019Anah obtient de la mise aux ench\u00e8res d\u2019une partie des quotas d\u2019\u00e9mission de CO2. Ces quotas de CO2 sont ceux dont les entreprises les plus polluantes ont besoin pour avoir le droit de rel\u00e2cher des gaz \u00e0 effet de serre dans l\u2019atmosph\u00e8re.<\/span><\/p>\n<h3 class=\"spip\" style=\"text-align: justify;\"><span style=\"font-size: 12pt;\">La lutte contre la pr\u00e9carit\u00e9 \u00e9nerg\u00e9tique et la transition \u00e9cologique devront encore patienter<\/span><\/h3>\n<p style=\"text-align: justify;\"><span style=\"font-size: 12pt;\">Jusqu\u2019\u00e0 pr\u00e9sent, la loi de finance pr\u00e9voyait que l\u2019Anah pouvait r\u00e9cup\u00e9rer jusqu\u2019\u00e0 550 millions d\u2019euros de la vente de ces quotas. C\u2019est ce plafond que le gouvernement a d\u00e9cid\u00e9 de <a class=\"spip_out\" href=\"http:\/\/www.assemblee-nationale.fr\/15\/amendements\/1490\/AN\/893.asp\" rel=\"external\">r\u00e9duire \u00e0 420 millions d\u2019euros<\/a>, privant ainsi l\u2019Anah de la diff\u00e9rence. Le 29 novembre dernier, les s\u00e9nateurs avaient pourtant alert\u00e9, indiquant que ce n\u2019\u00e9tait pas <i>\u00ab\u00a0un signal positif\u00a0\u00bb<\/i>\u00a0: <a class=\"spip_out\" href=\"https:\/\/www.senat.fr\/enseance\/2018-2019\/146\/Amdt_I-677.html\" rel=\"external\">leur amendement<\/a>, vot\u00e9 aussi bien par la droite que par la gauche et contre l\u2019avis du gouvernement, avait permis de r\u00e9tablir une premi\u00e8re fois ce plafond de 550 millions. En deuxi\u00e8me lecture \u00e0 l\u2019Assembl\u00e9e nationale, le gouvernement a pr\u00e9f\u00e9r\u00e9 ne pas en tenir compte.<\/span><\/p>\n<p style=\"text-align: justify;\"><span style=\"font-size: 12pt;\">Pourquoi le gouvernement augmente-t-il le budget de l\u2019Anah tout en r\u00e9duisant certains de ces cr\u00e9dits\u00a0? En raison du tr\u00e8s faible cours de la tonne carbone sur le march\u00e9 europ\u00e9en (environ 5 euros), ce plafond de 550 millions d\u2019euros n\u2019avait encore jamais \u00e9t\u00e9 atteint<span class=\"spip_note_ref\">\u00a0[<a id=\"nh223-1\" class=\"spip_note\" title=\"En 2018, l\u2019Anah n\u2019a ainsi pu r\u00e9cup\u00e9rer que 336 millions d\u2019euros.\" href=\"https:\/\/www.bastamag.net\/Budget-130-millions-d-euros-en-moins-pour-la-renovation-energetique-des#nb223-1\" rel=\"footnote\">1<\/a>]<\/span>. Cela devrait changer\u00a0: depuis quelques mois, les cours du CO2 remontent (environ 20 euros d\u00e9sormais), et le produit de la mise aux ench\u00e8res de ces quotas pourrait tripler. Le minist\u00e8re de l\u2019\u00c9conomie et des Finances a donc propos\u00e9 au gouvernement d\u2019en transf\u00e9rer une part cons\u00e9quence au budget g\u00e9n\u00e9ral de l\u2019\u00c9tat et de r\u00e9duire celle d\u00e9volue \u00e0 l\u2019Anah.<\/span><\/p>\n<p style=\"text-align: justify;\"><span style=\"font-size: 12pt;\">Plut\u00f4t qu\u2019\u00e9couter les s\u00e9nateurs, plusieurs d\u00e9put\u00e9s et bon nombre d\u2019ONG, le gouvernement a donc une nouvelle fois d\u00e9cid\u00e9 d\u2019utiliser l\u2019aubaine que constitue l\u2019augmentation du produit de la fiscalit\u00e9 \u00e9cologique pour financer les cadeaux fiscaux accord\u00e9s aux plus riches et aux multinationales. La r\u00e9novation des logements insalubres, la transition \u00e9cologique et la lutte contre la pr\u00e9carit\u00e9 \u00e9nerg\u00e9tique devront encore patienter.<\/span><\/p>\n<p><strong><span style=\"font-size: 12pt;\">Maxime Combes<\/span><\/strong><\/p>\n<p><strong><span style=\"font-size: 12pt;\">Source: <a href=\"https:\/\/www.bastamag.net\/Budget-130-millions-d-euros-en-moins-pour-la-renovation-energetique-des\">Basta<\/a>, le 20 d\u00e9cembre 2018<\/span><\/strong><\/p>\n","protected":false},"excerpt":{"rendered":"<p>Plut\u00f4t qu\u2019\u00e9couter les s\u00e9nateurs, plusieurs d\u00e9put\u00e9s et bon nombre d\u2019ONG, le gouvernement a donc une nouvelle fois d\u00e9cid\u00e9 d\u2019utiliser l\u2019aubaine que constitue l\u2019augmentation du produit de la fiscalit\u00e9 \u00e9cologique pour financer les cadeaux fiscaux accord\u00e9s aux plus riches et aux multinationales. La r\u00e9novation des logements insalubres, la transition \u00e9cologique et la lutte contre la pr\u00e9carit\u00e9 \u00e9nerg\u00e9tique devront encore patienter.<\/p>\n","protected":false},"author":220,"featured_media":0,"comment_status":"open","ping_status":"open","sticky":false,"template":"","format":"standard","meta":{"_uf_show_specific_survey":0,"_uf_disable_surveys":false,"footnotes":""},"categories":[9,218],"tags":[2197,2203,438,2200,299,2198,2202,2205,2201,2199,2204],"coauthors":[1828],"class_list":["post-4458","post","type-post","status-publish","format-standard","hentry","category-economia-de-la-naturaleza","category-mundo","tag-anah","tag-cadeaux-fiscaux","tag-douce-france","tag-fractures-sociales-et-territoriales","tag-france","tag-habitat","tag-lutte-contre-la-precarite-energetique-transition-ecologique","tag-maxime-combes","tag-quotas-demission-de-co2","tag-renovation-energetique","tag-riches-multinationales"],"translation":{"provider":"WPGlobus","version":"2.12.2","language":"fr","enabled_languages":["es","fr"],"languages":{"es":{"title":true,"content":false,"excerpt":false},"fr":{"title":true,"content":true,"excerpt":true}}},"_links":{"self":[{"href":"https:\/\/www.lapluma.net\/fr\/wp-json\/wp\/v2\/posts\/4458","targetHints":{"allow":["GET"]}}],"collection":[{"href":"https:\/\/www.lapluma.net\/fr\/wp-json\/wp\/v2\/posts"}],"about":[{"href":"https:\/\/www.lapluma.net\/fr\/wp-json\/wp\/v2\/types\/post"}],"author":[{"embeddable":true,"href":"https:\/\/www.lapluma.net\/fr\/wp-json\/wp\/v2\/users\/220"}],"replies":[{"embeddable":true,"href":"https:\/\/www.lapluma.net\/fr\/wp-json\/wp\/v2\/comments?post=4458"}],"version-history":[{"count":3,"href":"https:\/\/www.lapluma.net\/fr\/wp-json\/wp\/v2\/posts\/4458\/revisions"}],"predecessor-version":[{"id":4461,"href":"https:\/\/www.lapluma.net\/fr\/wp-json\/wp\/v2\/posts\/4458\/revisions\/4461"}],"wp:attachment":[{"href":"https:\/\/www.lapluma.net\/fr\/wp-json\/wp\/v2\/media?parent=4458"}],"wp:term":[{"taxonomy":"category","embeddable":true,"href":"https:\/\/www.lapluma.net\/fr\/wp-json\/wp\/v2\/categories?post=4458"},{"taxonomy":"post_tag","embeddable":true,"href":"https:\/\/www.lapluma.net\/fr\/wp-json\/wp\/v2\/tags?post=4458"},{"taxonomy":"author","embeddable":true,"href":"https:\/\/www.lapluma.net\/fr\/wp-json\/wp\/v2\/coauthors?post=4458"}],"curies":[{"name":"wp","href":"https:\/\/api.w.org\/{rel}","templated":true}]}}