{"id":44428,"date":"2022-11-01T10:45:47","date_gmt":"2022-11-01T10:45:47","guid":{"rendered":"https:\/\/www.lapluma.net\/?p=44428"},"modified":"2022-11-01T20:00:50","modified_gmt":"2022-11-01T20:00:50","slug":"memoria-e-historia-centenario-de-una-masacre","status":"publish","type":"post","link":"https:\/\/www.lapluma.net\/fr\/2022\/11\/01\/memoria-e-historia-centenario-de-una-masacre\/","title":{"rendered":"Memoria e historia: centenario de una masacre en Ecuador y recuerdos de tantas otras en Abya Yala durante el Siglo XX"},"content":{"rendered":"<p style=\"text-align: justify;\"><span style=\"font-size: 14pt;\">En el libro <em>Masacres obreras y populares en Am\u00e9rica Latina durante el siglo XX <\/em>(2021), coordinado por dos historiadores, el chileno <a href=\"https:\/\/filosofia.uchile.cl\/facultad\/estructura\/academicos\/ciencias-historicas\/sergio-grez-toso\">Sergio Grez Toso<\/a> y el colombiano <a href=\"http:\/\/www.udgvirtual.udg.mx\/paakat\/index.php\/paakat\/about\/editorialTeamBio\/218\">Jorge El\u00edas Caro<\/a>, se estudia varios casos: la revuelta del <a href=\"https:\/\/relatosehistorias.mx\/nuestras-historias\/la-rebelion-de-rio-blanco\">R\u00edo Blanco de 1907 en M\u00e9xico<\/a>, la matanza de la <a href=\"https:\/\/www.lapluma.net\/wp-content\/uploads\/2022\/10\/santa_maria.pdf\">escuela Santa Mar\u00eda de Iquique de 1907 en Chile<\/a>, la semana de <a href=\"https:\/\/www.suteba.org.ar\/7-al-14-de-enero-la-semana-trgica-11726.html\">masacres que hubo en Argentina en 1919<\/a>, la <a href=\"https:\/\/www.lapluma.net\/2019\/03\/26\/la-masacre-artesanal-del-16-de-marzo-de-1919-en-bogota\/\">masacre de artesanos de 1919 en Colombia<\/a>, en <a href=\"https:\/\/www.laizquierdadiario.com\/La-Patagonia-Rebelde-el-mas-importante-proceso-de-lucha-social-de-America-Latina\">la Patagonia entre 1920-1922<\/a>, la <a href=\"https:\/\/ladisputa.org\/2021\/11\/14\/15-de-noviembre-de-1922-masacre-obrera-en-guayaquil\/\">masacre obrera de Guayaquil,<\/a> en Ecuador, el 15 de noviembre de 1922, la <a href=\"https:\/\/luisemiliorecabarren.cl\/\/wp-content\/uploads\/2021\/06\/Matanza_en_La_Coruna.pdf\">matanza de La Coru\u00f1a de 1925 en Chile,<\/a> las que ocurrieron en <a href=\"https:\/\/webcache.googleusercontent.com\/search?q=cache:3nj50JagwXoJ:https:\/\/delcentro.cubava.cu\/2020\/05\/07\/los-dificiles-y-convulsos-anos-de-1925-a-1935\/&amp;cd=1&amp;hl=fr&amp;ct=clnk&amp;gl=fr&amp;client=firefox-b-d\">Cuba durante la d\u00e9cada 1925-1935<\/a>, de <a href=\"http:\/\/www.scielo.org.ar\/pdf\/andes\/v22n1\/v22n1a04.pdf\">1928 en la zona bananera del Magdalena en Colombia<\/a>, el etnocidio en <a href=\"https:\/\/www.notimerica.com\/cultura\/noticia-masacre-1932-mayor-etnocidio-historia-contemporanea-salvador-20170129073433.html\">El Salvador del a\u00f1o 1932<\/a>, la represi\u00f3n a la huelga <a href=\"http:\/\/lachispard.blogspot.com\/2014\/01\/a-68-anos-de-la-gran-huelga-azucarera.html\">azucarera de La Romana en Rep\u00fablica Dominicana en 1946<\/a>, nuevamente en Cuba, durante las <a href=\"https:\/\/www.ecured.cu\/Pascuas_Sangrientas\">\u201cPascuas Sangrientas\u201d de 1956<\/a>, igualmente en Colombia contra la huelga de trabajadores en <a href=\"https:\/\/rebelion.org\/la-masacre-de-santa-barbara-antioquia\/\">El Cairo y Santa B\u00e1rbara en 1963<\/a>, nuevamente en Chile en <a href=\"https:\/\/fesuc.cl\/masacre-de-el-salvador-chile-11-de-marzo-de-1966\/\">1966<\/a> y <a href=\"https:\/\/www.ecured.cu\/Masacre_de_Puerto_Montt\">1969<\/a>, las varias represiones sangrientas en <a href=\"https:\/\/lljournal.commons.gc.cuny.edu\/2008-2-sandor-texto\/\">Bolivia contra los mineros,<\/a> el <a href=\"https:\/\/www.myt.org.mx\/memoria_url\/guatemala-genocidio-1981-1983\">genocidio en Guatemala durante la d\u00e9cada de 1980<\/a>, y la <a href=\"https:\/\/www.notimerica.com\/sociedad\/noticia-masacre-carandiru-mayor-violacion-derechos-humanos-historia-brasil-20161002085954.html\">masacre de Carandiru en Brasil en 1992<\/a>.<\/span><\/p>\n<p><img loading=\"lazy\" decoding=\"async\" class=\" wp-image-44430 aligncenter\" src=\"https:\/\/www.lapluma.net\/wp-content\/uploads\/2022\/10\/Masacres-obreras-y-populares-AL-SXX-232x300.png\" alt=\"\" width=\"418\" height=\"541\" srcset=\"https:\/\/www.lapluma.net\/wp-content\/uploads\/2022\/10\/Masacres-obreras-y-populares-AL-SXX-232x300.png 232w, https:\/\/www.lapluma.net\/wp-content\/uploads\/2022\/10\/Masacres-obreras-y-populares-AL-SXX-768x994.png 768w, https:\/\/www.lapluma.net\/wp-content\/uploads\/2022\/10\/Masacres-obreras-y-populares-AL-SXX.png 791w\" sizes=\"auto, (max-width: 418px) 100vw, 418px\" \/><\/p>\n<p style=\"text-align: justify;\"><span style=\"font-size: 14pt;\">Siempre han sido masacres contra trabajadores y pobladores que reclamaban por sus derechos laborales y sociales, entre otros: cumplimiento de la jornada m\u00e1xima, pago de salarios, seguridad en el trabajo, atenci\u00f3n del Estado. Desde filas oficiales igualmente siempre se acus\u00f3 a los movimientos como subversivos, an\u00e1rquicos, violentos, contra la institucionalidad, el Estado y la democracia; o se argument\u00f3 que se hab\u00eda disparado contra v\u00e1ndalos, saqueadores y delincuentes. En Am\u00e9rica Latina, regi\u00f3n atrasada y subdesarrollada hasta mediados del siglo XX, las represiones y matanzas garantizaron el poder de los grandes terratenientes, mineros y agroexportadores, de las incipientes burgues\u00edas de comerciantes, banqueros e industriales y, sin duda, de las puntuales empresas extranjeras que se asentaron en distintos pa\u00edses para explotar recursos y trabajadores.<\/span><\/p>\n<p style=\"text-align: justify;\"><span style=\"font-size: 14pt;\">En la segunda mitad del mismo siglo, al calor de la <a href=\"https:\/\/www.ecured.cu\/Guerra_Fr%C3%ADa\">Guerra Fr\u00eda<\/a>, las masacres tuvieron un componente adicional: desde el poder los movimientos sociales fueron vistos como \u201ccomunistas\u201d y \u201cguerrilleros\u201d o simplemente como \u201ccolaboradores\u201d de movimientos u organizaciones comunistas. Cierto es que durante la d\u00e9cada de 1960 surgieron varios movimientos guerrilleros en Am\u00e9rica Latina, que se inspiraron en el exitoso proceso que vivi\u00f3 Cuba hasta derrocar a Fulgencio Batista. Pero las fuerzas armadas, preparadas y entrenadas para combatirlos, lograron finalmente derrotarlos en casi todos los pa\u00edses. Sin embargo, la lucha contra el \u201ccomunismo\u201d fue mucho m\u00e1s lejos en el Cono Sur. Desde 1964 en Brasil se instal\u00f3 una larga \u00e9poca dictatorial que solo termin\u00f3 en 1985. En Chile, el <a href=\"https:\/\/www.ecured.cu\/Golpe_de_Estado_en_Chile_(1973)\">golpe militar contra Salvador Allende<\/a> se propuso aniquilar al \u201ccomunismo\u201d e instaur\u00f3 una feroz dictadura bajo el mando del general <a href=\"https:\/\/www.ecured.cu\/Augusto_Pinochet\">Augusto Pinochet (1973-1990).<\/a> <\/span><\/p>\n<p><img loading=\"lazy\" decoding=\"async\" class=\" wp-image-44465 aligncenter\" src=\"https:\/\/www.lapluma.net\/wp-content\/uploads\/2022\/11\/Chile-golpe-de-estado-Allende-300x221.jpg\" alt=\"\" width=\"495\" height=\"365\" srcset=\"https:\/\/www.lapluma.net\/wp-content\/uploads\/2022\/11\/Chile-golpe-de-estado-Allende-300x221.jpg 300w, https:\/\/www.lapluma.net\/wp-content\/uploads\/2022\/11\/Chile-golpe-de-estado-Allende.jpg 640w\" sizes=\"auto, (max-width: 495px) 100vw, 495px\" \/><\/p>\n<p style=\"text-align: justify;\"><span style=\"font-size: 14pt;\">Tambi\u00e9n en Argentina se instal\u00f3 el \u201cterrorismo de Estado\u201d con la dictadura militar (1976-1983) que presidi\u00f3 el general <a href=\"https:\/\/www.ecured.cu\/Golpe_de_Estado_por_Jorge_Rafael_Videla\">Jorge Videla<\/a>. El mismo tipo de anticomunismo militar se reprodujo en Bolivia con el general <a href=\"https:\/\/www.ecured.cu\/Hugo_B%C3%A1nzer_Su%C3%A1rez\">Hugo B\u00e1nzer (1971-1978)<\/a> y Uruguay con la <a href=\"https:\/\/www.ecured.cu\/Uruguay#Golpe_de_estado\">dictadura c\u00edvico-militar (1973-1985)<\/a>, porque en Paraguay ya se ten\u00eda al tirano <a href=\"https:\/\/www.ecured.cu\/Alfredo_Stroessner\">Alfredo Stroessner (1954-1989).<\/a> En Centroam\u00e9rica tambi\u00e9n se instalaron otras dictaduras de igual signo. Se trat\u00f3 de una movilizaci\u00f3n continental auspiciada por la CIA y la visi\u00f3n monro\u00edsta de los EEUU, para contar con gobernantes aliados en la defensa de sus intereses geoestrat\u00e9gicos frente al bloque socialista. Parad\u00f3jicamente en Per\u00fa y Ecuador no se sigui\u00f3 el mismo camino. En Ecuador, la dictadura militar presidida por el general <a href=\"https:\/\/www.ecured.cu\/Guillermo_Rodr%C3%ADguez_Lara\">Guillermo Rodr\u00edguez Lara (1972-1976)<\/a>, proclam\u00f3 el \u201cNacionalismo Revolucionario\u201d y se inspir\u00f3 en una \u201cFilosof\u00eda y Plan de Acci\u00f3n\u201d bastante avanzada, antiolig\u00e1rquica y de car\u00e1cter reformista. Fue un gobierno desarrollista y, felizmente para el pa\u00eds, no reprodujo lo que suced\u00eda en el Cono Sur. El Consejo Supremo (1976-1979) que le sigui\u00f3, abandon\u00f3 el nacionalismo y fue autoritario y represivo (<a href=\"https:\/\/rebelion.org\/masacre-de-aztra\/\">en 1977 ocurri\u00f3 la matanza de zafreros en AZTRA<\/a>), aunque sin llegar al terrorismo de Estado. En Per\u00fa, por otra parte, el gobierno de <a href=\"https:\/\/www.ecured.cu\/Juan_Velasco_Alvarado\">Juan Velasco Alvarado (1968-1975) <\/a>inspir\u00f3 el \u201csocialismo peruano\u201d, ejecutando un programa antiolig\u00e1rquico, que no tuvo continuidad en su sucesor, el general <a href=\"https:\/\/en.wikipedia.org\/wiki\/Francisco_Morales_Berm%C3%BAdez\">Francisco Morales Berm\u00fadez (1975-1980).<\/a><\/span><\/p>\n<p><iframe loading=\"lazy\" title=\"Cap\u00edtulo 8 &quot;Masacres del Siglo XX&quot;\" width=\"660\" height=\"371\" src=\"https:\/\/www.youtube.com\/embed\/co9Uwo4uXls?start=125&#038;feature=oembed\" frameborder=\"0\" allow=\"accelerometer; autoplay; clipboard-write; encrypted-media; gyroscope; picture-in-picture; web-share\" referrerpolicy=\"strict-origin-when-cross-origin\" allowfullscreen><\/iframe><\/p>\n<p style=\"text-align: justify;\"><span style=\"font-size: 14pt;\">De todos modos, lo que impact\u00f3 con especial dureza en Latinoam\u00e9rica fue lo que ocurr\u00eda en Chile y Argentina, donde la liquidaci\u00f3n al \u201ccomunismo\u201d se extendi\u00f3 a toda posici\u00f3n progresista y democr\u00e1tica, ocasionando miles de asesinatos, desapariciones forzosas, torturas, prisiones y persecuciones. La \u201cguerra interna\u201d, de acuerdo con los principios de la \u201cDoctrina de Seguridad Nacional\u201d, se convirti\u00f3 en justificativo ideol\u00f3gico de la sistem\u00e1tica violaci\u00f3n de derechos humanos y cr\u00edmenes de lesa humanidad. Esa doctrina impide comprender las confrontaciones sociales en la vida civil y la naturaleza de la pluralidad pol\u00edtica, de modo que los militares se atribuyeron la definici\u00f3n de lo que debe ser la pol\u00edtica de sus pa\u00edses y asumieron, sin ning\u00fan control constitucional ni institucional, ser los llamados a decidir sobre la vida, integridad y conciencia de los ciudadanos. Fue un fen\u00f3meno in\u00e9dito en la historia latinoamericana.<\/span><\/p>\n<p><span style=\"font-size: 14pt;\">Con el retorno a la democracia, hubo intentos por juzgar los cr\u00edmenes. Sin embargo, Pinochet logr\u00f3 burlar un juicio internacional promovido por el abogado y jurista espa\u00f1ol <a href=\"https:\/\/baltasargarzon.org\/jurisdiccion-universal\/pinochet\/\">Baltasar Garz\u00f3n en 1998<\/a>. En Uruguay no se logr\u00f3 abolir la \u201cLey de Caducidad\u201d (1986) que imped\u00eda juzgar a militares y polic\u00edas, aunque se impulsaron varios procesos. Mientras en Argentina pudo abrirse, en 1985, un in\u00e9dito juicio contra los impunes dictadores de a\u00f1os pasados, que fue calificado como <a href=\"https:\/\/www.perfil.com\/noticias\/opinion\/martin-balza-nuremberg-en-la-argentina.phtml\">el \u201cN\u00faremberg Argentino\u201d<\/a>. All\u00ed destac\u00f3 el equipo del fiscal Julio C\u00e9sar Strassera, quien logr\u00f3 la pena de reclusi\u00f3n perpetua para Videla y otros cinco altos oficiales de la dictadura. Videla muri\u00f3 en prisi\u00f3n. Ese proceso judicial es el que toma la pel\u00edcula \u201c<a href=\"https:\/\/www.youtube.com\/watch?v=k8D8RRQERI0\">Argentina 1985<\/a>\u201d, con la interpretaci\u00f3n de Ricardo Dar\u00edn como fiscal y que se ha convertido en una de las pel\u00edculas de m\u00e1s amplia repercusi\u00f3n y \u00e9xito en Am\u00e9rica Latina. Es un filme que cultiva la memoria colectiva para que los hechos ocurridos no vuelvan \u201cNunca m\u00e1s\u201d. Adem\u00e1s, aquel juicio tiene un impacto hist\u00f3rico, pues demostr\u00f3 que la actuaci\u00f3n de la dictadura militar, que pens\u00f3 acabar con el comunismo mediante el exterminio, no tiene justificaci\u00f3n alguna ante la humanidad contempor\u00e1nea. Los nombres de los represores inevitablemente quedan para la historia, sin dignidad ni honor, sino como criminales de la \u201cguerra sucia\u201d que condujeron. En los estudios latinoamericanos sobre aquella oscura \u00e9poca tambi\u00e9n ha quedado en claro que el terrorismo de Estado fue el instrumento para afirmar la v\u00eda neoliberal, que consagr\u00f3 el dominio de elites empresariales, a costa del sufrimiento de la sociedad.<\/span><\/p>\n<figure id=\"attachment_44436\" aria-describedby=\"caption-attachment-44436\" style=\"width: 669px\" class=\"wp-caption aligncenter\"><img loading=\"lazy\" decoding=\"async\" class=\"wp-image-44436\" src=\"https:\/\/www.lapluma.net\/wp-content\/uploads\/2022\/10\/El-dia-de-la-masacre-obrera-300x100.jpg\" alt=\"\" width=\"669\" height=\"223\" srcset=\"https:\/\/www.lapluma.net\/wp-content\/uploads\/2022\/10\/El-dia-de-la-masacre-obrera-300x100.jpg 300w, https:\/\/www.lapluma.net\/wp-content\/uploads\/2022\/10\/El-dia-de-la-masacre-obrera-1024x342.jpg 1024w, https:\/\/www.lapluma.net\/wp-content\/uploads\/2022\/10\/El-dia-de-la-masacre-obrera-768x256.jpg 768w, https:\/\/www.lapluma.net\/wp-content\/uploads\/2022\/10\/El-dia-de-la-masacre-obrera.jpg 1492w\" sizes=\"auto, (max-width: 669px) 100vw, 669px\" \/><figcaption id=\"caption-attachment-44436\" class=\"wp-caption-text\"><strong>Centenario 15 de noviembre 1922- 2022<\/strong><\/figcaption><\/figure>\n<p style=\"text-align: justify;\"><span style=\"font-size: 14pt;\">De otra parte, Ecuador se prepara a conmemorar el centenario de la matanza obrera del 15 de noviembre de 1922, un acontecimiento que ha quedado impune, aunque el responsable directo de ese crimen fue el gobierno de <a href=\"https:\/\/www.ecured.cu\/Jos%C3%A9_Luis_Tamayo\">Jos\u00e9 Luis Tamayo (1920-1924),<\/a> que sostuvo al r\u00e9gimen plutocr\u00e1tico de la \u00e9poca. Pero los actos que se han preparado por distintas colectivos y organizaciones sociales, han adquirido inusitada relevancia. Aqu\u00ed tambi\u00e9n se ha afianzado la sensibilidad hist\u00f3rica para que la memoria de aquel acontecimiento, que marca la presencia de las clases trabajadoras del pa\u00eds, permanezca, con la esperanza de que nunca m\u00e1s vuelvan a ocurrir esas masacres. Adem\u00e1s, el recuerdo de la clase trabajadora, sus luchas y conquistas para beneficio de los ecuatorianos es oportuno, en medio de condiciones graves de desinstitucionalizaci\u00f3n y de hegemon\u00eda de un bloque empresarial neoliberal-olig\u00e1rquico, que sigue buscando las formas de arrasar con los derechos laborales y sociales conseguidos durante d\u00e9cadas y que han servido para superar viejas condiciones de vida miserable en el pa\u00eds.<\/span><\/p>\n<h2>Juan J. Paz y Mi\u00f1o Cepeda<\/h2>\n<h2>Editado por <a href=\"https:\/\/www.lapluma.net\/nosotros\/editora\/\">Mar\u00eda Piedad Ossaba<\/a><\/h2>\n<h2>Fuente: <a href=\"https:\/\/www.historiaypresente.com\/memoria-e-historia-centenario-de-una-masacre\/\"><strong>Historia y Presente \u2013 blog<\/strong><\/a> 31 de octubre de 2022<\/h2>\n<h2>Visita la red del colectivo\u00a0<a href=\"https:\/\/rutakritica.org\">Ruta Kr\u00edtica<\/a>, el nuevo blog de difusi\u00f3n del pensamiento y la comunicaci\u00f3n alternativos<\/h2>\n<div><\/div>\n","protected":false},"excerpt":{"rendered":"<p>Ecuador se prepara a conmemorar el centenario de la matanza obrera del 15 de noviembre de 1922, un acontecimiento que ha quedado impune, aunque el responsable directo de ese crimen fue el gobierno de Jos\u00e9 Luis Tamayo (1920-1924), que sostuvo al r\u00e9gimen plutocr\u00e1tico de la \u00e9poca.<\/p>\n","protected":false},"author":8,"featured_media":44464,"comment_status":"open","ping_status":"open","sticky":false,"template":"","format":"standard","meta":{"_uf_show_specific_survey":0,"_uf_disable_surveys":false,"footnotes":""},"categories":[5,217],"tags":[10515,21062,14404,346,94],"coauthors":[257],"class_list":["post-44428","post","type-post","status-publish","format-standard","has-post-thumbnail","hentry","category-editoriales-y-opiniones","category-abya-yala","tag-america-latina-abya-yala","tag-masacres-represion","tag-memoria-historica-2","tag-movimientos-sociales","tag-siglo-xx"],"translation":{"provider":"WPGlobus","version":"2.12.2","language":"fr","enabled_languages":["es","fr"],"languages":{"es":{"title":true,"content":true,"excerpt":true},"fr":{"title":false,"content":false,"excerpt":false}}},"_links":{"self":[{"href":"https:\/\/www.lapluma.net\/fr\/wp-json\/wp\/v2\/posts\/44428","targetHints":{"allow":["GET"]}}],"collection":[{"href":"https:\/\/www.lapluma.net\/fr\/wp-json\/wp\/v2\/posts"}],"about":[{"href":"https:\/\/www.lapluma.net\/fr\/wp-json\/wp\/v2\/types\/post"}],"author":[{"embeddable":true,"href":"https:\/\/www.lapluma.net\/fr\/wp-json\/wp\/v2\/users\/8"}],"replies":[{"embeddable":true,"href":"https:\/\/www.lapluma.net\/fr\/wp-json\/wp\/v2\/comments?post=44428"}],"version-history":[{"count":15,"href":"https:\/\/www.lapluma.net\/fr\/wp-json\/wp\/v2\/posts\/44428\/revisions"}],"predecessor-version":[{"id":44614,"href":"https:\/\/www.lapluma.net\/fr\/wp-json\/wp\/v2\/posts\/44428\/revisions\/44614"}],"wp:featuredmedia":[{"embeddable":true,"href":"https:\/\/www.lapluma.net\/fr\/wp-json\/wp\/v2\/media\/44464"}],"wp:attachment":[{"href":"https:\/\/www.lapluma.net\/fr\/wp-json\/wp\/v2\/media?parent=44428"}],"wp:term":[{"taxonomy":"category","embeddable":true,"href":"https:\/\/www.lapluma.net\/fr\/wp-json\/wp\/v2\/categories?post=44428"},{"taxonomy":"post_tag","embeddable":true,"href":"https:\/\/www.lapluma.net\/fr\/wp-json\/wp\/v2\/tags?post=44428"},{"taxonomy":"author","embeddable":true,"href":"https:\/\/www.lapluma.net\/fr\/wp-json\/wp\/v2\/coauthors?post=44428"}],"curies":[{"name":"wp","href":"https:\/\/api.w.org\/{rel}","templated":true}]}}