{"id":44312,"date":"2022-10-25T18:17:57","date_gmt":"2022-10-25T18:17:57","guid":{"rendered":"https:\/\/www.lapluma.net\/?p=44312"},"modified":"2022-10-26T12:39:17","modified_gmt":"2022-10-26T12:39:17","slug":"colombia-medios-alternativos-y-el-nuevo-gobierno","status":"publish","type":"post","link":"https:\/\/www.lapluma.net\/fr\/2022\/10\/25\/colombia-medios-alternativos-y-el-nuevo-gobierno\/","title":{"rendered":"Colombia: Medios alternativos y el nuevo Gobierno"},"content":{"rendered":"<p style=\"text-align: justify;\"><span style=\"font-size: 14pt;\">Informar siempre tendr\u00e1 un inter\u00e9s. El periodista que lo hace, que informa, cree de antemano que brinda un servicio a la sociedad. Se informa con el inter\u00e9s de beneficiar a quien recibe la informaci\u00f3n; se informa con la intenci\u00f3n de brindar algo a alguien que lo necesita. Sin embargo, son los periodistas y los medios de comunicaci\u00f3n quienes deciden qu\u00e9 informaci\u00f3n necesita la sociedad. Recibimos informaci\u00f3n sin decidir los temas que requerimos, o de los cuales deseamos ser informados.<\/span><\/p>\n<p><img loading=\"lazy\" decoding=\"async\" class=\" wp-image-44321 aligncenter\" src=\"https:\/\/www.lapluma.net\/wp-content\/uploads\/2022\/10\/banner-macondo-1-300x78.webp\" alt=\"\" width=\"588\" height=\"153\" srcset=\"https:\/\/www.lapluma.net\/wp-content\/uploads\/2022\/10\/banner-macondo-1-300x78.webp 300w, https:\/\/www.lapluma.net\/wp-content\/uploads\/2022\/10\/banner-macondo-1-768x200.webp 768w, https:\/\/www.lapluma.net\/wp-content\/uploads\/2022\/10\/banner-macondo-1.webp 772w\" sizes=\"auto, (max-width: 588px) 100vw, 588px\" \/><\/p>\n<p style=\"text-align: justify;\"><span style=\"font-size: 14pt;\">Recordemos que el inter\u00e9s de \u201cinformar\u201d no siempre responde a la b\u00fasqueda de un beneficio colectivo, no siempre tiene como objetivo beneficiar a la sociedad. Esto lo vemos cuando sectores de la econom\u00eda y la pol\u00edtica, que representan una clase en el poder, se apoderan de los medios de comunicaci\u00f3n, los compran, crean o financian.<\/span><\/p>\n<p style=\"text-align: justify;\"><span style=\"font-size: 14pt;\">De lo anterior se deriva que hoy tengamos medios convertidos en corporaciones medi\u00e1ticas con una misi\u00f3n definida: perpetuar un modelo econ\u00f3mico junto a una clase pol\u00edtica que beneficie sus intereses particulares. Son medios que no buscan el beneficio colectivo de la sociedad, sino imponer sus necesidades a toda costa; y para ello mienten, tergiversan, ocultan y manipulan la informaci\u00f3n.<\/span><\/p>\n<h2><span style=\"font-size: 18pt;\"><b><strong>Los medios alternativos<\/strong><\/b><\/span><\/h2>\n<p style=\"text-align: justify;\"><span style=\"font-size: 14pt;\">Al calor de estas realidades surgieron los medios alternativos de comunicaci\u00f3n. Su nacimiento se da bajo el cruce de dos necesidades: lo primero, cambiar el sistema pol\u00edtico; y segundo, dar voz a las comunidades, as\u00ed como visibilizar y posicionar la agenda de los procesos sociales y la oposici\u00f3n pol\u00edtica.<\/span><\/p>\n<p style=\"text-align: justify;\"><span style=\"font-size: 14pt;\">El nacimiento de los medios alternativos se da con un fin pol\u00edtico. No nacen solo para dar forma a una herramienta comunicacional o period\u00edstica independiente a la l\u00ednea editorial de las corporaciones medi\u00e1ticas. Surgieron en oposici\u00f3n a un sistema, al <em>statu quo<\/em>; y este ejercicio pol\u00edtico, la forma de hacerlo, se da a trav\u00e9s de las herramientas de la comunicaci\u00f3n y el periodismo. Destacarlo es importante porque permite marcar diferencias entre un medio independiente y uno alternativo.<\/span><\/p>\n<p style=\"text-align: justify;\"><span style=\"font-size: 14pt;\">\u00bfC\u00f3mo diferenciarles? Imaginemos, por ejemplo, el cubrimiento de un paro o una movilizaci\u00f3n social. Si hablamos del medio independiente, \u00e9ste lo har\u00e1 informando con una mirada distinta a la que impone la agenda neoliberal de los medios tradicionales, informar\u00e1 con independencia; en el caso del medio alternativo, no solo ser\u00e1 informaci\u00f3n lo que produzca, adem\u00e1s desarrollar\u00e1 un ejercicio period\u00edstico y de propaganda enfocado a posicionar la agenda de la movilizaci\u00f3n social.<\/span><\/p>\n<p style=\"text-align: justify;\"><span style=\"font-size: 14pt;\">Los medios alternativos no son neutrales. Y cuando se les exige que lo sean, esto responde a una estrategia de chantaje que busca descalificar y estigmatizar su labor en favor de la sociedad y las luchas populares.<\/span><\/p>\n<p style=\"text-align: justify;\"><span style=\"font-size: 14pt;\">Los medios alternativos aparecieron como respuesta a una guerra desigual donde las corporaciones medi\u00e1ticas luchan por mantener el monopolio informativo, sus necesidades particulares, sobre una audiencia igualmente monopolizada. Los medios alternativos surgieron como respuesta a esa guerra medi\u00e1tica para tratar de equilibrar la balanza rompiendo ese monopolio, pero tambi\u00e9n con el objetivo de romper el sistema pol\u00edtico que lo produce.<\/span><\/p>\n<p style=\"text-align: justify;\"><span style=\"font-size: 14pt;\">La informaci\u00f3n generada por los medios alternativos no es neutral. No tiene porqu\u00e9 serlo. Su agenda privilegia la voz de las comunidades, los procesos sociales y la oposici\u00f3n pol\u00edtica al sistema neoliberal. Si llegase a privilegiar otras voces, aquellas que se han sostenido en el poder derramando la sangre del pueblo, no solo ser\u00eda una insensatez dentro de un contexto de guerra medi\u00e1tica, adem\u00e1s ser\u00eda ceder a un chantaje de falsa \u201cpulcritud\u201d period\u00edstica y supuesta informaci\u00f3n \u201cdesinteresa\u201d.<\/span><\/p>\n<p style=\"text-align: justify;\"><span style=\"font-size: 14pt;\">Los medios alternativos tienen como misi\u00f3n equilibrar la informaci\u00f3n, lo cual implica no ceder espacios a los victimarios que cuentan con todos los medios a su favor para imponer un sistema pol\u00edtico de iniquidad. Buscar que haya equilibrio informativo, o luchar para que ocurra, debe entenderse como la priorizaci\u00f3n de espacios para dar resonancia a las voces de las v\u00edctimas, para devolver el protagonismo al pueblo que hist\u00f3ricamente ha sido condenado por una clase pol\u00edtica que le desangra y condena a la miseria.<\/span><\/p>\n<p style=\"text-align: justify;\"><span style=\"font-size: 14pt;\">En este sentido el tema de la \u201cneutralidad\u201d aparece como un falso problema cuando se informa para el bien com\u00fan de la sociedad, para beneficio del pueblo que requiere respuestas efectivas en medio de la guerra medi\u00e1tica que le han declarado. No importa que los medios alternativos tengan un enfoque con un fin pol\u00edtico determinado, pues lo que importa es que la informaci\u00f3n que produzcan sea veraz y rigurosa, y pueda ser verificada en cualquier momento.<\/span><\/p>\n<h2><span style=\"font-size: 18pt;\">Medios alternativos y el nuevo Gobierno<\/span><\/h2>\n<p style=\"text-align: justify;\"><span style=\"font-size: 14pt;\">Una de las particularidades de los medios alternativos es leer y analizar el contexto pol\u00edtico dentro del cual producen informaci\u00f3n. De esa lectura, dentro de su agenda informativa, se brind\u00f3 apoyo a la campa\u00f1a del gobierno de transici\u00f3n que representa Gustavo Petro. Sin embargo, ello no implica que los medios alternativos sean los medios del Gobierno, as\u00ed \u00e9stos compartan informaci\u00f3n oficial, lo defiendan cuando sea necesario o, incluso, lleguen a contratar con \u00e9ste alg\u00fan tipo de pauta para subsistir.<\/span><\/p>\n<p><img loading=\"lazy\" decoding=\"async\" class=\" wp-image-44347 aligncenter\" src=\"https:\/\/www.lapluma.net\/wp-content\/uploads\/2022\/10\/Medio-alternativos-y-el-nuevo-gobierno-300x157.jpg\" alt=\"\" width=\"533\" height=\"279\" srcset=\"https:\/\/www.lapluma.net\/wp-content\/uploads\/2022\/10\/Medio-alternativos-y-el-nuevo-gobierno-300x157.jpg 300w, https:\/\/www.lapluma.net\/wp-content\/uploads\/2022\/10\/Medio-alternativos-y-el-nuevo-gobierno-1024x536.jpg 1024w, https:\/\/www.lapluma.net\/wp-content\/uploads\/2022\/10\/Medio-alternativos-y-el-nuevo-gobierno-768x402.jpg 768w, https:\/\/www.lapluma.net\/wp-content\/uploads\/2022\/10\/Medio-alternativos-y-el-nuevo-gobierno.jpg 1200w\" sizes=\"auto, (max-width: 533px) 100vw, 533px\" \/><\/p>\n<p style=\"text-align: justify;\"><span style=\"font-size: 14pt;\">Dentro de la agenda de los medios alternativos est\u00e1 el defender una transici\u00f3n pol\u00edtica, un espacio para fortalecimiento de los procesos sociales, para defensa y afirmaci\u00f3n de la vida, es decir, la defensa de un espacio mucho m\u00e1s propicio que el ofrecido por la barbarie, persecuci\u00f3n y muerte que impon\u00eda la ultraderecha desde el Gobierno.<\/span><\/p>\n<p style=\"text-align: justify;\"><span style=\"font-size: 14pt;\">La transici\u00f3n pol\u00edtica que vivimos no es perfecta, pero en este contexto es lo m\u00e1s adecuado en cuanto a las posibilidades que ofrece para construir un sistema pol\u00edtico que no requiera de pactos y acuerdos con sectores de la pol\u00edtica que solo est\u00e1n reacomod\u00e1ndose, los cuales representan una burocracia infiltrada que llegado el momento de confrontaci\u00f3n pol\u00edtica, cuando la derecha y ultraderecha est\u00e9n m\u00e1s fortalecidas, nuevamente correr\u00e1n al lado infame de la historia, del cual nunca se han apartado.<\/span><\/p>\n<p style=\"text-align: justify;\"><span style=\"font-size: 14pt;\">Los medios alternativos no pueden abandonar la cr\u00edtica y la reflexi\u00f3n frente al nuevo Gobierno. El manipulador discurso que invoca el chantaje de no hacerlo porque se estar\u00eda apoyando el \u201ctrabajo sucio\u201d de la derecha, o siendo \u201cidiotas \u00fatiles\u201d para provocar la desestabilizaci\u00f3n del pa\u00eds, no debe llevarnos a incurrir en el error de no encender alarmas tempranas con debates que son necesarios.<\/span><\/p>\n<p style=\"text-align: justify;\"><span style=\"font-size: 14pt;\">La imagen del Gobierno no se desgastar\u00e1 porque los medios alternativos planteen discusiones ineludibles, pertinentes, si lo que se quiere es no abandonar el camino de la transici\u00f3n pol\u00edtica. El desgaste ocurrir\u00e1 por las decisiones que \u00e9ste tome en medio de sus \u201cimperfecciones\u201d y entrega de poder burocr\u00e1tico a sectores que conspiran desde adentro, con sigilo, esperando el momento para truncar la posible transici\u00f3n hacia un nuevo sistema pol\u00edtico.<\/span><\/p>\n<p style=\"text-align: justify;\"><span style=\"font-size: 14pt;\">Otro factor que provocar\u00e1 el desgaste, si no se corrige a tiempo, es la ausencia de canales comunicantes efectivos entre la bancada de Gobierno, el gabinete ministerial y el presidente <a href=\"https:\/\/www.ecured.cu\/Gustavo_Petro\">Gustavo Petro<\/a>. No parece existir una l\u00ednea clara sobre ciertas discusiones que deber\u00edan ser de dominio com\u00fan.<\/span><\/p>\n<p style=\"text-align: justify;\"><span style=\"font-size: 14pt;\">Cambios de \u00faltimo momento en reformas, proyectos de ley y posturas sobre determinados temas toman por sorpresa a unos y a otros, que terminan enter\u00e1ndose por afirmaciones y testimonios que funcionarios emiten por los medios de comunicaci\u00f3n, lo cual deja indefensa a la bancada de Gobierno frente a los ataques medi\u00e1ticos que aprovechan la confusi\u00f3n. En la toma de decisiones y la forma de abordar las discusiones, al parecer, existe unilateralidad en un c\u00edrculo cerrado de personas que se encarga de los asuntos de Gobierno.<\/span><\/p>\n<p style=\"text-align: justify;\"><span style=\"font-size: 14pt;\">El desgaste llegar\u00e1, no sabemos cu\u00e1ntos a\u00f1os demore en hacerlo. Todo depender\u00e1 de c\u00f3mo el Gobierno se replantee y tome apunte de las cr\u00edticas y reflexiones que desde diferentes voces se advierten.<\/span><\/p>\n<p style=\"text-align: justify;\"><span style=\"font-size: 14pt;\">Preparar a la comunidad, a los movimientos sociales y sectores de izquierda, dem\u00f3cratas y progresistas para cuando el desgaste de la imagen del Gobierno llegue a sus m\u00e1ximos niveles, sin que esto nos tome por sorpresa, es hoy una de las tareas fundamentales que los medios alternativos est\u00e1n llamados a realizar, del mismo modo que posicionar dentro de sus agendas informativas las reformas, cambios y sentido humanista dado a la pol\u00edtica desde el nuevo Gobierno.<\/span><\/p>\n<p style=\"text-align: justify;\"><span style=\"font-size: 14pt;\">Los medios alternativos deben asumir con responsabilidad que una bella posibilidad de transici\u00f3n no devenga en estancamiento; deben diferenciar entre informar ciegamente para fortalecer el culto a la personalidad de un mandatario, (un caudillismo que rompe vasos comunicantes en la formulaci\u00f3n de consensos pol\u00edticos necesarios con los sectores y personas que hist\u00f3ricamente se han jugado la vida por el cambio), y la necesidad de promocionar espacios de construcci\u00f3n colectiva para un proyecto pol\u00edtico que finalmente derrote a la ultraderecha, y que de igual manera desintegre todas las formas de infiltraci\u00f3n de una derecha que, lentamente, se fortalece acechando desde la burocracia.<\/span><\/p>\n<p style=\"text-align: justify;\"><span style=\"font-size: 14pt;\">En la historia de los medios alternativos, tanto en los que han desaparecido y los que persisten, la dificultad y el idealismo conjugaron su nacimiento fortaleciendo su dignidad. Su magia ha consistido en crear formas de resistencia, inventar formas de creaci\u00f3n, en medio de la escasez de presupuesto y recursos t\u00e9cnicos.<\/span><\/p>\n<p style=\"text-align: justify;\"><span style=\"font-size: 14pt;\">La guerra desigual que han enfrentado les dot\u00f3 de experiencia y obstinaci\u00f3n para enfrentar la adversidad. Los medios alternativos, en momentos de cambio y transici\u00f3n pol\u00edtica, aparecen como una bella terquedad siempre fiel al momento hist\u00f3rico, a la cr\u00edtica y autocr\u00edtica que nos salva del estancamiento y los aplausos hechos para tapar heridas que sanan en falso.<\/span><\/p>\n<p style=\"text-align: justify;\"><span style=\"font-size: 14pt;\">Los medios alternativos tambi\u00e9n tienen memoria y una herencia de luchas, de voces y miradas distintas que llegan para pintar con tonos y matices diversos la dignidad del cambio.<\/span><\/p>\n<h2><span style=\"font-size: 18pt;\">Alexander Escobar para La Pluma, 25 de octubre de 2022<\/span><\/h2>\n<h2><span style=\"font-size: 18pt;\">Publicado por <a href=\"https:\/\/www.laremap.com\/2022\/10\/medios-alternativos-y-el-nuevo-gobierno.html\">REMAP<\/a> \/ <a href=\"https:\/\/www.radiomacondo.fm\/columna\/colombia-medios-alternativos-y-el-nuevo-gobierno\/\">Radio Macondo<\/a> el 24 oct 2022 <\/span><\/h2>\n<h2><span style=\"font-size: 18pt;\">Editado por <a href=\"https:\/\/www.lapluma.net\/nosotros\/editora\/\">Mar\u00eda Piedad Ossaba<\/a><br \/>\n<\/span><\/h2>\n<h2><span style=\"font-size: 18pt;\"><b><strong>Leer:<\/strong><\/b>\u00a0<a href=\"https:\/\/www.laremap.com\/2018\/09\/sin-definir-la-comunicacion-popular.html\">Sin definir la comunicaci\u00f3n popular<\/a><\/span><\/h2>\n","protected":false},"excerpt":{"rendered":"<p> \u00ab\u00a0Los medios alternativos no son neutrales. Y cuando se les exige que lo sean, esto responde a una estrategia de chantaje que busca descalificar y estigmatizar su labor en favor de la sociedad y las luchas populares\u00a0\u00bb.<\/p>\n","protected":false},"author":19,"featured_media":44348,"comment_status":"open","ping_status":"open","sticky":false,"template":"","format":"standard","meta":{"_uf_show_specific_survey":0,"_uf_disable_surveys":false,"footnotes":""},"categories":[216,5],"tags":[21024,21025,3276,21043,19079,21044,21030,21042,21028,14271,21029,21027],"coauthors":[244],"class_list":["post-44312","post","type-post","status-publish","format-standard","has-post-thumbnail","hentry","category-colombia","category-editoriales-y-opiniones","tag-alexander-ecobar","tag-cambio-sistema-politico","tag-colombia-humana","tag-dar-voz-visibilizar-y-posicionar","tag-gustavo-petro-y-francia-marquez","tag-medio-de-contrainformacion","tag-medios-alternativos-corporaciones-mediaticas","tag-medios-alternativos-de-comunicacion","tag-oposicion-al-sistema-statu-quo","tag-pacto-historico","tag-visibilizacion-luchas-populares","tag-visibilizacion-procesos-sociales"],"translation":{"provider":"WPGlobus","version":"2.12.2","language":"fr","enabled_languages":["es","fr"],"languages":{"es":{"title":true,"content":true,"excerpt":true},"fr":{"title":false,"content":false,"excerpt":false}}},"_links":{"self":[{"href":"https:\/\/www.lapluma.net\/fr\/wp-json\/wp\/v2\/posts\/44312","targetHints":{"allow":["GET"]}}],"collection":[{"href":"https:\/\/www.lapluma.net\/fr\/wp-json\/wp\/v2\/posts"}],"about":[{"href":"https:\/\/www.lapluma.net\/fr\/wp-json\/wp\/v2\/types\/post"}],"author":[{"embeddable":true,"href":"https:\/\/www.lapluma.net\/fr\/wp-json\/wp\/v2\/users\/19"}],"replies":[{"embeddable":true,"href":"https:\/\/www.lapluma.net\/fr\/wp-json\/wp\/v2\/comments?post=44312"}],"version-history":[{"count":8,"href":"https:\/\/www.lapluma.net\/fr\/wp-json\/wp\/v2\/posts\/44312\/revisions"}],"predecessor-version":[{"id":44316,"href":"https:\/\/www.lapluma.net\/fr\/wp-json\/wp\/v2\/posts\/44312\/revisions\/44316"}],"wp:featuredmedia":[{"embeddable":true,"href":"https:\/\/www.lapluma.net\/fr\/wp-json\/wp\/v2\/media\/44348"}],"wp:attachment":[{"href":"https:\/\/www.lapluma.net\/fr\/wp-json\/wp\/v2\/media?parent=44312"}],"wp:term":[{"taxonomy":"category","embeddable":true,"href":"https:\/\/www.lapluma.net\/fr\/wp-json\/wp\/v2\/categories?post=44312"},{"taxonomy":"post_tag","embeddable":true,"href":"https:\/\/www.lapluma.net\/fr\/wp-json\/wp\/v2\/tags?post=44312"},{"taxonomy":"author","embeddable":true,"href":"https:\/\/www.lapluma.net\/fr\/wp-json\/wp\/v2\/coauthors?post=44312"}],"curies":[{"name":"wp","href":"https:\/\/api.w.org\/{rel}","templated":true}]}}