{"id":43646,"date":"2022-10-08T13:51:46","date_gmt":"2022-10-08T13:51:46","guid":{"rendered":"https:\/\/www.lapluma.net\/?p=43646"},"modified":"2022-10-08T14:29:53","modified_gmt":"2022-10-08T14:29:53","slug":"argentina-la-barbarie-progresista-en-guerra-contra-el-pueblo-mapuche","status":"publish","type":"post","link":"https:\/\/www.lapluma.net\/fr\/2022\/10\/08\/argentina-la-barbarie-progresista-en-guerra-contra-el-pueblo-mapuche\/","title":{"rendered":"Argentina: La barbarie \u201cprogresista\u201d en guerra contra el Pueblo Mapuche"},"content":{"rendered":"<p class=\"headline\" style=\"text-align: justify;\"><span style=\"font-size: 14pt;\">La palabra clave de lo que est\u00e1 ocurriendo con las presas mapuche se llama \u00absecuestro\u00bb, y esa barbaridad la comete un gobierno que todav\u00eda en gran parte del mundo sospechan que es \u00abprogresista\u00bb. Mujeres del pueblo tratadas como animales, arreadas por los uniformados que enviaran la trilog\u00eda de los Fern\u00e1ndez, Alberto, Cristina y An\u00edbal, este \u00faltimo ministro de Seguridad y ex c\u00f3mplice del asesinato en 2002, de los piqueteros <a href=\"https:\/\/www.youtube.com\/watch?v=g0AQKdsWJ9Y\">Maxi Kosteki y Dar\u00edo Santill\u00e1n<\/a>.<\/span><\/p>\n<div id=\"content-area\">\n<figure id=\"attachment_43647\" aria-describedby=\"caption-attachment-43647\" style=\"width: 492px\" class=\"wp-caption aligncenter\"><img loading=\"lazy\" decoding=\"async\" class=\"wp-image-43647\" src=\"https:\/\/www.lapluma.net\/wp-content\/uploads\/2022\/10\/cristina-anibal-y-alberto-Fernandez-300x147.jpg\" alt=\"\" width=\"492\" height=\"241\" srcset=\"https:\/\/www.lapluma.net\/wp-content\/uploads\/2022\/10\/cristina-anibal-y-alberto-Fernandez-300x147.jpg 300w, https:\/\/www.lapluma.net\/wp-content\/uploads\/2022\/10\/cristina-anibal-y-alberto-Fernandez-1024x503.jpg 1024w, https:\/\/www.lapluma.net\/wp-content\/uploads\/2022\/10\/cristina-anibal-y-alberto-Fernandez-768x377.jpg 768w, https:\/\/www.lapluma.net\/wp-content\/uploads\/2022\/10\/cristina-anibal-y-alberto-Fernandez.jpg 1256w\" sizes=\"auto, (max-width: 492px) 100vw, 492px\" \/><figcaption id=\"caption-attachment-43647\" class=\"wp-caption-text\">Cristina, An\u00edbal y Alberto en sus tiempos en el poder.<\/figcaption><\/figure>\n<p style=\"text-align: justify;\"><span style=\"font-size: 14pt;\">Mujeres defensoras de la tierra y la Naturaleza, con sus infancias en brazos y una de ellas a punto de parir, igualmente vapuleadas por los Federales de Fern\u00e1ndez. Mujeres indomables, con sus rostros delatando siglos de despojo, explotaci\u00f3n, represi\u00f3n y otras linduras del Estado patriarcal y racista que se padece, sobre todo si eres ind\u00edgena, afro, migrante o habitante empobrecido de los barrios de la periferia.<\/span><\/p>\n<p style=\"text-align: justify;\"><span style=\"font-size: 14pt;\">A ellas, una jueza y un gobierno que nada tiene que envidiarle al de Mauricio Macri y Patricia Bullrich, orden\u00f3 <a href=\"https:\/\/www.resumenlatinoamericano.org\/2022\/10\/06\/nacion-mapuche-trasladan-al-penal-de-ezeiza-a-las-comuneras-mapuche-detenidas-en-el-sur-el-gobierno-de-los-fernandez-sigue-reprimiendo-a-los-pueblos-originarios\/\">trasladarlas ilegalmente a la Capital<\/a>, sin avisar a abogados y familiares, como sol\u00edan hacer los militares y secuestradores de la dictadura del 76. No exagero un \u00e1pice con esta definici\u00f3n ya que los que vivimos y sufrimos esos tiempos funestos sabemos de qu\u00e9 hablamos. Y m\u00e1s que lo deber\u00edan saber los Wado de Pedro, Cabandi\u00e9 y dem\u00e1s hijos de revolucionarios, que ahora, convertidos en ministros, son abiertamente c\u00f3mplices de estas barbaridades \u00abdemocr\u00e1ticas\u00bb.<\/span><\/p>\n<p><iframe loading=\"lazy\" title=\"Exigen con las Madres libertad para las presas mapuche de Mascardi\" width=\"660\" height=\"371\" src=\"https:\/\/www.youtube.com\/embed\/Ywd5ypECTVw?start=114&#038;feature=oembed\" frameborder=\"0\" allow=\"accelerometer; autoplay; clipboard-write; encrypted-media; gyroscope; picture-in-picture; web-share\" referrerpolicy=\"strict-origin-when-cross-origin\" allowfullscreen><\/iframe><\/p>\n<p style=\"text-align: justify;\"><span style=\"font-size: 14pt;\">Est\u00e1n muy equivocados si creen que estas acciones crueles no les van a pasar factura, de hecho ya deben estar leyendo como los maldicen en las redes quienes los votaron. Est\u00e1n m\u00e1s que errados en sus an\u00e1lisis de transar con la derecha macrista, con los <a href=\"https:\/\/radiografica.org.ar\/2021\/11\/01\/orlando-carriqueo-reconocer-una-historia-de-despojo-facilita-la-discusion-territorial-para-toda-la-sociedad\/\">terratenientes <\/a>de 100, 200 o 900 mil hect\u00e1reas como <a href=\"https:\/\/www.perfil.com\/noticias\/actualidad\/el-dueno-de-lago-escondido-quien-es-joe-lewis-una-de-las-500-personas-mas-ricas-del-mundo.phtml\">Lewis<\/a>, <a href=\"https:\/\/latinta.com.ar\/2017\/08\/imperio-benetton-dueno-patagonia\/\">Benetton <\/a>y la <a href=\"https:\/\/laciudadrevista.com\/la-usurpacion-en-su-maxima-expresion\/\">princesa M\u00e1xima Zorreguieta<\/a>, par\u00e1sitos y par\u00e1sitas que destruyen todo aquello donde pisan. De esta manera, ellos, los del Palacio, que especulan con el 2023, est\u00e1n cavando su propia fosa. Pero a pesar de intuirlo en sus conversaciones privadas, huyen por derecha y reprimen al pueblo pobre. Para eso tienen a An\u00edbal Fern\u00e1ndez y Sergio Berni, quien en la noche del jueves, sum\u00f3 en La Plata un nuevo muerto en su mochila de ministro represor, gracias a la \u00abmaldita polic\u00eda\u00bb que dirige. En los 70, multitudes le ped\u00edan a Per\u00f3n, la cabeza de otros dos represores llamados Villar y Margaride. Ahora parece m\u00e1s dificil la rima pero la situaci\u00f3n es parecida.<\/span><\/p>\n<p style=\"text-align: justify;\"><span style=\"font-size: 14pt;\">Esta es la Argentina real, la de los acuerdos con el FMI, la del 100% de inflaci\u00f3n, la de mucho m\u00e1s de la mitad de la poblaci\u00f3n hundida en la pobreza, la de un grupo de presas pol\u00edticas Mapuche resistiendo en el penal bonaerense de Ezeiza y otro grupo igual en Bariloche. La otra joven mapuche esperando que su beb\u00e9 asome la cabeza, a pesar de que est\u00e1 custodiada por quienes asaltaron su vivienda y la de sus hermanas.<\/span><\/p>\n<p style=\"text-align: center;\"><iframe loading=\"lazy\" src=\"https:\/\/www.facebook.com\/plugins\/video.php?href=https%3A%2F%2Fwww.facebook.com%2Fresumenlatinoamericanocontrainformacion%2Fvideos%2F889386995781325%2F&#038;show_text=0&#038;width=560\" width=\"560\" height=\"420\" frameborder=\"0\" scrolling=\"no\" allowfullscreen=\"allowfullscreen\"><\/iframe><\/p>\n<p style=\"text-align: justify;\"><span style=\"font-size: 14pt;\">Esto es lo que hay, dicen los posibilistas, pero que no se equivoquen ellos ni los verdugos: los pueblos originarios resisten y vencer\u00e1n, no en vano le pusieron el pecho a la voracidad de los conquistadores, a sus disc\u00edpulos saqueadores, al genocidio del general Roca y a todas las lacras posteriores. Son hijas e hijos de la Pacha Mama, son la rebeld\u00eda que nos hace falta a los dem\u00e1s para seguir luchando. Para liberarnos de esta colonia, junto con los pueblos mapuche, qom, wichi, guaran\u00edes, kechuas, y dem\u00e1s etnias, y construir sociedades igualitarias libres de explotadores y terratenientes.<\/span><\/p>\n<h2><span style=\"font-size: 18pt;\">Carlos Azn\u00e1rez desde Buenos Aires, Argentina para La Pluma<\/span><\/h2>\n<h2><span style=\"font-size: 18pt;\">Editado por <a href=\"https:\/\/www.lapluma.net\/nosotros\/editora\/\">Mar\u00eda Piedad Ossaba<\/a><\/span><\/h2>\n<h2><span style=\"font-size: 18pt;\">Publicado por <a href=\"https:\/\/www.resumenlatinoamericano.org\/2022\/10\/07\/argentina-la-barbarie-progresista-en-guerra-contra-los-mapuche\/\">Resumen Latinoamericano<\/a>, 7 de octubre de 2022.\u200b<\/span><\/h2>\n<\/div>\n<p style=\"text-align: center;\"><div style=\"width: 640px;\" class=\"wp-video\"><video class=\"wp-video-shortcode\" id=\"video-43646-1\" width=\"640\" height=\"480\" preload=\"metadata\" controls=\"controls\"><source type=\"video\/mp4\" src=\"https:\/\/www.lapluma.net\/wp-content\/uploads\/2022\/10\/Wallmapu.mp4?_=1\" \/><a href=\"https:\/\/www.lapluma.net\/wp-content\/uploads\/2022\/10\/Wallmapu.mp4\">https:\/\/www.lapluma.net\/wp-content\/uploads\/2022\/10\/Wallmapu.mp4<\/a><\/video><\/div>\n","protected":false},"excerpt":{"rendered":"<p>on hijas e hijos de la Pacha Mama, son la rebeld\u00eda que nos hace falta a los dem\u00e1s para seguir luchando. Para liberarnos de esta colonia, junto con los pueblos mapuche, qom, wichi, guaran\u00edes, kechuas, y dem\u00e1s etnias, y construir sociedades igualitarias libres de explotadores y terratenientes.<\/p>\n","protected":false},"author":3,"featured_media":43649,"comment_status":"open","ping_status":"open","sticky":false,"template":"","format":"standard","meta":{"_uf_show_specific_survey":0,"_uf_disable_surveys":false,"footnotes":""},"categories":[16,5,218],"tags":[16230,20830,20828,20829,20832,20827,14871,20831,20826],"coauthors":[212],"class_list":["post-43646","post","type-post","status-publish","format-standard","has-post-thumbnail","hentry","category-deplacement-force","category-editoriales-y-opiniones","category-monde","tag-argentina-america-latina-abya-yala-2","tag-estado-patriarcal-siglos-de-despojo-represion","tag-mujeres-defensoras-de-la-tierra-y-la-naturaleza","tag-mujeres-indomables","tag-neuquen","tag-presas-mapuche","tag-pueblos-originarios","tag-terratenientes-lewis-benetton-princesa-maxima-zorreguieta","tag-trilogia-de-los-fernandez-alberto-cristina-y-anibal"],"translation":{"provider":"WPGlobus","version":"2.12.2","language":"fr","enabled_languages":["es","fr"],"languages":{"es":{"title":true,"content":true,"excerpt":true},"fr":{"title":false,"content":false,"excerpt":false}}},"_links":{"self":[{"href":"https:\/\/www.lapluma.net\/fr\/wp-json\/wp\/v2\/posts\/43646","targetHints":{"allow":["GET"]}}],"collection":[{"href":"https:\/\/www.lapluma.net\/fr\/wp-json\/wp\/v2\/posts"}],"about":[{"href":"https:\/\/www.lapluma.net\/fr\/wp-json\/wp\/v2\/types\/post"}],"author":[{"embeddable":true,"href":"https:\/\/www.lapluma.net\/fr\/wp-json\/wp\/v2\/users\/3"}],"replies":[{"embeddable":true,"href":"https:\/\/www.lapluma.net\/fr\/wp-json\/wp\/v2\/comments?post=43646"}],"version-history":[{"count":7,"href":"https:\/\/www.lapluma.net\/fr\/wp-json\/wp\/v2\/posts\/43646\/revisions"}],"predecessor-version":[{"id":43658,"href":"https:\/\/www.lapluma.net\/fr\/wp-json\/wp\/v2\/posts\/43646\/revisions\/43658"}],"wp:featuredmedia":[{"embeddable":true,"href":"https:\/\/www.lapluma.net\/fr\/wp-json\/wp\/v2\/media\/43649"}],"wp:attachment":[{"href":"https:\/\/www.lapluma.net\/fr\/wp-json\/wp\/v2\/media?parent=43646"}],"wp:term":[{"taxonomy":"category","embeddable":true,"href":"https:\/\/www.lapluma.net\/fr\/wp-json\/wp\/v2\/categories?post=43646"},{"taxonomy":"post_tag","embeddable":true,"href":"https:\/\/www.lapluma.net\/fr\/wp-json\/wp\/v2\/tags?post=43646"},{"taxonomy":"author","embeddable":true,"href":"https:\/\/www.lapluma.net\/fr\/wp-json\/wp\/v2\/coauthors?post=43646"}],"curies":[{"name":"wp","href":"https:\/\/api.w.org\/{rel}","templated":true}]}}