{"id":43296,"date":"2022-09-28T19:10:26","date_gmt":"2022-09-28T19:10:26","guid":{"rendered":"https:\/\/www.lapluma.net\/?p=43296"},"modified":"2022-09-28T19:52:58","modified_gmt":"2022-09-28T19:52:58","slug":"voy-a-morir-por-un-error-medico-testimonio","status":"publish","type":"post","link":"https:\/\/www.lapluma.net\/fr\/2022\/09\/28\/voy-a-morir-por-un-error-medico-testimonio\/","title":{"rendered":"Je vais mourir \u00e0 cause d&rsquo;une erreur m\u00e9dicale |Temoignage"},"content":{"rendered":"<p style=\"text-align: justify;\"><span class=\"style-scope yt-formatted-string\" dir=\"auto\" style=\"font-size: 14pt;\">Alexandra, 39 ans, est atteinte d&rsquo;un cancer foudroyant malheureusement d\u00e9cel\u00e9 trop tard d\u00fb une erreur de diagnostic. Entre laboratoires priv\u00e9s douteux, listes d&rsquo;attentes interminables, \u00e9vidences non prises au s\u00e9rieux, aujourd&rsquo;hui ses jours sont compt\u00e9s. Un message fort sur l\u2019\u00e9tat des Institutions de Sant\u00e9 aujourd&rsquo;hui en France. Il faut agir, et vite.<\/span>\u200b<\/p>\n<p><iframe loading=\"lazy\" title=\"Je vais mourir \u00e0 cause d&#039;une erreur m\u00e9dicale\" width=\"660\" height=\"371\" src=\"https:\/\/www.youtube.com\/embed\/rbplTYctvBk?feature=oembed\" frameborder=\"0\" allow=\"accelerometer; autoplay; clipboard-write; encrypted-media; gyroscope; picture-in-picture; web-share\" referrerpolicy=\"strict-origin-when-cross-origin\" allowfullscreen><\/iframe><\/p>\n<p><a class=\"yt-simple-endpoint style-scope ytd-video-owner-renderer\" tabindex=\"-1\" href=\"https:\/\/www.youtube.com\/c\/VRACC\">\u200bCagnotte pour la fin de vie d\u2019Alexandra : https:\/\/www.gofundme.com\/f\/for-the-re&#8230;\u200b<\/a><\/p>\n<p>\u200bVRACC sur les r\u00e9seaux : <br data-mce-fragment=\"1\" \/>Instagram : https:\/\/www.instagram.com\/vraccofficiel\/<br data-mce-fragment=\"1\" \/>Facebook : https:\/\/www.facebook.com\/vraccofficiel<br data-mce-fragment=\"1\" \/>TikTok : https:\/\/www.tiktok.com\/@vraccmedia\u200b<\/p>\n<div id=\"upload-info\" class=\"style-scope ytd-video-owner-renderer\">\n<div id=\"container\" class=\"style-scope ytd-channel-name\">\n<div id=\"text-container\" class=\"style-scope ytd-channel-name\"><a class=\"yt-simple-endpoint style-scope yt-formatted-string\" dir=\"auto\" spellcheck=\"false\" href=\"https:\/\/www.youtube.com\/c\/VRACC\">VRACC<\/a><\/div>\n<\/div>\n<\/div>\n","protected":false},"excerpt":{"rendered":"<p>Un message fort sur l\u2019\u00e9tat des Institutions de Sant\u00e9 aujourd&rsquo;hui en France. Il faut agir, et vite.<\/p>\n","protected":false},"author":1164,"featured_media":43301,"comment_status":"open","ping_status":"open","sticky":false,"template":"","format":"standard","meta":{"_uf_show_specific_survey":0,"_uf_disable_surveys":false,"footnotes":""},"categories":[7,15],"tags":[20711,14745,20712,20713,20714],"coauthors":[20710],"class_list":["post-43296","post","type-post","status-publish","format-standard","has-post-thumbnail","hentry","category-ddhh","category-impunidad","tag-erreur-de-diagnostic","tag-justicia-social","tag-laboratoires-prives-douteux","tag-temoigange-alexandra","tag-vracc"],"translation":{"provider":"WPGlobus","version":"2.12.2","language":"fr","enabled_languages":["es","fr"],"languages":{"es":{"title":true,"content":true,"excerpt":true},"fr":{"title":true,"content":true,"excerpt":true}}},"_links":{"self":[{"href":"https:\/\/www.lapluma.net\/fr\/wp-json\/wp\/v2\/posts\/43296","targetHints":{"allow":["GET"]}}],"collection":[{"href":"https:\/\/www.lapluma.net\/fr\/wp-json\/wp\/v2\/posts"}],"about":[{"href":"https:\/\/www.lapluma.net\/fr\/wp-json\/wp\/v2\/types\/post"}],"author":[{"embeddable":true,"href":"https:\/\/www.lapluma.net\/fr\/wp-json\/wp\/v2\/users\/1164"}],"replies":[{"embeddable":true,"href":"https:\/\/www.lapluma.net\/fr\/wp-json\/wp\/v2\/comments?post=43296"}],"version-history":[{"count":15,"href":"https:\/\/www.lapluma.net\/fr\/wp-json\/wp\/v2\/posts\/43296\/revisions"}],"predecessor-version":[{"id":43300,"href":"https:\/\/www.lapluma.net\/fr\/wp-json\/wp\/v2\/posts\/43296\/revisions\/43300"}],"wp:featuredmedia":[{"embeddable":true,"href":"https:\/\/www.lapluma.net\/fr\/wp-json\/wp\/v2\/media\/43301"}],"wp:attachment":[{"href":"https:\/\/www.lapluma.net\/fr\/wp-json\/wp\/v2\/media?parent=43296"}],"wp:term":[{"taxonomy":"category","embeddable":true,"href":"https:\/\/www.lapluma.net\/fr\/wp-json\/wp\/v2\/categories?post=43296"},{"taxonomy":"post_tag","embeddable":true,"href":"https:\/\/www.lapluma.net\/fr\/wp-json\/wp\/v2\/tags?post=43296"},{"taxonomy":"author","embeddable":true,"href":"https:\/\/www.lapluma.net\/fr\/wp-json\/wp\/v2\/coauthors?post=43296"}],"curies":[{"name":"wp","href":"https:\/\/api.w.org\/{rel}","templated":true}]}}