{"id":42572,"date":"2022-09-10T11:36:30","date_gmt":"2022-09-10T11:36:30","guid":{"rendered":"https:\/\/www.lapluma.net\/?p=42572"},"modified":"2022-09-10T11:39:31","modified_gmt":"2022-09-10T11:39:31","slug":"colombia-el-objetivo-estrategico-principal","status":"publish","type":"post","link":"https:\/\/www.lapluma.net\/fr\/2022\/09\/10\/colombia-el-objetivo-estrategico-principal\/","title":{"rendered":"Colombia: El objetivo estrat\u00e9gico principal"},"content":{"rendered":"<p style=\"text-align: justify;\"><span style=\"font-size: 14pt;\">Para la izquierda colombiana el objetivo inmediato, en armon\u00eda con la real correlaci\u00f3n de fuerzas ser\u00eda la superaci\u00f3n del actual modelo neoliberal, que es mucho m\u00e1s que un modelo econ\u00f3mico e impone en consecuencia reformas profundas en el orden econ\u00f3mico, en el sistema pol\u00edtico, en las formas de la participaci\u00f3n popular y, con mayor \u00e9nfasis, en la misma esfera cultural tan impregnada hoy de valores contrarios a la indispensable solidaridad social y el respeto por el medio ambiente. Puede suceder que tan solo se consiga avanzar en reformas de tipo desarrollista, pero en las actuales condiciones estos cambios resultan casi revolucionarios. El desarrollo de los acontecimientos dir\u00e1 si son posibles avances mayores que supongan consolidar reformas m\u00e1s radicales que echen las bases de un orden diferente en el cual al menos se consiga que el pa\u00eds funcione en armon\u00eda con un modelo capitalista m\u00e1s acorde con la misma filosof\u00eda liberal y sobre todo que se superen las actuales deformaciones que hacen de su econom\u00eda un elementos menor y prescindible en el orden internacional.<\/span><\/p>\n<figure id=\"attachment_42618\" aria-describedby=\"caption-attachment-42618\" style=\"width: 515px\" class=\"wp-caption aligncenter\"><img loading=\"lazy\" decoding=\"async\" class=\"wp-image-42618\" src=\"https:\/\/www.lapluma.net\/wp-content\/uploads\/2022\/09\/Modelo-neoliberal-Distribucion-del-mundo-300x151.jpg\" alt=\"\" width=\"515\" height=\"259\" srcset=\"https:\/\/www.lapluma.net\/wp-content\/uploads\/2022\/09\/Modelo-neoliberal-Distribucion-del-mundo-300x151.jpg 300w, https:\/\/www.lapluma.net\/wp-content\/uploads\/2022\/09\/Modelo-neoliberal-Distribucion-del-mundo.jpg 640w\" sizes=\"auto, (max-width: 515px) 100vw, 515px\" \/><figcaption id=\"caption-attachment-42618\" class=\"wp-caption-text\">Modelo neoliberal, la distribuci\u00f3n del mundo<\/figcaption><\/figure>\n<p style=\"text-align: justify;\"><span style=\"font-size: 14pt;\">Se trata entonces no solo de recuperar lo antes posible formas tradicionales de desarrollismo dando al Estado un rol decisivo, sometiendo el funcionamiento del mercado a las necesidades colectivas, impulsando un tejido productivo que valorice de forma adecuada el mercado interno y se proponga superar las actuales desventajosas relaciones con el mercado mundial mediante la exportaci\u00f3n de art\u00edculos de mayor valor agregado, todo lo cual supone por un lado reformular a fondo las relaciones internacionales del pa\u00eds, y alcanzar la integraci\u00f3n regional para fortalecer la capacidad de negociaci\u00f3n del pa\u00eds. Para ir m\u00e1s all\u00e1 del desarrollismo tradicional que b\u00e1sicamente supone la producci\u00f3n local de art\u00edculos de consumo manteniendo la importaci\u00f3n de los medio de producci\u00f3n (maquinaria, tecnolog\u00eda, patentes, etc.) Colombia tendr\u00eda que aventurarse en la elaboraci\u00f3n de esos medios de producci\u00f3n sin los cuales la relaci\u00f3n con el mercado mundial resulta tan desventajosa.<\/span><\/p>\n<p style=\"text-align: justify;\"><span style=\"font-size: 14pt;\">Elaborar algunos productos para agregar valor y dejar de ser un simple exportador de materias primas puede ser un primer paso y es plenamente factible a corto plazo. La exportaci\u00f3n actual de estupefacientes en bruto (opio, marihuana y coca\u00edna)- que ya constituye una buena parte de las divisas que ingresan el pa\u00eds- puede cambiarse por mercanc\u00edas elaboradas destinadas a los tratamientos m\u00e9dicos. El opio y la coca\u00edna se pueden convertir en opioides que son utilizados universalmente como medicamentos. Ya lo hace India, cuyo gobierno ha pactado con los campesinos productores de opio la venta al Estado de esta producci\u00f3n para ser elaborada como medicamento y vendida luego en el mercado mundial. Un programa con los adecuados controles permite que el Estado indio convierta una producci\u00f3n tradicionalmente vinculada al tr\u00e1fico ilegal y a diversas formas de delincuencia organizada en un factor de desarrollo para su econom\u00eda. <\/span><\/p>\n<p><img loading=\"lazy\" decoding=\"async\" class=\" wp-image-42619 aligncenter\" src=\"https:\/\/www.lapluma.net\/wp-content\/uploads\/2022\/09\/Colombia-con-Petro1-300x262.jpg\" alt=\"\" width=\"535\" height=\"467\" srcset=\"https:\/\/www.lapluma.net\/wp-content\/uploads\/2022\/09\/Colombia-con-Petro1-300x262.jpg 300w, https:\/\/www.lapluma.net\/wp-content\/uploads\/2022\/09\/Colombia-con-Petro1-1024x893.jpg 1024w, https:\/\/www.lapluma.net\/wp-content\/uploads\/2022\/09\/Colombia-con-Petro1-768x670.jpg 768w, https:\/\/www.lapluma.net\/wp-content\/uploads\/2022\/09\/Colombia-con-Petro1.jpg 1163w\" sizes=\"auto, (max-width: 535px) 100vw, 535px\" \/><\/p>\n<p style=\"text-align: justify;\"><span style=\"font-size: 14pt;\">Colombia puede, sin duda, hacer lo propio. Otro tanto sucede con la marihuana, un producto que ya est\u00e1 legalizado en algunos pa\u00edses con resultados bastante satisfactorios; sobre todo, porque desaparece en lo fundamental el factor de violencia que siempre est\u00e1 ligado a las formas ilegales de producci\u00f3n y comercializaci\u00f3n. Medidas como \u00e9stas ayudar\u00edan mucho al nuevo gobierno colombiano a superar la llamada \u201cguerra contra las drogas\u201d que supone formas de intervenci\u00f3n extranjera que limitan el ejercicio de la soberan\u00eda nacional. Si el Estado compra a los campesinos la producci\u00f3n de estos estupefacientes se debilita en extremo la mafia y su violencia; y a lo mejor, sale m\u00e1s barata esta compra que el gasto militar que supone para el Estado esa \u201cguerra contra las drogas\u201d.<\/span><\/p>\n<p style=\"text-align: justify;\"><span style=\"font-size: 14pt;\">La pandemia del covid-19 puso de manifiesto muchas cosas, entre otras, que resulta sumamente peligroso que dos o tres grandes empresas farmac\u00e9uticas puedan someter al mundo entero a sus condiciones obteniendo de ello beneficios inconmensurables cuando est\u00e1 demostrado que mucho Estados pueden fabricar las vacunas (de hecho lo hacen ya) y hasta naciones de la periferia como Cuba han conseguido avances muy destacables en la farmac\u00e9utica. Cuba fabrica vacunas contra el covid-19, contra el c\u00e1ncer de pulm\u00f3n y otras enfermedades demostrando que a\u00fan en las duras condiciones que le impone el bloqueo de Estados Unidos, avances de este tipo son posibles. Un paso en la integraci\u00f3n regional que se propone el nuevo gobierno de Colombia ser\u00eda impulsar proyectos conjuntos de investigaci\u00f3n y elaboraci\u00f3n de productos farmac\u00e9uticos para superar la actual relaci\u00f3n desventajosa que estos pa\u00edses tienen con las grandes firmas farmac\u00e9uticas.<\/span><\/p>\n<p><img loading=\"lazy\" decoding=\"async\" class=\" wp-image-42615 aligncenter\" src=\"https:\/\/www.lapluma.net\/wp-content\/uploads\/2022\/09\/Pacto-Historico-juntos-.jpg\" alt=\"\" width=\"395\" height=\"379\" \/><\/p>\n<p style=\"text-align: justify;\"><span style=\"font-size: 14pt;\">Aventurarse en la ruta de la investigaci\u00f3n b\u00e1sica y aplicada tiene como condici\u00f3n indispensable una reforma educativa profunda con el objetivo precisamente de estar en condiciones de elaborar los medios de producci\u00f3n necesarios para producir los medios de consumo e ir m\u00e1s all\u00e1 del desarrollismo tradicional. Adem\u00e1s de los sectores cl\u00e1sicos del industrialismo (siderurgia, qu\u00edmico, etc.) es necesario proponerse todos los avances que sean posibles en las nuevas tecnolog\u00edas (la cibern\u00e9tica, por ejemplo) que den al tejido econ\u00f3mico local la suficiente solvencia. Se trata de un esfuerzo nacional por un objetivo estrat\u00e9gico irrenunciable que supone como eje un Estado modernizado y democr\u00e1tico y un amplio abanico de alianzas con los diversos sectores de la sociedad colombiana que coincidan en ello. Superar el actual modelo neoliberal puede ser una meta atractiva para amplios sectores de la mediana y peque\u00f1a empresa local tan afectados por la llamada \u201clibertad de comercio\u201d que no es otra cosa que la versi\u00f3n moderna del libre cambio de anta\u00f1o (del cual solo se beneficiaron las metr\u00f3polis). Ese gran objetivo supone formas modernas de proteccionismo (el mismo que siempre han practicado las metr\u00f3polis) y no es incompatible con la integraci\u00f3n regional en modo alguno ni tampoco con un v\u00ednculo con las econom\u00edas adelantas del planeta. Todo lo contrario. Un prop\u00f3sito nacional de esta naturaleza \u2013 para ir m\u00e1s all\u00e1 del simple desarrollismo- no excluye en manera alguna la inversi\u00f3n extranjera, siempre y cuando se consiga hacer efectivo el principio del \u201cmutuo beneficio\u201d; se trata de que los inversores extranjeros se comprometan a compartir su tecnolog\u00eda con el pa\u00eds anfitri\u00f3n. Tal como ha hecho el gobierno chino, con magn\u00edficos resultados.<\/span><\/p>\n<p><img loading=\"lazy\" decoding=\"async\" class=\" wp-image-39498 aligncenter\" src=\"https:\/\/www.lapluma.net\/wp-content\/uploads\/2022\/06\/colombia-potencia-mundial-de-la-vida-300x247.webp\" alt=\"\" width=\"367\" height=\"302\" srcset=\"https:\/\/www.lapluma.net\/wp-content\/uploads\/2022\/06\/colombia-potencia-mundial-de-la-vida-300x247.webp 300w, https:\/\/www.lapluma.net\/wp-content\/uploads\/2022\/06\/colombia-potencia-mundial-de-la-vida-768x632.webp 768w, https:\/\/www.lapluma.net\/wp-content\/uploads\/2022\/06\/colombia-potencia-mundial-de-la-vida.webp 918w\" sizes=\"auto, (max-width: 367px) 100vw, 367px\" \/><\/p>\n<p style=\"text-align: justify;\"><span style=\"font-size: 14pt;\">Dar un tratamiento diferente al problema de las drogas ilegales cambiar\u00e1 no solo la atm\u00f3sfera casi irrespirable de la violencia cotidiana, en todas sus formas, sino que supondr\u00e1 un ahorro enorme de recursos que el Estado puede entonces dedicar a una inversi\u00f3n productiva de nuevo tipo. Si los objetivos estrat\u00e9gicos de un proyecto nacional que cambie substancialmente las actuales relaciones internas y externas del pa\u00eds, que sea entonces radical en el sentido de ir a la ra\u00edz de los problemas, parecen tan lejanos, por esa misma raz\u00f3n es indispensable avanzar todo lo que sea factible en el escenario inmediato. Es indispensable ganar para el proyecto el apoyo mayoritario de la poblaci\u00f3n; es indispensable avanzar en la organizaci\u00f3n y consciencia pol\u00edtica de esas mayor\u00edas sociales y fortalecer el Estado para que sea moderno y democr\u00e1tico y el instrumento adecuado a tales prop\u00f3sitos.<\/span><\/p>\n<h2><span style=\"font-size: 18pt;\">Juan Diego Garc\u00eda para La Pluma, 9 de septiembre de 2022<\/span><\/h2>\n<h2><span style=\"font-size: 18pt;\">Editado por <\/span><a href=\"https:\/\/www.lapluma.net\/nosotros\/editora\/\"><span style=\"font-size: 18pt;\">Mar\u00eda Piedad Ossaba<\/span><\/a><\/h2>\n","protected":false},"excerpt":{"rendered":"<p>Un paso en la integraci\u00f3n regional que se propone el nuevo gobierno de Colombia ser\u00eda impulsar proyectos conjuntos de investigaci\u00f3n y elaboraci\u00f3n de productos farmac\u00e9uticos para superar la actual relaci\u00f3n desventajosa que estos pa\u00edses tienen con las grandes firmas farmac\u00e9uticas.<\/p>\n","protected":false},"author":87,"featured_media":42612,"comment_status":"open","ping_status":"open","sticky":false,"template":"","format":"standard","meta":{"_uf_show_specific_survey":0,"_uf_disable_surveys":false,"footnotes":""},"categories":[5],"tags":[20509,17125,20518,20519,20510],"coauthors":[760],"class_list":["post-42572","post","type-post","status-publish","format-standard","has-post-thumbnail","hentry","category-editoriales-y-opiniones","tag-izquierda-colombiana-objetivo-inmediato","tag-juan-diego-garcia-2","tag-laelaboracion-medios-de-produccion","tag-principio-del-mutuo-beneficio","tag-superacion-del-actual-modelo-neoliberal"],"translation":{"provider":"WPGlobus","version":"2.12.2","language":"fr","enabled_languages":["es","fr"],"languages":{"es":{"title":true,"content":true,"excerpt":true},"fr":{"title":false,"content":false,"excerpt":false}}},"_links":{"self":[{"href":"https:\/\/www.lapluma.net\/fr\/wp-json\/wp\/v2\/posts\/42572","targetHints":{"allow":["GET"]}}],"collection":[{"href":"https:\/\/www.lapluma.net\/fr\/wp-json\/wp\/v2\/posts"}],"about":[{"href":"https:\/\/www.lapluma.net\/fr\/wp-json\/wp\/v2\/types\/post"}],"author":[{"embeddable":true,"href":"https:\/\/www.lapluma.net\/fr\/wp-json\/wp\/v2\/users\/87"}],"replies":[{"embeddable":true,"href":"https:\/\/www.lapluma.net\/fr\/wp-json\/wp\/v2\/comments?post=42572"}],"version-history":[{"count":8,"href":"https:\/\/www.lapluma.net\/fr\/wp-json\/wp\/v2\/posts\/42572\/revisions"}],"predecessor-version":[{"id":42610,"href":"https:\/\/www.lapluma.net\/fr\/wp-json\/wp\/v2\/posts\/42572\/revisions\/42610"}],"wp:featuredmedia":[{"embeddable":true,"href":"https:\/\/www.lapluma.net\/fr\/wp-json\/wp\/v2\/media\/42612"}],"wp:attachment":[{"href":"https:\/\/www.lapluma.net\/fr\/wp-json\/wp\/v2\/media?parent=42572"}],"wp:term":[{"taxonomy":"category","embeddable":true,"href":"https:\/\/www.lapluma.net\/fr\/wp-json\/wp\/v2\/categories?post=42572"},{"taxonomy":"post_tag","embeddable":true,"href":"https:\/\/www.lapluma.net\/fr\/wp-json\/wp\/v2\/tags?post=42572"},{"taxonomy":"author","embeddable":true,"href":"https:\/\/www.lapluma.net\/fr\/wp-json\/wp\/v2\/coauthors?post=42572"}],"curies":[{"name":"wp","href":"https:\/\/api.w.org\/{rel}","templated":true}]}}