{"id":42372,"date":"2022-09-05T13:11:43","date_gmt":"2022-09-05T13:11:43","guid":{"rendered":"https:\/\/www.lapluma.net\/?p=42372"},"modified":"2022-09-05T13:31:46","modified_gmt":"2022-09-05T13:31:46","slug":"42372","status":"publish","type":"post","link":"https:\/\/www.lapluma.net\/fr\/2022\/09\/05\/42372\/","title":{"rendered":"Constelaci\u00f3n ominosa"},"content":{"rendered":"<p style=\"text-align: justify;\"><span style=\"font-size: 14pt;\"><em>No es habitual, como panorama o perspectiva lo que vamos a enumerar:La segunda mitad del 2022 nos permite, m\u00e1s bien nos obliga, a considerar:<\/em><\/span><\/p>\n<ul style=\"text-align: justify;\">\n<li><span style=\"font-size: 14pt;\"><strong>\u00a0CONTAMINACI\u00d3N PLANETARIA FUERA DE CONTROL<\/strong><\/span><\/li>\n<\/ul>\n<p style=\"text-align: justify;\"><span style=\"font-size: 14pt;\">La humanidad ha construido nuestro mundo presente, la realidad, abusando cada vez m\u00e1s de los poderes que hemos ido adquiriendo y atesorando. Mientras las sociedades habidas hasta hace un par de siglos se val\u00edan del sol y el agua como fuerzas y palancas del desarrollo humano, el industrialismo permiti\u00f3 emplear una energ\u00eda acumulada en millones de a\u00f1os en pocos siglos (todos los c\u00e1lculos sobre las existencias de petr\u00f3leo no pasan los tres siglos).<\/span><\/p>\n<p style=\"text-align: justify;\"><span style=\"font-size: 14pt;\">Pero el uso en cantidades extraordinarias de energ\u00eda fosilizada trajo consigo tam-bi\u00e9n la aparici\u00f3n de residuos cuantiosos. Para apenas se\u00f1alar uno de los m\u00e1s recientes: los pl\u00e1sticos desechados han generado por ejemplo \u201cislas\u201d oce\u00e1nicas de millones de km<sup>2<\/sup>.<\/span><\/p>\n<p style=\"text-align: justify;\"><span style=\"font-size: 14pt;\">El optimismo tecnol\u00f3gico que caracteriza nuestro presente dise\u00f1\u00f3 nav\u00edos \u201ctragapl\u00e1sticos\u201d con los cuales nos prometieron\u00a0 salvar el error anterior de haber generado tantos desechos fuera de control. Pero la situaci\u00f3n no ha resultado tan sencilla. Como los pl\u00e1sticos son un invento humano, no son naturales, no se biodegradan como todos los elementos, s\u00f3lidos, l\u00edquidos o gaseosos de la naturaleza. La erosi\u00f3n, claro, los achica, los desmenuza hasta hacer part\u00edculas microsc\u00f3picas, que siguen empero en los mares. Ya sea deposit\u00e1ndose en los fondos marinos, obstruyendo el \u201calm\u00e1cigo\u201d oce\u00e1nico que es todo fondo marino o, \u201ctripulado\u201d por microorganismos que siguen as\u00ed sus marchas marinas. Investigadores han comprobado que estas part\u00edculas micropl\u00e1sticas, tripuladas como dije por microorganismos despiertan grandes apetencias en peces, algunos peces al menos como anchoas (con los que se ha experimentado), que los engullen \u00e1vidamente. As\u00ed tenemos micropl\u00e1sticos incorporados a las cadenas alimentarias y por lo tanto depositados en humanos (que somos casi siempre el fin de todas las cadenas alimentarias).\u00a0 Se trata de cuerpos extra\u00f1os, no alimentarios, que a muchos les hace temer ser\u00e1n origen de tumoraciones.<\/span><\/p>\n<p><img loading=\"lazy\" decoding=\"async\" class=\" wp-image-42374 aligncenter\" src=\"https:\/\/www.lapluma.net\/wp-content\/uploads\/2022\/09\/Turistas-El-Roto-267x300.jpg\" alt=\"\" width=\"525\" height=\"590\" srcset=\"https:\/\/www.lapluma.net\/wp-content\/uploads\/2022\/09\/Turistas-El-Roto-267x300.jpg 267w, https:\/\/www.lapluma.net\/wp-content\/uploads\/2022\/09\/Turistas-El-Roto.jpg 417w\" sizes=\"auto, (max-width: 525px) 100vw, 525px\" \/><\/p>\n<p style=\"text-align: center;\"><span style=\"font-size: 14pt;\"><strong>El Roto<\/strong><\/span><\/p>\n<ul style=\"text-align: justify;\">\n<li><span style=\"font-size: 14pt;\"><strong>ALTERACIONES PLANETARIAS\u2026 EL ANTROPOCENO ES NUESTRO<\/strong><\/span><\/li>\n<\/ul>\n<p style=\"text-align: justify;\"><span style=\"font-size: 14pt;\">La sociedad contempor\u00e1nea apenas tiene registro de la cantidad e intensidad de inundaciones, sequ\u00edas, incendios\u00a0 (claro que una buena cantidad, provocados por el hombre para ampliar tasas particulares de ganancia), desbordes de diques de cola (altamente t\u00f3xicos), deshielos de altas cumbres y permafrost, \u2013crisis biol\u00f3gica de especies muy perseguidas y hostigadas (sobre todo por el hombre, pero tambi\u00e9n y cada vez m\u00e1s, por alteraciones clim\u00e1ticas).<\/span><\/p>\n<p style=\"text-align: justify;\"><span style=\"font-size: 14pt;\">\u00bfEstamos alterando el planeta, como podemos desgraciadamente ver con la plasti-ficaci\u00f3n de los mares o los derretimientos de glaciares y nieves otrora \u201ceternas\u201d, y empu-jando a la extinci\u00f3n a tantas especies, y a la vez, \u00bfno nos estamos alterando nosotros?<\/span><\/p>\n<ul style=\"text-align: justify;\">\n<li><span style=\"font-size: 14pt;\"><strong>MEDICALIZACI\u00d3N SOCIAL NO POR SABER SINO POR\u2026 MIEDO<\/strong><\/span><\/li>\n<\/ul>\n<p style=\"text-align: justify;\"><span style=\"font-size: 14pt;\">Con la pandemia declarada por la OMS mediante una redefinici\u00f3n, la medicalizaci\u00f3n generalizada result\u00f3 altamente efectiva. La pregunta es para qu\u00e9. El miedo fue el motor de comportamiento. Con el que se gener\u00f3\u00a0 una ofensiva medi\u00e1tica, que logr\u00f3 una regimentaci\u00f3n social pocas veces vista. El saldo de este emprendimiento de alcance planetario es variado: desde el punto de vista sanitario no se sabe si ha empeorado o mejorado la salud social, aunque la reiteraci\u00f3n de las reca\u00eddas en el Covid19 da p\u00e1bulo a temer que no ha sido una jugada saludable; desde el punto de vista de la gesti\u00f3n empresarial la oferta de inoculaciones vendidas como vacunas aunque en casi todos los casos con t\u00e9cnicas m\u00e9dicas tan\u00a0 alejadas del concepto inicial de vacunaci\u00f3n que\u00a0 deber\u00eda haberse optado por una nueva denominaci\u00f3n \u2013terapias g\u00e9nicas\u2013, en cambio, las llamadas vacunas han sido un negocio formidable de alcance mundial. Y dada la denominaci\u00f3n buscada y aceptada por los estados bobos que integran la OMS, la calidad de vacuna de un medicamento libera al fabricante de responsabilidad penal por un perjuicio al inoculado,\u00a0 que se traslada al estado donde se encuentra la poblaci\u00f3n objeto de ese tratamiento, algo bien distinto por cierto a la regla, te\u00f3rica, que es que el laboratorio debe responsabilizarse por da\u00f1os ocasionados por su medicaci\u00f3n. <a href=\"https:\/\/tlaxcala-int.blogspot.com\/2022\/09\/luis-e-sabini-fernandez-constelacion.html#_ftn1\" name=\"_ftnref1\">[1]<\/a><\/span><\/p>\n<ul style=\"text-align: justify;\">\n<li><span style=\"font-size: 14pt;\"><strong>LA COMUNICACI\u00d3N CADA VEZ M\u00c1S INSTANT\u00c1NEA Y OMNIPRESENTE<\/strong><\/span><\/li>\n<\/ul>\n<p style=\"text-align: justify;\"><span style=\"font-size: 14pt;\">No necesita mucha demostraci\u00f3n, porque es lo que vivimos cada d\u00eda. Estamos comunicados por radios, diarios, revistas, televisi\u00f3n, cine, por la digitalizaci\u00f3n cada vez de mayor alcance, con el celular como compa\u00f1ero casi\u00a0 inseparable de nuestros o\u00eddos\u2026 y hasta por relaciones entre humanos. Asunto de otro costal es su calidad o confiabilidad. Porque estamos tambi\u00e9n cada vez m\u00e1s habitados por <em>fake news<\/em>. Y este rasgo cada vez m\u00e1s vigente nos lleva directamente a otro, fundamental en nuestro mundo actual:<\/span><\/p>\n<ul style=\"text-align: justify;\">\n<li><span style=\"font-size: 14pt;\"><strong>PRESENTIZACI\u00d3N DE LA SOCIEDAD<\/strong><\/span><\/li>\n<\/ul>\n<p style=\"text-align: justify;\"><span style=\"font-size: 14pt;\">Estamos abandonando a un ritmo vertiginoso la temporalidad; nuestra triple dimensi\u00f3n existencial; pasado, presente y futuro. Para nada asim\u00e9trica, la temporalidad nos arroja al tiempo para que vivamos, hagamos lo que expresa nuestra ra\u00edz, vocaci\u00f3n, destino, norte. Hay una dificultad insalvable con la presentizaci\u00f3n de nuestras vidas: quedarnos sin historia y sin proyecto. Como cualquier animal, vivir entretenidos.<\/span><\/p>\n<ul style=\"text-align: justify;\">\n<li><span style=\"font-size: 14pt;\"><strong>GLOBALIZACI\u00d3N Y DESNACIONALIZACI\u00d3N<\/strong><\/span><\/li>\n<\/ul>\n<p style=\"text-align: justify;\"><span style=\"font-size: 14pt;\">Un proceso que con mucho tino Frei Betto rebautizara globocolonizaci\u00f3n, porque no es sino un reacomodo de las relaciones imperiales o de centro a periferia, donde lo global va carcomiendo toda soberan\u00eda que lo nacional o comarcal ha procurado preservar.<\/span><\/p>\n<ul style=\"text-align: justify;\">\n<li><span style=\"font-size: 14pt;\"><strong>FINANCIERIZACI\u00d3N DE LA ECONOM\u00cdA-MUNDO<\/strong><\/span><\/li>\n<\/ul>\n<p style=\"text-align: justify;\"><span style=\"font-size: 14pt;\">Las finanzas, el uso de monedas, trat\u00f3 de solucionar las dificultades e injusticias que se generaban en los intercambios econ\u00f3micos buscando crear denominadores comunes. Poco a poco, lo financiero fue ocupando un lugar cada vez m\u00e1s relevante y a principios del siglo XX, un economista excepcional, Frederick Soddy, puso en entredicho todo el proceso de financierizaci\u00f3n\u00a0 basado en el pr\u00e9stamo a inter\u00e9s, que no s\u00f3lo permite sino estimula a crear capital con\u2026 nada. Para Soddy, el peligro de semejante invento es ponernos en las puertas de la inflaci\u00f3n. Con su ritmo, progresivamente acelerado.<\/span><\/p>\n<p style=\"text-align: justify;\"><span style=\"font-size: 14pt;\">Hoy tenemos una espiral de deudas, ya no impagas, sino impagables. Generadas por los llamados \u201cservicios de la deuda\u201d. Y un deterioro marcado de la calidad de vida de los humanos atrapados en tales circuitos.<\/span><\/p>\n<ul style=\"text-align: justify;\">\n<li><span style=\"font-size: 14pt;\"><strong>LA CANCELACI\u00d3N RACIAL TRAVESTIDA EN CANCELACI\u00d3N NACIONAL<\/strong><\/span><\/li>\n<\/ul>\n<p style=\"text-align: justify;\"><span style=\"font-size: 14pt;\">El racismo desapareci\u00f3\u2026 institucionalmente.\u00a0 Alemania y su nazismo con quien tantos alemanes se hab\u00edan identificado, empujados por la abyecta \u201cPaz\u00a0 de Versalles\u201d (1919), que constituy\u00f3 la verdadera m\u00e1quina de expansi\u00f3n nazi, fue pulverizada material y an\u00edmicamente e incluso descuartizada territorialmente. Hubo un cambio cultural y geopol\u00edtico entonces,\u00a0 porque no solo los vencidos debieron abjurar de sus proyectos racistas sino que tambi\u00e9n los vencedores advirtieron lo contraproducente de todo racismo orgulloso de s\u00ed mismo, y desde 1945 tanto la proclama (ostensiblemente) racista como el concepto mismo de raza, fueron abolidos (en EE.UU. permanecer\u00e1n magras minor\u00edas afines a ese racismo sincero, pero ya no ser\u00e1 funcional en ninguna parte, ni siquiera en Sud\u00e1frica, que tambi\u00e9n tuvo que <em>aggiornarse<\/em>\u2026).<\/span><\/p>\n<p style=\"text-align: justify;\"><span style=\"font-size: 14pt;\">Con la desaparici\u00f3n oficial del racismo rebrota otra discriminaci\u00f3n no menos agresiva ni menos injusta: mediante \u201ccancelaci\u00f3n\u201d, se proscribe hasta la mera presencia de lo diferente; se le niega un viaje, por ejemplo, no ya a un comunista, a un racista sino, por ejemplo, a un ruso. A caballo de un concepto emparentado con la condici\u00f3n nacional, se genera la misma discriminaci\u00f3n blandiendo, por ejemplo \u201cel antisemitismo\u201d, contra palestinos o iran\u00edes.<\/span><\/p>\n<p style=\"text-align: justify;\"><span style=\"font-size: 14pt;\">La segregaci\u00f3n resultante es muy intensa, tan potencialmente lesiva como otrora el \u201cWhite only\u201d, tan caracter\u00edstico de sociedades de privilegiados institucionales.<\/span><\/p>\n<ul style=\"text-align: justify;\">\n<li><span style=\"font-size: 14pt;\"><strong>LA SEXUALIDAD EN ENTREDICHO. O AL MENOS LA MASCULINA<\/strong><\/span><\/li>\n<\/ul>\n<p style=\"text-align: justify;\"><span style=\"font-size: 14pt;\">El\u00a0 brote LGBTTTIQ distinguir\u00eda al d\u00eda de hoy 8 g\u00e9neros (hace apenas un tiempo, eran 5), el espacio Tinder nos \u201crevela\u201d 27, y si seguimos la escrupulosa divisi\u00f3n de g\u00e9neros establecida por el entonces diputado federal alem\u00e1n de extrema derecha <a href=\"https:\/\/www.youtube.com\/watch?v=QNjRnqqW28I\">Steffen K\u00f6niger<\/a> en 2016, se tratar\u00eda\u00a0 de 60. La noci\u00f3n de g\u00e9nero se ha constituido como parteaguas entre progresistas y croma\u00f1ones.<\/span><\/p>\n<p style=\"text-align: justify;\"><span style=\"font-size: 14pt;\">Aunque la misma labilidad del concepto de g\u00e9nero y su inasible alcance nos revela que se trata de una orquestaci\u00f3n, \u00e9sa s\u00ed a toda m\u00e1quina, promovida desde centros planetarios con fuerte incidencia; usinas ideol\u00f3gicas que van haciendo, deshaciendo y rehaciendo nuestras cabezas.<\/span><\/p>\n<p style=\"text-align: justify;\"><span style=\"font-size: 14pt;\">El car\u00e1cter de \u201ccampa\u00f1a\u201d que caracteriza la difusi\u00f3n de esta tem\u00e1tica tambi\u00e9n nos revela que el motivo real debe estar en otra parte.<\/span><\/p>\n<p style=\"text-align: justify;\"><span style=\"font-size: 14pt;\">Eso puede explicar por qu\u00e9 los neogeneristas se encargaron de copar los centros de educaci\u00f3n y orientaci\u00f3n sexual sobre todo referidos a adolescentes, con el oculto pero indisimulable fin de persuadir e inducir a j\u00f3venes a \u201celegir\u201d cambios de sexo o g\u00e9nero. y<\/span><\/p>\n<ul style=\"text-align: justify;\">\n<li><span style=\"font-size: 14pt;\"><strong>2022: COMIENZO DE UN INVIERNO EUROPEO DE ESCASEZ<\/strong><\/span><\/li>\n<\/ul>\n<p style=\"text-align: justify;\"><span style=\"font-size: 14pt;\">El invierno inminente exigir\u00e1 algo desacostumbrado a Europa. El subcontinente, privilegiado econ\u00f3mico planetario, todav\u00eda disfrutando los bienes cosechados durante los siglos de expolio desde sus principales naciones al resto del mundo, este invierno conocer\u00e1 la escasez. Energ\u00e9tica, pero tambi\u00e9n de modo por ahora ce\u00f1ido, alimentaria.<\/span><\/p>\n<ul style=\"text-align: justify;\">\n<li><span style=\"font-size: 14pt;\"><strong>OTAN COMO BOA CONSTRICTOR DESNUDA CONTENDIENTES<\/strong><\/span><\/li>\n<\/ul>\n<p style=\"text-align: justify;\"><span style=\"font-size: 14pt;\">El torpe ataque de Putin\/Rusia a Ucrania que quiso ser respuesta a la pol\u00edtica otanesca de \u201cquitar el agua al pez ruso\u201d (o de agregarle otro anillo al oso ruso), algo que vienen haciendo incansablemente desde el colapso sovi\u00e9tico, adue\u00f1\u00e1ndose geopol\u00edticamente de una serie de naciones exsat\u00e9lites a la Rusia sovi\u00e9tica, travestidas en \u201cfaros de libertad\u201d <em>made in NATO<\/em>\u201d, se sigue prolongando en el tiempo y en el espacio m\u00e1s all\u00e1 de la intenci\u00f3n inicial de Putin de frenar ese intervencionismo ajeno (con el propio). La sensaci\u00f3n que queda es que Rusia est\u00e1 repitiendo la secuencia afgana; tendr\u00e1 que cambiar y mucho el curso para no repetir la historia. Y su costo (que fue la URSS).<\/span><\/p>\n<ul style=\"text-align: justify;\">\n<li><span style=\"font-size: 14pt;\"><strong>EUROPA AVASALLADA AHORA SATELIZADA<\/strong><\/span><\/li>\n<\/ul>\n<p style=\"text-align: justify;\"><span style=\"font-size: 14pt;\">Europa, avasallada por EE.UU. desde 1945, cuando el poder norteamericano tir\u00f3 varios bolos a la vez: su competidor principal, Alemania, pero tambi\u00e9n al Reino Unido, exhausto. Francia, el gaullismo, trat\u00f3 de resistir y conservar su propia esfera de influencia, pero su secundarizaci\u00f3n fue irreversible.<\/span><\/p>\n<p style=\"text-align: justify;\"><span style=\"font-size: 14pt;\">La dependencia material de un continente sobrepoblado o de tierras escasas, es muy marcada. Viviendo del colonialismo esas carencias no se sent\u00edan, al contrario, pero el traslado de algunas sedes de los centros neocoloniales, la sigui\u00f3 satelizando, aunque conservando un nivel de gastos m\u00e1s bien caracter\u00edstico de centros imperiales.<\/span><\/p>\n<p style=\"text-align: justify;\"><span style=\"font-size: 14pt;\">Tal vez el primer cambio de relaciones entre norteamericanos, europeos y rusos se encarnaba en la instalaci\u00f3n de los gaso- y oleoductos rusos directos a Alemania, estableciendo all\u00ed una alianza rusogermana sin precedentes, de mutuo apoyo. Eso delir\u00f3 a EE.UU. que hizo todo para coartarlo. Y lo logr\u00f3\u2026 sin necesidad siquiera de bombardearlos, como amenazara el presidente de los democr\u00e1ticos EE.UU.<\/span><\/p>\n<p><img loading=\"lazy\" decoding=\"async\" class=\" wp-image-42375 aligncenter\" src=\"https:\/\/www.lapluma.net\/wp-content\/uploads\/2022\/09\/5-ojos-300x159.jpg\" alt=\"\" width=\"532\" height=\"282\" srcset=\"https:\/\/www.lapluma.net\/wp-content\/uploads\/2022\/09\/5-ojos-300x159.jpg 300w, https:\/\/www.lapluma.net\/wp-content\/uploads\/2022\/09\/5-ojos.jpg 640w\" sizes=\"auto, (max-width: 532px) 100vw, 532px\" \/><\/p>\n<ul style=\"text-align: justify;\">\n<li><span style=\"font-size: 14pt;\"><strong>\u00a0ECHELON 1948\u2026 Y SIGUE TAN CAMPANTE<\/strong><\/span><\/li>\n<\/ul>\n<p style=\"text-align: justify;\"><span style=\"font-size: 14pt;\">En estrecha relaci\u00f3n con la dependencia europea tenemos la vigencia ininterrumpida del acuerdo Echelon<a href=\"https:\/\/tlaxcala-int.blogspot.com\/2022\/09\/luis-e-sabini-fernandez-constelacion.html#_ftn2\" name=\"_ftnref2\">[2]<\/a> desde 1948 entre \u201clos\u201d cinco estados angl\u00f3fonos blancos (de piel); EE.UU., R.U., Canad\u00e1, Australia y Nueva Zelandia.<a href=\"https:\/\/tlaxcala-int.blogspot.com\/2022\/09\/luis-e-sabini-fernandez-constelacion.html#_ftn3\" name=\"_ftnref3\">[3]<\/a> Un control general de las comunicaciones, enormemente incrementado con la computarizaci\u00f3n y la ampliaci\u00f3n casi al infinito de los registros. Se observ\u00f3 entonces, todav\u00eda m\u00e1s claramente, c\u00f3mo los negocios en el mundo empobrecido, en el Sur, o como se quiera llamar a la multitud de represas, puentes, caminos, plantas industriales y energ\u00e9ticas, laboratorios, acuerdos de cooperaci\u00f3n o capacitaci\u00f3n militar, se han adjudicado preferentemente a empresas provenientes de los 5 Ojos. Hab\u00edan tenido el recurso de conocer ofertas de empresas de todas partes y comparar, en secreto, cotizaciones y aspiraciones, y los 5 Ojos ajustaban las ofertas. No s\u00e9 si empresas rusas o brasile\u00f1as se habr\u00e1n quejado, pero hay constancias que s\u00ed lo han hecho francesas o alemanas\u2026<\/span><\/p>\n<ul style=\"text-align: justify;\">\n<li><span style=\"font-size: 14pt;\"><strong>EL MUNDO RICO EN EXPANSI\u00d3N CON <em>PETS <\/em>Y SIN HIJOS: LOS PERRHIJOS<\/strong><\/span><\/li>\n<\/ul>\n<p style=\"text-align: justify;\"><span style=\"font-size: 14pt;\">La cultura de nuestro presente ha sido profundamente influenciada por el <em>American Way of Life<\/em>; Hollywood ha sido la inconsciente escuela de ni\u00f1os y adultos. Su resonancia ha sido dispar; los pa\u00edses centroamericanos, aleda\u00f1os y reducidos por su fragmentaci\u00f3n, han sufrido mucho m\u00e1s esa configuraci\u00f3n que, por ejemplo, Francia o Mongolia. Por eso lo de <em>pet<\/em> en lugar de mascotas, para los destinatarios de estas nuevas relaciones, que inicialmente se percibieron en EE.UU. El <em>pet<\/em>, como uno m\u00e1s en la familia. Los afanes de humanizar animales\u00a0 revelan perturbaciones serias; que perros caminen como b\u00edpedos, vestidos con camisas y pantalones, que se \u201centretengan\u201d con recursos concebidos por humanos; que se festejen cumplea\u00f1os en compa\u00f1\u00eda de otros perros, es decir con otros due\u00f1os de perros: engendro pavoroso de una pseudocomunidad.<\/span><\/p>\n<p style=\"text-align: justify;\"><span style=\"font-size: 14pt;\">Y que la comida de un perro neoyorquino valga m\u00e1s que la de una cincuentena de africanos pobres revela el tipo de humanidad y sociedad que se promueve.<\/span><\/p>\n<ul style=\"text-align: justify;\">\n<li><span style=\"font-size: 14pt;\"><strong>C\u00d3MO ENCARAN LOS SUPERRICOS LO QUE SE VIENE: COMO SIEMPRE\u00a0 <\/strong><\/span><\/li>\n<\/ul>\n<p style=\"text-align: justify;\"><span style=\"font-size: 14pt;\">Hace furor entre los m\u00e1s ricos del planeta diversos proyectos de salvaci\u00f3n personal.<\/span><\/p>\n<p><img loading=\"lazy\" decoding=\"async\" class=\" wp-image-42376 aligncenter\" src=\"https:\/\/www.lapluma.net\/wp-content\/uploads\/2022\/09\/Bezos-Musk-300x188.jpg\" alt=\"\" width=\"529\" height=\"331\" srcset=\"https:\/\/www.lapluma.net\/wp-content\/uploads\/2022\/09\/Bezos-Musk-300x188.jpg 300w, https:\/\/www.lapluma.net\/wp-content\/uploads\/2022\/09\/Bezos-Musk.jpg 640w\" sizes=\"auto, (max-width: 529px) 100vw, 529px\" \/><\/p>\n<p style=\"text-align: center;\"><span style=\"font-size: 14pt;\"><strong>Jeff Bezos y Elon Musk: Enhorabuena, \u00a1que se vayan y no regresen!<\/strong><\/span><\/p>\n<p style=\"text-align: justify;\"><span style=\"font-size: 14pt;\">Elon Musk, por ejemplo, considerado el titular del monto mayor de miles de millones de d\u00f3lares del mundo, \u201del rey de las finanzas\u201d, encara, m\u00e1s r\u00e1pido que corriendo, la construcci\u00f3n de naves que permitan abandonar la Tierra a la b\u00fasqueda de otro suelo m\u00e1s prometedor. Como si eso fuera factible.<\/span><\/p>\n<p style=\"text-align: justify;\"><span style=\"font-size: 14pt;\">Otros construyen b\u00fankeres en medio de selvas, o directamente bajo tierra\u00a0 (como el Survival Condo; 60 m. hacia dentro de la tierra, unos 20 pisos hacia abajo\u2026), para tenerlos como segundo hogar en caso que la situaci\u00f3n planetaria se siga deteriorando.<\/span><\/p>\n<p style=\"text-align: justify;\"><span style=\"font-size: 14pt;\">Philip Alston, relator especial de la ONU sobre pobreza y derechos humanos, subray\u00f3 estas desigualdades: \u201cNos arriesgamos a un escenario de \u2018apartheid clim\u00e1tico\u2019 en el que los ricos pagan para escapar del sobrecalentamiento, el hambre y los conflictos, mientras el resto del mundo sufre. [\u2026] una creciente desigualdad [\u2026].\u201d <a href=\"https:\/\/tlaxcala-int.blogspot.com\/2022\/09\/luis-e-sabini-fernandez-constelacion.html#_ftn4\" name=\"_ftnref4\">[4]<\/a> Tendr\u00edamos que decir que no es novedad, aunque podamos advertir que se agravan las condiciones.<\/span><\/p>\n<p style=\"text-align: justify;\"><span style=\"font-size: 14pt;\">Con un asesinato pol\u00edtico desnudo en julio, en Brasil [<a href=\"https:\/\/www.bbc.com\/mundo\/noticias-america-latina-62130453\">Marcelo Arruda, del PT, por el polic\u00eda federal Jorge Jos\u00e9 Guaranho<\/a>], y un atentado hoy contra la vicepresidenta argentina, Cristina Fern\u00e1ndez de Kirchner, vemos entre nosotros lo ominoso de \u201cla violencia pol\u00edtica\u201d.<\/span><\/p>\n<p><span style=\"font-size: 14pt;\"><span style=\"font-size: 18pt;\">Notas<\/span> <\/span><\/p>\n<p><span style=\"font-size: 14pt;\"><a href=\"https:\/\/tlaxcala-int.blogspot.com\/2022\/09\/luis-e-sabini-fernandez-constelacion.html#_ftnref1\" name=\"_ftn1\">[<\/a><\/span><span style=\"font-size: 14pt;\"><a href=\"https:\/\/tlaxcala-int.blogspot.com\/2022\/09\/luis-e-sabini-fernandez-constelacion.html#_ftnref1\" name=\"_ftn1\">1]<\/a><\/span><span style=\"font-size: 14pt;\">\u00a0 Esas disposiciones se deben a que una vacuna exige muchos controles antes de su liberaci\u00f3n o entrada a la sociedad y al mercado, con las cuales queda el productor liberado de responsabilidad civil o comercial con la poblaci\u00f3n. Pero nada de eso pudo ocurrir, por la urgencia, con Covid19.<\/span><\/p>\n<p style=\"text-align: justify;\"><span style=\"font-size: 14pt;\"><a href=\"https:\/\/tlaxcala-int.blogspot.com\/2022\/09\/luis-e-sabini-fernandez-constelacion.html#_ftnref2\" name=\"_ftn2\">[2]<\/a>\u00a0 Una red de alcance planetario para el control de todas\u00a0 las comunicaciones entonces existentes: tel\u00e9fonos, tel\u00e9grafos, teletipos, correos. Bautizada como \u201cLos 5 Ojos\u201d.<\/span><\/p>\n<p style=\"text-align: justify;\"><span style=\"font-size: 14pt;\"><a href=\"https:\/\/tlaxcala-int.blogspot.com\/2022\/09\/luis-e-sabini-fernandez-constelacion.html#_ftnref3\" name=\"_ftn3\">[3]<\/a><\/span><span style=\"font-size: 14pt;\">\u00a0\u00a0 Sierra Leona, Liberia, India tambi\u00e9n tienen la lengua inglesa como idioma oficial. Pero jam\u00e1s participaron del acuerdo Echelon.\u00a0 En los \u201990 se baraj\u00f3 el ingreso de Israel a los 5 Ojos. Dada la naturaleza de la expansi\u00f3n israel\u00ed, consideramos que podemos hablar de \u201c6 ojos\u201d.<\/span><\/p>\n<p style=\"text-align: justify;\"><span style=\"font-size: 14pt;\"><a href=\"https:\/\/tlaxcala-int.blogspot.com\/2022\/09\/luis-e-sabini-fernandez-constelacion.html#_ftnref4\" name=\"_ftn4\">[4]<\/a>\u00a0\u00a0 Kenn Orphan, \u201c<a href=\"https:\/\/rebelion.org\/el-apartheid-siempre-ha-sido-el-plan\/\">El apartheid siempre ha sido el plan<\/a>\u201d, 10 set. 2019.<\/span><\/p>\n<p><strong><span style=\"font-size: 14pt;\">Luis Ernesto Sabini Fernandez<\/span><\/strong><\/p>\n<h2><span style=\"font-size: 18pt;\">Editado por <a href=\"https:\/\/drive.google.com\/file\/d\/1gsyqlAzJ3-AzJC7spjonwFSSRs8Qw6FM\/view\">Fausto Giudice<\/a><\/span><\/h2>\n<p><strong><span style=\"font-size: 14pt;\">Fuente: <a href=\"https:\/\/tlaxcala-int.blogspot.com\/2022\/09\/luis-e-sabini-fernandez-constelacion.html\">Tlaxcala<\/a>, 3 de septiembre de 2022<\/span><\/strong><\/p>\n","protected":false},"excerpt":{"rendered":"<p>Philip Alston, relator especial de la ONU sobre pobreza y derechos humanos, subray\u00f3 estas desigualdades: \u201cNos arriesgamos a un escenario de \u2018apartheid clim\u00e1tico\u2019 en el que los ricos pagan para escapar del sobrecalentamiento, el hambre y los conflictos, mientras el resto del mundo sufre. [\u2026] una creciente desigualdad [\u2026].<\/p>\n","protected":false},"author":12,"featured_media":42376,"comment_status":"open","ping_status":"open","sticky":false,"template":"","format":"standard","meta":{"_uf_show_specific_survey":0,"_uf_disable_surveys":false,"footnotes":""},"categories":[218],"tags":[12004,4626,20428,20430,20429,20221,20431],"coauthors":[215],"class_list":["post-42372","post","type-post","status-publish","format-standard","has-post-thumbnail","hentry","category-monde","tag-antropoceno","tag-capitalismo-del-desastre","tag-crisis-sistemica","tag-europa-avasallada-satelizada","tag-los-perrhijos","tag-luis-e-sabini-fernandez","tag-sexualidad-en-entredicho"],"translation":{"provider":"WPGlobus","version":"2.12.2","language":"fr","enabled_languages":["es","fr"],"languages":{"es":{"title":true,"content":true,"excerpt":true},"fr":{"title":false,"content":false,"excerpt":false}}},"_links":{"self":[{"href":"https:\/\/www.lapluma.net\/fr\/wp-json\/wp\/v2\/posts\/42372","targetHints":{"allow":["GET"]}}],"collection":[{"href":"https:\/\/www.lapluma.net\/fr\/wp-json\/wp\/v2\/posts"}],"about":[{"href":"https:\/\/www.lapluma.net\/fr\/wp-json\/wp\/v2\/types\/post"}],"author":[{"embeddable":true,"href":"https:\/\/www.lapluma.net\/fr\/wp-json\/wp\/v2\/users\/12"}],"replies":[{"embeddable":true,"href":"https:\/\/www.lapluma.net\/fr\/wp-json\/wp\/v2\/comments?post=42372"}],"version-history":[{"count":8,"href":"https:\/\/www.lapluma.net\/fr\/wp-json\/wp\/v2\/posts\/42372\/revisions"}],"predecessor-version":[{"id":42379,"href":"https:\/\/www.lapluma.net\/fr\/wp-json\/wp\/v2\/posts\/42372\/revisions\/42379"}],"wp:featuredmedia":[{"embeddable":true,"href":"https:\/\/www.lapluma.net\/fr\/wp-json\/wp\/v2\/media\/42376"}],"wp:attachment":[{"href":"https:\/\/www.lapluma.net\/fr\/wp-json\/wp\/v2\/media?parent=42372"}],"wp:term":[{"taxonomy":"category","embeddable":true,"href":"https:\/\/www.lapluma.net\/fr\/wp-json\/wp\/v2\/categories?post=42372"},{"taxonomy":"post_tag","embeddable":true,"href":"https:\/\/www.lapluma.net\/fr\/wp-json\/wp\/v2\/tags?post=42372"},{"taxonomy":"author","embeddable":true,"href":"https:\/\/www.lapluma.net\/fr\/wp-json\/wp\/v2\/coauthors?post=42372"}],"curies":[{"name":"wp","href":"https:\/\/api.w.org\/{rel}","templated":true}]}}