{"id":42234,"date":"2022-09-03T10:00:41","date_gmt":"2022-09-03T10:00:41","guid":{"rendered":"https:\/\/www.lapluma.net\/?p=42234"},"modified":"2022-09-03T10:06:53","modified_gmt":"2022-09-03T10:06:53","slug":"intento-de-magnicidio-contra-cristina-fernandez-de-kirchner-como-se-reconstruye-un-pais-desde-el-odio","status":"publish","type":"post","link":"https:\/\/www.lapluma.net\/fr\/2022\/09\/03\/intento-de-magnicidio-contra-cristina-fernandez-de-kirchner-como-se-reconstruye-un-pais-desde-el-odio\/","title":{"rendered":"Intento de magnicidio contra Cristina Fern\u00e1ndez de Kirchner: \u00bfC\u00f3mo se reconstruye un pa\u00eds desde el odio?"},"content":{"rendered":"<p style=\"text-align: justify;\"><span style=\"font-size: 14pt;\">La imagen de la violencia es precisa: un arma apuntando a cent\u00edmetros de la cara de la vicepresidenta Cristina Fern\u00e1ndez de Kirchner. Un ruido de gatillo y una bala que no sale. Cinco municiones cargadas en una pistola calibre 380.<\/span><\/p>\n<p style=\"text-align: justify;\"><span style=\"font-size: 14pt;\">\u00bfQu\u00e9 nos sorprende? Cristina condensa toda una historia de violencia pol\u00edtica, simb\u00f3lica, verbal, de g\u00e9nero y medi\u00e1tica en su cuerpo. El foco de un relato de odio alimentado con much\u00edsimas horas de aire, en la tele, en las radios, en las redes. La escalada de violencia -tambi\u00e9n- lleva mucha calle, a\u00f1os de marchas pidiendo la muerte de Cristina.<\/span><\/p>\n<p><iframe loading=\"lazy\" title=\"As\u00ed fue el intento de magnicidio contra Cristina Fern\u00e1ndez de Kirchner\" width=\"660\" height=\"371\" src=\"https:\/\/www.youtube.com\/embed\/Kwh5kbYNg3g?start=1&#038;feature=oembed\" frameborder=\"0\" allow=\"accelerometer; autoplay; clipboard-write; encrypted-media; gyroscope; picture-in-picture; web-share\" referrerpolicy=\"strict-origin-when-cross-origin\" allowfullscreen><\/iframe><\/p>\n<p style=\"text-align: justify;\"><span style=\"font-size: 14pt;\">\u201cLos hemos visto tambi\u00e9n colgar bolsas mortuorias en la rejas de la Casa de Gobierno con las caras de los principales dirigentes de nuestro espacio pol\u00edtico, pero los violentos somos nosotros. Es incre\u00edble el grado de cinismo y perversi\u00f3n. Quieren exterminar al peronismo. Es lo que quisieron desde siempre. Lo han intentado todo, las peores violencias. La desaparici\u00f3n de miles de compatriotas\u201d, dijo Cristina hace apenas unos d\u00edas, el fin de semana, cuando vimos el accionar de la Polic\u00eda contra dirigentes pol\u00edticos y la movilizaci\u00f3n popular en la esquina de Juncal y Uruguay.<\/span><\/p>\n<p style=\"text-align: justify;\"><span style=\"font-size: 14pt;\">El repudio desde distintos sectores no tarda en llegar. Los mismos periodistas y pol\u00edticos que de manera constante y sistem\u00e1tica alientan mensajes de odio, de muerte, de \u201cson ellos o nosotros\u201d, ahora bregan por respeto por la rep\u00fablica y sus instituciones. El repudio es necesario, pero no absuelve a quienes diariamente engendran violencia con sus discursos y sus acciones.<\/span><\/p>\n<p><img loading=\"lazy\" decoding=\"async\" class=\" wp-image-42236 aligncenter\" src=\"https:\/\/www.lapluma.net\/wp-content\/uploads\/2022\/09\/Atentado-Cristina-300x150.jpg\" alt=\"\" width=\"518\" height=\"259\" srcset=\"https:\/\/www.lapluma.net\/wp-content\/uploads\/2022\/09\/Atentado-Cristina-300x150.jpg 300w, https:\/\/www.lapluma.net\/wp-content\/uploads\/2022\/09\/Atentado-Cristina-1024x512.jpg 1024w, https:\/\/www.lapluma.net\/wp-content\/uploads\/2022\/09\/Atentado-Cristina-768x384.jpg 768w, https:\/\/www.lapluma.net\/wp-content\/uploads\/2022\/09\/Atentado-Cristina.jpg 1200w\" sizes=\"auto, (max-width: 518px) 100vw, 518px\" \/><\/p>\n<p style=\"text-align: justify;\"><span style=\"font-size: 14pt;\">Mempo Giardinelli informa que Reato, un comentarista de la derecha rancia, acaba de decir en la telebasura que este atentado \u00abclaramente es positivo para Cristina\u00bb. Dicho en el mismo tono casual con que otro \u00ab\u00a0periodista\u00a0\u00bb cacarea que \u00abevidentemente fue un gran susto, pero muy relevante para ella\u00bb, mientras otro despreciable a\u00f1ade, como al pasar, que \u00abes cierto: esto es importante para sus expectativas electorales\u00bb.<\/span><\/p>\n<p style=\"text-align: justify;\"><span style=\"font-size: 14pt;\">O la exarist\u00f3crata, exmontonera y hoy furibunda derechista Patricia Bullrich: \u00ab\u00a0El presidente est\u00e1 jugando con fuego: en vez de investigar seriamente un hecho de gravedad, acusa a la oposici\u00f3n y a la prensa, y decreta un feriado para movilizar militantes. Convierte un acto de violencia individual en una jugada pol\u00edtica. Lamentable\u00a0\u00bb.<\/span><\/p>\n<p style=\"text-align: justify;\"><span style=\"font-size: 14pt;\">Como dice V\u00edctor Hugo: \u00ab\u00a0Dicen que est\u00e1n a favor de la democracia, en contra de la violencia, &lsquo;pero, pero pero&#8230;&rsquo;. En el z\u00f3calo de televisi\u00f3n de la mafia dice &lsquo;gatillaron un arma a CFK&rsquo;. Suena menos desconcertante que &lsquo;quisieron matar a Cristina&rsquo;, &lsquo;intentaron un magnicidio&rsquo;. Gatillaron, dicen.\u00a0\u00bb<\/span><\/p>\n<p style=\"text-align: justify;\"><span style=\"font-size: 14pt;\">\u201cEl amor vence al odio\u201d ha sido una consigna que han alentado desde la militancia que acompa\u00f1\u00f3 a Nestor y acompa\u00f1a a Cristina. \u00bfC\u00f3mo se construye un pa\u00eds desde el odio? \u00bfCon cu\u00e1nta libertad se han expresado quienes dicen defender la libertad de expresi\u00f3n? \u00bfCu\u00e1nta violencia se puede naturalizar? \u00bfCu\u00e1nto m\u00e1s la derecha, la oligarqu\u00eda y las corporaciones medi\u00e1ticas seguir\u00e1n horadando la democracia? \u00bfQui\u00e9n paga el costo del atentado a la Vicepresidenta?<\/span><\/p>\n<p style=\"text-align: justify;\"><span style=\"font-size: 14pt;\">\u00bfC\u00f3mo se reconstruye un pa\u00eds desde el odio? Se construye, como dice Norita Corti\u00f1as, alimentando \u201cel sentimiento de resistencia con todo el amor posible\u201d.<\/span><\/p>\n<p style=\"text-align: justify;\"><span style=\"font-size: 14pt;\">Pero tambi\u00e9n, llegado el caso, que no falta mucho para que llegue, con el canto de la multitud frente a la casa de Cristina:<\/span><\/p>\n<p style=\"text-align: justify;\"><span style=\"font-size: 14pt;\">\u00ab\u00a0Si la tocan a la Cristina,<\/span><\/p>\n<p style=\"text-align: justify;\"><span style=\"font-size: 14pt;\">qu\u00e9 quilombo se va a armar\u00a0\u00bb<\/span><\/p>\n<p><img loading=\"lazy\" decoding=\"async\" class=\" wp-image-42237 aligncenter\" src=\"https:\/\/www.lapluma.net\/wp-content\/uploads\/2022\/09\/cristina-atentado-argentina-300x168.jpg\" alt=\"\" width=\"599\" height=\"335\" srcset=\"https:\/\/www.lapluma.net\/wp-content\/uploads\/2022\/09\/cristina-atentado-argentina-300x168.jpg 300w, https:\/\/www.lapluma.net\/wp-content\/uploads\/2022\/09\/cristina-atentado-argentina.jpg 650w\" sizes=\"auto, (max-width: 599px) 100vw, 599px\" \/><\/p>\n<h2 style=\"text-align: justify;\"><span style=\"font-size: 18pt;\">Redacci\u00f3n La Tinta<\/span><\/h2>\n<h2 style=\"text-align: justify;\"><span style=\"font-size: 18pt;\">Editado por <a href=\"https:\/\/www.lapluma.net\/nosotros\/editora\/\">Mar\u00eda Piedad Ossaba<\/a><\/span><\/h2>\n<h2 style=\"text-align: justify;\"><span style=\"font-size: 18pt;\">Fuente: <a href=\"https:\/\/latinta.com.ar\/2022\/09\/como-se-reconstruye-un-pais-odio-cristina\/\">La Tinta<\/a>, \/<a href=\"https:\/\/www.lahaine.org\/mundo.php\/icomo-se-reconstruye-un-pais\">La Haine<\/a>, 2 de septiembre de 2022<\/span><\/h2>\n<p style=\"text-align: justify;\"><strong><span style=\"font-size: 14pt;\">Lea tambi\u00e9n:<\/span><\/strong><\/p>\n<p style=\"text-align: justify;\"><span style=\"font-size: 14pt;\"><a href=\"https:\/\/www.lapluma.net\/2022\/09\/02\/42219\/\" rel=\"bookmark\">Argentina | Atentado a Cristina Kirchner: La tragedia no sucedi\u00f3, los peligros que siguen ah\u00ed<\/a><\/span><\/p>\n<p style=\"text-align: justify;\"><span style=\"font-size: 14pt;\"><a href=\"https:\/\/rebelion.org\/repudio-al-intento-de-asesinato-de-cristina-fernandez-de-kirchner\/\"><span style=\"font-size: 14pt;\">Repudio al intento de asesinato de Cristina Fern\u00e1ndez de Kirchner<\/span><\/a><\/span><\/p>\n","protected":false},"excerpt":{"rendered":"<p>\u00bfC\u00f3mo se construye un pa\u00eds desde el odio? \u00bfCon cu\u00e1nta libertad se han expresado quienes dicen defender la libertad de expresi\u00f3n? \u00bfCu\u00e1nta violencia se puede naturalizar? \u00bfCu\u00e1nto m\u00e1s la derecha, la oligarqu\u00eda y las corporaciones medi\u00e1ticas seguir\u00e1n horadando la democracia? \u00bfQui\u00e9n paga el costo del atentado a la Vicepresidenta?<\/p>\n","protected":false},"author":1152,"featured_media":42240,"comment_status":"open","ping_status":"open","sticky":false,"template":"","format":"standard","meta":{"_uf_show_specific_survey":0,"_uf_disable_surveys":false,"footnotes":""},"categories":[5],"tags":[20365,20374,20370,20375,20377,20364,20376],"coauthors":[20373],"class_list":["post-42234","post","type-post","status-publish","format-standard","has-post-thumbnail","hentry","category-editoriales-y-opiniones","tag-atentado-a-cristina-kirchner","tag-discursos-de-odio","tag-intento-de-magnicidio","tag-pistola-calibre-380","tag-relato-de-odio-derechista","tag-todo-lo-que-cambio-este-jueves","tag-violencia-politica-simbolica-verbal-de-genero-y-mediatica"],"translation":{"provider":"WPGlobus","version":"2.12.2","language":"fr","enabled_languages":["es","fr"],"languages":{"es":{"title":true,"content":true,"excerpt":true},"fr":{"title":false,"content":false,"excerpt":false}}},"_links":{"self":[{"href":"https:\/\/www.lapluma.net\/fr\/wp-json\/wp\/v2\/posts\/42234","targetHints":{"allow":["GET"]}}],"collection":[{"href":"https:\/\/www.lapluma.net\/fr\/wp-json\/wp\/v2\/posts"}],"about":[{"href":"https:\/\/www.lapluma.net\/fr\/wp-json\/wp\/v2\/types\/post"}],"author":[{"embeddable":true,"href":"https:\/\/www.lapluma.net\/fr\/wp-json\/wp\/v2\/users\/1152"}],"replies":[{"embeddable":true,"href":"https:\/\/www.lapluma.net\/fr\/wp-json\/wp\/v2\/comments?post=42234"}],"version-history":[{"count":8,"href":"https:\/\/www.lapluma.net\/fr\/wp-json\/wp\/v2\/posts\/42234\/revisions"}],"predecessor-version":[{"id":42239,"href":"https:\/\/www.lapluma.net\/fr\/wp-json\/wp\/v2\/posts\/42234\/revisions\/42239"}],"wp:featuredmedia":[{"embeddable":true,"href":"https:\/\/www.lapluma.net\/fr\/wp-json\/wp\/v2\/media\/42240"}],"wp:attachment":[{"href":"https:\/\/www.lapluma.net\/fr\/wp-json\/wp\/v2\/media?parent=42234"}],"wp:term":[{"taxonomy":"category","embeddable":true,"href":"https:\/\/www.lapluma.net\/fr\/wp-json\/wp\/v2\/categories?post=42234"},{"taxonomy":"post_tag","embeddable":true,"href":"https:\/\/www.lapluma.net\/fr\/wp-json\/wp\/v2\/tags?post=42234"},{"taxonomy":"author","embeddable":true,"href":"https:\/\/www.lapluma.net\/fr\/wp-json\/wp\/v2\/coauthors?post=42234"}],"curies":[{"name":"wp","href":"https:\/\/api.w.org\/{rel}","templated":true}]}}