{"id":41976,"date":"2022-08-26T10:16:59","date_gmt":"2022-08-26T10:16:59","guid":{"rendered":"https:\/\/www.lapluma.net\/?p=41976"},"modified":"2022-08-27T09:26:16","modified_gmt":"2022-08-27T09:26:16","slug":"bolivialos-golpistas-no-pasaran-historica-concentracion-popular-por-la-democracia-la-unidad-y-el-gobierno-de-lucho-y-david","status":"publish","type":"post","link":"https:\/\/www.lapluma.net\/fr\/2022\/08\/26\/bolivialos-golpistas-no-pasaran-historica-concentracion-popular-por-la-democracia-la-unidad-y-el-gobierno-de-lucho-y-david\/","title":{"rendered":"Bolivia: Los golpistas no pasar\u00e1n<br><i>Hist\u00f3rica concentraci\u00f3n popular por la democracia, la unidad y el Gobierno de Lucho y David<\/i>"},"content":{"rendered":"<p style=\"text-align: justify;\"><span style=\"font-size: 14pt;\">Este jueves 25 de agosto, en la plaza San Francisco de La Paz, se realiz\u00f3 una vibrante concentraci\u00f3n de movimientos sociales y populares por la defensa de la democracia, la reconstrucci\u00f3n econ\u00f3mica tras el desastre dejado por el r\u00e9gimen golpista de \u00c1\u00f1ez, la unidad de las fuerzas concertadas en el Movimiento al Socialismo \u2013 Instrumento Pol\u00edtico por la Soberan\u00eda de los Pueblos (MAS\u2013IPSP) y en el Pacto de Unidad, y el respaldo al Gobierno del Presidente Luis Arce y el Vicepresidente David Choquehuanca<\/span><\/p>\n<figure id=\"attachment_41979\" aria-describedby=\"caption-attachment-41979\" style=\"width: 591px\" class=\"wp-caption aligncenter\"><img loading=\"lazy\" decoding=\"async\" class=\"wp-image-41979\" src=\"https:\/\/www.lapluma.net\/wp-content\/uploads\/2022\/08\/Luis-Arce-y-Evo-Morales-las-marchas-en-defensa-de-la-democracia-750x430-1-300x172.jpg\" alt=\"\" width=\"591\" height=\"339\" srcset=\"https:\/\/www.lapluma.net\/wp-content\/uploads\/2022\/08\/Luis-Arce-y-Evo-Morales-las-marchas-en-defensa-de-la-democracia-750x430-1-300x172.jpg 300w, https:\/\/www.lapluma.net\/wp-content\/uploads\/2022\/08\/Luis-Arce-y-Evo-Morales-las-marchas-en-defensa-de-la-democracia-750x430-1.jpg 750w\" sizes=\"auto, (max-width: 591px) 100vw, 591px\" \/><figcaption id=\"caption-attachment-41979\" class=\"wp-caption-text\"><a href=\"https:\/\/www.nodal.am\/2022\/08\/bolivia-luis-arce-y-evo-morales-encabezaron-masivas-marchas-en-defensa-de-la-democracia\/\">Luis Arce y Evo Morales encabezaron masivas marchas en defensa de la democracia<\/a><\/figcaption><\/figure>\n<p style=\"text-align: justify;\"><span style=\"font-size: 14pt;\">Desde muy temprano arribaron al lugar del evento las columnas multitudinarias de los pueblos de todos los departamentos del Estado Plurinacional, esa humanidad diversa que llen\u00f3 las calles con sus dimensiones profundas, lemas, bailes y canciones.<\/span><\/p>\n<p style=\"text-align: justify;\"><span style=\"font-size: 14pt;\">Sobre la plataforma donde se encontraban las autoridades democr\u00e1ticas del pa\u00eds, se sucedieron los calurosos saludos de representantes del campesinado, obreros de la miner\u00eda, pueblos ind\u00edgenas originarios, interculturales, juntas de vecinos, estudiantes universitarios, profesionales, las Bartolinas, gremiales y transportistas, entre otros actores del proceso de la revoluci\u00f3n democr\u00e1tica y cultural en curso.<\/span><\/p>\n<figure id=\"attachment_41980\" aria-describedby=\"caption-attachment-41980\" style=\"width: 557px\" class=\"wp-caption aligncenter\"><img loading=\"lazy\" decoding=\"async\" class=\"wp-image-41980\" src=\"https:\/\/www.lapluma.net\/wp-content\/uploads\/2022\/08\/Evo-destaca-la-unidad-del-pueblo-boliviano-y-advierte-que-EEUU-esta-detras-del-litio--300x169.jpg\" alt=\"\" width=\"557\" height=\"314\" srcset=\"https:\/\/www.lapluma.net\/wp-content\/uploads\/2022\/08\/Evo-destaca-la-unidad-del-pueblo-boliviano-y-advierte-que-EEUU-esta-detras-del-litio--300x169.jpg 300w, https:\/\/www.lapluma.net\/wp-content\/uploads\/2022\/08\/Evo-destaca-la-unidad-del-pueblo-boliviano-y-advierte-que-EEUU-esta-detras-del-litio-.jpg 680w\" sizes=\"auto, (max-width: 557px) 100vw, 557px\" \/><figcaption id=\"caption-attachment-41980\" class=\"wp-caption-text\"><a href=\"https:\/\/www.la-epoca.com.bo\/2022\/08\/25\/evo-destaca-la-unidad-del-pueblo-boliviano-y-advierte-que-eeuu-esta-detras-del-litio\/\">Evo destaca la unidad del pueblo boliviano y advierte que EEUU est\u00e1 detr\u00e1s del litio<\/a><\/figcaption><\/figure>\n<p style=\"text-align: justify;\"><span style=\"font-size: 14pt;\">Uno de los oradores de la actividad de innumerables asistentes fue el expresidente Evo Morales, quien se\u00f1al\u00f3 que, \u201cpor la patria debemos estar todos unidos. M\u00e1s cuando los pa\u00edses occidentales quieren venir por nuestro litio y su privatizaci\u00f3n\u201d, y agreg\u00f3 que, \u201ccon la derecha pol\u00edtica, veh\u00edculo de los intereses extranjeros, sostenemos una lucha de clases\u201d.<\/span><\/p>\n<p style=\"text-align: justify;\"><span style=\"font-size: 14pt;\">Posteriormente tom\u00f3 la palabra el Vicepresidente del Estado Plurinacional de Bolivia, David Choquehuanca C\u00e9spedes, cuyo poncho rojo encendi\u00f3 la plaza colmada de convicciones y esperanzas, y saludando con un \u2018Kamisaki\u2019, dijo que, \u201cel 2006 comenz\u00f3 el despertar del pueblo boliviano con la recuperaci\u00f3n de nuestros recursos naturales, de nuestra soberan\u00eda y dignidad, y de nuestro \u2018sapi\u2019, de nuestra ra\u00edz com\u00fan: la cultura de la unidad, la vida, la paz\u201d.<\/span><\/p>\n<p><img loading=\"lazy\" decoding=\"async\" class=\" wp-image-41982 aligncenter\" src=\"https:\/\/www.lapluma.net\/wp-content\/uploads\/2022\/08\/No-pasaran-historica-concentracion-popular-300x200.jpg\" alt=\"\" width=\"548\" height=\"365\" srcset=\"https:\/\/www.lapluma.net\/wp-content\/uploads\/2022\/08\/No-pasaran-historica-concentracion-popular-300x200.jpg 300w, https:\/\/www.lapluma.net\/wp-content\/uploads\/2022\/08\/No-pasaran-historica-concentracion-popular-435x290.jpg 435w, https:\/\/www.lapluma.net\/wp-content\/uploads\/2022\/08\/No-pasaran-historica-concentracion-popular-150x100.jpg 150w, https:\/\/www.lapluma.net\/wp-content\/uploads\/2022\/08\/No-pasaran-historica-concentracion-popular-370x247.jpg 370w, https:\/\/www.lapluma.net\/wp-content\/uploads\/2022\/08\/No-pasaran-historica-concentracion-popular.jpg 600w\" sizes=\"auto, (max-width: 548px) 100vw, 548px\" \/><\/p>\n<p style=\"text-align: justify;\"><span style=\"font-size: 14pt;\">Choquehuanca manifest\u00f3 que, luego de la tr\u00e1gica experiencia del golpe de Estado de 2019, \u201cno podemos continuar enfrent\u00e1ndonos entre bolivianos. Es nuestra obligaci\u00f3n reconstruir la unidad del pueblo, continuar fortaleciendo la democracia participativa, volver a nuestro camino, a nuestra propia forma de ser\u201d, y a\u00f1adi\u00f3 que, \u201cde nuestros ancestros hemos heredado un conjunto de valores, una \u00e9tica que debemos restablecer sobre la base del equilibrio, la hermandad, el respeto. Nadie se salva solo, todos nos necesitamos. Como necesitamos volver a ser comunidad y vencer el ego\u00edsmo, el individualismo, el racismo. Tenemos que aprender de nuestra hermana Bartolina Sisa y nuestros dem\u00e1s l\u00edderes hist\u00f3ricos que se rebelaron contra el colonialismo, el imperialismo, el capitalismo y todas las formas de injusticia\u201d.<\/span><\/p>\n<p style=\"text-align: justify;\"><span style=\"font-size: 14pt;\">Para finalizar la numerosa concentraci\u00f3n, el Presidente Luis Arce se dirigi\u00f3 a los presentes, se\u00f1alando que, \u201choy, en esta plaza, estamos viviendo la m\u00e1s grande marcha de nuestra historia. Y la madurez y sabidur\u00eda del pueblo boliviano nos est\u00e1 demostrando que lo m\u00e1s importante que debemos defender es la democracia\u201d.<\/span><\/p>\n<p style=\"text-align: justify;\"><span style=\"font-size: 14pt;\"><img loading=\"lazy\" decoding=\"async\" class=\" wp-image-41981 aligncenter\" src=\"https:\/\/www.lapluma.net\/wp-content\/uploads\/2022\/08\/Del-Castillo-presente-en-la-marcha-300x200.jpeg\" alt=\"\" width=\"569\" height=\"379\" srcset=\"https:\/\/www.lapluma.net\/wp-content\/uploads\/2022\/08\/Del-Castillo-presente-en-la-marcha-300x200.jpeg 300w, https:\/\/www.lapluma.net\/wp-content\/uploads\/2022\/08\/Del-Castillo-presente-en-la-marcha-1024x683.jpeg 1024w, https:\/\/www.lapluma.net\/wp-content\/uploads\/2022\/08\/Del-Castillo-presente-en-la-marcha-768x512.jpeg 768w, https:\/\/www.lapluma.net\/wp-content\/uploads\/2022\/08\/Del-Castillo-presente-en-la-marcha-1536x1024.jpeg 1536w, https:\/\/www.lapluma.net\/wp-content\/uploads\/2022\/08\/Del-Castillo-presente-en-la-marcha-435x290.jpeg 435w, https:\/\/www.lapluma.net\/wp-content\/uploads\/2022\/08\/Del-Castillo-presente-en-la-marcha-150x100.jpeg 150w, https:\/\/www.lapluma.net\/wp-content\/uploads\/2022\/08\/Del-Castillo-presente-en-la-marcha-370x247.jpeg 370w, https:\/\/www.lapluma.net\/wp-content\/uploads\/2022\/08\/Del-Castillo-presente-en-la-marcha.jpeg 1599w\" sizes=\"auto, (max-width: 569px) 100vw, 569px\" \/><\/span><\/p>\n<p style=\"text-align: justify;\"><span style=\"font-size: 14pt;\">Luis Arce enfatiz\u00f3 que, \u201cel pueblo jam\u00e1s se va a dejar convencer ni enga\u00f1ar por la derecha que pretende detener su progreso. A la derecha s\u00f3lo le interesa llenar sus propios bolsillos y vaciar los bolsillos del pueblo; s\u00f3lo le interesa debilitar a un gobierno que ha salido del pueblo y para el pueblo\u201d, y que, \u201ca la derecha le molesta que estemos industrializando el pa\u00eds y ofreciendo mejoras a quienes trabajan la tierra. Y cuando a la derecha ya no le sirve la democracia, recurre al golpe de Estado. Pero juntos, desde aqu\u00ed, afirmamos con fuerza \u00a1que la derecha no pasar\u00e1!\u201d.<\/span><\/p>\n<p style=\"text-align: justify;\"><span style=\"font-size: 14pt;\"> <img loading=\"lazy\" decoding=\"async\" class=\" wp-image-41984 aligncenter\" src=\"https:\/\/www.lapluma.net\/wp-content\/uploads\/2022\/08\/pancarta-300x300.jpg\" alt=\"\" width=\"508\" height=\"508\" srcset=\"https:\/\/www.lapluma.net\/wp-content\/uploads\/2022\/08\/pancarta-300x300.jpg 300w, https:\/\/www.lapluma.net\/wp-content\/uploads\/2022\/08\/pancarta-1024x1024.jpg 1024w, https:\/\/www.lapluma.net\/wp-content\/uploads\/2022\/08\/pancarta-150x150.jpg 150w, https:\/\/www.lapluma.net\/wp-content\/uploads\/2022\/08\/pancarta-768x768.jpg 768w, https:\/\/www.lapluma.net\/wp-content\/uploads\/2022\/08\/pancarta.jpg 1200w\" sizes=\"auto, (max-width: 508px) 100vw, 508px\" \/><\/span><\/p>\n<p style=\"text-align: justify;\"><span style=\"font-size: 14pt;\">Lucho y David dec\u00edan las pancartas bajo La Paz luminosa. Lucho y David dice el coraz\u00f3n de un pueblo entero.<\/span><\/p>\n<p><img loading=\"lazy\" decoding=\"async\" class=\" wp-image-41983 aligncenter\" src=\"https:\/\/www.lapluma.net\/wp-content\/uploads\/2022\/08\/foto-arce-marcha-300x200.jpg\" alt=\"\" width=\"530\" height=\"353\" srcset=\"https:\/\/www.lapluma.net\/wp-content\/uploads\/2022\/08\/foto-arce-marcha-300x200.jpg 300w, https:\/\/www.lapluma.net\/wp-content\/uploads\/2022\/08\/foto-arce-marcha-435x290.jpg 435w, https:\/\/www.lapluma.net\/wp-content\/uploads\/2022\/08\/foto-arce-marcha-150x100.jpg 150w, https:\/\/www.lapluma.net\/wp-content\/uploads\/2022\/08\/foto-arce-marcha-370x247.jpg 370w, https:\/\/www.lapluma.net\/wp-content\/uploads\/2022\/08\/foto-arce-marcha.jpg 700w\" sizes=\"auto, (max-width: 530px) 100vw, 530px\" \/><\/p>\n<h2><span style=\"font-size: 18pt;\"><strong>Andr\u00e9s Figueroa Cornejo<\/strong> para La Pluma, 25 de agosto de 2022<br \/>\n<\/span><\/h2>\n<h2><span style=\"font-size: 18pt;\">Editado por <a href=\"http:\/\/www.lapluma.net\/nosotros\/editora\/\">Mar\u00eda Piedad Ossaba<\/a><\/span><\/h2>\n","protected":false},"excerpt":{"rendered":"<p>Para finalizar la numerosa concentraci\u00f3n, el Presidente Luis Arce se dirigi\u00f3 a los presentes, se\u00f1alando que, \u201choy, en esta plaza, estamos viviendo la m\u00e1s grande marcha de nuestra historia. Y la madurez y sabidur\u00eda del pueblo boliviano nos est\u00e1 demostrando que lo m\u00e1s importante que debemos defender es la democracia\u201d.<\/p>\n","protected":false},"author":286,"featured_media":41985,"comment_status":"open","ping_status":"open","sticky":false,"template":"","format":"standard","meta":{"_uf_show_specific_survey":0,"_uf_disable_surveys":false,"footnotes":""},"categories":[217],"tags":[6181,17049,11049,20271,3965,20276,20272,20270,20274,20275,20273],"coauthors":[2520],"class_list":["post-41976","post","type-post","status-publish","format-standard","has-post-thumbnail","hentry","category-abya-yala","tag-andres-figueroa-cornejo","tag-bolivia-america-latina-abya-yala","tag-companero-presidente-evo-morales","tag-concentracion-movimientos-sociales-y-populares","tag-defensa-de-la-democracia","tag-luis-arce-david-choquehuanca","tag-movimiento-al-socialismo","tag-no-pasaran","tag-pacto-de-unidad","tag-respaldo-al-gobierno","tag-soberania-de-los-pueblos"],"translation":{"provider":"WPGlobus","version":"2.12.2","language":"fr","enabled_languages":["es","fr"],"languages":{"es":{"title":true,"content":true,"excerpt":true},"fr":{"title":false,"content":false,"excerpt":false}}},"_links":{"self":[{"href":"https:\/\/www.lapluma.net\/fr\/wp-json\/wp\/v2\/posts\/41976","targetHints":{"allow":["GET"]}}],"collection":[{"href":"https:\/\/www.lapluma.net\/fr\/wp-json\/wp\/v2\/posts"}],"about":[{"href":"https:\/\/www.lapluma.net\/fr\/wp-json\/wp\/v2\/types\/post"}],"author":[{"embeddable":true,"href":"https:\/\/www.lapluma.net\/fr\/wp-json\/wp\/v2\/users\/286"}],"replies":[{"embeddable":true,"href":"https:\/\/www.lapluma.net\/fr\/wp-json\/wp\/v2\/comments?post=41976"}],"version-history":[{"count":6,"href":"https:\/\/www.lapluma.net\/fr\/wp-json\/wp\/v2\/posts\/41976\/revisions"}],"predecessor-version":[{"id":42028,"href":"https:\/\/www.lapluma.net\/fr\/wp-json\/wp\/v2\/posts\/41976\/revisions\/42028"}],"wp:featuredmedia":[{"embeddable":true,"href":"https:\/\/www.lapluma.net\/fr\/wp-json\/wp\/v2\/media\/41985"}],"wp:attachment":[{"href":"https:\/\/www.lapluma.net\/fr\/wp-json\/wp\/v2\/media?parent=41976"}],"wp:term":[{"taxonomy":"category","embeddable":true,"href":"https:\/\/www.lapluma.net\/fr\/wp-json\/wp\/v2\/categories?post=41976"},{"taxonomy":"post_tag","embeddable":true,"href":"https:\/\/www.lapluma.net\/fr\/wp-json\/wp\/v2\/tags?post=41976"},{"taxonomy":"author","embeddable":true,"href":"https:\/\/www.lapluma.net\/fr\/wp-json\/wp\/v2\/coauthors?post=41976"}],"curies":[{"name":"wp","href":"https:\/\/api.w.org\/{rel}","templated":true}]}}