{"id":41800,"date":"2022-08-19T19:01:02","date_gmt":"2022-08-19T19:01:02","guid":{"rendered":"https:\/\/www.lapluma.net\/?p=41800"},"modified":"2022-08-20T10:36:43","modified_gmt":"2022-08-20T10:36:43","slug":"ecuador-un-nuevo-estado-fallido","status":"publish","type":"post","link":"https:\/\/www.lapluma.net\/fr\/2022\/08\/19\/ecuador-un-nuevo-estado-fallido\/","title":{"rendered":"Ecuador: \u00bfun nuevo Estado fallido?"},"content":{"rendered":"<p style=\"text-align: justify;\"><span style=\"font-size: 14pt;\">Como sucedi\u00f3 en la d\u00e9cada de 1990, la poblaci\u00f3n ecuatoriana tom\u00f3 las calles en los \u00faltimos a\u00f1os con dos formidables movilizaciones: la de octubre de 2019 contra el ajuste econ\u00f3mico perpetrado por <a href=\"https:\/\/cronicon.net\/paginas\/edicanter\/Ediciones123\/nota1.htm\">el impresentable Len\u00edn Moreno<\/a>, y en junio de 2022 contra la pol\u00edtica neoliberal y el desgobierno del <a href=\"https:\/\/cronicon.net\/wp\/como-ee-uu-intervino-en-ecuador-cooptando-grupos-indigenas-y-ambientalistas-para-derrotar-al-correismo-e-imponer-al-cuestionado-banquero-guillermo-lasso\/\">cuestionado banquero Guillermo Lasso<\/a>.<\/span><\/p>\n<figure id=\"attachment_41804\" aria-describedby=\"caption-attachment-41804\" style=\"width: 564px\" class=\"wp-caption aligncenter\"><img loading=\"lazy\" decoding=\"async\" class=\"wp-image-41804\" src=\"https:\/\/www.lapluma.net\/wp-content\/uploads\/2022\/08\/Ecuador_Protest_Image_CONFENIAE-300x158.jpg\" alt=\"\" width=\"564\" height=\"297\" srcset=\"https:\/\/www.lapluma.net\/wp-content\/uploads\/2022\/08\/Ecuador_Protest_Image_CONFENIAE-300x158.jpg 300w, https:\/\/www.lapluma.net\/wp-content\/uploads\/2022\/08\/Ecuador_Protest_Image_CONFENIAE-1024x539.jpg 1024w, https:\/\/www.lapluma.net\/wp-content\/uploads\/2022\/08\/Ecuador_Protest_Image_CONFENIAE-768x405.jpg 768w, https:\/\/www.lapluma.net\/wp-content\/uploads\/2022\/08\/Ecuador_Protest_Image_CONFENIAE.jpg 1215w\" sizes=\"auto, (max-width: 564px) 100vw, 564px\" \/><figcaption id=\"caption-attachment-41804\" class=\"wp-caption-text\">Movilizaci\u00f3n en Ecuador 2019. Foto: CONFENIA<\/figcaption><\/figure>\n<p>&nbsp;<\/p>\n<figure id=\"attachment_41802\" aria-describedby=\"caption-attachment-41802\" style=\"width: 570px\" class=\"wp-caption aligncenter\"><img loading=\"lazy\" decoding=\"async\" class=\"wp-image-41802\" src=\"https:\/\/www.lapluma.net\/wp-content\/uploads\/2022\/08\/Ecuador-en-la-encrucijada-300x172.png\" alt=\"\" width=\"570\" height=\"327\" srcset=\"https:\/\/www.lapluma.net\/wp-content\/uploads\/2022\/08\/Ecuador-en-la-encrucijada-300x172.png 300w, https:\/\/www.lapluma.net\/wp-content\/uploads\/2022\/08\/Ecuador-en-la-encrucijada.png 638w\" sizes=\"auto, (max-width: 570px) 100vw, 570px\" \/><figcaption id=\"caption-attachment-41802\" class=\"wp-caption-text\">Ecuador en la encrucijada. Represi\u00f3n, junio 2022<\/figcaption><\/figure>\n<p style=\"text-align: justify;\"><span style=\"font-size: 14pt;\">Sin embargo, ambos per\u00edodos no son comparables. Tres d\u00e9cadas atr\u00e1s exist\u00eda una sociedad mucho m\u00e1s integrada que apenas empezaba a atisbar el modelo neoliberal que se instal\u00f3 con fuerza hacia 2000, cuando una importante crisis pol\u00edtica llev\u00f3 a las elites a sustituir el sucre por el d\u00f3lar, dando un mazazo a las econom\u00edas populares pero cortando de ra\u00edz la h\u00edperinflaci\u00f3n.<\/span><\/p>\n<p style=\"text-align: justify;\"><span style=\"font-size: 14pt;\">En 1990 aparec\u00eda por vez primera el movimiento ind\u00edgena como actor colectivo, que era capaz de mover la agenda pol\u00edtica e instalarse como interlocutor imprescindible para gobiernos, partidos pol\u00edticos y organizaciones de la sociedad civil. Fueron a\u00f1os de optimismo y esperanzas, ya que la renovaci\u00f3n de los sujetos pol\u00edtico-sociales removi\u00f3 los vetustos modos de hacer pol\u00edtica.<\/span><\/p>\n<p style=\"text-align: justify;\"><span style=\"font-size: 14pt;\">En poco tiempo, comenz\u00f3 a hablarse de comunidades ind\u00edgenas, de las diversas nacionalidades y pueblos que existen en el pa\u00eds, acu\u00f1\u00e1ndose el concepto de plurinacionalidad para definir tanto una realidad diversa como los objetivos pol\u00edticos de los movimientos. Buena parte de las demandas de los pueblos se fueron incorporando a las constituciones de 1998, primero, y de 2008 despu\u00e9s.<\/span><\/p>\n<p style=\"text-align: justify;\"><span style=\"font-size: 14pt;\">En tres d\u00e9cadas, las cosas han cambiado radicalmente. Caminar las calles del centro de Quito supone encontrarse con carteles redactados por los comerciantes que advierten a los ladrones que \u00ab<em>los mataremos con nuestras manos<\/em>\u00bb. Una advertencia temeraria que refleja el sentimiento de buena parte de la poblaci\u00f3n ante el aumento de la violencia urbana, que lleva a los quite\u00f1os a encerrarse en sus casas cuando cae la noche.<\/span><\/p>\n<figure id=\"attachment_41809\" aria-describedby=\"caption-attachment-41809\" style=\"width: 587px\" class=\"wp-caption aligncenter\"><img loading=\"lazy\" decoding=\"async\" class=\"wp-image-41809\" src=\"https:\/\/www.lapluma.net\/wp-content\/uploads\/2022\/08\/0001-Ecuador-Movilizacion-300x180.jpg\" alt=\"\" width=\"587\" height=\"352\" srcset=\"https:\/\/www.lapluma.net\/wp-content\/uploads\/2022\/08\/0001-Ecuador-Movilizacion-300x180.jpg 300w, https:\/\/www.lapluma.net\/wp-content\/uploads\/2022\/08\/0001-Ecuador-Movilizacion.jpg 600w\" sizes=\"auto, (max-width: 587px) 100vw, 587px\" \/><figcaption id=\"caption-attachment-41809\" class=\"wp-caption-text\"><strong>El sector ind\u00edgena ecuatoriano que mayoritariamente apoy\u00f3 electoralmente al banquero Guillermo Lasso para derrotar la candidatura progresista que representaba Andr\u00e9s Arauz, ahora se muestra en su contra ante las pol\u00edticas de corte neoliberal que viene implementando desde el deslegitimado gobierno que preside.<\/strong><\/figcaption><\/figure>\n<p style=\"text-align: justify;\"><span style=\"font-size: 14pt;\">La violencia se ha desbordado en los dos \u00faltimos a\u00f1os, hasta niveles insoportables, mediante el crecimiento de homicidios, robos y acciones del narcotr\u00e1fico. Esto llev\u00f3 al presidente Guillermo Lasso a decretar el estado de excepci\u00f3n en varias ocasiones por \u00abgrave conmoci\u00f3n interna\u00bb, en las provincias m\u00e1s pobladas del pa\u00eds. Sin embargo, la tasa de homicidios en franco crecimiento es la mitad del pico registrado en 2008. Lo que ha cambiado es la actitud de las autoridades.<\/span><\/p>\n<p style=\"text-align: justify;\"><span style=\"font-size: 14pt;\">Las muertes en las c\u00e1rceles, que suman casi 400 detenidos desde 2021, se deben seg\u00fan Human Rights Watch al hacinamiento y la falta de control estatal: <em>\u00abEstos hechos violentos son un recordatorio alarmante de la incapacidad de las autoridades para controlar eficazmente las prisiones y proteger la vida y la seguridad de los ecuatorianos\u00bb<\/em>,<a href=\"https:\/\/www.europapress.es\/internacional\/noticia-hrw-asegura-masacres-carceles-ecuador-deben-falta-control-estatal-20220729035605.html\">\u00a0se\u00f1al\u00f3 la directora interina para las Am\u00e9ricas de HRW<\/a>,\u00a0Tamara Taraciuk Broner.<\/span><\/p>\n<p style=\"text-align: justify;\"><span style=\"font-size: 14pt;\">Los sucesivos gobiernos ecuatorianos, desde la d\u00e9cada progresista de Rafael Correa (2007-2017), se han empe\u00f1ado en fortalecer el aparato represivo del Estado que fue desplegado con brutalidad y contundencia en las batallas callejeras de 2019 y 2022, provocando once y siete muertos, respectivamente, miles de heridos y detenidos.<\/span><\/p>\n<p style=\"text-align: justify;\"><span style=\"font-size: 14pt;\">Pero ese aparato armado no es utilizado para controlar a las pandillas del narco que campan a sus anchas en c\u00e1rceles y calles de las ciudades, en particular en Guayaquil donde se producen el 70% de los hechos violentos. Suena curioso ver c\u00f3mo los aparatos estatales se fortalecen pero abdican del monopolio de la violencia, que es una de las claves de un Estado leg\u00edtimo.<\/span><\/p>\n<p>&nbsp;<\/p>\n<p style=\"text-align: justify;\"><span style=\"font-size: 14pt;\">El actual desastre ecuatoriano \u2013incluyendo la posibilidad de que sea realmente un Estado fallido\u2013 es responsabilidad de los organismos internacionales como el Banco Mundial y el FMI, de los gobiernos de Estados Unidos y de las elites locales, que han impulsado pol\u00edticas que destruyeron el tejido social y la capacidad de articulaci\u00f3n de las instituciones.<\/span><\/p>\n<figure id=\"attachment_41810\" aria-describedby=\"caption-attachment-41810\" style=\"width: 599px\" class=\"wp-caption aligncenter\"><img loading=\"lazy\" decoding=\"async\" class=\"wp-image-41810\" src=\"https:\/\/www.lapluma.net\/wp-content\/uploads\/2022\/08\/Ecuador-Eguez-300x273.jpg\" alt=\"\" width=\"599\" height=\"545\" srcset=\"https:\/\/www.lapluma.net\/wp-content\/uploads\/2022\/08\/Ecuador-Eguez-300x273.jpg 300w, https:\/\/www.lapluma.net\/wp-content\/uploads\/2022\/08\/Ecuador-Eguez-1024x932.jpg 1024w, https:\/\/www.lapluma.net\/wp-content\/uploads\/2022\/08\/Ecuador-Eguez-768x699.jpg 768w, https:\/\/www.lapluma.net\/wp-content\/uploads\/2022\/08\/Ecuador-Eguez.jpg 1170w\" sizes=\"auto, (max-width: 599px) 100vw, 599px\" \/><figcaption id=\"caption-attachment-41810\" class=\"wp-caption-text\">Ilustraci\u00f3n: Pavel \u00c9g\u00fcez.<\/figcaption><\/figure>\n<p style=\"text-align: justify;\"><span style=\"font-size: 14pt;\">El panorama es dram\u00e1tico: un movimiento ind\u00edgena y popular cada vez m\u00e1s potente y enfrente un Estado militarizado, clases medias y altas cada m\u00e1s racistas y violentas que s\u00f3lo piensan en la salvaci\u00f3n individual. El proyecto de pa\u00eds ya no existe, fue devorado por las ambiciones de arriba y el temor a los sectores populares. Lo peor es que se trata de una tendencia que atraviesa a toda la regi\u00f3n.<\/span><\/p>\n<p style=\"text-align: justify;\"><span style=\"font-size: 14pt;\">El choque de trenes sociales y pol\u00edticos parece inevitable en una regi\u00f3n que, recordemos, ostenta las mayores tasas de desigualdad del planeta. Este ser\u00eda el primer elemento a considerar, especialmente en Ecuador: en la medida que ning\u00fan gobierno pudo debilitar a los movimientos populares, pueblos y nacionalidades originarias, el conflicto tiende a desplegarse cada cierto tiempo.<\/span><\/p>\n<p style=\"text-align: justify;\"><span style=\"font-size: 14pt;\">En ocasi\u00f3n del paro de 18 d\u00edas en junio, las cosas se hubieran calmado luego de dos o tres d\u00edas, ya que ninguna de las organizaciones ten\u00eda previsto una movilizaci\u00f3n tan extensa. Sin embargo, la torpeza del gobierno al detener al presidente de la Conaie, Leonidas Iza, encendi\u00f3 la pradera. Las comunidades desbordaron a sus dirigentes y se lanzaron a cortar carreteras, ocupar espacios p\u00fablicos y marchar sobre Quito, como vienen haciendo desde hace tres d\u00e9cadas.<\/span><\/p>\n<figure id=\"attachment_41813\" aria-describedby=\"caption-attachment-41813\" style=\"width: 603px\" class=\"wp-caption aligncenter\"><img loading=\"lazy\" decoding=\"async\" class=\"wp-image-41813\" src=\"https:\/\/www.lapluma.net\/wp-content\/uploads\/2022\/08\/Capture-Lasso-Vilma-Traca-300x168.jpg\" alt=\"\" width=\"603\" height=\"338\" srcset=\"https:\/\/www.lapluma.net\/wp-content\/uploads\/2022\/08\/Capture-Lasso-Vilma-Traca-300x168.jpg 300w, https:\/\/www.lapluma.net\/wp-content\/uploads\/2022\/08\/Capture-Lasso-Vilma-Traca.jpg 573w\" sizes=\"auto, (max-width: 603px) 100vw, 603px\" \/><figcaption id=\"caption-attachment-41813\" class=\"wp-caption-text\">El cuestionado banquero-presidente ecuatoriano Guillermo Lasso Mendoza, visto desde la particular \u00f3ptica de la Ilustradora Vilmatraca (http:\/\/www.vilma-vargas.com).<\/figcaption><\/figure>\n<p style=\"text-align: justify;\"><span style=\"font-size: 14pt;\">La tregua pactada para que sesionen diez comisiones que deben abordar otras tantas demandas del movimiento ind\u00edgena, finaliza a principios de octubre. Pero es apenas eso, una tregua forzada por la potencia del movimiento y la fragilidad del gobierno, aunque ninguno de los dos actores estaban en condiciones de prolongar el conflicto.<\/span><\/p>\n<p style=\"text-align: justify;\"><span style=\"font-size: 14pt;\">Sobre el tema del t\u00edtulo \u2013Ecuador como Estado fallido\u2013 quisiera hacer una reflexi\u00f3n.<\/span><\/p>\n<p style=\"text-align: justify;\"><span style=\"font-size: 14pt;\">Cada vez que un movimiento social adquiere un nivel notable de fortaleza, aparecen las manadas de narcos, armadas y dispuestas a destripar el tejido social. Las modalidades cambian, pero esta pel\u00edcula ya la vimos en Colombia, en M\u00e9xico y en Guatemala. Ahora vemos un escenario similar desplegarse en Wall Mapu, territorio del pueblo mapuche en el sur de Chile. <\/span><\/p>\n<h2 style=\"text-align: justify;\"><span style=\"font-size: 18pt;\">Ra\u00fal Zibechi<\/span><\/h2>\n<h2 style=\"text-align: justify;\"><span style=\"font-size: 18pt;\"><strong>Editado por <a href=\"http:\/\/www.lapluma.net\/nosotros\/editora\/\">Mar\u00eda Piedad Ossaba<\/a><br \/>\n<\/strong><\/span><\/h2>\n<h2><span style=\"font-size: 18pt;\">Publicado por <a href=\"https:\/\/vientosur.info\/ecuador-un-nuevo-estado-fallido\/\">Viento Sur<\/a>\/ <a href=\"https:\/\/cronicon.net\/wp\/ecuador-un-nuevo-estado-fallido\/\">Cronic\u00d3n<\/a>\/ <a href=\"https:\/\/www.nodal.am\/2022\/08\/ecuador-un-nuevo-estado-fallido-por-raul-zibechi\/\">Nodal<\/a>, 19 de agosto de 2022<\/span><\/h2>\n","protected":false},"excerpt":{"rendered":"<p>Cada vez que un movimiento social adquiere un nivel notable de fortaleza, aparecen las manadas de narcos, armadas y dispuestas a destripar el tejido social. Las modalidades cambian, pero esta pel\u00edcula ya la vimos en Colombia, en M\u00e9xico y en Guatemala. Ahora vemos un escenario similar desplegarse en Wall Mapu, territorio del pueblo mapuche en el sur de Chile. \u00bfSer\u00e1 casualidad?<\/p>\n","protected":false},"author":23,"featured_media":41821,"comment_status":"open","ping_status":"open","sticky":false,"template":"","format":"standard","meta":{"_uf_show_specific_survey":0,"_uf_disable_surveys":false,"footnotes":""},"categories":[217],"tags":[20210,20203,20208,20206,20207,15967,5229,20209,11926,139,114,20204,20205],"coauthors":[264],"class_list":["post-41800","post","type-post","status-publish","format-standard","has-post-thumbnail","hentry","category-abya-yala","tag-choque-de-trenes-sociales-y-politicos","tag-comunidades-indigenas-ecuador","tag-desgobierno-del-banquero-guillermo-lasso","tag-destruccion-del-tejido-social","tag-ecuador-en-la-encrucijada","tag-ecuador-america-latina-abya-yala","tag-estado-fallido","tag-grave-conmocion-interna","tag-guillermo-lasso","tag-lenin-moreno","tag-neoliberalismo","tag-violencia-w1","tag-wall-mapu-territorio-pueblo-mapuche"],"translation":{"provider":"WPGlobus","version":"2.12.2","language":"fr","enabled_languages":["es","fr"],"languages":{"es":{"title":true,"content":true,"excerpt":true},"fr":{"title":false,"content":false,"excerpt":false}}},"_links":{"self":[{"href":"https:\/\/www.lapluma.net\/fr\/wp-json\/wp\/v2\/posts\/41800","targetHints":{"allow":["GET"]}}],"collection":[{"href":"https:\/\/www.lapluma.net\/fr\/wp-json\/wp\/v2\/posts"}],"about":[{"href":"https:\/\/www.lapluma.net\/fr\/wp-json\/wp\/v2\/types\/post"}],"author":[{"embeddable":true,"href":"https:\/\/www.lapluma.net\/fr\/wp-json\/wp\/v2\/users\/23"}],"replies":[{"embeddable":true,"href":"https:\/\/www.lapluma.net\/fr\/wp-json\/wp\/v2\/comments?post=41800"}],"version-history":[{"count":9,"href":"https:\/\/www.lapluma.net\/fr\/wp-json\/wp\/v2\/posts\/41800\/revisions"}],"predecessor-version":[{"id":41807,"href":"https:\/\/www.lapluma.net\/fr\/wp-json\/wp\/v2\/posts\/41800\/revisions\/41807"}],"wp:featuredmedia":[{"embeddable":true,"href":"https:\/\/www.lapluma.net\/fr\/wp-json\/wp\/v2\/media\/41821"}],"wp:attachment":[{"href":"https:\/\/www.lapluma.net\/fr\/wp-json\/wp\/v2\/media?parent=41800"}],"wp:term":[{"taxonomy":"category","embeddable":true,"href":"https:\/\/www.lapluma.net\/fr\/wp-json\/wp\/v2\/categories?post=41800"},{"taxonomy":"post_tag","embeddable":true,"href":"https:\/\/www.lapluma.net\/fr\/wp-json\/wp\/v2\/tags?post=41800"},{"taxonomy":"author","embeddable":true,"href":"https:\/\/www.lapluma.net\/fr\/wp-json\/wp\/v2\/coauthors?post=41800"}],"curies":[{"name":"wp","href":"https:\/\/api.w.org\/{rel}","templated":true}]}}