{"id":41225,"date":"2022-08-03T14:15:52","date_gmt":"2022-08-03T14:15:52","guid":{"rendered":"https:\/\/www.lapluma.net\/?p=41225"},"modified":"2022-08-03T15:19:32","modified_gmt":"2022-08-03T15:19:32","slug":"elites-poder-y-principios-de-dominacion-en-colombia-1991-2022-origenes-perfiles-y-recuento-historico","status":"publish","type":"post","link":"https:\/\/www.lapluma.net\/fr\/2022\/08\/03\/elites-poder-y-principios-de-dominacion-en-colombia-1991-2022-origenes-perfiles-y-recuento-historico\/","title":{"rendered":"\u00c9LITES, PODER Y PRINCIPIOS DE DOMINACI\u00d3N EN COLOMBIA (1991-2022) : Or\u00edgenes, perfiles y recuento hist\u00f3rico. Libro Libre"},"content":{"rendered":"<h2 style=\"text-align: center;\"><span dir=\"ltr\" role=\"presentation\">\u00bfPOR QU\u00c9 Y PARA QU\u00c9 ESTUDIAR LAS <\/span><span dir=\"ltr\" role=\"presentation\">\u00c9LITES?<\/span><\/h2>\n<h2>Las \u00e9lites y la desigualdad social<\/h2>\n<p style=\"text-align: justify;\"><span style=\"font-size: 14pt;\">En los a\u00f1os 70 del siglo XX, los tres hombres m\u00e1s ricos de Colombia eran: Julio Mario Santo Domingo, Carlos Ardila L\u00fclle y Jaime Michelsen Uribe (Silva-Colmenares, 1977).<\/span><\/p>\n<p style=\"text-align: justify;\"><span style=\"font-size: 14pt;\">En 2022, los tres hombres m\u00e1s ricos de Colombia son: Luis Carlos Sarmiento Angulo, Gabriel Gilinski Bacal y David V\u00e9lez (Revista Forbes, abril 2022).<\/span><\/p>\n<p style=\"text-align: justify;\"><span style=\"font-size: 14pt;\">Desde 1991, los presidentes de la rep\u00fablica han tenido diferentes or\u00edgenes:<\/span><br \/>\n<span style=\"font-size: 14pt;\">\u2022 Pol\u00edticos provincianos (C\u00e9sar Gaviria y \u00c1lvaro Uribe)<\/span><br \/>\n<span style=\"font-size: 14pt;\">\u2022 Miembros de familias presidenciales bogotanas (Ernesto Samper, Andr\u00e9s Pastrana y Juan Manuel Santos).<\/span><\/p>\n<p style=\"text-align: justify;\"><span style=\"font-size: 14pt;\">En 50 a\u00f1os, hubo cambios significativos en el personal que dirige al gobierno y la econom\u00eda, pero no se evidenciaron cambios en los altos niveles de desigualdad social.<\/span><\/p>\n<h3>Las \u00e9lites y la violencia cr\u00f3nica<\/h3>\n<p style=\"text-align: justify;\"><span style=\"font-size: 14pt;\">Desde 1984 hasta 2016 se han desarrollado 16 procesos de negociaci\u00f3n de paz con grupos guerrilleros y paramilitares (Pizarro, 2017, p. 27). Durante este periodo, se propici\u00f3 la desmovilizaci\u00f3n de m\u00e1s 75.000 excombatientes (Minjusticia, 2022).<\/span><\/p>\n<p style=\"text-align: justify;\"><span style=\"font-size: 14pt;\">Sin embargo, en la actualidad, el conflicto armado persiste en por lo menos doce \u00e1reas geogr\u00e1ficas y el Estado no ha logrado ejercer una regulaci\u00f3n efectiva en gran parte del territorio (UIA, 2022). La violencia tambi\u00e9n se reproduce y se entrecruza en diversos espacios de socializaci\u00f3n (hogar, calle, escuelas, etc.)<\/span><\/p>\n<h2 style=\"text-align: center;\">DEFINIENDO A LAS \u00c9LITES<\/h2>\n<h2><span style=\"font-size: 14pt;\">\u00bfC\u00d3MO LLAMAR A LAS \u00c9LITES?<\/span><\/h2>\n<p style=\"text-align: justify;\"><span style=\"font-size: 14pt;\">El t\u00e9rmino \u201c\u00e9lite\u201d es un concepto usualmente utilizado pero sobre el cual no hay una definici\u00f3n compartida. Esto a pesar de que existe todo un bagaje de estudios te\u00f3ricos y emp\u00edricos. Trabajos como los de Marx, Mosca, Pareto, Michels (1962), Wright Mills (1956, 2000), Robert Dahl, John Higley (2008), Poulantzas (1975), Miliband, y Bourdieu (1996), demuestran la existencia de varias corrientes.<\/span><\/p>\n<h2><span style=\"font-size: 14pt;\">\u00bfSon las \u00e9lites inevitables en una sociedad?, \u00bfson un destino ineludible?<\/span><\/h2>\n<p style=\"text-align: justify;\"><span style=\"font-size: 14pt;\">Nuestra definici\u00f3n de \u00e9lites: son individuos, familias o redes que tienen la capacidad de dictaminar, reproducir, disputar y transformar los principios de dominaci\u00f3n en una sociedad.<\/span><\/p>\n<p style=\"text-align: justify;\"><span style=\"font-size: 14pt;\">La teor\u00eda contempor\u00e1nea establece que no existe una \u00fanica \u00e9lite homog\u00e9nea, ya que con frecuencia se presentan desacuerdos y conflictos sobre la definici\u00f3n de los principios dominantes de dominaci\u00f3n. Por eso, utilizamos el concepto de constelaciones (Savage, M &amp; Nichols, G, 2018), que da cuenta de la existencia de diferentes agrupaciones de \u00e9lites que pueden estar interconectadas, pero esto no significa que est\u00e9n imbricadas o superpuestas.<\/span><\/p>\n<p style=\"text-align: justify;\"><span style=\"font-size: 14pt;\">Las constelaciones permiten tomar en cuenta las disputas al interior de cada agrupaci\u00f3n as\u00ed como entre diferentes agrupaciones de \u00e9lites que pretenden dictar los principios de dominaci\u00f3n.<\/span><\/p>\n<h2><span style=\"font-size: 18pt;\">\u00c9LITE OLIG\u00c1RQUICA<\/span><\/h2>\n<p style=\"text-align: justify;\"><span style=\"font-size: 14pt;\">La oligarqu\u00eda es un t\u00e9rmino griego que se refiere a cuando los m\u00e1s adinerados empiezan a reclamar el derecho a mandar precisamente porque tienen la capacidad de dirigir el rumbo de la econom\u00eda (Winters, 2011). Por eso, acu\u00f1amos el concepto de \u201c\u00e9lite olig\u00e1rquica\u201d para referirnos a aquellos individuos que concentran desproporcionadamente la riqueza en una sociedad y utilizan diferentes recursos de poder para moldear las decisiones del Estado y la opini\u00f3n p\u00fablica.<\/span><\/p>\n<p><img loading=\"lazy\" decoding=\"async\" class=\" wp-image-41226 aligncenter\" src=\"https:\/\/www.lapluma.net\/wp-content\/uploads\/2022\/08\/Elites-poder-y-principios-de-dominacion-en-Colombia-212x300.jpg\" alt=\"\" width=\"395\" height=\"558\" srcset=\"https:\/\/www.lapluma.net\/wp-content\/uploads\/2022\/08\/Elites-poder-y-principios-de-dominacion-en-Colombia-212x300.jpg 212w, https:\/\/www.lapluma.net\/wp-content\/uploads\/2022\/08\/Elites-poder-y-principios-de-dominacion-en-Colombia.jpg 537w\" sizes=\"auto, (max-width: 395px) 100vw, 395px\" \/><\/p>\n<p style=\"text-align: justify;\"><span style=\"font-size: 14pt;\"><a href=\"https:\/\/www.lapluma.net\/wp-content\/uploads\/2022\/08\/PEARCE-VELASCO-ELITES-Y-PODER-EN-COLOMBIA-1991-2022.pdf\"><span dir=\"ltr\" role=\"presentation\">\u00c9<strong>LITES, PODER Y PRINCIPIOS<\/strong><\/span><strong><span dir=\"ltr\" role=\"presentation\"> DE DOMINACI\u00d3N EN COLOMBIA<\/span><span dir=\"ltr\" role=\"presentation\"> (1991-2022)<\/span>: <span dir=\"ltr\" role=\"presentation\">Or\u00edgenes, perfiles y recuento hist\u00f3rico.\u00a0<\/span><\/strong><\/a><\/span><strong><span dir=\"ltr\" role=\"presentation\"><span style=\"font-size: 14pt;\">\u00a0 Formato PDF<\/span><\/span><\/strong><\/p>\n<h2><span style=\"font-size: 18pt;\">Jenny Pearce &amp; Juan David Velasco Montoya<\/span><\/h2>\n<h2><span style=\"font-size: 18pt;\">Editado por<\/span><a href=\"http:\/\/www.lapluma.net\/nosotros\/editora\/\"><span style=\"font-size: 18pt;\"> Mar\u00eda Piedad Ossaba<\/span><\/a><\/h2>\n<p>&nbsp;<\/p>\n<p><strong><span style=\"font-size: 14pt;\">CAPAZ\u00a0\u00a0\u00a0\u00a0\u00a0\u00a0\u00a0\u00a0\u00a0\u00a0\u00a0\u00a0\u00a0\u00a0\u00a0\u00a0\u00a0\u00a0\u00a0\u00a0\u00a0\u00a0\u00a0\u00a0\u00a0\u00a0\u00a0\u00a0\u00a0\u00a0\u00a0\u00a0\u00a0\u00a0\u00a0\u00a0\u00a0\u00a0\u00a0\u00a0\u00a0\u00a0\u00a0\u00a0\u00a0\u00a0\u00a0\u00a0\u00a0\u00a0\u00a0\u00a0\u00a0\u00a0\u00a0\u00a0\u00a0\u00a0\u00a0\u00a0 LSE<\/span> <\/strong><br \/>\nInstituto Colombo-Alem\u00e1n para la Paz\u00a0\u00a0\u00a0\u00a0\u00a0\u00a0\u00a0\u00a0\u00a0\u00a0\u00a0\u00a0\u00a0\u00a0\u00a0\u00a0\u00a0\u00a0\u00a0\u00a0\u00a0\u00a0\u00a0\u00a0\u00a0\u00a0\u00a0\u00a0\u00a0\u00a0 Latin American and Caribbean Centre<\/p>\n<p style=\"text-align: justify;\">\n","protected":false},"excerpt":{"rendered":"<p>Las constelaciones permiten tomar en cuenta las disputas al interior de cada agrupaci\u00f3n as\u00ed como entre diferentes agrupaciones de \u00e9lites que pretenden dictar los principios de dominaci\u00f3n.<\/p>\n","protected":false},"author":1138,"featured_media":41233,"comment_status":"open","ping_status":"open","sticky":false,"template":"","format":"standard","meta":{"_uf_show_specific_survey":0,"_uf_disable_surveys":false,"footnotes":""},"categories":[216,445,219],"tags":[15179,9963,19985,19982,19986,19987,19983,19984],"coauthors":[19981],"class_list":["post-41225","post","type-post","status-publish","format-standard","has-post-thumbnail","hentry","category-colombia","category-processus-de-paix","category-libros-libres","tag-cultura-memoria-historica","tag-desigualdad-social","tag-elite-oligarquica","tag-elites-poder-principio-de-dominacion","tag-jenny-pearce","tag-juan-david-velasco-montoya","tag-perfiles","tag-violencia-cronica"],"translation":{"provider":"WPGlobus","version":"2.12.2","language":"fr","enabled_languages":["es","fr"],"languages":{"es":{"title":true,"content":true,"excerpt":true},"fr":{"title":false,"content":false,"excerpt":false}}},"_links":{"self":[{"href":"https:\/\/www.lapluma.net\/fr\/wp-json\/wp\/v2\/posts\/41225","targetHints":{"allow":["GET"]}}],"collection":[{"href":"https:\/\/www.lapluma.net\/fr\/wp-json\/wp\/v2\/posts"}],"about":[{"href":"https:\/\/www.lapluma.net\/fr\/wp-json\/wp\/v2\/types\/post"}],"author":[{"embeddable":true,"href":"https:\/\/www.lapluma.net\/fr\/wp-json\/wp\/v2\/users\/1138"}],"replies":[{"embeddable":true,"href":"https:\/\/www.lapluma.net\/fr\/wp-json\/wp\/v2\/comments?post=41225"}],"version-history":[{"count":6,"href":"https:\/\/www.lapluma.net\/fr\/wp-json\/wp\/v2\/posts\/41225\/revisions"}],"predecessor-version":[{"id":41236,"href":"https:\/\/www.lapluma.net\/fr\/wp-json\/wp\/v2\/posts\/41225\/revisions\/41236"}],"wp:featuredmedia":[{"embeddable":true,"href":"https:\/\/www.lapluma.net\/fr\/wp-json\/wp\/v2\/media\/41233"}],"wp:attachment":[{"href":"https:\/\/www.lapluma.net\/fr\/wp-json\/wp\/v2\/media?parent=41225"}],"wp:term":[{"taxonomy":"category","embeddable":true,"href":"https:\/\/www.lapluma.net\/fr\/wp-json\/wp\/v2\/categories?post=41225"},{"taxonomy":"post_tag","embeddable":true,"href":"https:\/\/www.lapluma.net\/fr\/wp-json\/wp\/v2\/tags?post=41225"},{"taxonomy":"author","embeddable":true,"href":"https:\/\/www.lapluma.net\/fr\/wp-json\/wp\/v2\/coauthors?post=41225"}],"curies":[{"name":"wp","href":"https:\/\/api.w.org\/{rel}","templated":true}]}}