{"id":41206,"date":"2022-08-03T13:06:30","date_gmt":"2022-08-03T13:06:30","guid":{"rendered":"https:\/\/www.lapluma.net\/?p=41206"},"modified":"2022-08-03T13:21:57","modified_gmt":"2022-08-03T13:21:57","slug":"colombia-instalacion-del-congreso-de-la-republica-gobernabilidad-para-el-acuerdo-nacional","status":"publish","type":"post","link":"https:\/\/www.lapluma.net\/fr\/2022\/08\/03\/colombia-instalacion-del-congreso-de-la-republica-gobernabilidad-para-el-acuerdo-nacional\/","title":{"rendered":"Colombia: Instalaci\u00f3n del Congreso de la Rep\u00fablica. Gobernabilidad para el Acuerdo Nacional"},"content":{"rendered":"<p style=\"text-align: justify;\"><span style=\"font-size: 14pt;\">An\u00e1lisis de la composici\u00f3n del Congreso de cara al Gran Acuerdo Nacional propuesto por Gustavo Petro y Francia M\u00e1rquez.<\/span><\/p>\n<p style=\"text-align: justify;\"><span style=\"font-size: 14pt;\"><img loading=\"lazy\" decoding=\"async\" class=\" wp-image-41214 aligncenter\" src=\"https:\/\/www.lapluma.net\/wp-content\/uploads\/2022\/08\/informe-cap-congreso-colombiaartboard-2-100-1536x863-1-300x169.jpg\" alt=\"\" width=\"488\" height=\"275\" srcset=\"https:\/\/www.lapluma.net\/wp-content\/uploads\/2022\/08\/informe-cap-congreso-colombiaartboard-2-100-1536x863-1-300x169.jpg 300w, https:\/\/www.lapluma.net\/wp-content\/uploads\/2022\/08\/informe-cap-congreso-colombiaartboard-2-100-1536x863-1-1024x575.jpg 1024w, https:\/\/www.lapluma.net\/wp-content\/uploads\/2022\/08\/informe-cap-congreso-colombiaartboard-2-100-1536x863-1-768x432.jpg 768w, https:\/\/www.lapluma.net\/wp-content\/uploads\/2022\/08\/informe-cap-congreso-colombiaartboard-2-100-1536x863-1-870x489.jpg 870w, https:\/\/www.lapluma.net\/wp-content\/uploads\/2022\/08\/informe-cap-congreso-colombiaartboard-2-100-1536x863-1-895x503.jpg 895w, https:\/\/www.lapluma.net\/wp-content\/uploads\/2022\/08\/informe-cap-congreso-colombiaartboard-2-100-1536x863-1.jpg 1536w\" sizes=\"auto, (max-width: 488px) 100vw, 488px\" \/><\/span><\/p>\n<ul style=\"text-align: justify;\">\n<li><span style=\"font-size: 14pt;\">El Congreso de la Rep\u00fablica electo se instal\u00f3 este 20 de julio para el periodo 2022-2026.<\/span><\/li>\n<\/ul>\n<ul style=\"text-align: justify;\">\n<li><span style=\"font-size: 14pt;\">El Congreso es bicameral. El Senado \u2012la C\u00e1mara de mayor importancia en la arquitectura legislativa colombiana\u2012 est\u00e1 compuesto por 108 congresistas agrupados para este periodo en 11 bancadas, siendo la del Pacto Hist\u00f3rico la m\u00e1s numerosa con 20 curules. La C\u00e1mara de Representantes se compone de 188 miembros, donde la del Partido Liberal es\u00a0 la bancada m\u00e1s numerosa con 32 representantes, seguida del Pacto con 28. En esta C\u00e1mara la atomizaci\u00f3n es mayor, con 14 bancadas.<\/span><\/li>\n<\/ul>\n<ul style=\"text-align: justify;\">\n<li><span style=\"font-size: 14pt;\">El Gobierno que inicia el 7 de agosto, presidido por Gustavo Petro y Francia M\u00e1rquez, convoc\u00f3 a todas las fuerzas pol\u00edticas a un <a href=\"https:\/\/www.eltiempo.com\/elecciones-2022\/presidencia\/gustavo-petro-que-dicen-los-partidos-sobre-el-gran-acuerdo-nacional-682081\">Gran Acuerdo Nacional<\/a> con el objetivo de concretar las reformas que propuso como proyecto de Cambio. Las bancadas tienen como plazo legal para declararse de gobierno, independientes o de oposici\u00f3n<a id=\"_ftnref1\" href=\"https:\/\/www.celag.org\/colombia-instalacion-del-congreso-de-la-republica-gobernabilidad-para-el-acuerdo-nacional\/#_ftn1\">[1]<\/a> hasta el 7 de septiembre. Hasta el momento la composici\u00f3n del Senado es la siguiente:<\/span>\n<ul>\n<li><span style=\"font-size: 14pt;\">Los partidos que se declarar\u00e1n de gobierno, hasta el momento, son: <strong>Pacto Hist\u00f3rico, Alianza Verde-Coalici\u00f3n de la Esperanza, Comunes adem\u00e1s de sectores minoritarios, el Partido Liberal y Partido de la U que no formaron parte inicial de la alianza<\/strong>. De acuerdo con lo anterior, <strong>el gobierno del Pacto Hist\u00f3rico contar\u00e1 en el Senado con el apoyo pleno de 64 congresistas, el 59,5 % de la misma.<\/strong><\/span><\/li>\n<\/ul>\n<ul>\n<li><span style=\"font-size: 14pt;\">Los partidos que a\u00fan no han decidido son: Conservador y la coalici\u00f3n evangelista que apuntan que se declarar\u00e1n partidos de gobierno o independientes, lo que significa que podr\u00e1n aceptar u oponerse a las iniciativas legislativas propuestas por el poder ejecutivo. Suponen 19 senadores, el 17,5 % de la C\u00e1mara.<\/span><\/li>\n<\/ul>\n<ul>\n<li><span style=\"font-size: 14pt;\">El Centro Democr\u00e1tico y Cambio Radical por su parte manifestaron que har\u00e1n una \u201coposici\u00f3n responsable\u201d. Es probable que a estos se sume la Liga de Gobernantes contra la Corrupci\u00f3n, de Rodolfo Hern\u00e1ndez. De ser as\u00ed la oposici\u00f3n contar\u00eda con 25 senadores, el 23 % del Senado.<\/span><\/li>\n<\/ul>\n<ul>\n<li><span style=\"font-size: 14pt;\">Los grupos minoritarios (ind\u00edgenas, negritudes y v\u00edctimas del conflicto) y las coaliciones departamentales en la C\u00e1mara de Representantes (18 congresistas) deber\u00e1n elegir su posici\u00f3n. Algunas de estas ya manifestaron su apoyo, 9 de los 16 representantes a la c\u00e1mara por las circunscripciones especiales de v\u00edctimas y las curules ind\u00edgenas (de ambas c\u00e1maras) apoyar\u00e1n las iniciativas gubernamentales; mientras que, de las coaliciones, 10 representantes fueron elegidos por partidos progresistas que apoyaron al Pacto Hist\u00f3rico en la elecci\u00f3n presidencial.<\/span><\/li>\n<\/ul>\n<\/li>\n<\/ul>\n<ul style=\"text-align: justify;\">\n<li><span style=\"font-size: 14pt;\">La Presidencia del Senado rotar\u00e1 anualmente entre cuatro fuerzas. El primer a\u00f1o ser\u00e1 para el Pacto Hist\u00f3rico, en cabeza del senador Roy Barreras, el segundo a\u00f1o ser\u00e1 para la Alianza Verde, el tercero para el Partido Conservador y el cuarto a\u00f1o para el Partido Liberal.<\/span><\/li>\n<\/ul>\n<ul style=\"text-align: justify;\">\n<li><span style=\"font-size: 14pt;\">Por su parte, en la C\u00e1mara de Representantes, el Pacto Hist\u00f3rico contar\u00e1 con el apoyo de 111 congresistas declarados como gobierno, el 59 %, (PH, Alianza Verde, Comunes, liberales, ind\u00edgena, Partido de la U, 9 de las 16 curules de v\u00edctimas y 10 de las coaliciones departamentales conformadas por partidos progresistas). 25 representantes a la C\u00e1mara (13,6 %) se declaran independientes (Partido Conservador). De otro lado, el Centro Democr\u00e1tico (15) y Cambio Radical (16), y probablemente la Liga de Gobernantes contra la Corrupci\u00f3n har\u00e1n oposici\u00f3n con 34 congresistas, el 18,18 % de la C\u00e1mara. Falta conocer la definici\u00f3n de 17 representantes (7 de las 16 curules de v\u00edctimas, 8 representantes de las coaliciones departamentales y las 2 curules afrodescendientes que quedaron en manos de pol\u00edticos de la derecha).<\/span><\/li>\n<\/ul>\n<ul style=\"text-align: justify;\">\n<li><span style=\"font-size: 14pt;\">El nuevo presidente de la C\u00e1mara de Representantes ser\u00e1 David Racero, integrante del Pacto Hist\u00f3rico. Se espera que la presidencia ser\u00e1 tambi\u00e9n rotativa en el cuatrienio, un periodo la tendr\u00e1 la Alianza Verde, otro el Partido Liberal y quiz\u00e1 el cuarto a\u00f1o sea para otra fuerza pol\u00edtica que ha decidido apoyar el Gran Acuerdo Nacional, puede ser para el Partido de la U, o para el Conservador.<\/span><\/li>\n<\/ul>\n<ul style=\"text-align: justify;\">\n<li><span style=\"font-size: 14pt;\"><span style=\"font-size: 14pt;\">La agenda legislativa ser\u00e1 intensa. El Gobierno electo liderado por Gustavo Petro y Francia M\u00e1rquez, asegur\u00f3 que promover\u00e1 una Reforma tributaria progresiva que financie las reformas sociales. Tambi\u00e9n se incluir\u00e1 en la agenda legislativa la reforma agraria, la reforma a la salud y una reforma pol\u00edtica que incluye una reforma al Congreso, para disminuir las vacaciones, las dietas parlamentarias y la reducci\u00f3n salarial. Otro aspecto que tendr\u00e1 ocupada la agenda ser\u00e1 la reversi\u00f3n de los \u00faltimos contratos de la gesti\u00f3n de Duque realizados en estas \u00faltimas semanas de gobierno, as\u00ed como el fortalecimiento de la implementaci\u00f3n del Acuerdo de Paz, que entre otras cosas supone recoger conclusiones del informe de la Comisi\u00f3n de la Verdad y el avance del Catastro Multiprop\u00f3sito<\/span><\/span><br \/>\n<hr class=\"wp-block-separator has-alpha-channel-opacity\" \/>\n<\/li>\n<\/ul>\n<h3><span style=\"font-size: 18pt;\">Anexos<\/span><\/h3>\n<p style=\"text-align: justify;\"><span style=\"font-size: 14pt;\"><img loading=\"lazy\" decoding=\"async\" class=\" wp-image-41208 aligncenter\" src=\"https:\/\/www.lapluma.net\/wp-content\/uploads\/2022\/08\/Composicion-del-Congreso-970x713-1-300x221.jpeg\" alt=\"\" width=\"599\" height=\"441\" srcset=\"https:\/\/www.lapluma.net\/wp-content\/uploads\/2022\/08\/Composicion-del-Congreso-970x713-1-300x221.jpeg 300w, https:\/\/www.lapluma.net\/wp-content\/uploads\/2022\/08\/Composicion-del-Congreso-970x713-1-768x565.jpeg 768w, https:\/\/www.lapluma.net\/wp-content\/uploads\/2022\/08\/Composicion-del-Congreso-970x713-1.jpeg 970w\" sizes=\"auto, (max-width: 599px) 100vw, 599px\" \/><\/span><\/p>\n<p><img loading=\"lazy\" decoding=\"async\" class=\" wp-image-41209 aligncenter\" src=\"https:\/\/www.lapluma.net\/wp-content\/uploads\/2022\/08\/Composicion-del-Congreso-2-970x815-1-300x252.jpeg\" alt=\"\" width=\"597\" height=\"502\" srcset=\"https:\/\/www.lapluma.net\/wp-content\/uploads\/2022\/08\/Composicion-del-Congreso-2-970x815-1-300x252.jpeg 300w, https:\/\/www.lapluma.net\/wp-content\/uploads\/2022\/08\/Composicion-del-Congreso-2-970x815-1-768x645.jpeg 768w, https:\/\/www.lapluma.net\/wp-content\/uploads\/2022\/08\/Composicion-del-Congreso-2-970x815-1.jpeg 970w\" sizes=\"auto, (max-width: 597px) 100vw, 597px\" \/><\/p>\n<p><img loading=\"lazy\" decoding=\"async\" class=\" wp-image-41210 aligncenter\" src=\"https:\/\/www.lapluma.net\/wp-content\/uploads\/2022\/08\/Gobernabilidad-relacion-nuevo-gobierno-bancadas-1536x1291-1-300x252.jpeg\" alt=\"\" width=\"600\" height=\"504\" srcset=\"https:\/\/www.lapluma.net\/wp-content\/uploads\/2022\/08\/Gobernabilidad-relacion-nuevo-gobierno-bancadas-1536x1291-1-300x252.jpeg 300w, https:\/\/www.lapluma.net\/wp-content\/uploads\/2022\/08\/Gobernabilidad-relacion-nuevo-gobierno-bancadas-1536x1291-1-1024x861.jpeg 1024w, https:\/\/www.lapluma.net\/wp-content\/uploads\/2022\/08\/Gobernabilidad-relacion-nuevo-gobierno-bancadas-1536x1291-1-768x646.jpeg 768w, https:\/\/www.lapluma.net\/wp-content\/uploads\/2022\/08\/Gobernabilidad-relacion-nuevo-gobierno-bancadas-1536x1291-1.jpeg 1536w\" sizes=\"auto, (max-width: 600px) 100vw, 600px\" \/><\/p>\n<p><img loading=\"lazy\" decoding=\"async\" class=\" wp-image-41211 aligncenter\" src=\"https:\/\/www.lapluma.net\/wp-content\/uploads\/2022\/08\/Gobernabilidad-Relacion-nuevo-goberno-bancadas2-1536x1370-1-300x268.jpeg\" alt=\"\" width=\"599\" height=\"535\" srcset=\"https:\/\/www.lapluma.net\/wp-content\/uploads\/2022\/08\/Gobernabilidad-Relacion-nuevo-goberno-bancadas2-1536x1370-1-300x268.jpeg 300w, https:\/\/www.lapluma.net\/wp-content\/uploads\/2022\/08\/Gobernabilidad-Relacion-nuevo-goberno-bancadas2-1536x1370-1-1024x913.jpeg 1024w, https:\/\/www.lapluma.net\/wp-content\/uploads\/2022\/08\/Gobernabilidad-Relacion-nuevo-goberno-bancadas2-1536x1370-1-768x685.jpeg 768w, https:\/\/www.lapluma.net\/wp-content\/uploads\/2022\/08\/Gobernabilidad-Relacion-nuevo-goberno-bancadas2-1536x1370-1.jpeg 1536w\" sizes=\"auto, (max-width: 599px) 100vw, 599px\" \/><\/p>\n<p style=\"text-align: justify;\"><span style=\"font-size: 14pt;\"><a id=\"_ftn1\" href=\"https:\/\/www.celag.org\/colombia-instalacion-del-congreso-de-la-republica-gobernabilidad-para-el-acuerdo-nacional\/#_ftnref1\">[1]<\/a> En el <a href=\"https:\/\/dapre.presidencia.gov.co\/normativa\/normativa\/LEY%201909%20DEL%209%20DE%20JULIO%20DE%202018.pdf?TSPD_101_R0=0883a32c4dab2000c70ade2fb95cb4564c9c327ad39c0fc0808b4686abccbb5bf297e94a265159bb088ec9003b1450006c70e9951863844eb4d6854f108f1c82714904c7bf686ecdb86afac46c854e9ac861a685cbead890631f718a4bb70dd81196765ab84dfd9e7bb41eb10b3b1f9e0f6752176685f18991f7281e3bfe9c5f\">estatuto de la oposici\u00f3n<\/a> se contempla el derecho de los partidos a declararse como parte del <strong>gobierno, independientes o de oposici\u00f3n<\/strong>. Las bancadas tienen hasta septiembre para decidir su posici\u00f3n al respecto.<\/span><\/p>\n<h2><span class=\"names\" style=\"font-size: 18pt;\">Javier Calder\u00f3n Castillo y Sim\u00f3n Rubi\u00f1os Cea<\/span><\/h2>\n<h2><span style=\"font-size: 18pt;\">Editado por <a href=\"https:\/\/www.lapluma.net\/nosotros\/editora\/\">Mar\u00eda Piedad Ossaba<\/a><\/span><\/h2>\n<h2><span style=\"font-size: 18pt;\">Fuente: <a href=\"https:\/\/www.celag.org\/colombia-instalacion-del-congreso-de-la-republica-gobernabilidad-para-el-acuerdo-nacional\/\">CELAG<\/a>, 25 de julio de 2022<\/span><\/h2>\n<figure class=\"wp-block-image size-full is-resized\" style=\"text-align: justify;\"><\/figure>\n<p>&nbsp;<\/p>\n","protected":false},"excerpt":{"rendered":"<p>Otro aspecto que tendr\u00e1 ocupada la agenda ser\u00e1 la reversi\u00f3n de los \u00faltimos contratos de la gesti\u00f3n de Duque realizados en estas \u00faltimas semanas de gobierno, as\u00ed como el fortalecimiento de la implementaci\u00f3n del Acuerdo de Paz, que entre otras cosas supone recoger conclusiones del informe de la Comisi\u00f3n de la Verdad y el avance del Catastro Multiprop\u00f3sito<\/p>\n","protected":false},"author":1137,"featured_media":41221,"comment_status":"open","ping_status":"open","sticky":false,"template":"","format":"standard","meta":{"_uf_show_specific_survey":0,"_uf_disable_surveys":false,"footnotes":""},"categories":[216,5],"tags":[19979,19974,19980,19978,19976,19975,19977],"coauthors":[19973],"class_list":["post-41206","post","type-post","status-publish","format-standard","has-post-thumbnail","hentry","category-colombia","category-editoriales-y-opiniones","tag-acuerdo-de-paz-informe-comision-de-la-verdad","tag-analisisis-politico","tag-catastro-multiproposito","tag-estatuto-de-la-oposicion","tag-gobernabilidad-acuerdo-nacional","tag-instalacion-congreso-de-la-republicaa","tag-javier-calderon-castillo-y-simon-rubinos-cea"],"translation":{"provider":"WPGlobus","version":"2.12.2","language":"fr","enabled_languages":["es","fr"],"languages":{"es":{"title":true,"content":true,"excerpt":true},"fr":{"title":false,"content":false,"excerpt":false}}},"_links":{"self":[{"href":"https:\/\/www.lapluma.net\/fr\/wp-json\/wp\/v2\/posts\/41206","targetHints":{"allow":["GET"]}}],"collection":[{"href":"https:\/\/www.lapluma.net\/fr\/wp-json\/wp\/v2\/posts"}],"about":[{"href":"https:\/\/www.lapluma.net\/fr\/wp-json\/wp\/v2\/types\/post"}],"author":[{"embeddable":true,"href":"https:\/\/www.lapluma.net\/fr\/wp-json\/wp\/v2\/users\/1137"}],"replies":[{"embeddable":true,"href":"https:\/\/www.lapluma.net\/fr\/wp-json\/wp\/v2\/comments?post=41206"}],"version-history":[{"count":7,"href":"https:\/\/www.lapluma.net\/fr\/wp-json\/wp\/v2\/posts\/41206\/revisions"}],"predecessor-version":[{"id":41223,"href":"https:\/\/www.lapluma.net\/fr\/wp-json\/wp\/v2\/posts\/41206\/revisions\/41223"}],"wp:featuredmedia":[{"embeddable":true,"href":"https:\/\/www.lapluma.net\/fr\/wp-json\/wp\/v2\/media\/41221"}],"wp:attachment":[{"href":"https:\/\/www.lapluma.net\/fr\/wp-json\/wp\/v2\/media?parent=41206"}],"wp:term":[{"taxonomy":"category","embeddable":true,"href":"https:\/\/www.lapluma.net\/fr\/wp-json\/wp\/v2\/categories?post=41206"},{"taxonomy":"post_tag","embeddable":true,"href":"https:\/\/www.lapluma.net\/fr\/wp-json\/wp\/v2\/tags?post=41206"},{"taxonomy":"author","embeddable":true,"href":"https:\/\/www.lapluma.net\/fr\/wp-json\/wp\/v2\/coauthors?post=41206"}],"curies":[{"name":"wp","href":"https:\/\/api.w.org\/{rel}","templated":true}]}}