{"id":41178,"date":"2022-08-02T14:06:53","date_gmt":"2022-08-02T14:06:53","guid":{"rendered":"https:\/\/www.lapluma.net\/?p=41178"},"modified":"2022-08-02T14:18:23","modified_gmt":"2022-08-02T14:18:23","slug":"calmas-que-anuncian-tempestades-un-hombre-de-la-casa-blanca-en-la-rosada","status":"publish","type":"post","link":"https:\/\/www.lapluma.net\/fr\/2022\/08\/02\/calmas-que-anuncian-tempestades-un-hombre-de-la-casa-blanca-en-la-rosada\/","title":{"rendered":"Calmas que anuncian tempestades: \u00bfUn hombre de la Casa Blanca\u00a0 en la Rosada?"},"content":{"rendered":"<p style=\"text-align: justify;\"><span style=\"font-size: 14pt;\">Ante una inflaci\u00f3n irrefrenable y una serie de concesiones a los due\u00f1os del pa\u00eds (<a href=\"https:\/\/www.lanacion.com.ar\/economia\/campo\/vicentin-la-cerealera-informo-que-logro-el-apoyo-de-bancos-internacionales-para-salir-del-concurso-nid29062022\/\">Vicentin<\/a>, <a href=\"https:\/\/www.rfi.fr\/es\/am%C3%A9ricas\/20220510-soja-argentina-el-espejismo-de-los-agrod%C3%B3lares\">agrod\u00f3lares<\/a>, <a href=\"https:\/\/www.casarosada.gob.ar\/slider-principal\/48678-cerruti-el-gasoducto-nestor-kirchner-va-a-permitir-que-la-argentina-recupere-la-soberania-energetica\">gasoducto N\u00e9stor Kirchner<\/a>), el oficialismo mueve su pen\u00faltima pieza unificando las carteras de Econom\u00eda, Producci\u00f3n y Agricultura, y desplazando as\u00ed a quienes fueran hasta ahora titulares de esas tres \u00e1reas en favor del tercer espacio de la coalici\u00f3n, encabezado por Sergio Tom\u00e1s Massa, un amigo dilecto de la administraci\u00f3n yanqui. Si la maniobra no funciona, solo resta jugar a la reina. Pero como falta m\u00e1s de un a\u00f1o a\u00fan para los pr\u00f3ximos comicios, sin audacia para afectar el bolsillo de las minor\u00edas del privilegio, aparece en el horizonte la posibilidad de sacrificar el \u00faltimo capital pol\u00edtico que conserva el peronismo institucional. A partir de ello, al pueblo solo le esperan m\u00e1s ajuste y represi\u00f3n.<\/span><\/p>\n<figure id=\"attachment_41182\" aria-describedby=\"caption-attachment-41182\" style=\"width: 547px\" class=\"wp-caption aligncenter\"><img loading=\"lazy\" decoding=\"async\" class=\"wp-image-41182\" src=\"https:\/\/www.lapluma.net\/wp-content\/uploads\/2022\/08\/El-nombramiento-de-Sergio-300x169.jpg\" alt=\"\" width=\"547\" height=\"308\" srcset=\"https:\/\/www.lapluma.net\/wp-content\/uploads\/2022\/08\/El-nombramiento-de-Sergio-300x169.jpg 300w, https:\/\/www.lapluma.net\/wp-content\/uploads\/2022\/08\/El-nombramiento-de-Sergio-768x432.jpg 768w, https:\/\/www.lapluma.net\/wp-content\/uploads\/2022\/08\/El-nombramiento-de-Sergio-870x489.jpg 870w, https:\/\/www.lapluma.net\/wp-content\/uploads\/2022\/08\/El-nombramiento-de-Sergio-895x503.jpg 895w, https:\/\/www.lapluma.net\/wp-content\/uploads\/2022\/08\/El-nombramiento-de-Sergio.jpg 960w\" sizes=\"auto, (max-width: 547px) 100vw, 547px\" \/><figcaption id=\"caption-attachment-41182\" class=\"wp-caption-text\">Sergio Tom\u00e1s Massa<\/figcaption><\/figure>\n<h2 style=\"text-align: justify;\"><span style=\"font-size: 14pt;\">Mimos para la oligarqu\u00eda y culpabilizaci\u00f3n a los pobres de su propia pobreza<\/span><\/h2>\n<p style=\"text-align: justify;\"><span style=\"font-size: 14pt;\">Completando una seguidilla de claudicaciones ante los poderosos, el Banco Central acaba de otorgar \u201cbeneficios\u201d a la patronal agraria a fin de incentivarla para que venda su cosecha de soja obscenamente retenida en silobolsas.<\/span><\/p>\n<p style=\"text-align: justify;\"><span style=\"font-size: 14pt;\">Aunque no se trata de una medida directamente devaluatoria o de una rebaja de las retenciones, la iniciativa busca ofrecerles dos cosas: una garant\u00eda de que sus pesos no perder\u00e1n valor ante el d\u00f3lar, y acceso ilimitado al d\u00f3lar minorista, que es mucho m\u00e1s barato que los d\u00f3lares financieros.<\/span><\/p>\n<figure id=\"attachment_41183\" aria-describedby=\"caption-attachment-41183\" style=\"width: 613px\" class=\"wp-caption aligncenter\"><img loading=\"lazy\" decoding=\"async\" class=\"wp-image-41183\" src=\"https:\/\/www.lapluma.net\/wp-content\/uploads\/2022\/08\/soja-300x153.jpg\" alt=\"\" width=\"613\" height=\"313\" srcset=\"https:\/\/www.lapluma.net\/wp-content\/uploads\/2022\/08\/soja-300x153.jpg 300w, https:\/\/www.lapluma.net\/wp-content\/uploads\/2022\/08\/soja-1024x522.jpg 1024w, https:\/\/www.lapluma.net\/wp-content\/uploads\/2022\/08\/soja-768x391.jpg 768w, https:\/\/www.lapluma.net\/wp-content\/uploads\/2022\/08\/soja.jpg 1276w\" sizes=\"auto, (max-width: 613px) 100vw, 613px\" \/><figcaption id=\"caption-attachment-41183\" class=\"wp-caption-text\"><a href=\"https:\/\/notife.com\/879330-crean-un-dolar-agro-para-que-productores-de-soja-vendan-la-cosecha\/\">Crean un \u201cd\u00f3lar-agro\u201d para que productores de soja vendan la cosecha<\/a><\/figcaption><\/figure>\n<p style=\"text-align: justify;\"><span style=\"font-size: 14pt;\">La medida es exclusiva para la venta de soja y tendr\u00e1 vigencia hasta el <a href=\"https:\/\/notife.com\/879330-crean-un-dolar-agro-para-que-productores-de-soja-vendan-la-cosecha\/\">31 de agosto.<\/a><\/span><\/p>\n<p style=\"text-align: justify;\"><span style=\"font-size: 14pt;\">Concretamente, si por caso un productor vende porotos con este mecanismo por valor de $ 1000. El 70%, es decir $ 700, los podr\u00e1 colocar en un dep\u00f3sito a la vista (dinero que puede retirar en forma inmediata, semejante a una caja de ahorro) cuyo valor evolucionar\u00e1 atado al del d\u00f3lar oficial.<\/span><\/p>\n<p style=\"text-align: justify;\"><span style=\"font-size: 14pt;\">El 30% restante, es decir $ 300, puede derivarse al mercado \u00fanico de cambios para adquirir d\u00f3lares. Hasta ahora, si lo quer\u00edan hacer como empresas, deb\u00edan justificar el pedido de divisas, tanto para importar o pagar deudas o regal\u00edas.<\/span><\/p>\n<p style=\"text-align: justify;\"><span style=\"font-size: 14pt;\">As\u00ed, mientras el gobierno se congracia con el poder real, los medios de comunicaci\u00f3n hegem\u00f3nicos contin\u00faan difamando al movimiento piquetero, acaso constituido en principal obst\u00e1culo del gran ajuste que requiere el FMI.<\/span><\/p>\n<figure id=\"attachment_41186\" aria-describedby=\"caption-attachment-41186\" style=\"width: 523px\" class=\"wp-caption aligncenter\"><img loading=\"lazy\" decoding=\"async\" class=\"wp-image-41186\" src=\"https:\/\/www.lapluma.net\/wp-content\/uploads\/2022\/08\/Capture-Unidad-Piquetera-derrotemos-el-ajuste-300x166.jpg\" alt=\"\" width=\"523\" height=\"289\" srcset=\"https:\/\/www.lapluma.net\/wp-content\/uploads\/2022\/08\/Capture-Unidad-Piquetera-derrotemos-el-ajuste-300x166.jpg 300w, https:\/\/www.lapluma.net\/wp-content\/uploads\/2022\/08\/Capture-Unidad-Piquetera-derrotemos-el-ajuste.jpg 624w\" sizes=\"auto, (max-width: 523px) 100vw, 523px\" \/><figcaption id=\"caption-attachment-41186\" class=\"wp-caption-text\"><a href=\"https:\/\/www.resumenlatinoamericano.org\/2022\/07\/14\/argentina-la-unidad-piquetera-marcho-a-plaza-de-mayo-contra-el-ajuste-y-la-crisis-social\/\">La Unidad Piquetera march\u00f3 a Plaza de Mayo contra el ajuste y la crisis social: exigen ruptura con el FMI<\/a><\/figcaption><\/figure>\n<figure id=\"attachment_41189\" aria-describedby=\"caption-attachment-41189\" style=\"width: 523px\" class=\"wp-caption aligncenter\"><img loading=\"lazy\" decoding=\"async\" class=\"wp-image-41189\" src=\"https:\/\/www.lapluma.net\/wp-content\/uploads\/2022\/08\/Movimiento-Evita-300x200.webp\" alt=\"\" width=\"523\" height=\"348\" srcset=\"https:\/\/www.lapluma.net\/wp-content\/uploads\/2022\/08\/Movimiento-Evita-300x200.webp 300w, https:\/\/www.lapluma.net\/wp-content\/uploads\/2022\/08\/Movimiento-Evita-1024x683.webp 1024w, https:\/\/www.lapluma.net\/wp-content\/uploads\/2022\/08\/Movimiento-Evita-768x512.webp 768w, https:\/\/www.lapluma.net\/wp-content\/uploads\/2022\/08\/Movimiento-Evita-435x290.webp 435w, https:\/\/www.lapluma.net\/wp-content\/uploads\/2022\/08\/Movimiento-Evita-150x100.webp 150w, https:\/\/www.lapluma.net\/wp-content\/uploads\/2022\/08\/Movimiento-Evita-370x247.webp 370w, https:\/\/www.lapluma.net\/wp-content\/uploads\/2022\/08\/Movimiento-Evita.webp 1080w\" sizes=\"auto, (max-width: 523px) 100vw, 523px\" \/><figcaption id=\"caption-attachment-41189\" class=\"wp-caption-text\"><a href=\"https:\/\/servicios.lavoz.com.ar\/auth\/login\/?loginwall=true&amp;continue=https:\/\/www.lavoz.com.ar\/politica\/el-movimiento-evita-salio-a-responderle-a-cristina-kirchner\/\">El Movimiento Evita sali\u00f3 a respoderle a Cristina Kirchner.<\/a><\/figcaption><\/figure>\n<p style=\"text-align: justify;\"><span style=\"font-size: 14pt;\">Seg\u00fan una encuesta realizada a nivel nacional, <a href=\"https:\/\/www.lavoz.com.ar\/politica\/segun-una-encuesta-casi-el-80-de-la-clase-media-esta-en-contra-de-los-planes-sociales\/\">casi el 80% de lxs argentinxs de clase media<\/a> est\u00e1 poco o nada de acuerdo con los planes sociales. La mayor\u00eda vincula esa asistencia que brinda el Estado con palabras como \u201cvago\u201d, y considera \u201cnecesario\u201d que se transformen en trabajo.<\/span><\/p>\n<p style=\"text-align: justify;\"><span style=\"font-size: 14pt;\">La investigaci\u00f3n de las consultoras Trespuntozero y Grupo de Opini\u00f3n P\u00fablica (GOP) considera como de clase media a aquellos individuos que cumpl\u00edan con los criterios de ocupaci\u00f3n y nivel de estudios que utiliza la Sociedad Europea para la Opini\u00f3n y la Investigaci\u00f3n de Mercados para esa categor\u00eda.<\/span><\/p>\n<p style=\"text-align: justify;\"><span style=\"font-size: 14pt;\">Dicho an\u00e1lisis revela que <a href=\"https:\/\/www.lavoz.com.ar\/politica\/segun-una-encuesta-casi-el-80-de-la-clase-media-esta-en-contra-de-los-planes-sociales\/\">el 79,8% de ese grupo est\u00e1 poco o nada de acuerdo con los planes sociales<\/a>, mientras que solo el 18,4% est\u00e1 muy o bastante de acuerdo con ellos.<\/span><\/p>\n<p style=\"text-align: justify;\"><span style=\"font-size: 14pt;\">No es extra\u00f1o: La campa\u00f1a medi\u00e1tica destinada a satanizar a lxs exclu\u00eddxs del sistema va dando sus primeros frutos. En estos casos, a la violencia institucional siempre la precede el descr\u00e9dito de su blanco principal.<\/span><\/p>\n<p><img loading=\"lazy\" decoding=\"async\" class=\" wp-image-41190 aligncenter\" src=\"https:\/\/www.lapluma.net\/wp-content\/uploads\/2022\/08\/Acuerdo-desacuerdo-Planes-sociales-300x169.webp\" alt=\"\" width=\"619\" height=\"349\" srcset=\"https:\/\/www.lapluma.net\/wp-content\/uploads\/2022\/08\/Acuerdo-desacuerdo-Planes-sociales-300x169.webp 300w, https:\/\/www.lapluma.net\/wp-content\/uploads\/2022\/08\/Acuerdo-desacuerdo-Planes-sociales-768x432.webp 768w, https:\/\/www.lapluma.net\/wp-content\/uploads\/2022\/08\/Acuerdo-desacuerdo-Planes-sociales-870x489.webp 870w, https:\/\/www.lapluma.net\/wp-content\/uploads\/2022\/08\/Acuerdo-desacuerdo-Planes-sociales-895x503.webp 895w, https:\/\/www.lapluma.net\/wp-content\/uploads\/2022\/08\/Acuerdo-desacuerdo-Planes-sociales.webp 1023w\" sizes=\"auto, (max-width: 619px) 100vw, 619px\" \/><\/p>\n<h2 style=\"text-align: justify;\"><span style=\"font-size: 14pt;\">Continuidades y rupturas con el 2001<\/span><\/h2>\n<p style=\"text-align: justify;\"><span style=\"font-size: 14pt;\">En la dolida Argentina de estas horas, nadie en su sano juicio apostar\u00eda a que \u201ccuanto peor mejor\u201d. Por lo dem\u00e1s, explosiones sociales sin un Norte claro apenas alcanzan para condicionar la calidad de una futura reconstrucci\u00f3n de la gobernabilidad burguesa, como ocurriera en 2003. Pero algunos indicadores socioecon\u00f3micos ameritan cotejar el contexto actual con el del mayor cimbronazo institucional del siglo en curso.<\/span><\/p>\n<p><img loading=\"lazy\" decoding=\"async\" class=\" wp-image-41192 aligncenter\" src=\"https:\/\/www.lapluma.net\/wp-content\/uploads\/2022\/08\/inflacion-argentina-elena-canton_4_795x421-300x159.jpeg\" alt=\"\" width=\"583\" height=\"309\" srcset=\"https:\/\/www.lapluma.net\/wp-content\/uploads\/2022\/08\/inflacion-argentina-elena-canton_4_795x421-300x159.jpeg 300w, https:\/\/www.lapluma.net\/wp-content\/uploads\/2022\/08\/inflacion-argentina-elena-canton_4_795x421-768x407.jpeg 768w, https:\/\/www.lapluma.net\/wp-content\/uploads\/2022\/08\/inflacion-argentina-elena-canton_4_795x421.jpeg 795w\" sizes=\"auto, (max-width: 583px) 100vw, 583px\" \/><\/p>\n<p style=\"text-align: justify;\"><span style=\"font-size: 14pt;\">Pese al impasse &#8211; ignoramos si largo o breve &#8211; determinado por la designaci\u00f3n del flamante S\u00faper Ministro, numerosxs analistas tienden a comparar el escenario que viene configur\u00e1ndose en el pa\u00eds con el que preludi\u00f3 al estallido social de diciembre 2001. Recordemos que una de las grandes causas de aquel colapso fue la pol\u00edtica monetaria que reg\u00eda entonces, conocida como \u00ab\u00a0convertibilidad\u00a0\u00bb, y consistente en la paridad cambiaria peso &#8211; d\u00f3lar.<\/span><\/p>\n<figure id=\"attachment_41191\" aria-describedby=\"caption-attachment-41191\" style=\"width: 615px\" class=\"wp-caption aligncenter\"><img loading=\"lazy\" decoding=\"async\" class=\"wp-image-41191\" src=\"https:\/\/www.lapluma.net\/wp-content\/uploads\/2022\/08\/portadas-clarin-inflacion-archivo-300x148.jpeg\" alt=\"\" width=\"615\" height=\"303\" srcset=\"https:\/\/www.lapluma.net\/wp-content\/uploads\/2022\/08\/portadas-clarin-inflacion-archivo-300x148.jpeg 300w, https:\/\/www.lapluma.net\/wp-content\/uploads\/2022\/08\/portadas-clarin-inflacion-archivo-1024x505.jpeg 1024w, https:\/\/www.lapluma.net\/wp-content\/uploads\/2022\/08\/portadas-clarin-inflacion-archivo-768x379.jpeg 768w, https:\/\/www.lapluma.net\/wp-content\/uploads\/2022\/08\/portadas-clarin-inflacion-archivo.jpeg 1199w\" sizes=\"auto, (max-width: 615px) 100vw, 615px\" \/><figcaption id=\"caption-attachment-41191\" class=\"wp-caption-text\">Portadas de los a\u00f1os ochenta del diario &lsquo;Clar\u00edn&rsquo; dedicadas a la inflaci\u00f3n argentina. ARCHIVO<\/figcaption><\/figure>\n<p style=\"text-align: justify;\"><span style=\"font-size: 14pt;\">Eso le quit\u00f3 al gobierno todo poder de maniobra e hizo que cuando la situaci\u00f3n se volvi\u00f3 inmanejable, por falta de d\u00f3lares, la \u00fanica opci\u00f3n fuera romper esa paridad y \u00ab\u00a0pesificar\u00a0\u00bb los dep\u00f3sitos, provocando una devaluaci\u00f3n que hizo que el peso terminara teniendo un cuarto de su valor contra la moneda estadounidense.<\/span><\/p>\n<p style=\"text-align: justify;\"><span style=\"font-size: 14pt;\">Remitirse a aquel contexto reaviva im\u00e1genes como la de manifestantes golpeando cacerolas frente a los bancos.<\/span><\/p>\n<p style=\"text-align: justify;\"><span style=\"font-size: 14pt;\">En efecto, el sistema bancario estuvo en el centro de la crisis y fue el causante de gran parte del enojo que motiv\u00f3 las protestas. La chispa que encendi\u00f3 la ira fue lo que se conoci\u00f3 como el \u00ab\u00a0corralito\u00a0\u00bb: una restricci\u00f3n sobre el retiro de dinero de las cuentas bancarias, que buscaba frenar una masiva fuga de capitales.<\/span><\/p>\n<p style=\"text-align: justify;\"><span style=\"font-size: 14pt;\">Al cabo de tres semanas de implementada tal medida <strong>Fernando de la R\u00faa<\/strong> renunciaba y hu\u00eda de la Casa Rosada, en medio de masivas protestas.<\/span><\/p>\n<figure id=\"attachment_41193\" aria-describedby=\"caption-attachment-41193\" style=\"width: 602px\" class=\"wp-caption aligncenter\"><img loading=\"lazy\" decoding=\"async\" class=\"wp-image-41193\" src=\"https:\/\/www.lapluma.net\/wp-content\/uploads\/2022\/08\/Fernando-de-la-Rua-dejo-la-casa-Rosada-300x212.jpg\" alt=\"\" width=\"602\" height=\"425\" srcset=\"https:\/\/www.lapluma.net\/wp-content\/uploads\/2022\/08\/Fernando-de-la-Rua-dejo-la-casa-Rosada-300x212.jpg 300w, https:\/\/www.lapluma.net\/wp-content\/uploads\/2022\/08\/Fernando-de-la-Rua-dejo-la-casa-Rosada-768x542.jpg 768w, https:\/\/www.lapluma.net\/wp-content\/uploads\/2022\/08\/Fernando-de-la-Rua-dejo-la-casa-Rosada.jpg 980w\" sizes=\"auto, (max-width: 602px) 100vw, 602px\" \/><figcaption id=\"caption-attachment-41193\" class=\"wp-caption-text\"><a href=\"https:\/\/elcomercio.pe\/mundo\/latinoamerica\/muere-fernando-rua-helicoptero-vayan-dia-ex-presidente-argentina-dejo-casa-rosada-fotos-video-youtube-twitter-lanacion-noticia-653727-noticia\/\">\u00ab\u00a0Que se vayan todos\u00a0\u00bb: el d\u00eda en que Fernando de la R\u00faa dej\u00f3 la Casa Rosada en helic\u00f3ptero<\/a>. Foto: Archivo de La Naci\u00f3n de Argentina<\/figcaption><\/figure>\n<p style=\"text-align: justify;\"><span style=\"font-size: 14pt;\">En diciembre de 2001, los pr\u00e9stamos en d\u00f3lares llegaban a US$36.600 millones y representaban el 83% de los dep\u00f3sitos bancarios, hoy escasean tales reservas.<\/span><\/p>\n<p style=\"text-align: justify;\"><span style=\"font-size: 14pt;\">Once meses antes de aquella debacle, el Banco Central perdi\u00f3 US$22.000 millones de sus reservas internacionales, terminando el a\u00f1o con reservas de poco m\u00e1s de US$15.000 millones.<\/span><\/p>\n<p style=\"text-align: justify;\"><span style=\"font-size: 14pt;\">Tal crisis ocurri\u00f3 tras un freno en el crecimiento econ\u00f3mico, hoy algunxs analistas hablan de cierto repunte de la econom\u00eda, aunque tal reactivaci\u00f3n no se verifica en el d\u00eda a d\u00eda de las grandes mayor\u00edas.<\/span><\/p>\n<p style=\"text-align: justify;\"><span style=\"font-size: 14pt;\">De la R\u00faa hab\u00eda asumido como cabeza de una coalici\u00f3n llamada la Alianza, que se fragment\u00f3 poco tiempo despu\u00e9s de su llegada al poder con la renuncia del vicepresidente <strong>Carlos \u00ab\u00a0Chacho\u00a0\u00bb \u00c1lvarez<\/strong>, a solo diez meses de haber asumido.<\/span><\/p>\n<p style=\"text-align: justify;\"><span style=\"font-size: 14pt;\">Con este \u00faltimo reordenamiento del gabinete, nuestro Presidente profundiza su aislamiento cediendo a sus aliadxs \u00e1reas claves de la administraci\u00f3n central, y pagando el alt\u00edsimo costo de destronar a una Ministra de Econom\u00eda que asumiera con bombos y platillos hace poco m\u00e1s de 15 d\u00edas, as\u00ed como devolviendo a <a href=\"https:\/\/www.lapoliticaonline.com\/politica\/scioli-se-vuelve-a-brasil-y-pierde-fuerza-su-proyecto-presidencial\/\"><strong>Scioli<\/strong> <\/a>a su embajada en Brasil.<\/span><\/p>\n<p style=\"text-align: justify;\"><span style=\"font-size: 14pt;\">En tal contexto, vale la pena tener en cuenta que justamente la crisis de 2001 llev\u00f3 a que millones de argentinos empezaran a recibir subsidios del Estado, ayuda que hoy ha sido puesta en tela de juicio sin ofrecer alternativas significativas para reemplazarla.<\/span><\/p>\n<p style=\"text-align: justify;\"><span style=\"font-size: 14pt;\">El alza de precios es quiz\u00e1s el factor m\u00e1s preocupante de la actual crisis econ\u00f3mica, ya que ha contribuido a que millones de personas caigan por debajo de la l\u00ednea de pobreza (y que \u00e9sta est\u00e9 alcanzado niveles superiores a los de 2001)<\/span><\/p>\n<p style=\"text-align: justify;\"><span style=\"font-size: 14pt;\">Adem\u00e1s, se estima que 2022 terminar\u00e1 con una inflaci\u00f3n pr\u00f3xima al 80%. Y los salarios han quedado muy rezagados.<\/span><\/p>\n<p style=\"text-align: justify;\"><span style=\"font-size: 14pt;\">Sin embargo, los expertos remarcan que la inflaci\u00f3n no fue un factor relevante en la antesala de la crisis de 2001.<\/span><\/p>\n<p style=\"text-align: justify;\"><span style=\"font-size: 14pt;\">El desempleo, en cambio, s\u00ed fue un factor importante de esa crisis, ya que por entonces lleg\u00f3 a niveles r\u00e9cord. Dos meses antes de que renunciara De la R\u00faa alcanzaba al 18,3% de la poblaci\u00f3n. En el primer trimestre de este a\u00f1o ya registra un 7%.<\/span><\/p>\n<p style=\"text-align: justify;\"><span style=\"font-size: 14pt;\">Por \u00faltimo, est\u00e1 el dato que m\u00e1s parece alarmar a quienes temen que Argentina caiga en un nuevo default &#8211; o cesaci\u00f3n de pagos de la deuda externa -, como el que se declar\u00f3 en 2001: <a href=\"https:\/\/www.clarin.com\/economia\/riesgo-pais-sube-4-acerca-3-000-puntos-basicos_0_oklmGrGfp0.html\">el vertiginoso aumento del riesgo pa\u00eds<\/a>, que hoy se acerca a los 3.000 puntos y sube mucho m\u00e1s que en el resto de la regi\u00f3n.<\/span><\/p>\n<p><img loading=\"lazy\" decoding=\"async\" class=\" wp-image-41194 aligncenter\" src=\"https:\/\/www.lapluma.net\/wp-content\/uploads\/2022\/08\/cuadro-riesgo-pais.png\" alt=\"\" width=\"398\" height=\"265\" srcset=\"https:\/\/www.lapluma.net\/wp-content\/uploads\/2022\/08\/cuadro-riesgo-pais.png 258w, https:\/\/www.lapluma.net\/wp-content\/uploads\/2022\/08\/cuadro-riesgo-pais-150x100.png 150w\" sizes=\"auto, (max-width: 398px) 100vw, 398px\" \/><\/p>\n<p style=\"text-align: justify;\"><span style=\"font-size: 14pt;\">En este contexto es entendible la preocupaci\u00f3n. Sin embargo, ese guarismo sigue alejado del de 2001, cuando el riesgo pa\u00eds lleg\u00f3 a 5.500 puntos.<\/span><\/p>\n<p style=\"text-align: justify;\"><span style=\"font-size: 14pt;\">No obstante, ante el quiebre del contrato electoral que llev\u00f3 al Frente de Todxs al gobierno, el descontento social escala y las manifestaciones de protesta tambi\u00e9n.<\/span><\/p>\n<h2 style=\"text-align: justify;\"><span style=\"font-size: 14pt;\">Del laberinto se sale por arriba<\/span><\/h2>\n<p style=\"text-align: justify;\"><span style=\"font-size: 14pt;\">En la base rumorosa de la pir\u00e1mide social gana terreno considerar como madre de todas las batallas al desconocimiento del acuerdo con el FMI.<\/span><\/p>\n<p style=\"text-align: justify;\"><span style=\"font-size: 14pt;\">Por otra parte, est\u00e1 a la vista que el Estado actual es inviable. Se impone pues crear un Fondo Nacional de Desarrollo, constituido con los recursos que no ir\u00e1n al pago de deudas fraudulentas, reserva que deber\u00eda estar al servicio de la econom\u00eda popular &#8211; particularmente en el sector alimentario &#8211; y encarar la distribuci\u00f3n planificada de alimentos, la que deber\u00eda quedar bajo control social del pueblo organizado.<\/span><\/p>\n<p style=\"text-align: justify;\"><span style=\"font-size: 14pt;\">A la vez, urge desarrollar la transformaci\u00f3n de la materia prima para agregar valor y contribuir a la reorganizaci\u00f3n del territorio generando nuevos polos productivos.<\/span><\/p>\n<p style=\"text-align: justify;\"><span style=\"font-size: 14pt;\">Tales iniciativas tendr\u00e1n asidero en el marco de un proceso Constituyente que, yendo de lo simple a lo complejo, permita reagrupar a las fuerzas sociales emergentes en un Frente Popular, por fuera del bipartidismo reinante sujeto a un electoralismo inconducente.<\/span><\/p>\n<p style=\"text-align: justify;\"><span style=\"font-size: 14pt;\">Lo cierto es que hay hambre, y existe una relaci\u00f3n directa entre este y la tenencia de la tierra. Por ende, ese flagelo tambi\u00e9n demanda convocar a los campesinos empobrecidos y pueblos originarios democratizando el acceso a la tierra, un bien que no debe ser el sustento de los agronegocios, sino de la comida indispensable para nuestro pueblo.<\/span><\/p>\n<p style=\"text-align: justify;\"><span style=\"font-size: 14pt;\">La crisis en curso agobia, pero uno de los indicadores m\u00e1s alentadores a tener en cuenta en estas horas es el camino unitario que comenzaron a recorrer los sectores m\u00e1s castigados de la sociedad, los que ante un panorama tan acuciante, deber\u00edan ir acordando los lineamientos de su propio programa de emergencia nacional.<\/span><\/p>\n<h2 style=\"text-align: justify;\"><span style=\"font-size: 18pt;\">Jorge Falcone para La Pluma<\/span><\/h2>\n<h2><span style=\"font-size: 18pt;\">Editado por<a href=\"http:\/\/www.lapluma.net\/nosotros\/editora\/\"> Mar\u00eda Piedad Ossaba<\/a><\/span><\/h2>\n","protected":false},"excerpt":{"rendered":"<p>Lo cierto es que hay hambre, y existe una relaci\u00f3n directa entre este y la tenencia de la tierra. Por ende, ese flagelo tambi\u00e9n demanda convocar a los campesinos empobrecidos y pueblos originarios democratizando el acceso a la tierra, un bien que no debe ser el sustento de los agronegocios, sino de la comida indispensable para nuestro pueblo.<\/p>\n","protected":false},"author":551,"featured_media":41195,"comment_status":"open","ping_status":"open","sticky":false,"template":"","format":"standard","meta":{"_uf_show_specific_survey":0,"_uf_disable_surveys":false,"footnotes":""},"categories":[5,217],"tags":[19967,19968,19969,19963,14404,19965,19966,19964],"coauthors":[7901],"class_list":["post-41178","post","type-post","status-publish","format-standard","has-post-thumbnail","hentry","category-editoriales-y-opiniones","category-abya-yala","tag-banco-central-patronal-agraria","tag-crisis-2001-continuidades-y-rupturas","tag-fernando-de-la-rua-corralito","tag-inflacion-irrefrenable","tag-memoria-historica-2","tag-produccion-y-agricultura","tag-sergio-tomas-massa","tag-unificacion-carteras-de-economia"],"translation":{"provider":"WPGlobus","version":"2.12.2","language":"fr","enabled_languages":["es","fr"],"languages":{"es":{"title":true,"content":true,"excerpt":true},"fr":{"title":false,"content":false,"excerpt":false}}},"_links":{"self":[{"href":"https:\/\/www.lapluma.net\/fr\/wp-json\/wp\/v2\/posts\/41178","targetHints":{"allow":["GET"]}}],"collection":[{"href":"https:\/\/www.lapluma.net\/fr\/wp-json\/wp\/v2\/posts"}],"about":[{"href":"https:\/\/www.lapluma.net\/fr\/wp-json\/wp\/v2\/types\/post"}],"author":[{"embeddable":true,"href":"https:\/\/www.lapluma.net\/fr\/wp-json\/wp\/v2\/users\/551"}],"replies":[{"embeddable":true,"href":"https:\/\/www.lapluma.net\/fr\/wp-json\/wp\/v2\/comments?post=41178"}],"version-history":[{"count":9,"href":"https:\/\/www.lapluma.net\/fr\/wp-json\/wp\/v2\/posts\/41178\/revisions"}],"predecessor-version":[{"id":41197,"href":"https:\/\/www.lapluma.net\/fr\/wp-json\/wp\/v2\/posts\/41178\/revisions\/41197"}],"wp:featuredmedia":[{"embeddable":true,"href":"https:\/\/www.lapluma.net\/fr\/wp-json\/wp\/v2\/media\/41195"}],"wp:attachment":[{"href":"https:\/\/www.lapluma.net\/fr\/wp-json\/wp\/v2\/media?parent=41178"}],"wp:term":[{"taxonomy":"category","embeddable":true,"href":"https:\/\/www.lapluma.net\/fr\/wp-json\/wp\/v2\/categories?post=41178"},{"taxonomy":"post_tag","embeddable":true,"href":"https:\/\/www.lapluma.net\/fr\/wp-json\/wp\/v2\/tags?post=41178"},{"taxonomy":"author","embeddable":true,"href":"https:\/\/www.lapluma.net\/fr\/wp-json\/wp\/v2\/coauthors?post=41178"}],"curies":[{"name":"wp","href":"https:\/\/api.w.org\/{rel}","templated":true}]}}