{"id":41120,"date":"2022-08-01T08:52:53","date_gmt":"2022-08-01T08:52:53","guid":{"rendered":"https:\/\/www.lapluma.net\/?p=41120"},"modified":"2022-08-01T12:13:56","modified_gmt":"2022-08-01T12:13:56","slug":"la-inflacion-no-es-mala-pasa-que-esta-desprestigiada","status":"publish","type":"post","link":"https:\/\/www.lapluma.net\/fr\/2022\/08\/01\/la-inflacion-no-es-mala-pasa-que-esta-desprestigiada\/","title":{"rendered":"La inflaci\u00f3n no es mala: pasa que est\u00e1 desprestigiada\u2026"},"content":{"rendered":"<p style=\"text-align: justify;\"><em><span style=\"font-size: 14pt;\">\u00ab\u00a0La primera panacea para una naci\u00f3n mal gobernada es la inflaci\u00f3n monetaria, la segunda es la guerra. Las dos aportan prosperidad temporaria y destrucci\u00f3n indeleble. Las dos son el refugio de los oportunistas econ\u00f3micos y pol\u00edticos.\u00a0\u00bb<\/span><\/em><br \/>\n<span style=\"font-size: 14pt;\">Ernest Hemingway &#8211; 1899-1961<\/span><\/p>\n<p style=\"text-align: justify;\"><span class=\"yiv6758468321module-3 yiv6758468321text-container\" style=\"font-size: 14pt;\"><em>\u00ab\u00a0La inflaci\u00f3n es un fen\u00f3meno complejo, un proceso din\u00e1mico, no existe un termostato que los bancos centrales puedan subir o bajar. Es sobretodo una lucha por la repartici\u00f3n de los ingresos entre el capital y el trabajo, y el capital ha ganado la batalla durante estos \u00faltimos cuarenta a\u00f1os.\u00a0\u00bb<\/em><br \/>\nStephanie Kelton. Alternatives Economiques, n\u00b0412, Mai 2021.<\/span><\/p>\n<p style=\"text-align: justify;\" align=\"left\"><span style=\"font-size: 14pt;\">No hace falta ser un genio para entender que si desconoces las causas de un mal, se hace dif\u00edcil combatirlo. Mejor aun, conviene distinguir entre s\u00edntomas y causas. La cuesti\u00f3n no reside en saber si tienes fiebre que es un s\u00edntoma, sino en saber cual es la causa que la provoca.<\/span><\/p>\n<p style=\"text-align: justify;\" align=\"left\"><span style=\"font-size: 14pt;\">En Econom\u00eda las causas dependen mayormente de quien las evoca, eso es al gusto del cliente. Un gobierno en funciones suele echarle la culpa al gobierno anterior, lo que no te adelanta mucho. En la actualidad EEUU y la Uni\u00f3n Europea \u2013que junto a Canad\u00e1, Australia y Jap\u00f3n constituyen de manera exclusiva el llamado <em>\u201coccidente\u201d<\/em>\u2013 adoptaron una causa universal para todo desastre: Vladimir Putin.<\/span><\/p>\n<p align=\"left\"><img loading=\"lazy\" decoding=\"async\" class=\" wp-image-41126 aligncenter\" src=\"https:\/\/www.lapluma.net\/wp-content\/uploads\/2022\/08\/Capture-Sanciones-a-Rusia--300x191.jpg\" alt=\"\" width=\"566\" height=\"360\" srcset=\"https:\/\/www.lapluma.net\/wp-content\/uploads\/2022\/08\/Capture-Sanciones-a-Rusia--300x191.jpg 300w, https:\/\/www.lapluma.net\/wp-content\/uploads\/2022\/08\/Capture-Sanciones-a-Rusia-.jpg 546w\" sizes=\"auto, (max-width: 566px) 100vw, 566px\" \/><\/p>\n<p style=\"text-align: justify;\" align=\"left\"><span style=\"font-size: 14pt;\">Ahorita nos debatimos \u2013unos m\u00e1s otros menos\u2013 en una crisis alimentaria que afecta a todo el planeta. El hambre no empez\u00f3 ayer ni lleg\u00f3 con los calores del verano septentrional. Sin embargo lo m\u00e1s f\u00e1cil es culpar a Rusia. Los iluminados occidentales decidieron \u2013por cojones\u2013 que deb\u00edan meter a Ucrania en la OTAN as\u00ed fuese con calzador, aun cuando los rusos advirtieron durante a\u00f1os que eso equival\u00eda a una declaraci\u00f3n de guerra.<\/span><\/p>\n<figure id=\"attachment_41127\" aria-describedby=\"caption-attachment-41127\" style=\"width: 601px\" class=\"wp-caption aligncenter\"><a href=\"https:\/\/www.consilium.europa.eu\/es\/infographics\/eu-sanctions-russia-ukraine-invasion\/\"><img loading=\"lazy\" decoding=\"async\" class=\"wp-image-41127\" src=\"https:\/\/www.lapluma.net\/wp-content\/uploads\/2022\/08\/Capture-Sanciones-rusia-300x205.jpg\" alt=\"\" width=\"601\" height=\"411\" srcset=\"https:\/\/www.lapluma.net\/wp-content\/uploads\/2022\/08\/Capture-Sanciones-rusia-300x205.jpg 300w, https:\/\/www.lapluma.net\/wp-content\/uploads\/2022\/08\/Capture-Sanciones-rusia-220x150.jpg 220w, https:\/\/www.lapluma.net\/wp-content\/uploads\/2022\/08\/Capture-Sanciones-rusia.jpg 495w\" sizes=\"auto, (max-width: 601px) 100vw, 601px\" \/><\/a><figcaption id=\"caption-attachment-41127\" class=\"wp-caption-text\">Infograf\u00eda &#8211; Sanciones de la UE en respuesta a la invasi\u00f3n rusa de Ucrania: <a href=\"https:\/\/www.consilium.europa.eu\/es\/infographics\/eu-sanctions-russia-ukraine-invasion\/\">Ver infograf\u00eda completa<\/a><\/figcaption><\/figure>\n<p style=\"text-align: justify;\" align=\"left\"><span style=\"font-size: 14pt;\">Iniciada la guerra, los iluminados occidentales decidieron luchar hasta el \u00faltimo ucraniano, reserv\u00e1ndose la heroica funci\u00f3n de imponerle sanciones econ\u00f3micas a Rusia. Olvidando, los muy desmemoriados, que Ucrania y Rusia venden cada a\u00f1o el 20% del ma\u00edz y el 30% del trigo planetarios, as\u00ed como el 80% de los girasoles para la producci\u00f3n de aceite y el 80% de los sub-productos s\u00f3lidos obtenidos despu\u00e9s de la extracci\u00f3n del aceite de los granos de las oleaginosas consumidos en Europa. Para no hablar de los fertilizantes nitrogenados, necesarios en la agricultura mundial, 80% de cuyo precio depende del gas que suministra\u2026 \u00a1Rusia!<\/span><\/p>\n<p style=\"text-align: justify;\" align=\"left\"><span style=\"font-size: 14pt;\">De modo que las sanciones econ\u00f3micas bailan conga: un pasito p\u2019alante, un pasito p\u2019atr\u00e1s. El caso del transporte a\u00e9reo es paradigm\u00e1tico: la Uni\u00f3n Europea prohibi\u00f3 venderle piezas de recambio para los aviones a las aerol\u00edneas rusas. Ahora bien, esos aviones (m\u00e1s de 700) son de propiedad de empresas europeas que los alquilan en Rusia. Tales empresas perdieron hasta la camisa gracias a la UE. Luego, <a href=\"https:\/\/www.defensa.com\/aeronautica-y-espacio\/incertidumbre-industria-aeronautica-titanio-proveniente-rusia\">la UE descubri\u00f3 que su industria aeron\u00e1utica (militar y civil) tiene solo un proveedor de titanio: Rusia.<\/a> De modo que Airbus y otras muy provechosas industrias peligran morir. R\u00e1pida y heroicamente la UE ech\u00f3 pie atr\u00e1s: las primeras v\u00edctimas de sus sanciones son los pa\u00edses de la UE que las aplican. Anta\u00f1o a eso le llamaban <em>\u201csalir el tiro por la culata\u201d<\/em>.<\/span><\/p>\n<p style=\"text-align: justify;\" align=\"left\"><span style=\"font-size: 14pt;\">Los desastres ocasionados en la UE por las sanciones destinadas a poner de rodillas a Rusia crecen cada d\u00eda, y la poblaci\u00f3n europea se pregunta si vale la pena morir por los nazis de Kiev, proclamando alto y fuerte que con ellos compartimos los <em>\u201csacrosantos valores de la democracia\u201d<\/em>.<\/span><\/p>\n<p style=\"text-align: justify;\" align=\"left\"><span style=\"font-size: 14pt;\">Los precios de la gasolina, la electricidad, el gas y otros combustibles se fueron a las nubes. La Uni\u00f3n Europea, \u2013cuyos l\u00edderes obtendr\u00edan menos de 69 en un test de matrices progresivas de Raven\u2013, decidi\u00f3 <em><a href=\"http:\/\/www.cubadebate.cu\/noticias\/2022\/07\/26\/paises-de-la-union-europea-acuerdan-reducir-el-consumo-de-gas-un-15-hasta-primavera-con-excepciones\/\">\u201creducir su consumo de energ\u00eda en un 15%<\/a>\u201d<\/em> (sic). Los rusos \u2013con \u00e1nimo de ayudar\u2013 anunciaron que reducir\u00edan la cantidad de gas que le env\u00edan a la Uni\u00f3n Europea. Horrorizados, los iluminados que nos gobiernan acusaron a Rusia de aplicarnos\u2026 <em>\u201csanciones econ\u00f3micas\u201d<\/em>. \u00a1\u00bfD\u00f3nde se ha visto?! Se supone que las sanciones econ\u00f3micas son la exclusividad de <em>\u201coccidente\u201d<\/em>\u2026<\/span><\/p>\n<p style=\"text-align: justify;\" align=\"left\"><span style=\"font-size: 14pt;\"><img loading=\"lazy\" decoding=\"async\" class=\" wp-image-41129 aligncenter\" src=\"https:\/\/www.lapluma.net\/wp-content\/uploads\/2022\/08\/evolucion-inflacion-ocde.png-300x169.webp\" alt=\"\" width=\"575\" height=\"324\" srcset=\"https:\/\/www.lapluma.net\/wp-content\/uploads\/2022\/08\/evolucion-inflacion-ocde.png-300x169.webp 300w, https:\/\/www.lapluma.net\/wp-content\/uploads\/2022\/08\/evolucion-inflacion-ocde.png-1024x576.webp 1024w, https:\/\/www.lapluma.net\/wp-content\/uploads\/2022\/08\/evolucion-inflacion-ocde.png-768x432.webp 768w, https:\/\/www.lapluma.net\/wp-content\/uploads\/2022\/08\/evolucion-inflacion-ocde.png-870x489.webp 870w, https:\/\/www.lapluma.net\/wp-content\/uploads\/2022\/08\/evolucion-inflacion-ocde.png-895x503.webp 895w, https:\/\/www.lapluma.net\/wp-content\/uploads\/2022\/08\/evolucion-inflacion-ocde.png.webp 1300w\" sizes=\"auto, (max-width: 575px) 100vw, 575px\" \/><\/span><\/p>\n<p style=\"text-align: justify;\" align=\"left\"><span style=\"font-size: 14pt;\">Otra medida genial para ahorrar energ\u00eda, sugerida por <\/span><span style=\"font-size: 14pt;\"><a href=\"https:\/\/www.barrons.com\/news\/spanish\/francia-llama-a-sus-ciudadanos-a-ahorrar-energia-ante-eventual-corte-de-gas-ruso-01658323807\">el gobierno franc\u00e9s, recomienda desconectar el Wi-Fi<\/a>, no, no estoy bromeando. Lo que en la UE conviene llamar boludeces es tema en la prensa europea. El diario brit\u00e1nico <em>The Guardian<\/em> publica lo que sigue:<\/span><\/p>\n<p style=\"text-align: justify;\" align=\"left\"><span style=\"font-size: 14pt;\"><em>\u201cLos precios de la energ\u00eda se van al cielo, la inflaci\u00f3n est\u00e1 desorbitada y millones (de seres humanos) padecen hambre. \u00bfDe seguro <a href=\"https:\/\/www.youtube.com\/watch?v=4v8ipUMbG7U\">Boris Johnson<\/a> sab\u00eda que esto ocurrir\u00eda? Las sanciones occidentales contra Rusia son la pol\u00edtica peor concebida y m\u00e1s contraproductiva en la historia internacional reciente\u201d.<\/em><\/span><\/p>\n<p style=\"text-align: justify;\" align=\"left\"><span style=\"font-size: 14pt;\"><a href=\"https:\/\/es.wikipedia.org\/wiki\/Simon_Jenkins\">Simon Jenkins<\/a>, autor del art\u00edculo, dista mucho de ser pro-ruso, pero se precia de usar su cerebro y se pregunta: <em>\u201cEstoy intrigado de saber si alguna vez alg\u00fan an\u00e1lisis le fue entregado al gabinete de Boris Johnson previendo las consecuencias para Gran Breta\u00f1a de las sanciones contra Rusia\u201d<\/em> (sic).<\/span><\/p>\n<p style=\"text-align: justify;\" align=\"left\"><span style=\"font-size: 14pt;\">Y muy a su pesar da cuenta de la libertad de conciencia como la vivimos en Europa:<\/span><\/p>\n<p style=\"text-align: justify;\" align=\"left\"><span style=\"font-size: 14pt;\"><span class=\"yiv2601867105module-3 yiv2601867105text-container\"><em>\u201cCriticar las sanciones es casi un anatema. Los analistas militares son idiotas con relaci\u00f3n a este tema. Los centros de reflexi\u00f3n estrat\u00e9gica est\u00e1n mudos. Los lideres putativos brit\u00e1nicos, <a href=\"https:\/\/www.infobae.com\/america\/mundo\/2022\/07\/20\/quienes-son-liz-truss-y-rishi-sunak-los-dos-candidatos-para-suceder-a-boris-johnson-al-frente-del-reino-unido\/\">Liz Truss y Rishi Sunak<\/a>, compiten en ret\u00f3rica beligerante y prometen m\u00e1s sanciones sin una palabra sobre su prop\u00f3sito. Pero si Ud, muestra escepticismo al respecto, ser\u00e1 condenado como un \u2018pro-Putin\u2019 y un \u2018anti-Ucrania\u2019\u00a0\u00bb<\/em>.<\/span><br \/>\n<\/span><\/p>\n<p style=\"text-align: justify;\" align=\"left\"><span style=\"font-size: 14pt;\"><img loading=\"lazy\" decoding=\"async\" class=\" wp-image-41131 aligncenter\" src=\"https:\/\/www.lapluma.net\/wp-content\/uploads\/2022\/08\/Simon-Jenkins-The-Guardian--300x158.webp\" alt=\"\" width=\"446\" height=\"235\" srcset=\"https:\/\/www.lapluma.net\/wp-content\/uploads\/2022\/08\/Simon-Jenkins-The-Guardian--300x158.webp 300w, https:\/\/www.lapluma.net\/wp-content\/uploads\/2022\/08\/Simon-Jenkins-The-Guardian--1024x538.webp 1024w, https:\/\/www.lapluma.net\/wp-content\/uploads\/2022\/08\/Simon-Jenkins-The-Guardian--768x403.webp 768w, https:\/\/www.lapluma.net\/wp-content\/uploads\/2022\/08\/Simon-Jenkins-The-Guardian-.webp 1200w\" sizes=\"auto, (max-width: 446px) 100vw, 446px\" \/><\/span><\/p>\n<p style=\"text-align: justify;\" align=\"left\"><span style=\"font-size: 14pt;\">Como dec\u00eda, no hace falta ser un genio para entender que si desconoces las causas de un mal, se hace dif\u00edcil combatirlo. En este caso, el mal viene de <em>\u201coccidente\u201d<\/em>: bloquear la masa de recursos monetarios rusos en EEUU y la UE no ha servido de nada, y hoy por hoy hasta los economistas \u2013ya es decir\u2013 reconocen que las sanciones econ\u00f3micas aplicadas a Mosc\u00fa han debilitado a la Uni\u00f3n Europea.<\/span><\/p>\n<p style=\"text-align: justify;\" align=\"left\"><span style=\"font-size: 14pt;\">De modo que a la larga lista de desastres \u2013crisis del 2001, crisis de los subprimes en 2008, pandemia Covid, cambio clim\u00e1tico\u2026 \u2013 se suma ahora esta crisis alimentaria, agravada por la inflaci\u00f3n que se deja sentir en el mundo entero, particularmente en la UE y en los EEUU.<\/span><\/p>\n<p style=\"text-align: justify;\" align=\"left\"><span style=\"font-size: 14pt;\">La cuesti\u00f3n reside en saber qu\u00e9 es lo que gatill\u00f3 la inflaci\u00f3n. Hacer la pregunta ya es Troya.<\/span><\/p>\n<p style=\"text-align: justify;\" align=\"left\"><span style=\"font-size: 14pt;\"><a href=\"https:\/\/es.wikipedia.org\/wiki\/Milton_Friedman\">Milton Friedman, <\/a>un monetarista, sosten\u00eda que la inflaci\u00f3n se produce cuando hay demasiada moneda disponible (ergo demanda) para una cantidad limitada de bienes en oferta. El buenazo de Friedman reflexionaba prescindiendo del tiempo y otras dimensiones que los economistas se pasan por las am\u00edgdalas del sur, pero no es el caso entrar en esas profundidades.<\/span><\/p>\n<p style=\"text-align: justify;\" align=\"left\"><span style=\"font-size: 14pt;\">Si Friedman ten\u00eda raz\u00f3n, la principal causa del fen\u00f3meno inflacionario tiene relaci\u00f3n con las decenas de billones de euros y d\u00f3lares creados a partir de la nada para salvar a los generadores de las crisis: la industria financiera, los bancos, los especuladores y otros maleantes. Las cifras marean, y los pa\u00edses m\u00e1s endeudados saben que nunca, repito NUNCA, podr\u00e1n pagar las deudas contra\u00eddas.<\/span><\/p>\n<p style=\"text-align: justify;\" align=\"left\"><span style=\"font-size: 14pt;\">Entre los pa\u00edses m\u00e1s endeudados del mundo se cuentan Jap\u00f3n con una deuda igual al 250% de su PIB, Grecia cuya deuda se eleva a un 206,7% de su PIB e Italia con un 154,8% del suyo. Luego vienen EEUU, Portugal, Espa\u00f1a, Francia, B\u00e9lgica, Singapur, Canad\u00e1\u2026 con una deuda que gira en torno al 120% de sus PIB respectivos.<\/span><\/p>\n<p align=\"left\">\n<p align=\"left\">\n<p style=\"text-align: justify;\" align=\"left\">\n<p style=\"text-align: justify;\" align=\"left\"><span style=\"font-size: 14pt;\">Desde luego tambi\u00e9n hay pa\u00edses pringaos, pero tomando en cuenta su \u00ednfimo PIB, su deuda, en volumen, es rid\u00edcula.<\/span><\/p>\n<p style=\"text-align: justify;\" align=\"left\"><span style=\"font-size: 14pt;\">Por su parte Rusia tiene una deuda que no llega al 18% de su PIB, uno se pregunta qui\u00e9n sabe m\u00e1s de econom\u00eda\u2026<\/span><\/p>\n<p style=\"text-align: justify;\" align=\"left\"><span style=\"font-size: 14pt;\">En estos d\u00edas en que la inflaci\u00f3n en EEUU y la UE se aproxima a un 10% en ritmo anual, algo no visto desde hace unos 40 a\u00f1os, los bancos centrales aumentan las tasas de inter\u00e9s, lo que equivale a aumentar el precio del alquiler del dinero. De ese modo restringen la demanda de cr\u00e9ditos (eso piensan los bancos centrales) o sea la masa de dinero que circula en la econom\u00eda, y por v\u00eda de consecuencia reducen la demanda, lo que seg\u00fan la fant\u00e1stica Ley que ya conoces debiese liquidar la inflaci\u00f3n. \u00bfEn serio?<\/span><\/p>\n<p style=\"text-align: justify;\" align=\"left\"><span style=\"font-size: 14pt;\">La FED, banco central de los EEUU, <em>\u201cconfirm\u00f3 su giro restrictivo: el BC de los EEUU aument\u00f3 nuevamente sus tasas en tres cuartos de punto este mi\u00e9rcoles. Otras alzas de las tasas debiesen venir. La FED le da la prioridad a la lucha contra la inflaci\u00f3n\u201d<\/em>, se\u00f1ala la prensa europea (Les Echos, Par\u00eds).<\/span><\/p>\n<figure id=\"attachment_41133\" aria-describedby=\"caption-attachment-41133\" style=\"width: 545px\" class=\"wp-caption aligncenter\"><img loading=\"lazy\" decoding=\"async\" class=\"wp-image-41133\" src=\"https:\/\/www.lapluma.net\/wp-content\/uploads\/2022\/08\/La-FED-300x169.webp\" alt=\"\" width=\"545\" height=\"307\" srcset=\"https:\/\/www.lapluma.net\/wp-content\/uploads\/2022\/08\/La-FED-300x169.webp 300w, https:\/\/www.lapluma.net\/wp-content\/uploads\/2022\/08\/La-FED.webp 768w\" sizes=\"auto, (max-width: 545px) 100vw, 545px\" \/><figcaption id=\"caption-attachment-41133\" class=\"wp-caption-text\">La Reserva Federal estadounidense (Fed, banco central), anunci\u00f3 este mi\u00e9rcoles la cuarta alza consecutiva de sus tasas de inter\u00e9s, en 0,75 puntos porcentuales, para llevarlas a 2,25-2,50%, y prev\u00e9 continuar este movimiento ante una inflaci\u00f3n \u00ab\u00a0demasiado alta\u00a0\u00bb.<\/figcaption><\/figure>\n<p style=\"text-align: justify;\" align=\"left\"><span style=\"font-size: 14pt;\"><a href=\"https:\/\/abcmundial.com\/2022\/07\/21\/europa\/economia\/el-banco-central-europeo-sube-su-tasa-de-deposito-de-referencia-en-50-puntos-basicos-para\">El Banco Central Europeo (BCE)<\/a> hizo lo propio, aumentando la tasa de refinanciamiento <em>\u201cen 50 puntos b\u00e1sicos\u201d<\/em>. No te pierdas: estos superdotados son especialistas de la homeopat\u00eda y las microdosis. Un punto porcentual es dividido en <em>\u201c100 puntos de base\u201d<\/em>: al aumentar la tasa de refinanciamiento de manera brutal el BCE no hizo sino incrementarla en 0,50%.<\/span><\/p>\n<figure id=\"attachment_41134\" aria-describedby=\"caption-attachment-41134\" style=\"width: 535px\" class=\"wp-caption aligncenter\"><img loading=\"lazy\" decoding=\"async\" class=\"wp-image-41134\" src=\"https:\/\/www.lapluma.net\/wp-content\/uploads\/2022\/08\/BCE-tasa-300x166.jpg\" alt=\"\" width=\"535\" height=\"296\" srcset=\"https:\/\/www.lapluma.net\/wp-content\/uploads\/2022\/08\/BCE-tasa-300x166.jpg 300w, https:\/\/www.lapluma.net\/wp-content\/uploads\/2022\/08\/BCE-tasa-768x426.jpg 768w, https:\/\/www.lapluma.net\/wp-content\/uploads\/2022\/08\/BCE-tasa.jpg 822w\" sizes=\"auto, (max-width: 535px) 100vw, 535px\" \/><figcaption id=\"caption-attachment-41134\" class=\"wp-caption-text\">El Banco Central Europeo sube su tasa de dep\u00f3sito de referencia en 50 puntos b\u00e1sicos para controlar la inflaci\u00f3n<\/figcaption><\/figure>\n<p style=\"text-align: justify;\" align=\"left\"><span style=\"font-size: 14pt;\"><a href=\"https:\/\/www.swissinfo.ch\/spa\/afp\/el-banco-franc%C3%A9s-bnp-paribas-gana-un-8-6--m%C3%A1s-en-2019\/45539956\">El BNP<\/a>, el banco m\u00e1s importante de la zona euro, declar\u00f3 una vez m\u00e1s beneficios record. Todo va bien.<\/span><\/p>\n<p style=\"text-align: justify;\" align=\"left\"><span style=\"font-size: 14pt;\">La prensa europea destaca que el alza de tasas de inter\u00e9s puede gatillar una recesi\u00f3n econ\u00f3mica \u2013otra m\u00e1s\u2013 pero esa la pagan los pringaos: basta con mantener alerta las polic\u00edas que se ocupan de la represi\u00f3n.<\/span><\/p>\n<p style=\"text-align: justify;\" align=\"left\"><span style=\"font-size: 14pt;\">Como quiera que sea, la inflaci\u00f3n tiene efectos extremadamente positivos que pocos economistas se atreven a comentar. Entre ellos la virtud de hacer desaparecer la deuda de los Estados, y de los privados (empresas y familias). Deuda \u2013cifrada en euros, d\u00f3lares o pesos\u2013 que una inflaci\u00f3n anual del 10% har\u00eda desaparecer completamente en pocos a\u00f1os. Porque la indexaci\u00f3n de la deuda no existe sino en Chile: no aumenta con la inflaci\u00f3n, sino que disminuye que es un gusto. \u00a1Alabao!<\/span><\/p>\n<p style=\"text-align: justify;\" align=\"left\"><span style=\"font-size: 14pt;\">Hay pa\u00edses, como B\u00e9lgica, en el que s\u00f3lo los salarios est\u00e1n indexados, o dicho de otro modo s\u00f3lo los salarios est\u00e1n expresados en UF. Para quien lo ignora, la UF, o unidad de fomento (\u00bffomento de qu\u00e9?), es una aciaga invenci\u00f3n chilensis, una unidad de cuenta cuyo valor evoluciona con los precios y eterniza las deudas y las aumenta para gozo y deleite de los poderosos.<\/span><\/p>\n<p style=\"text-align: justify;\" align=\"left\"><span style=\"font-size: 14pt;\">Los socialistas franceses \u2013con Mitterrand\u2013 eliminaron la indexaci\u00f3n salarial: cada vez que la inflaci\u00f3n sub\u00eda un punto, tu salario sub\u00eda otro tanto. La indexaci\u00f3n salarial desapareci\u00f3 dizque para darle a la econom\u00eda francesa m\u00e1s competitividad internacional. Pero la \u00fanica consecuencia real fue la disminuci\u00f3n del poder adquisitivo de los trabajadores asalariados: la balanza comercial francesa ha ido empeorando a lo largo de d\u00e9cadas y el d\u00e9ficit comercial alcanza hoy cifras alucinantes.<\/span><\/p>\n<p style=\"text-align: justify;\" align=\"left\"><span style=\"font-size: 14pt;\">Curiosamente a nadie se le ha ocurrido regresar a la indexaci\u00f3n salarial: el neoliberalismo determin\u00f3, contra toda evidencia, que hab\u00eda que evitar los <em>\u201cefectos de segunda vuelta\u201d<\/em>. En claro: cuando los precios suben no hay que aumentar los salarios para no alimentar la inflaci\u00f3n. Poco importa que las causas de la inflaci\u00f3n no tengan nada que ver con los salarios. As\u00ed se concentra la riqueza en pocas manos, y se asegura la <em>atractividad<\/em> de pa\u00edses como Francia y Chile. En Francia, grandes empresas \u2013como Total o CMA-CGM\u2013 no han pagado un euro de impuestos durante a\u00f1os: esa es la <em>atractividad<\/em>.<\/span><\/p>\n<p style=\"text-align: justify;\" align=\"left\"><span style=\"font-size: 14pt;\">Como puedes constatar, entre los efectos positivos de la inflaci\u00f3n se cuenta la concentraci\u00f3n del lucro en manos de los grandes empresarios. Basta con no compensar la masa salarial. De ese modo disminuyen los costes de producci\u00f3n y a precio de venta igual, aumenta el lucro. Si por azar se produce una devaluaci\u00f3n de tu moneda, \u2013pongamos el peso\u2013, pasando de $485 por un d\u00f3lar a $1.050, un asalariado que costaba mil d\u00f3lares al mes, pasa a costar s\u00f3lo US$461,90. \u00bfNo es linda la Econom\u00eda?<\/span><\/p>\n<p style=\"text-align: justify;\" align=\"left\"><span style=\"font-size: 14pt;\">De modo que la inflaci\u00f3n tambi\u00e9n es un negocio. Un negocio del capitalismo. Si no lo sab\u00edas, pocas cosas son tan aborrecidas por los inversionistas como la baja de los precios. En condiciones de deflaci\u00f3n la inversi\u00f3n tiende a desaparecer.<\/span><\/p>\n<p style=\"text-align: justify;\" align=\"left\"><span style=\"font-size: 14pt;\">De modo que el cacareo a prop\u00f3sito de la inflaci\u00f3n es s\u00f3lo eso: cacareo. Durante a\u00f1os la hiper-inflaci\u00f3n fue EL negocio en Brasil. Basta con mirar la masa de beneficios de las gigantescas empresas multinacionales para darse cuenta que, sin indexaci\u00f3n salarial, quienes pagan el pato de la boda somos los pringaos.<\/span><\/p>\n<p style=\"text-align: justify;\" align=\"left\"><span style=\"font-size: 14pt;\">Los bancos centrales hacen el parip\u00e9, chamullan, anuncian, declaran y gesticulan por la sencilla raz\u00f3n que su <em>independencia<\/em> es la herramienta perfecta para cumplir con la \u00fanica tarea que tienen: controlar la inflaci\u00f3n.<\/span><\/p>\n<p style=\"text-align: justify;\" align=\"left\"><span style=\"font-size: 14pt;\">Y cuando la inflaci\u00f3n se les va de las manos\u2026 \u00bfque hacemos pap\u00e1?<\/span><\/p>\n<p style=\"text-align: justify;\" align=\"left\"><span style=\"font-size: 14pt;\">Hay un remedio, pero a los capitalistas no les gusta: terminar con el capitalismo.<\/span><\/p>\n<h2 style=\"text-align: justify;\" align=\"left\"><span style=\"font-size: 18pt;\">Luis Casado para La Pluma<\/span><\/h2>\n<h2 style=\"text-align: justify;\" align=\"left\"><span style=\"font-size: 18pt;\">Editado por <a href=\"https:\/\/www.lapluma.net\/nosotros\/editora\/\">Mar\u00eda Piedad Ossaba<\/a><\/span><\/h2>\n<h2 style=\"text-align: justify;\" align=\"left\"><span style=\"font-size: 18pt;\">Publicado por <a href=\"https:\/\/madmimi.com\/p\/1279541?pact=2653908-168793966-4158025400-51ea2c79d9f897cec6049265fbdaac7767840f68\">Pol\u00edtika<\/a>, 29 de julio de 2022<\/span><\/h2>\n","protected":false},"excerpt":{"rendered":"<p>As\u00ed pues, corremos de un desastre a otro, mientras los poderosos siguen acumulando riquezas y privilegios. En caso de apuros, quienes nos desgobiernan disponen de recursos varios: emisi\u00f3n monetaria sin respaldo, inflaci\u00f3n, guerras, e incluso pandemias que se transforman en fuente de lucro. <\/p>\n","protected":false},"author":38,"featured_media":41122,"comment_status":"open","ping_status":"open","sticky":false,"template":"","format":"standard","meta":{"_uf_show_specific_survey":0,"_uf_disable_surveys":false,"footnotes":""},"categories":[5,218],"tags":[19944,19948,19257,19949,47,19939,19950,19951,18599,19940,19943,335,19947,19942,19952,19946],"coauthors":[336],"class_list":["post-41120","post","type-post","status-publish","format-standard","has-post-thumbnail","hentry","category-editoriales-y-opiniones","category-monde","tag-capital-y-trabajo","tag-crisis-alimentaria-planetaria","tag-crisis-proteccionismo-e-inflacion","tag-desmemoria-occidente-sanciones-economicas-a-rusia","tag-economia","tag-emision-monetaria-sin-respaldo","tag-europa-gas","tag-gazprom","tag-inclusion-de-ucrania-en-la-otan","tag-inflacion-guerras-pandemias-fuente-de-lucro","tag-lucha-reparticion-ingresos","tag-luis-casado","tag-occidente-vladimir-putin","tag-prosperidad-temporaria-y-destruccion-indeleble","tag-rusia-union-europea","tag-usa-ue-canada-australia-y-japon"],"translation":{"provider":"WPGlobus","version":"2.12.2","language":"fr","enabled_languages":["es","fr"],"languages":{"es":{"title":true,"content":true,"excerpt":true},"fr":{"title":false,"content":false,"excerpt":false}}},"_links":{"self":[{"href":"https:\/\/www.lapluma.net\/fr\/wp-json\/wp\/v2\/posts\/41120","targetHints":{"allow":["GET"]}}],"collection":[{"href":"https:\/\/www.lapluma.net\/fr\/wp-json\/wp\/v2\/posts"}],"about":[{"href":"https:\/\/www.lapluma.net\/fr\/wp-json\/wp\/v2\/types\/post"}],"author":[{"embeddable":true,"href":"https:\/\/www.lapluma.net\/fr\/wp-json\/wp\/v2\/users\/38"}],"replies":[{"embeddable":true,"href":"https:\/\/www.lapluma.net\/fr\/wp-json\/wp\/v2\/comments?post=41120"}],"version-history":[{"count":10,"href":"https:\/\/www.lapluma.net\/fr\/wp-json\/wp\/v2\/posts\/41120\/revisions"}],"predecessor-version":[{"id":41139,"href":"https:\/\/www.lapluma.net\/fr\/wp-json\/wp\/v2\/posts\/41120\/revisions\/41139"}],"wp:featuredmedia":[{"embeddable":true,"href":"https:\/\/www.lapluma.net\/fr\/wp-json\/wp\/v2\/media\/41122"}],"wp:attachment":[{"href":"https:\/\/www.lapluma.net\/fr\/wp-json\/wp\/v2\/media?parent=41120"}],"wp:term":[{"taxonomy":"category","embeddable":true,"href":"https:\/\/www.lapluma.net\/fr\/wp-json\/wp\/v2\/categories?post=41120"},{"taxonomy":"post_tag","embeddable":true,"href":"https:\/\/www.lapluma.net\/fr\/wp-json\/wp\/v2\/tags?post=41120"},{"taxonomy":"author","embeddable":true,"href":"https:\/\/www.lapluma.net\/fr\/wp-json\/wp\/v2\/coauthors?post=41120"}],"curies":[{"name":"wp","href":"https:\/\/api.w.org\/{rel}","templated":true}]}}