{"id":41099,"date":"2022-07-30T17:47:10","date_gmt":"2022-07-30T17:47:10","guid":{"rendered":"https:\/\/www.lapluma.net\/?p=41099"},"modified":"2022-07-30T18:38:26","modified_gmt":"2022-07-30T18:38:26","slug":"el-eln-desde-mo-ventana","status":"publish","type":"post","link":"https:\/\/www.lapluma.net\/fr\/2022\/07\/30\/el-eln-desde-mo-ventana\/","title":{"rendered":"El ELN DESDE MI VENTANA"},"content":{"rendered":"<h2><img loading=\"lazy\" decoding=\"async\" class=\" wp-image-41100 aligncenter\" src=\"https:\/\/www.lapluma.net\/wp-content\/uploads\/2022\/07\/El-ELN-DESDE-MI-VENTANA-231x300.png\" alt=\"\" width=\"413\" height=\"536\" srcset=\"https:\/\/www.lapluma.net\/wp-content\/uploads\/2022\/07\/El-ELN-DESDE-MI-VENTANA-231x300.png 231w, https:\/\/www.lapluma.net\/wp-content\/uploads\/2022\/07\/El-ELN-DESDE-MI-VENTANA.png 400w\" sizes=\"auto, (max-width: 413px) 100vw, 413px\" \/><\/h2>\n<h2><a href=\"https:\/\/www.lapluma.net\/wp-content\/uploads\/2022\/07\/eln-desde-mi-ventana-fin.pdf\">EL ELN DESDE MI VENTATA <\/a>Formato PDF<\/h2>\n<h2><img loading=\"lazy\" decoding=\"async\" class=\" wp-image-41107 aligncenter\" src=\"https:\/\/www.lapluma.net\/wp-content\/uploads\/2022\/07\/Capture-Portada-Libro-ELN-218x300.jpg\" alt=\"\" width=\"360\" height=\"495\" srcset=\"https:\/\/www.lapluma.net\/wp-content\/uploads\/2022\/07\/Capture-Portada-Libro-ELN-218x300.jpg 218w, https:\/\/www.lapluma.net\/wp-content\/uploads\/2022\/07\/Capture-Portada-Libro-ELN.jpg 387w\" sizes=\"auto, (max-width: 360px) 100vw, 360px\" \/><\/h2>\n<h2 style=\"text-align: center;\"><span style=\"font-size: 18pt;\">PRESENTACI\u00d3N<\/span><\/h2>\n<p style=\"text-align: justify;\"><span style=\"font-size: 14pt;\">Desde mi ventana he visto e interpretado los acontecimientos de mi pa\u00eds en las \u00faltimas d\u00e9cadas, los que he intentado narrar en cada uno de mis textos, acad\u00e9micos unos y de opini\u00f3n otros, como dir\u00edan los viticultores \u201ccon uvas de mi cosecha\u201d.<\/span><\/p>\n<p style=\"text-align: justify;\"><span style=\"font-size: 14pt;\">El presente libro versa sobre algunos aspectos relevantes en el desarrollo del Ej\u00e9rcito de Liberaci\u00f3n Nacional, organizaci\u00f3n insurgente de la que fui combatiente, militantes y dirigente. No es un documento biogr\u00e1fico aunque en algunos momentos hable en primera persona para verter en <\/span><span style=\"font-size: 14pt;\">\u00e9l mi particular mirada, que puede ser diferente a otras, de modo que este ELN visto \u201cdesde mi ventana\u201d es una forma particular de ver, sentir y expresar, por lo que as\u00ed debe ser tomado: No es la verdad, es mi verdad la cual puede ser completada o mejorada, casi como tambi\u00e9n controvertida<\/span><br \/>\n<span style=\"font-size: 14pt;\">por otras.<\/span><\/p>\n<p style=\"text-align: justify;\"><span style=\"font-size: 14pt;\">Esta mirada la ofrezco a la Comisi\u00f3n de Esclarecimiento de la Verdad \u2013 CEV, porque creo que puede contribuir a comprender la naturaleza de un actor relevante en la vida del pa\u00eds, en los \u00faltimos sesenta a\u00f1os, as\u00ed como algunos de sus desarrollos, en los que tom\u00e9 parte y pude conocer de primera mano.<\/span><\/p>\n<p style=\"text-align: justify;\"><span style=\"font-size: 14pt;\">Es una aportaci\u00f3n m\u00e1s que hago, antes que el olvido me llegue y la lucidez no se haya marchado, en el entendido que no existe una historia, sino muchas que deben ser escritas, le\u00eddas, contadas y escuchadas.<\/span><\/p>\n<p style=\"text-align: justify;\"><span style=\"font-size: 14pt;\">A todas las personas que menciono en el escrito, me unen lazos inextinguibles de afecto, porque compart\u00ed con ellos el pedazo m\u00e1s grande y trascendental de mi vida, puede que en algunos pasajes sea cr\u00edtico, pero de eso se trata cuando ojeamos el pasado, no podemos mirarlo con los mismos <\/span><span style=\"font-size: 14pt;\">ojos con que lo vivimos, toda mirada al pasado debe ser mejorada, con lentes m\u00e1s profundos y de mayor alcance, pues de ello depende que los aciertos se aquilaten y merezcan ser reproducidos, as\u00ed como los errores corregidos.<\/span><\/p>\n<p style=\"text-align: justify;\"><span style=\"font-size: 14pt;\">Con esp\u00edritu fraternal y ciudadano,<\/span><\/p>\n<p style=\"text-align: justify;\"><span style=\"font-size: 14pt;\">Carlos Arturo Velandia Jagua<\/span><br \/>\n<span style=\"font-size: 14pt;\">12 de julio de 2022<\/span><\/p>\n","protected":false},"excerpt":{"rendered":"<p>Es una aportaci\u00f3n m\u00e1s que hago, antes que el olvido me llegue y la lucidez no se haya marchado, en el entendido que no existe una historia, sino muchas que deben ser escritas, le\u00eddas, contadas y escuchadas.<\/p>\n","protected":false},"author":1135,"featured_media":0,"comment_status":"open","ping_status":"open","sticky":false,"template":"","format":"standard","meta":{"_uf_show_specific_survey":0,"_uf_disable_surveys":false,"footnotes":""},"categories":[219],"tags":[10015,19932,19935,19934,19936,13108,14404],"coauthors":[19933],"class_list":["post-41099","post","type-post","status-publish","format-standard","hentry","category-libros-libres","tag-accion-politica-revolucionaria","tag-carlos-arturo-velandia-jagua","tag-comision-de-esclarecimiento-de-la-verdad-cev","tag-desarrollo-del-ejercito-de-liberacion-nacional-eln","tag-eln-actor-relevante-en-la-vida","tag-libro-libre","tag-memoria-historica-2"],"translation":{"provider":"WPGlobus","version":"2.12.2","language":"fr","enabled_languages":["es","fr"],"languages":{"es":{"title":true,"content":true,"excerpt":true},"fr":{"title":false,"content":false,"excerpt":false}}},"_links":{"self":[{"href":"https:\/\/www.lapluma.net\/fr\/wp-json\/wp\/v2\/posts\/41099","targetHints":{"allow":["GET"]}}],"collection":[{"href":"https:\/\/www.lapluma.net\/fr\/wp-json\/wp\/v2\/posts"}],"about":[{"href":"https:\/\/www.lapluma.net\/fr\/wp-json\/wp\/v2\/types\/post"}],"author":[{"embeddable":true,"href":"https:\/\/www.lapluma.net\/fr\/wp-json\/wp\/v2\/users\/1135"}],"replies":[{"embeddable":true,"href":"https:\/\/www.lapluma.net\/fr\/wp-json\/wp\/v2\/comments?post=41099"}],"version-history":[{"count":11,"href":"https:\/\/www.lapluma.net\/fr\/wp-json\/wp\/v2\/posts\/41099\/revisions"}],"predecessor-version":[{"id":41118,"href":"https:\/\/www.lapluma.net\/fr\/wp-json\/wp\/v2\/posts\/41099\/revisions\/41118"}],"wp:attachment":[{"href":"https:\/\/www.lapluma.net\/fr\/wp-json\/wp\/v2\/media?parent=41099"}],"wp:term":[{"taxonomy":"category","embeddable":true,"href":"https:\/\/www.lapluma.net\/fr\/wp-json\/wp\/v2\/categories?post=41099"},{"taxonomy":"post_tag","embeddable":true,"href":"https:\/\/www.lapluma.net\/fr\/wp-json\/wp\/v2\/tags?post=41099"},{"taxonomy":"author","embeddable":true,"href":"https:\/\/www.lapluma.net\/fr\/wp-json\/wp\/v2\/coauthors?post=41099"}],"curies":[{"name":"wp","href":"https:\/\/api.w.org\/{rel}","templated":true}]}}