{"id":40645,"date":"2022-07-22T14:31:12","date_gmt":"2022-07-22T14:31:12","guid":{"rendered":"https:\/\/www.lapluma.net\/?p=40645"},"modified":"2022-07-22T15:51:58","modified_gmt":"2022-07-22T15:51:58","slug":"nueva-definicion-de-antisemitismo-una-mosqueta-ideologica","status":"publish","type":"post","link":"https:\/\/www.lapluma.net\/fr\/2022\/07\/22\/nueva-definicion-de-antisemitismo-una-mosqueta-ideologica\/","title":{"rendered":"La \u00ab nouvelle d\u00e9finition \u00bb de l&rsquo;antis\u00e9mitisme : un tour de passe-passe id\u00e9ologique"},"content":{"rendered":"<p style=\"text-align: right;\"><span style=\"font-size: 14pt;\"><strong><em>\u00ab L\u2019antis\u00e9mitisme est une certaine perception des Juifs qui peut se manifester par une haine \u00e0 leur \u00e9gard. Les manifestations rh\u00e9toriques et physiques de l\u2019antis\u00e9mitisme visent des individus juifs ou non et\/ou leurs biens, des institutions communautaires et des lieux de culte. [\u2026]<\/em><\/strong> <em>L\u2019antis\u00e9mitisme peut se manifester par des attaques \u00e0 l\u2019encontre de l\u2019\u00c9tat d\u2019Isra\u00ebl lorsqu\u2019il est per\u00e7u comme une collectivit\u00e9 juive.\u00a0\u00bb <\/em><\/span><\/p>\n<p style=\"text-align: justify;\"><span style=\"font-size: 14pt;\">Une fois de plus, l&rsquo;Argentine devient le si\u00e8ge de potentialit\u00e9s oppos\u00e9es. Les abus f\u00e9odaux au milieu du XX<sup>e<\/sup> si\u00e8cle contre les \u00ab\u00a0travailleurs des champs\u00a0\u00bb ont g\u00e9n\u00e9r\u00e9 une r\u00e9sistance qui \u00e0 son tour a \u00e9t\u00e9 noy\u00e9e par des <a href=\"https:\/\/tlaxcala-int.blogspot.com\/search\/label\/Patagonie%20rebelle\">ex\u00e9cutions massives par l&rsquo;arm\u00e9e et des enterrements sommaires en Patagonie argentine<\/a>&#8230;<\/span><\/p>\n<p style=\"text-align: justify;\"><span style=\"font-size: 14pt;\">La dictature de 1976, avec le traitement impitoyable des pers\u00e9cut\u00e9s et le commerce de leur prog\u00e9niture, a donn\u00e9 lieu \u00e0 la redoutable revendication des m\u00e8res et grands-m\u00e8res de disparus et que la r\u00e9sistance sociale a pris une telle ampleur qu&rsquo;elle atteint les enfants des disparus et, dans un nouvel \u00e9largissement de la conscience sociale et morale, aux enfants de responsables de disparitions. Et une revendication chauvine, par exemple, a servi \u00e0 mettre enfin \u00e0 nu une dictature encore plus atroce que les pr\u00e9c\u00e9dentes et, en sens contraire, \u00e0 sensibiliser aux droits humains et contre les abus (par exemple, des hauts grad\u00e9s contre les soldats du rang).<\/span><\/p>\n<p style=\"text-align: justify;\"><span style=\"font-size: 14pt;\">En Argentine, l&rsquo;enqu\u00eate sur deux \u00e9v\u00e9nements atroces &#8211; l&rsquo;attentat \u00e0 la bombe contre l&rsquo;ambassade d&rsquo;Isra\u00ebl (1992) et l&rsquo;attentat \u00e0 la bombe contre l&rsquo;AMIA (1994) &#8211; n&rsquo;a jamais progress\u00e9 ; les indices qui auraient d\u00fb \u00eatre recueillis sur place par la police locale semblent avoir \u00e9t\u00e9 rares et peu fiables, et l&rsquo;arriv\u00e9e imm\u00e9diate d&rsquo;autres agences de s\u00e9curit\u00e9, isra\u00e9liennes, usam\u00e9ricaines, ne semble pas avoir \u00e9clairci le tableau, bien au contraire&#8230;<\/span><\/p>\n<p><img loading=\"lazy\" decoding=\"async\" class=\" wp-image-40811 aligncenter\" src=\"https:\/\/www.lapluma.net\/wp-content\/uploads\/2022\/07\/Foro-combate-1-300x158.jpg\" alt=\"\" width=\"524\" height=\"276\" srcset=\"https:\/\/www.lapluma.net\/wp-content\/uploads\/2022\/07\/Foro-combate-1-300x158.jpg 300w, https:\/\/www.lapluma.net\/wp-content\/uploads\/2022\/07\/Foro-combate-1.jpg 640w\" sizes=\"auto, (max-width: 524px) 100vw, 524px\" \/><\/p>\n<p style=\"text-align: justify;\"><span style=\"font-size: 14pt;\">En comm\u00e9moration du 28<sup>e<\/sup> \u00a0anniversaire de l\u2019attentat contre l&rsquo;AMIA et de la mort de 85 \u00eatres humains dans l&rsquo;effondrement, un \u00ab\u00a0Forum latino-am\u00e9ricain de lutte contre l&rsquo;antis\u00e9mitisme\u00a0\u00bb a \u00e9t\u00e9 tenu les 17 et 18 juillet \u00e0 Buenos Aires, au si\u00e8ge de l&rsquo;AMIA. \u00ab\u00a0Pour travailler ensemble contre les discours de haine\u00a0\u00bb, a d\u00e9clar\u00e9 Claudio Epelman, l&rsquo;un des organisateurs.<\/span><\/p>\n<p style=\"text-align: justify;\"><span style=\"font-size: 14pt;\">Lors de la r\u00e9union, une envoy\u00e9e usam\u00e9ricaine, Deborah Lipstadt, fonctionnaire du d\u00e9partement d&rsquo;\u00c9tat qui se pr\u00e9sente comme une sp\u00e9cialiste de l&rsquo;antis\u00e9mitisme, a d\u00e9clar\u00e9 : \u00ab\u00a0Comme si l&rsquo;antis\u00e9mitisme ne touchait que les Juifs [&#8230;] Mais l&rsquo;antis\u00e9mitisme est bien plus que cela\u00a0\u00bb (ce commentaire explique peut-\u00eatre l&rsquo;inexplicable \u00ab\u00a0ou non-juifs\u00a0\u00bb dans la d\u00e9finition de l&rsquo;antis\u00e9mitisme de l&rsquo;IHRA que nous avons mise en \u00e9pigraphe).<\/span><\/p>\n<p><img loading=\"lazy\" decoding=\"async\" class=\" wp-image-40813 aligncenter\" src=\"https:\/\/www.lapluma.net\/wp-content\/uploads\/2022\/07\/Deborah-Lipstadt-Foro-300x300.jpg\" alt=\"\" width=\"494\" height=\"494\" srcset=\"https:\/\/www.lapluma.net\/wp-content\/uploads\/2022\/07\/Deborah-Lipstadt-Foro-300x300.jpg 300w, https:\/\/www.lapluma.net\/wp-content\/uploads\/2022\/07\/Deborah-Lipstadt-Foro-150x150.jpg 150w, https:\/\/www.lapluma.net\/wp-content\/uploads\/2022\/07\/Deborah-Lipstadt-Foro.jpg 640w\" sizes=\"auto, (max-width: 494px) 100vw, 494px\" \/><\/p>\n<p style=\"text-align: justify;\"><span style=\"font-size: 14pt;\">Lipstadt a \u00e9t\u00e9 rejointe par son homologue \u00e0 l&rsquo;OEA, Fernando Lottenberg. Invit\u00e9 principal, Jimmy Morales, ancien pr\u00e9sident du Guatemala.\u00a0 \u00c9taient \u00e9galement pr\u00e9sents la vice-ministre des Affaires \u00e9trang\u00e8res du Salvador, Adriana Mira, et une juge de la Cour constitutionnelle de Colombie, Cristina Pardo. Roy Cortina [Parti socialiste argentin] et Victoria Donda [fille de disparus argentins, directrice de l&rsquo;Institut national contre la discrimination, la x\u00e9nophobie et le racisme, fondatrice du parti Somos, membre du Frente de Todos] \u00e9taient parmi les participants locaux.<\/span><\/p>\n<p style=\"text-align: justify;\"><span style=\"font-size: 14pt;\">Le forum \u00e9tait une initiative du Congr\u00e8s juif latino-am\u00e9ricain et du minist\u00e8re des Affaires \u00e9trang\u00e8res de l&rsquo;\u00c9tat d&rsquo;Isra\u00ebl, en collaboration avec la Latino Coalition for Israel [sic] et le Combat Antisemitism Movement (CAM).<\/span><\/p>\n<p style=\"text-align: justify;\"><span style=\"font-size: 14pt;\">Cet \u00e9v\u00e9nement nous permet d&rsquo;examiner ses fondements id\u00e9ologiques ; une identification entre le combat contre l&rsquo;antis\u00e9mitisme et la d\u00e9fense de l&rsquo;\u00c9tat d&rsquo;Isra\u00ebl.<\/span><\/p>\n<p style=\"text-align: justify;\"><span style=\"font-size: 14pt;\">La raret\u00e9 des donn\u00e9es sur l&rsquo;atrocit\u00e9 de l&rsquo;AMIA ne nous permet m\u00eame pas de conna\u00eetre sa nature, \u00e0 savoir s&rsquo;il s&rsquo;agissait d&rsquo;un acte terroriste et antis\u00e9mite ou si c&rsquo;\u00e9tait le fruit (pourri) de la g\u00e9opolitique ; un acte anti-isra\u00e9lien (ou \u00ab\u00a0tout en un\u00a0\u00bb).<\/span><\/p>\n<p style=\"text-align: justify;\"><span style=\"font-size: 14pt;\">Alors que ce Forum \u00e9tait annonc\u00e9, au cours de cette m\u00eame deuxi\u00e8me semaine de juillet, les 14 et 15, une r\u00e9union a eu lieu \u00e0 Buenos Aires et sur zoom, le \u00ab\u00a0Forum international pour la Palestine\u00a0\u00bb, mettant sur le tapis le plus long conflit de notre \u00e9poque &#8211; qui a commenc\u00e9 \u00e0 la fin du XIX<sup>e<\/sup> si\u00e8cle et se poursuit, entra\u00eenant le peuple palestinien dans une vicissitude de pr\u00e8s d&rsquo;un si\u00e8cle et demi \u2013 entre les mains du sionisme.<\/span><\/p>\n<p style=\"text-align: justify;\"><span style=\"font-size: 14pt;\">Les deux rencontres, de port\u00e9e clairement internationale, \u00e9taient parall\u00e8les, il n&rsquo;y avait pas de croisement, ou dirions- nous g\u00e9om\u00e9triquement, elles se croiseront \u00e0 l&rsquo;infini.<\/span><\/p>\n<p style=\"text-align: justify;\"><span style=\"font-size: 14pt;\">Y a-t-il des raisons pour un tel croisement ?<\/span><\/p>\n<p style=\"text-align: justify;\"><span style=\"font-size: 14pt;\">Bien s\u00fbr qu&rsquo;il y en a.<\/span><\/p>\n<p style=\"text-align: justify;\"><span style=\"font-size: 14pt;\">Parce que le Forum latino-am\u00e9ricain contre l&rsquo;antis\u00e9mitisme \u00ab\u00a0garde un cadavre dans le placard\u00a0\u00bb.<\/span><\/p>\n<p><img loading=\"lazy\" decoding=\"async\" class=\" wp-image-40814 aligncenter\" src=\"https:\/\/www.lapluma.net\/wp-content\/uploads\/2022\/07\/Galit-Ronen-foro-300x169.jpg\" alt=\"\" width=\"508\" height=\"286\" srcset=\"https:\/\/www.lapluma.net\/wp-content\/uploads\/2022\/07\/Galit-Ronen-foro-300x169.jpg 300w, https:\/\/www.lapluma.net\/wp-content\/uploads\/2022\/07\/Galit-Ronen-foro.jpg 640w\" sizes=\"auto, (max-width: 508px) 100vw, 508px\" \/><\/p>\n<p style=\"text-align: justify;\"><span style=\"font-size: 14pt;\">Galit Ronen, ambassadrice d&rsquo;Isra\u00ebl en Argentine, a soulign\u00e9 l&rsquo;\u00e9norme importance pour l&rsquo;\u00c9tat sioniste d&rsquo;aborder la question de l&rsquo;antis\u00e9mitisme dans une perspective multifocale : \u00ab ce fl\u00e9au n&rsquo;est pas le patrimoine d&rsquo;un seul pays [&#8230;]. Isra\u00ebl travaille activement \u00e0 la promotion d&rsquo;un langage de rencontre qui ne laisse aucune place \u00e0 l&rsquo;irrationalit\u00e9 que la jud\u00e9ophobie expose encore aujourd&rsquo;hui \u00bb.<\/span><\/p>\n<p style=\"text-align: justify;\"><span style=\"font-size: 14pt;\">Ronen essaie de nous faire croire &#8211; elle le croit sans doute elle-m\u00eame &#8211; que la rationalit\u00e9 guide le comportement isra\u00e9lien : mais un examen rapide des actions du terrorisme sioniste pendant une grande partie de la premi\u00e8re moiti\u00e9 du 20<sup>e<\/sup> \u00a0si\u00e8cle, appliqu\u00e9es pour \u00ab\u00a0nettoyer la terre sainte\u00a0\u00bb suffit : faire sauter des bus, des h\u00f4tels, des v\u00e9hicules strat\u00e9giquement abandonn\u00e9s avec des explosifs, des march\u00e9s avec leurs acheteurs et vendeurs pacifiques, des commerces palestiniens dans les quartiers, toujours avec une population directement victime.<\/span><\/p>\n<p style=\"text-align: justify;\"><span style=\"font-size: 14pt;\">Le terrorisme sioniste s&rsquo;\u00e9tant d\u00e9velopp\u00e9 sous l&rsquo;administration britannique du territoire palestinien, dans l&rsquo;attente de son destin politique (car les Arabes palestiniens, musulmans et chr\u00e9tiens d&rsquo;une part, et les Juifs sionistes d&rsquo;autre part, revendiquaient la terre), ces attentats meurtriers avaient tendance \u00e0 viser une immense majorit\u00e9 de la population locale, mais pouvaient aussi atteindre &#8211; parfois intentionnellement &#8211; comme ce fut le cas avec l&rsquo;attentat \u00e0 la bombe contre l&rsquo;h\u00f4tel King David \u00e0 J\u00e9rusalem, des Britanniques, des \u00e9trangers et m\u00eame des Juifs. Lorsque l&rsquo;Empire britannique a d\u00e9cid\u00e9 de se d\u00e9faire d&rsquo;une \u00ab\u00a0administration\u00a0\u00bb coloniale aussi conflictuelle, les Juifs sionistes install\u00e9s en Palestine (\u00e0 ne pas confondre avec les Juifs non sionistes, install\u00e9s bien avant, sans revendication territoriale, et li\u00e9s depuis des temps imm\u00e9moriaux aux autres populations du lieu), farouchement organis\u00e9s, sont devenus juges et parties de l&rsquo;ordre interne et l\u00e0, les violations des droits humains de la population palestinienne ont atteint des sommets d&rsquo;abus, d&rsquo;enl\u00e8vements et d&rsquo;assassinats collectifs.<\/span><\/p>\n<p style=\"text-align: justify;\"><span style=\"font-size: 14pt;\">Ronen cherche \u00e0 supprimer l&rsquo;irrationalit\u00e9 (qu&rsquo;elle lie \u00e0 juste titre \u00e0 l&rsquo;antis\u00e9mitisme, et qui est g\u00e9n\u00e9riquement li\u00e9e \u00e0 tout racisme). Mais elle ne peut le faire en ignorant ou en cachant ce pass\u00e9 ind\u00e9l\u00e9bile, qui est dans la matrice de l&rsquo;\u00c9tat d&rsquo;Isra\u00ebl. Parce que c&rsquo;est tellement dans sa matrice que le traitement des Palestiniens dans la seconde moiti\u00e9 du XX<sup>e<\/sup> si\u00e8cle (et qui se poursuit encore aujourd&rsquo;hui) continue d&rsquo;\u00eatre d&rsquo;une irrationalit\u00e9, d&rsquo;un manque d&rsquo;\u00e9quanimit\u00e9, d&rsquo;un abus, d&rsquo;un m\u00e9pris extr\u00eames, et \u00e0 si haute dose, que ce parti pris, priv\u00e9 de tout caract\u00e8re d\u00e9mocratique, a gangren\u00e9 la conscience isra\u00e9lienne elle-m\u00eame (bien qu&rsquo;occasionnellement, par le biais d&rsquo;Isra\u00e9liens r\u00e9fractaires \u00e0 cette histoire, un rejet digne mais impuissant de l&rsquo;outrage et du massacre des Palestiniens germe).<\/span><\/p>\n<p style=\"text-align: justify;\"><span style=\"font-size: 14pt;\">On peut se demander comment combattre l&rsquo;irrationalit\u00e9, alors que le sionisme, pr\u00e9cis\u00e9ment, a fusionn\u00e9 un r\u00e9demptionnisme biblique, et donc anhistorique, avec une main de fer qui l&rsquo;a jumel\u00e9 &#8211; dans son traitement des autres &#8211; avec le nazisme, rien de moins.<\/span><\/p>\n<p style=\"text-align: justify;\"><span style=\"font-size: 14pt;\">C&rsquo;est la plaie ouverte qu&rsquo;aucun forum contre l&rsquo;antis\u00e9mitisme ne peut gu\u00e9rir.<\/span><\/p>\n<p style=\"text-align: justify;\"><span style=\"font-size: 14pt;\">C&rsquo;est pourquoi, malgr\u00e9 les tentatives de liquider la question palestinienne par une ignorance radicale, lubrifi\u00e9e de toute fa\u00e7on par des montagnes d&rsquo;argent aux hommes d&rsquo;affaires palestiniens, comme ce fut le menuet diplomatique de l&rsquo;accord du si\u00e8cle 2020, la r\u00e9alit\u00e9 lac\u00e9rante que les Palestiniens subissent depuis tant de g\u00e9n\u00e9rations continue avec sa moisson de peur, de douleur et de mort.<\/span><\/p>\n<p style=\"text-align: justify;\"><span style=\"font-size: 14pt;\">Et c&rsquo;est cette r\u00e9alit\u00e9 d\u00e9chirante qui explique \u00ab\u00a0l&rsquo;autre\u00a0\u00bb, le forum international \u00ab\u00a0pour la Palestine\u00a0\u00bb, \u00e0 Buenos Aires, les 14 et 15 de ce mois. [<a href=\"https:\/\/www.youtube.com\/results?search_query=FORO+INTERNACIONAL+POR+PALESTINA\">vid\u00e9os ici<\/a>].<\/span><\/p>\n<p style=\"text-align: justify;\"><span style=\"font-size: 14pt;\">Cette r\u00e9union a rassembl\u00e9 diff\u00e9rentes expressions de solidarit\u00e9 avec le peuple palestinien, des historiens comme Jorge Ramos Tolosa, Miguel Ibarluc\u00eda, des organisations et des militants palestiniens comme Sahar Francis, Yamal Yuma, des universitaires comme Silvana Rabinovich, des enseignants comme Andr\u00e9s Piqueras, des intellectuels comme I\u00f1aki Gil de San Vicente, des activistes BDS (Boycott, D\u00e9sinvestissement et Sanctions contre Isra\u00ebl) et beaucoup d&rsquo;autres li\u00e9s \u00e0 la r\u00e9sistance aux abus et \u00e0 la violence, de Colombie, du Mexique, des r\u00e9seaux en lutte contre le mur \u00e9rig\u00e9 par Isra\u00ebl, coupant encore plus le territoire palestinien pour faciliter son avalement ; des membres de la F\u00e9d\u00e9ration des entit\u00e9s argentino-palestiniennes, le porte-parole du R\u00e9seau international juif antisioniste (IJAN), David Comedi, et de nombreux autres repr\u00e9sentants de la r\u00e9sistance et des droits des peuples assujettis, comme l&rsquo;historien indien Vijay Prashad et des critiques provenant d&rsquo;Isra\u00ebl m\u00eame et certainement du Br\u00e9sil, de l&rsquo;Argentine, de l&rsquo;Uruguay, du Chili, du Mexique, de l&rsquo;Espagne.<\/span><\/p>\n<p style=\"text-align: justify;\"><span style=\"font-size: 14pt;\">Le Forum pour la Palestine cherche \u00e0 nous rappeler ce que subit la population palestinienne ; comme l&rsquo;envers de ce que le Forum contre l&rsquo;antis\u00e9mitisme cherche \u00e0 occulter avec le culte de l&rsquo;Etat d&rsquo;Isra\u00ebl, bibliquement incarn\u00e9 comme un exercice de respect. En fait, cela sert \u00e0 justifier les atrocit\u00e9s de la politique d&rsquo;\u00e9tranglement de la population palestinienne. L&rsquo;\u00e9tranglement est tacitement ni\u00e9 par deux moyens : en l&rsquo;ignorant et en d\u00e9ployant le voile de la victimisation.<\/span><\/p>\n<p style=\"text-align: justify;\"><span style=\"font-size: 14pt;\">Regardons-y de plus pr\u00e8s.<\/span><\/p>\n<p style=\"text-align: justify;\"><span style=\"font-size: 14pt;\">Dani Dayan, l&rsquo;un des participants, est le pr\u00e9sident de Yad Vashem (qui incarne en Isra\u00ebl le souvenir des actions nazies contre les Juifs, auxquelles on a donn\u00e9 le nom biblique d'\u00a0\u00bbholocauste\u00a0\u00bb).<\/span><\/p>\n<p style=\"text-align: justify;\"><span style=\"font-size: 14pt;\">Depuis la fin de la Seconde Guerre mondiale et \u00e0 l&rsquo;initiative des Juifs, la pers\u00e9cution criminelle des Juifs par les nazis, avec sa moisson de millions de morts, est appel\u00e9e g\u00e9nocide (<em>Shoah<\/em> en h\u00e9breu). Il est toutefois frappant de constater que les organisations qui ont \u00e9t\u00e9 cr\u00e9\u00e9es bien plus tard pour pr\u00e9server la documentation sur ce qui s&rsquo;est pass\u00e9 ont opt\u00e9 pour le mot <em>holocauste<\/em>. C&rsquo;est ainsi qu&rsquo;il est appel\u00e9 par l&rsquo;IHRA (Alliance internationale pour la m\u00e9moire de l&rsquo;Holocauste). Comment expliquer cette dissonance ?<\/span><\/p>\n<p style=\"text-align: justify;\"><span style=\"font-size: 14pt;\">Si l&rsquo;on accepte le terme de g\u00e9nocide, la politique nazie est li\u00e9e aux nombreuses atrocit\u00e9s commises par des humains contre d&rsquo;autres humains\u00a0,\u00a0 comme la quasi-extermination des populations am\u00e9rindiennes par les colonisateurs europ\u00e9ens, la \u00ab\u00a0civilisation\u00a0\u00bb, avec ses millions de morts et de mutil\u00e9s, d\u00e9barqu\u00e9e par les Belges au Congo, ou celle de l&rsquo;Allemagne du Kaiser exterminant presque totalement les Hereros dans ce qu&rsquo;on appelle aujourd&rsquo;hui la Namibie, les divers ravages d\u00e9mographiques de l&rsquo;Afrique noire ; l&rsquo;extermination qui a frapp\u00e9 un tiers de la population du Timor-Est, men\u00e9e par l&rsquo;Indon\u00e9sie dirig\u00e9e par une marionnette usam\u00e9ricaine, Haji Suharto, et un long, atroce, etcetera. Au lieu de cela, en le qualifiant d&rsquo;holocauste et en lui donnant une port\u00e9e mondiale, il devient un g\u00e9nocide unique en son genre avec une connotation religieuse. Car bibliquement \u00ab\u00a0holocauste\u00a0\u00bb est un sacrifice offert aux dieux ou \u00e0 un certain dieu.\u00a0 La raison est \u00e9vidente : si les pers\u00e9cutions nazies des Juifs sont consid\u00e9r\u00e9es comme un g\u00e9nocide, elles seront plus ou moins sur un pied d&rsquo;\u00e9galit\u00e9 avec les nombreux g\u00e9nocides qui ont eu lieu. Typ\u00e9e comme un \u00ab\u00a0holocauste\u00a0\u00bb (son origine m\u00e9diatique pourrait \u00eatre le film hollywoodien homonyme), elle sera unique, exclusive, et pour cette raison m\u00eame, incomparable.<\/span><\/p>\n<p style=\"text-align: justify;\"><span style=\"font-size: 14pt;\">Si nous \u00ab\u00a0r\u00e9trogradons\u00a0\u00bb la f\u00e9roce pers\u00e9cution des Juifs par les nazis dans l&rsquo;histoire, elle est donc li\u00e9e \u00e0 la pers\u00e9cution et \u00e0 la mort, \u00e9galement terribles, des Tziganes par le nazisme, et des Polonais et m\u00eame des Africains par le nazisme, mais aussi \u00e0 la saga historique choquante des autres g\u00e9nocides &#8211; dont nous venons seulement d&rsquo;\u00e9num\u00e9rer certains, en termes purement sociologiques, que les morts subies par les Palestiniens sont aussi le r\u00e9sultat d&rsquo;une politique g\u00e9nocidaire (ou ethnocidaire, comme le soutiennent certains auteurs, car l&rsquo;establishment sioniste, bien qu&rsquo;il ait tu\u00e9 des milliers de Palestiniens sans proc\u00e8s, semble plus int\u00e9ress\u00e9 par la possession de la terre, et les crimes contre les Palestiniens ne sont \u00ab\u00a0que\u00a0\u00bb des outils pour se l&rsquo;approprier).<\/span><\/p>\n<p style=\"text-align: justify;\"><span style=\"font-size: 14pt;\">Par cons\u00e9quent, nous ne pouvons pas prendre pour argent comptant les affirmations de l&rsquo;IHRA et de ces autres structures \u00ab\u00a0holocaustiques\u00a0\u00bb selon lesquelles elles propagent la rationalit\u00e9 et l&rsquo;objectivit\u00e9 dans leurs conceptions. Car l&rsquo;histoire r\u00e9elle et concr\u00e8te les r\u00e9fute.<\/span><\/p>\n<p style=\"text-align: justify;\"><span style=\"font-size: 14pt;\">Comment pouvons-nous permettre aux irrationalistes de nous donner des le\u00e7ons de rationalit\u00e9 ? Comment pouvons-nous permettre \u00e0 l&rsquo;appareil de pouvoir isra\u00e9lien de pr\u00e9tendre, hors de Palestine, \u00eatre d\u00e9mocratique, orient\u00e9 vers le dialogue, dans une lutte franche contre le terrorisme, alors qu&rsquo;il a perfectionn\u00e9 l&rsquo;une des machines terroristes les plus influentes de la plan\u00e8te ?<\/span><\/p>\n<p><img loading=\"lazy\" decoding=\"async\" class=\" wp-image-40820 aligncenter\" src=\"https:\/\/www.lapluma.net\/wp-content\/uploads\/2022\/07\/Samah-Jabr-derriere-fronts-214x300.jpg\" alt=\"\" width=\"341\" height=\"478\" srcset=\"https:\/\/www.lapluma.net\/wp-content\/uploads\/2022\/07\/Samah-Jabr-derriere-fronts-214x300.jpg 214w, https:\/\/www.lapluma.net\/wp-content\/uploads\/2022\/07\/Samah-Jabr-derriere-fronts.jpg 457w\" sizes=\"auto, (max-width: 341px) 100vw, 341px\" \/><\/p>\n<p style=\"text-align: justify;\"><span style=\"font-size: 14pt;\">Pour reprendre les mots \u00e9loquents d&rsquo;une chercheuse, psychiatre et combattante palestinienne, Samah Jabr, cit\u00e9e par Gil de San Vicente : \u00ab\u00a0Comment se fait-il que le mot \u00ab\u00a0terrorisme\u00a0\u00bb soit si facilement appliqu\u00e9 \u00e0 des individus ou \u00e0 des groupes qui utilisent des bombes artisanales, et non \u00e0 des \u00c9tats qui utilisent des armes nucl\u00e9aires et d&rsquo;autres armes interdites au niveau international pour assurer la soumission \u00e0 l&rsquo;oppresseur ? Isra\u00ebl, les USA et le Royaume-Uni devraient figurer en t\u00eate de liste des \u00c9tats exportateurs de terrorisme pour avoir eu recours \u00e0 des attaques arm\u00e9es contre des populations civiles en Palestine, en Irak, au Soudan et ailleurs. Pourtant, le \u00ab\u00a0terrorisme\u00a0\u00bb est le terme politique que le colonisateur utilise pour salir les r\u00e9sistants, tout comme les Afrikaners et les nazis qualifient de terroristes les combattants de la libert\u00e9 noirs et fran\u00e7ais [&#8230;] la violence peut \u00eatre le moyen qu&rsquo;un \u00eatre humain rationnel utilise pour se d\u00e9fendre. Lorsqu&rsquo;une femme r\u00e9agit violemment \u00e0 une menace de viol, il s&rsquo;agit d&rsquo;une forme de djihad [&#8230;] Tant le droit international que les pr\u00e9c\u00e9dents historiques de nombreuses nations reconnaissent le droit des peuples \u00e0 prendre les armes pour se lib\u00e9rer lorsqu&rsquo;ils sont sous le joug de l&rsquo;oppression nationale. Pourquoi en serait-il autrement dans le cas de la Palestine ? Les lois du droit international ne sont-elles pas cens\u00e9es \u00eatre universelles ?\u00a0\u00bb<sup>2<\/sup>\u00a0<\/span><\/p>\n<p style=\"text-align: justify;\"><span style=\"font-size: 14pt;\">Il suffit de regarder les politiques avec lesquelles Isra\u00ebl a abord\u00e9 la \u00ab\u00a0question palestinienne\u00a0\u00bb, pour que tout le charabia sioniste en faveur de la rationalit\u00e9 et contre l&rsquo;antis\u00e9mitisme comme moyen de combattre l&rsquo;injustice s&rsquo;effondre ou se sente inauthentique.<\/span><\/p>\n<p style=\"text-align: justify;\"><span style=\"font-size: 14pt;\">Pour \u00e9num\u00e9rer une liste tr\u00e8s courte et incompl\u00e8te de faits : 300 litres d&rsquo;eau de haute qualit\u00e9 par Isra\u00e9lien, qui sert m\u00eame \u00e0 laver la voiture, 60 litres d&rsquo;eau d&rsquo;une potabilit\u00e9 tr\u00e8s faible ou inexistante par Palestinien ; des routes excellentes pour les Isra\u00e9liens qui peuvent parcourir, par exemple, un tron\u00e7on en 20 minutes, alors que la m\u00eame distance doit \u00eatre parcourue par un v\u00e9hicule palestinien en 4 ou 5 heures, sur des routes d\u00e9labr\u00e9es et des postes de contr\u00f4le policiers-militaires successifs qui prolongent intentionnellement l&rsquo;attente pour passer ; l&rsquo;\u00e9lectricit\u00e9 dans la bande de Gaza pendant 2 \u00e0 4 heures par jour, ce qui compromet toute fonction alimentaire, sanitaire, intellectuelle et m\u00eame sportive ; les quartiers bombard\u00e9s \u00e0 r\u00e9p\u00e9tition restent en ruines parce qu&rsquo;Isra\u00ebl ne permet pas la reconstruction, \u00e9tranglant tout approvisionnement en mat\u00e9riaux de construction, de sorte qu&rsquo;une partie consid\u00e9rable de la population vit dans des ruines, \u00e9t\u00e9 comme hiver (et avec la neige) ; dans la bande de Gaza, les stations d&rsquo;\u00e9puration des eaux, les \u00e9coles, les mosqu\u00e9es, les ports, les a\u00e9roports et les maisons ont \u00e9t\u00e9 pulv\u00e9ris\u00e9s.<\/span><\/p>\n<p style=\"text-align: justify;\"><span style=\"font-size: 14pt;\">Jabr nous rappelle : \u00ab\u00a0il n&rsquo;y a pas de stress post-traumatique en Palestine car le traumatisme est r\u00e9p\u00e9titif, continu, ininterrompu\u00a0\u00bb.<\/span><\/p>\n<p style=\"text-align: justify;\"><span style=\"font-size: 14pt;\">La Bande de Gaza est assi\u00e9g\u00e9e depuis 2006 : les Isra\u00e9liens limitent le nombre maximum de calories des aliments entrant dans la bande (s&rsquo;ils n&rsquo;atteignent pas la bouche des Palestiniens qui ne peuvent y acc\u00e9der, si certains envois sont perdus en raison d&rsquo;un manque de r\u00e9frig\u00e9ration, de crashs ou d&rsquo;accidents&#8230; patience : les calories ont d\u00e9j\u00e0 \u00e9t\u00e9 compt\u00e9es). La situation qui en r\u00e9sulte &#8211; la tr\u00e8s mauvaise nutrition de la population palestinienne qui y survit &#8211; peut \u00eatre atteinte sans aucun effort, \u00ab\u00a0naturellement\u00a0\u00bb.<\/span><\/p>\n<p style=\"text-align: justify;\"><span style=\"font-size: 14pt;\">Cette situation a \u00e9t\u00e9 \u00ab\u00a0renforc\u00e9e\u00a0\u00bb par les bombardements d&rsquo;artillerie et d&rsquo;aviation qui se sont succ\u00e9d\u00e9 au moins quatre fois, avec une ampleur \u00e9norme et des destructions g\u00e9n\u00e9ralis\u00e9es.<\/span><\/p>\n<p style=\"text-align: justify;\"><span style=\"font-size: 14pt;\">Le m\u00e9decin norv\u00e9gien Mads Gilbert, qui a \u00e9t\u00e9 pr\u00e9sent dans les h\u00f4pitaux de campagne lors de plus d&rsquo;une des invasions isra\u00e9liennes de la bande de Gaza, a d\u00e9clar\u00e9 \u00e0 juste titre : \u00ab\u00a0Le peuple palestinien a une r\u00e9silience qui, selon moi, est sans \u00e9gale, sans \u00e9quivalent dans le genre humain\u00a0\u00bb.<\/span><\/p>\n<p style=\"text-align: justify;\"><span style=\"font-size: 14pt;\">Il est odieux et facilement erron\u00e9 de porter un jugement du type \u00ab\u00a0le peuple le plus&#8230; beau, intelligent, probe\u00a0\u00bb. Mais ce m\u00e9decin est tr\u00e8s peu enclin \u00e0 faire des \u00e9loges. Gilbert est conscient de la t\u00e9m\u00e9rit\u00e9 de son jugement, qui est comme le revers d&rsquo;autres jugements tout aussi blessants de ceux qui consid\u00e8rent comme visible une d\u00e9t\u00e9rioration psychologique, \u00e9thique, v\u00e9cue par la grande majorit\u00e9 de la population isra\u00e9lienne. Jahr nous rappelle que, par exemple, la population isra\u00e9lienne \u00ab\u00a0est devenue indiff\u00e9rente au meurtre d&rsquo;enfants palestiniens, comme en t\u00e9moigne sa complicit\u00e9 active ou passive lors du massacre de Gaza au cours duquel Isra\u00ebl a utilis\u00e9 des bombes yankee au phosphore blanc\u00bb.<sup>3<\/sup>\u00a0<\/span><\/p>\n<p style=\"text-align: justify;\"><span style=\"font-size: 14pt;\">La cr\u00e9ation de l&rsquo;\u00c9tat d&rsquo;Isra\u00ebl n&rsquo;a donc pas cr\u00e9\u00e9 un seul probl\u00e8me (palestinien) mais deux.<\/span><\/p>\n<p style=\"text-align: justify;\"><span style=\"font-size: 14pt;\"><em>Notes<\/em><\/span><\/p>\n<p style=\"text-align: justify;\"><span style=\"font-size: 14pt;\">1-\u00a0\u00a0 \u00ab\u00a0L&rsquo;enl\u00e8vement d&rsquo;Eichmann est un acte d&rsquo;ill\u00e9galit\u00e9 exactement du m\u00eame type que celui dont les nazis eux-m\u00eames&#8230; se sont rendus coupables\u00a0\u00bb\u00a0: \u00a0c&rsquo;est ce qu&rsquo;a dit Erich Fromm, un juif, et ce que rappelle Norman Finkelstein, \u00e9galement juif, dans <em>The Holocaust Industry<\/em>. Iv\u00e1n G\u00f3mez Avil\u00e9s nous le dit dans <em>Nazisme et sionisme. La colonisation sioniste de la Palestine<\/em>, rappelant les n\u00e9gociations entre sionistes et nazis alors que la r\u00e9pression directe et violente des Juifs (non sionistes) par les nazis avait d\u00e9j\u00e0 commenc\u00e9 (Ha&rsquo;avarah). De nombreux juifs actifs au sein de l&rsquo;Etat d&rsquo;Isra\u00ebl mettent en garde contre ce ph\u00e9nom\u00e8ne, comme l&rsquo;a fait Yair Golan, le chef militaire adjoint d&rsquo;Isra\u00ebl, il y a quelques ann\u00e9es, en \u00e9voquant la nazification du mode de r\u00e9pression isra\u00e9lien. \u00ab\u00a0Il n&rsquo;y a rien de plus facile et de plus simple que de ha\u00efr l&rsquo;\u00e9tranger, [&#8230;] de se bestialiser et [ensuite] de se justifier, et il n&rsquo;y a rien de plus facile que d&rsquo;instiller la peur\u00a0\u00bb. Ces sages paroles ont \u00e9t\u00e9 prononc\u00e9es devant le ministre de l&rsquo;\u00c9ducation de l&rsquo;\u00e9poque, Naftali Bennett, qui \u00ab\u00a0\u00e9duque\u00a0\u00bb ses \u00e9l\u00e8ves avec des phrases telles que : \u00ab\u00a0J&rsquo;ai tu\u00e9 beaucoup de Palestiniens&#8230; et quel est le probl\u00e8me ?\u00a0\u00bb Golan et Bennett illustrent ces deux moments de l&rsquo;\u00e2me juive en Isra\u00ebl.<\/span><\/p>\n<p style=\"text-align: justify;\"><span style=\"font-size: 14pt;\">2- <a href=\"https:\/\/www.pmneditions.com\/product\/derriere-les-fronts-dr-samah-jabr\">Derri\u00e8re les fronts, Chroniques d\u2019une psychiatre psychoth\u00e9rapeute palestinienne sous occupation<\/a>, \u00e9ditions Premiers matins de novembre, 2018<\/span><\/p>\n<p style=\"text-align: justify;\"><span style=\"font-size: 14pt;\">3- Jabr fait r\u00e9f\u00e9rence \u00e0 l&rsquo;invasion de la Bande de Gaza en 2008-2009, pour laquelle les commandants militaires (ou civils ?) d&rsquo;Isra\u00ebl n&rsquo;ont pas trouv\u00e9 de meilleur nom que \u00ab\u00a0Plomb durci\u00a0\u00bb.<\/span><\/p>\n<h2><span style=\"font-size: 18pt;\">Luis Ernesto Sabini Fern\u00e1ndez<\/span><\/h2>\n<h2 style=\"text-align: justify;\"><span style=\"font-size: 18pt;\">Original: <a href=\"https:\/\/www.lapluma.net\/2022\/07\/22\/nueva-definicion-de-antisemitismo-una-mosqueta-ideologica\/\">Nueva definici\u00f3n de antisemitismo: una mosqueta ideol\u00f3gica<\/a><\/span><\/h2>\n<h2><span style=\"font-size: 18pt;\">Traduit par <a href=\"https:\/\/drive.google.com\/file\/d\/1yonU1TFL80rHWu5iWQekgi-hN6al9M2z\/view\">Fausto Giudice<\/a><\/span><\/h2>\n<h2><span style=\"font-size: 18pt;\">Editat\u00e9 par <a href=\"http:\/\/www.lapluma.net\/fr\/nosotros\/editora\/\">Mar\u00eda Piedad Ossaba<\/a><\/span><\/h2>\n<h2><span style=\"font-size: 18pt;\">Source: <a href=\"https:\/\/tlaxcala-int.blogspot.com\/2022\/07\/luis-e-sabini-fernandez-la-nouvelle.html\">Tlaxclala<\/a>, le 22 juillet 2022<\/span><\/h2>\n<h2><\/h2>\n","protected":false},"excerpt":{"rendered":"<p>La cr\u00e9ation de l&rsquo;\u00c9tat d&rsquo;Isra\u00ebl n&rsquo;a donc pas cr\u00e9\u00e9 un seul probl\u00e8me (palestinien) mais deux.<\/p>\n","protected":false},"author":12,"featured_media":40825,"comment_status":"open","ping_status":"open","sticky":false,"template":"","format":"standard","meta":{"_uf_show_specific_survey":0,"_uf_disable_surveys":false,"footnotes":""},"categories":[5],"tags":[16230,18131,19826,19827,19828,15080,1338,17190,1507,3738],"coauthors":[215],"class_list":["post-40645","post","type-post","status-publish","format-standard","has-post-thumbnail","hentry","category-editoriales-y-opiniones","tag-argentina-america-latina-abya-yala-2","tag-argentine-amerique-latine-abya-yala","tag-definicion-antisemitismo","tag-definition-antisemitisma","tag-ihra","tag-luis-sabini","tag-palestina-israel","tag-palestine-israel-2","tag-propaganda-sionista","tag-propagande-sioniste"],"translation":{"provider":"WPGlobus","version":"2.12.2","language":"fr","enabled_languages":["es","fr"],"languages":{"es":{"title":true,"content":true,"excerpt":true},"fr":{"title":true,"content":true,"excerpt":true}}},"_links":{"self":[{"href":"https:\/\/www.lapluma.net\/fr\/wp-json\/wp\/v2\/posts\/40645","targetHints":{"allow":["GET"]}}],"collection":[{"href":"https:\/\/www.lapluma.net\/fr\/wp-json\/wp\/v2\/posts"}],"about":[{"href":"https:\/\/www.lapluma.net\/fr\/wp-json\/wp\/v2\/types\/post"}],"author":[{"embeddable":true,"href":"https:\/\/www.lapluma.net\/fr\/wp-json\/wp\/v2\/users\/12"}],"replies":[{"embeddable":true,"href":"https:\/\/www.lapluma.net\/fr\/wp-json\/wp\/v2\/comments?post=40645"}],"version-history":[{"count":16,"href":"https:\/\/www.lapluma.net\/fr\/wp-json\/wp\/v2\/posts\/40645\/revisions"}],"predecessor-version":[{"id":40819,"href":"https:\/\/www.lapluma.net\/fr\/wp-json\/wp\/v2\/posts\/40645\/revisions\/40819"}],"wp:featuredmedia":[{"embeddable":true,"href":"https:\/\/www.lapluma.net\/fr\/wp-json\/wp\/v2\/media\/40825"}],"wp:attachment":[{"href":"https:\/\/www.lapluma.net\/fr\/wp-json\/wp\/v2\/media?parent=40645"}],"wp:term":[{"taxonomy":"category","embeddable":true,"href":"https:\/\/www.lapluma.net\/fr\/wp-json\/wp\/v2\/categories?post=40645"},{"taxonomy":"post_tag","embeddable":true,"href":"https:\/\/www.lapluma.net\/fr\/wp-json\/wp\/v2\/tags?post=40645"},{"taxonomy":"author","embeddable":true,"href":"https:\/\/www.lapluma.net\/fr\/wp-json\/wp\/v2\/coauthors?post=40645"}],"curies":[{"name":"wp","href":"https:\/\/api.w.org\/{rel}","templated":true}]}}