{"id":39585,"date":"2022-06-18T14:35:13","date_gmt":"2022-06-18T14:35:13","guid":{"rendered":"https:\/\/www.lapluma.net\/?p=39585"},"modified":"2022-06-19T09:18:41","modified_gmt":"2022-06-19T09:18:41","slug":"tercer-round-en-la-segunda-vuelta-en-colombia","status":"publish","type":"post","link":"https:\/\/www.lapluma.net\/fr\/2022\/06\/18\/tercer-round-en-la-segunda-vuelta-en-colombia\/","title":{"rendered":"Tercer round en la segunda vuelta en Colombia"},"content":{"rendered":"<p style=\"text-align: justify;\"><span style=\"font-size: 14pt;\"><img loading=\"lazy\" decoding=\"async\" class=\"wp-image-39595 alignleft\" src=\"https:\/\/www.lapluma.net\/wp-content\/uploads\/2022\/06\/Alfredo-Serrano-Mancilla-300x150.jpg\" alt=\"\" width=\"244\" height=\"122\" srcset=\"https:\/\/www.lapluma.net\/wp-content\/uploads\/2022\/06\/Alfredo-Serrano-Mancilla-300x150.jpg 300w, https:\/\/www.lapluma.net\/wp-content\/uploads\/2022\/06\/Alfredo-Serrano-Mancilla.jpg 318w\" sizes=\"auto, (max-width: 244px) 100vw, 244px\" \/>Si bien la primera vuelta fue marcada por la disputa Petrismo vs. Uribismo, en la segunda la pugna viene dada entre el Cambio o la continuidad del modelo econ\u00f3mico y social.<\/span><\/p>\n<p style=\"text-align: justify;\"><span style=\"font-size: 14pt;\">\u00abNo es Churchill, pero es lo que hay\u2026\u00bb.<\/span><\/p>\n<p style=\"text-align: justify;\"><span style=\"font-size: 14pt;\">Esta fue la frase, tan lapidaria como elocuente, que escuch\u00e9 en la mesa de al lado en el aeropuerto de El Dorado de Bogot\u00e1 (Colombia) mientras tomaba un caf\u00e9 esperando la partida de mi vuelo.<\/span><\/p>\n<p style=\"text-align: justify;\"><span style=\"font-size: 14pt;\">Un se\u00f1or de corbata le hac\u00eda este comentario a su colega de trabajo en clara referencia al resultado electoral de Rodolfo Hern\u00e1ndez en primera vuelta y con miras a lo que podr\u00eda suceder el 19 de junio.<\/span><\/p>\n<p style=\"text-align: justify;\"><span style=\"font-size: 14pt;\">El \u2018candidato sorpresa\u2019 hab\u00eda llamado la atenci\u00f3n de propios y extra\u00f1os por colarse en la gran final contra Gustavo Petro. Un desconocido para muchos, sometido ahora a infinitos intentos (forzados) de encorsetarle a trav\u00e9s de categor\u00edas sencillas.<\/span><\/p>\n<p style=\"text-align: justify;\"><span style=\"font-size: 14pt;\">Pero no. En pol\u00edtica, como en la vida, no hay atajo simple para\u00a0un fen\u00f3meno complejo.<\/span><\/p>\n<p style=\"text-align: justify;\"><span style=\"font-size: 14pt;\">\u00bfQui\u00e9n\u00a0es Rodolfo Hern\u00e1ndez? En parte, es un viejo pol\u00edtico que ha podido reinventarse como nuevo y diferente gracias, precisamente, a la victoria pol\u00edtica de Gustavo Petro y lo que\u00a0la Colombia Humana representa. La alternativa progresista ampli\u00f3 el marco de lo posible en este pa\u00eds.<\/span><\/p>\n<p style=\"text-align: justify;\"><span style=\"font-size: 14pt;\">\u00a1Qu\u00e9 (democr\u00e1tica) paradoja!<\/span><\/p>\n<p style=\"text-align: justify;\"><span style=\"font-size: 14pt;\">Aunque parezca que estamos en una segunda vuelta, en verdad nos encontramos en el tercer <em>round<\/em>.<\/span><\/p>\n<p style=\"text-align: justify;\"><span style=\"font-size: 14pt;\">El primero tuvo que ver con la disputa Petrismo vs. Uribismo, con todo lo que ello significa. Y, en gran medida, esta partida ya fue saldada. Uribe dej\u00f3 de ser el centro de gravedad de la pol\u00edtica colombiana. Tiene su fuerza institucional, medi\u00e1tica, econ\u00f3mica y militar, sin lugar a dudas, pero en cuanto a apoyo popular qued\u00f3 relegado a una minor\u00eda. Desde hace unos a\u00f1os, la matriz de valores y sentidos comunes en Colombia no es uribista. Es otra \u2018cosa\u2019.<\/span><\/p>\n<p style=\"text-align: justify;\"><span style=\"font-size: 14pt;\">El segundo est\u00e1 vinculado a la idea de \u2018Cambio\u2019, que en Colombia es mucho m\u00e1s que un eslogan de campa\u00f1a. Esta batalla tambi\u00e9n est\u00e1 ganada. El pa\u00eds cambi\u00f3 y sigue cambiando. La gran mayor\u00eda quiere dejar atr\u00e1s el viejo pa\u00eds con sus desigualdades e injusticias; y anhela un Estado que garantice derechos sociales; m\u00e1s paz que violencia; un modelo econ\u00f3mico m\u00e1s productivo, sin mafias ni corrupci\u00f3n; un sistema tributario sin privilegios; con relaciones internacionales soberanas. Este cambio tambi\u00e9n tiene su correlato electoral: los dos candidatos m\u00e1s votados acapararon dos tercios de los votos v\u00e1lidos. Ambos representan el cambio, cada uno a su manera. Petro en un sentido muy definido y Hern\u00e1ndez de manera mucho menos n\u00edtida.<\/span><\/p>\n<p><img loading=\"lazy\" decoding=\"async\" class=\" wp-image-38928 aligncenter\" src=\"https:\/\/www.lapluma.net\/wp-content\/uploads\/2022\/05\/0001-Petro-Rodolfo-629x381-1-300x182.jpeg\" alt=\"\" width=\"422\" height=\"256\" srcset=\"https:\/\/www.lapluma.net\/wp-content\/uploads\/2022\/05\/0001-Petro-Rodolfo-629x381-1-300x182.jpeg 300w, https:\/\/www.lapluma.net\/wp-content\/uploads\/2022\/05\/0001-Petro-Rodolfo-629x381-1.jpeg 629w\" sizes=\"auto, (max-width: 422px) 100vw, 422px\" \/><\/p>\n<p style=\"text-align: justify;\"><span style=\"font-size: 14pt;\">Y ahora estamos ante la segunda vuelta electoral que realmente constituye un tercer <em>round<\/em>\u00a0pol\u00edtico. Lo que est\u00e1 en juego a partir de ahora es hacia d\u00f3nde ir. El cambio implica dejar atr\u00e1s un estadio anterior, pero no necesariamente se conoce cu\u00e1l ser\u00e1 el rumbo a seguir.<\/span><\/p>\n<p style=\"text-align: justify;\"><span style=\"font-size: 14pt;\">Se viene un nuevo plebiscito pol\u00edtico que deber\u00e1 definir, por un lado, si las dos victorias anteriores (Fin del uribismo y Cambio) ser\u00e1n duraderas o si, por el contrario, fueron meramente coyunturales. La propuesta de Hern\u00e1ndez se mover\u00e1 entre marcos superficiales sin que nada de lo profundo sea modificado.<\/span><\/p>\n<p style=\"text-align: justify;\"><span style=\"font-size: 14pt;\">Y, por otro lado, est\u00e1 en disputa el modelo econ\u00f3mico y social. Hern\u00e1ndez seguramente optar\u00e1 por el goteo hacia abajo sin querer afectar los Privilegios de los de Arriba. Un cl\u00e1sico de la doctrina del Empresario llegado a la Presidencia. A lo Pi\u00f1era, a lo Cartes, a lo Macri, a lo Lasso. Ya conocemos sus resultados. Ganan los de siempre a costa de los de siempre. Y, frente a ello, Petro pretende un Estado de Bienestar como pivote, en el que la Justicia Social sirva como palanca del crecimiento. Y donde la econom\u00eda real se imponga a la especulaci\u00f3n financiera y la producci\u00f3n interna a la exportaci\u00f3n de materia prima sin valor agregado. Son dos v\u00edas en pugna. Ambas en el marco del capitalismo, pero diametralmente opuestas.<\/span><\/p>\n<p style=\"text-align: justify;\"><span style=\"font-size: 14pt;\">En definitiva, en esta tercera contienda pol\u00edtica, que coincide con la segunda vuelta electoral, se elige entre Hern\u00e1ndez, \u201ces lo que hay\u201d, y otra opci\u00f3n, Petro, que no sabemos si llegar\u00e1 a ser una suerte de Churchill colombiano, pero que seguro s\u00ed posee todos los atributos para ser un gran estadista.<\/span><\/p>\n<div class=\"heateor_sss_sharing_container heateor_sss_horizontal_sharing\" data-heateor-sss-href=\"https:\/\/www.celag.org\/tercer-round-en-la-segunda-vuelta-en-colombia\/\" data-heateor-sss-no-counts=\"1\">\n<h2 class=\"heateor_sss_sharing_title\" style=\"text-align: justify;\"><span style=\"font-size: 18pt;\">Alfredo Serrano<br \/>\n<\/span><\/h2>\n<\/div>\n<h2><span style=\"font-size: 18pt;\">Editado por <a href=\"http:\/\/www.lapluma.net\/nosotros\/editora\/\">Mar\u00eda Piedad Ossaba<\/a><\/span><\/h2>\n<h2><span style=\"font-size: 18pt;\">Fuente:\u00a0 <a href=\"https:\/\/www.celag.org\/tercer-round-en-la-segunda-vuelta-en-colombia\/\">CELAG<\/a>, 13 de junio de 2022<\/span><\/h2>\n<div><\/div>\n","protected":false},"excerpt":{"rendered":"<p>Y ahora estamos ante la segunda vuelta electoral que realmente constituye un tercer round\u00a0pol\u00edtico. Lo que est\u00e1 en juego a partir de ahora es hacia d\u00f3nde ir. El cambio implica dejar atr\u00e1s un estadio anterior, pero no necesariamente se conoce cu\u00e1l ser\u00e1 el rumbo a seguir.<\/p>\n","protected":false},"author":17,"featured_media":39587,"comment_status":"open","ping_status":"open","sticky":false,"template":"","format":"standard","meta":{"_uf_show_specific_survey":0,"_uf_disable_surveys":false,"footnotes":""},"categories":[5],"tags":[19156,19344,19343],"coauthors":[250],"class_list":["post-39585","post","type-post","status-publish","format-standard","has-post-thumbnail","hentry","category-editoriales-y-opiniones","tag-gustavo-petro-rodolfo-hernandez","tag-petrismo-vs-uribismo","tag-tercera-contienda-politica-segunda-vuelta-electoral"],"translation":{"provider":"WPGlobus","version":"2.12.2","language":"fr","enabled_languages":["es","fr"],"languages":{"es":{"title":true,"content":true,"excerpt":true},"fr":{"title":false,"content":false,"excerpt":false}}},"_links":{"self":[{"href":"https:\/\/www.lapluma.net\/fr\/wp-json\/wp\/v2\/posts\/39585","targetHints":{"allow":["GET"]}}],"collection":[{"href":"https:\/\/www.lapluma.net\/fr\/wp-json\/wp\/v2\/posts"}],"about":[{"href":"https:\/\/www.lapluma.net\/fr\/wp-json\/wp\/v2\/types\/post"}],"author":[{"embeddable":true,"href":"https:\/\/www.lapluma.net\/fr\/wp-json\/wp\/v2\/users\/17"}],"replies":[{"embeddable":true,"href":"https:\/\/www.lapluma.net\/fr\/wp-json\/wp\/v2\/comments?post=39585"}],"version-history":[{"count":5,"href":"https:\/\/www.lapluma.net\/fr\/wp-json\/wp\/v2\/posts\/39585\/revisions"}],"predecessor-version":[{"id":39593,"href":"https:\/\/www.lapluma.net\/fr\/wp-json\/wp\/v2\/posts\/39585\/revisions\/39593"}],"wp:featuredmedia":[{"embeddable":true,"href":"https:\/\/www.lapluma.net\/fr\/wp-json\/wp\/v2\/media\/39587"}],"wp:attachment":[{"href":"https:\/\/www.lapluma.net\/fr\/wp-json\/wp\/v2\/media?parent=39585"}],"wp:term":[{"taxonomy":"category","embeddable":true,"href":"https:\/\/www.lapluma.net\/fr\/wp-json\/wp\/v2\/categories?post=39585"},{"taxonomy":"post_tag","embeddable":true,"href":"https:\/\/www.lapluma.net\/fr\/wp-json\/wp\/v2\/tags?post=39585"},{"taxonomy":"author","embeddable":true,"href":"https:\/\/www.lapluma.net\/fr\/wp-json\/wp\/v2\/coauthors?post=39585"}],"curies":[{"name":"wp","href":"https:\/\/api.w.org\/{rel}","templated":true}]}}