{"id":39572,"date":"2022-06-18T12:37:22","date_gmt":"2022-06-18T12:37:22","guid":{"rendered":"https:\/\/www.lapluma.net\/?p=39572"},"modified":"2022-06-19T08:49:24","modified_gmt":"2022-06-19T08:49:24","slug":"el-desconocimiento-de-la-economia-de-la-naturaleza-y-su-relacion-con-el-sistema-de-economia-de-desarollo-capitalista","status":"publish","type":"post","link":"https:\/\/www.lapluma.net\/fr\/2022\/06\/18\/el-desconocimiento-de-la-economia-de-la-naturaleza-y-su-relacion-con-el-sistema-de-economia-de-desarollo-capitalista\/","title":{"rendered":"El desconocimiento de la Econom\u00eda de la Naturaleza y su relaci\u00f3n con el sistema de econom\u00eda de desarollo capitalista"},"content":{"rendered":"<p style=\"text-align: justify;\"><strong><span style=\"font-size: 14pt;\"><img loading=\"lazy\" decoding=\"async\" class=\"wp-image-31572 alignleft\" src=\"https:\/\/www.lapluma.net\/wp-content\/uploads\/2021\/10\/Lilliam-Eugenia-Gomez-2-300x300.jpg\" sizes=\"auto, (max-width: 71px) 100vw, 71px\" srcset=\"https:\/\/www.lapluma.net\/wp-content\/uploads\/2021\/10\/Lilliam-Eugenia-Gomez-2-300x300.jpg 300w, https:\/\/www.lapluma.net\/wp-content\/uploads\/2021\/10\/Lilliam-Eugenia-Gomez-2-150x150.jpg 150w, https:\/\/www.lapluma.net\/wp-content\/uploads\/2021\/10\/Lilliam-Eugenia-Gomez-2.jpg 362w\" alt=\"\" width=\"71\" height=\"71\" \/><\/span><\/strong><span style=\"font-size: 14pt;\"><em>El desconocimiento de la econom\u00eda de la naturaleza y de la agroecolog\u00eda, llevado a cabo por el\u00a0 sistema de econom\u00eda de desarrollo capitalista y afianzado luego por la llamada Revoluci\u00f3n Verde realizada a trav\u00e9s de la agricultura convencional, han sido la causa de la ruptura con el agroecosistema y los sistemas modificados.\u00a0<\/em><\/span><\/p>\n<p><img loading=\"lazy\" decoding=\"async\" class=\" wp-image-39577 aligncenter\" src=\"https:\/\/www.lapluma.net\/wp-content\/uploads\/2022\/06\/346_2_1.jpg\" alt=\"\" width=\"395\" height=\"262\" srcset=\"https:\/\/www.lapluma.net\/wp-content\/uploads\/2022\/06\/346_2_1.jpg 300w, https:\/\/www.lapluma.net\/wp-content\/uploads\/2022\/06\/346_2_1-150x100.jpg 150w\" sizes=\"auto, (max-width: 395px) 100vw, 395px\" \/><\/p>\n<h2 style=\"text-align: justify;\"><span style=\"font-size: 18pt;\"><strong>Introducci\u00f3n<\/strong><\/span><\/h2>\n<p style=\"text-align: justify;\"><span style=\"font-size: 14pt;\">La ruptura del ecosistema se inici\u00f3 con el manejo agroecol\u00f3gico, de los inicios de la agricultura, luego con la revoluci\u00f3n agr\u00edcola y se afianza despu\u00e9s con el monocultivo industrial de la llamada <em>Revoluci\u00f3n Verde<\/em>, en el punto donde las relaciones de la biocen\u00f3tica desaparecen, sobre todo en los pa\u00edses no desarrollados, en los que la desnutrici\u00f3n por carencias proteicas es importante<em>,\u00a0 <\/em>perdi\u00e9ndose as\u00ed un <em>\u201cpool\u201d <\/em>gen\u00e9tico de vital importancia, si consideramos que dichas carencias solo pueden ser suplidas por fuentes proteicas vegetales provenientes de leguminosas. En otras palabras podemos afirmar que la situaci\u00f3n es demasiado grave, ya que la industria irracional de la agricultura ha hecho desaparecer el 75% de las leguminosas tropicales, estrechando as\u00ed su rango a unas cuantas variedades mejoradas y el 25% restante esta en grave peligro de extinci\u00f3n debido a la introducci\u00f3n de las semillas transg\u00e9nicas. La modificaci\u00f3n del agroecosistema realizado en California, no es la misma que las transformaciones que realizar\u00edan un grupo de ind\u00edgenas de la amazonia. Mientras que la FAO estima que el 25% de la poblaci\u00f3n pobre, recibe una raci\u00f3n proteica inferior a la normal.<\/span><\/p>\n<p style=\"text-align: justify;\"><span style=\"font-size: 14pt;\">Existe un gran desequilibrio entre las necesidades reales de los seres humanos, la producci\u00f3n de alimentos y la capacidad econ\u00f3mica para obtenerlos. Este desequilibrio se agrava a\u00fan m\u00e1s a causa de las cat\u00e1strofes, las guerras del mercado y las diferencias econ\u00f3micas entre los pueblos productores ricos, quienes empobrecen con dichas producciones los ecosistemas y los pueblos consumidores pobres y sub-poblados. La crisis ecol\u00f3gica de la agricultura moderna, que involucro en el mundo 265 millones de hect\u00e1reas en 50 a\u00f1os, bajo la falsa premisa de la <em>\u201cRevoluci\u00f3n Verde<\/em>\u201d, cuyo fin era el de producir m\u00e1s para alimentar la poblaci\u00f3n mundial, en menos tiempo y a m\u00e1s bajos costos. Lastimosamente no se tuvo en cuenta ninguna base ecol\u00f3gica y predomin\u00f3 el monocultivo de dos especies: Cereales y 23 monocultivos m\u00e1s, transformando para ello los bosques, en detrimento de la biodiversidad.<\/span><\/p>\n<p style=\"text-align: justify;\"><span style=\"font-size: 14pt;\">Se suma a esto la tenencia de la tierra que esta cada vez mas concentrada en manos de grandes empresarios y corporaciones privadas que controlan las mejores tierras, suelos y recursos h\u00eddricos para la producci\u00f3n de cultivos de alto valor comercial. La falta de oportunidades econ\u00f3micas en el \u00e1rea rural que obligan\u00a0 a la migraci\u00f3n de miles de personas, en especial j\u00f3venes, contribuyen a la feminizaci\u00f3n y al car\u00e1cter de ancianos\u00a0 que permanecen a laborar el agro.<\/span><\/p>\n<p style=\"text-align: justify;\"><span style=\"font-size: 14pt;\">Los pa\u00edses desarrollados absorben el 50% del consumo mundial de la producci\u00f3n agr\u00edcola. Las personas que tienen dinero para comprar m\u00e1s alimentos no necesitan hacerlo, ya que ese dinero lo utilizan para el pago de los m\u00e1rgenes siempre en aumento: de comercializaci\u00f3n y elaboraci\u00f3n, envasado, impuestos\u00a0 y dem\u00e1s servicios.<\/span><\/p>\n<p style=\"text-align: justify;\"><span style=\"font-size: 14pt;\">El hecho doloroso es que mientras esto ocurre en los pa\u00edses desarrollados, en el resto del mundo al mismo tiempo, una parte considerable de la poblaci\u00f3n contin\u00faa con bajos niveles de consumo y de acceso a los alimentos, con la consecuente persistencia de niveles de desnutrici\u00f3n.<\/span><\/p>\n<p style=\"text-align: justify;\"><span style=\"font-size: 14pt;\">Los albores de la <em>Revoluci\u00f3n Verde<\/em> se remontan al periodo de posguerra de la segunda guerra mundial, pero fue solo en 1968 que el \u201cWebster\u2019s college dictionary\u201d defin\u00eda \u201c<em>La revoluci\u00f3n verde<\/em>\u201d como \u201cEl gran aumento de la producci\u00f3n de cereales: Arroz, trigo y de granos como el\u00a0 ma\u00edz, debido a la introducci\u00f3n del alto rendimiento del material gen\u00e9tico y al uso de pesticidas, as\u00ed como a las mejores practicas culturales.\u201d.<\/span><\/p>\n<p style=\"text-align: justify;\"><span style=\"font-size: 14pt;\">En segundo lugar afirma Blaak que <em>las variedades de alto rendimiento<\/em> introducidas se reprodujeron a escala con una base gen\u00e9tica muy peque\u00f1a, comparada con la base de las plantas tradicionales de ma\u00edz y trigo. Fue as\u00ed como esta sustituci\u00f3n produjo la p\u00e9rdida de una diversidad que es insustituible para la humanidad. La destrucci\u00f3n de la diversidad y la creaci\u00f3n simultanea de la uniformidad, requiere de la destrucci\u00f3n de la estabilidad e introduce la vulnerabilidad. En otras palabras como afirma Labeyrie \u201cEs la simplificaci\u00f3n del ecosistema, la causa de su fragilidad y la que permite as\u00ed el aumento de plagas ex\u00f3genas y end\u00f3genas\u201d.<\/span><\/p>\n<p style=\"text-align: justify;\"><span style=\"font-size: 14pt;\">Hoy el nuevo milagro son las semillas modificadas en su genoma, transg\u00e9nicas, o los O.G.M., acompa\u00f1adas del paquete de insumos espec\u00edficos, donde se incluyen las semillas h\u00edbridas y modificadas, que crean una dependencia; semillas \u00e9stas que el agricultor debe comprar o importar ya son producidas por las grandes transnacionales, as\u00ed como los fertilizantes qu\u00edmicos espec\u00edficos.<\/span><\/p>\n<p style=\"text-align: justify;\"><span style=\"font-size: 14pt;\">Los t\u00e9cnicos lo miran como \u201cun solo dolor del crecimiento a gran escala\u201d y de una urgente necesidad de un cambio positivo y al mismo tiempo agregan que \u201cestos tipos de dolores los sufri\u00f3 <em>la Revoluci\u00f3n<\/em><em> verde <\/em>en sus or\u00edgenes\u201d.<\/span><\/p>\n<p style=\"text-align: justify;\"><span style=\"font-size: 14pt;\">Ya se han cometido errores suficientes, \u00bfpor qu\u00e9 repetirlos una segunda vez?\u00a0 Los errores son para aprender y no para ser repetid.<\/span><\/p>\n<h2 style=\"text-align: justify;\"><span style=\"font-size: 18pt;\"><strong>El manejo del Agroecosistema<\/strong><\/span><\/h2>\n<p style=\"text-align: justify;\"><span style=\"font-size: 14pt;\">Se llama Manejo del ecosistema, al desarrollo dado por la concepci\u00f3n de la econom\u00eda de la naturaleza que debe incluir el desarrollo sostenible y es el que respeta las interrelaciones de la naturaleza, satisfaciendo las necesidades de las generaciones presentes, sin comprometer la capacidad de las generaciones futuras a satisfacer sus propias necesidades.<\/span><\/p>\n<p style=\"text-align: justify;\"><span style=\"font-size: 14pt;\">Si en un plano cartesiano le damos definiciones a X, Y, Z y en el caso del desarrollo econ\u00f3mico capitalista o neoliberal, llamaremos: X = Desarrollo econ\u00f3mico, Y = La naturaleza, Z = La especie humana.<\/span><\/p>\n<p style=\"text-align: justify;\"><span style=\"font-size: 14pt;\">Tenemos entonces que: <em>el desarrollo econ\u00f3mico capitalista y neoliberal<\/em> y la especie humana dependen totalmente de la naturaleza, hasta que se llegue a un\u00a0 momento en que la naturaleza no es capaz de sostener dicha dependencia y se agota. Si continua esta dependencia, el agotamiento ser\u00e1 total y entonces al desaparecer la naturaleza, tambi\u00e9n desaparece el sistema econ\u00f3mico y la especie humana.<\/span><\/p>\n<p style=\"text-align: justify;\"><span style=\"font-size: 14pt;\">Mientras que si se da <em>un desarrollo sostenible,<\/em> los par\u00e1metros cambian y tenemos entonces: X = La naturaleza, Y =\u00a0 Desarrollo sostenible, Z = La especie humana.<\/span><\/p>\n<p style=\"text-align: justify;\"><span style=\"font-size: 14pt;\">Aqu\u00ed la naturaleza ocupa el eje X\u00a0 y no el Y como lo hace en <em>el desarrollo capitalista<\/em>, donde la premisa es la toma de decisiones. Recordando siempre que la especie humana y su continuidad sobre la tierra, dependen de la naturaleza y no del <em>sistema econ\u00f3mico de desarrollo<\/em>.<\/span><\/p>\n<p style=\"text-align: justify;\"><span style=\"font-size: 14pt;\">El suelo es el \u00fanico factor que puede ser modificado y manejado por el hombre, la acci\u00f3n deliberada del hombre y de su agricultura como modificadora del suelo en sus dos calidades: Despensa de la humanidad y regulador de caudales.<\/span><\/p>\n<p style=\"text-align: justify;\"><span style=\"font-size: 14pt;\">Es por ello, que <em>la Revoluci\u00f3n<\/em><em> verde<\/em> da un manejo donde aumentan los costos de productividad, comparativamente a las formas campesinas de cultivo y cr\u00eda, as\u00ed aparentemente se mejore el rendimiento por unidad de superficie, la fuente clave que la hace insostenible ecol\u00f3gicamente es el da\u00f1o a la potencialidad del suelo.<\/span><\/p>\n<p style=\"text-align: justify;\"><span style=\"font-size: 14pt;\">La agricultura de <em>la Revoluci\u00f3n<\/em><em> verde<\/em> constituye una amenaza en el deterioro del suelo y en t\u00e9rminos de productividad. Por lo tanto esta agricultura<em> de la revoluci\u00f3n verde<\/em> no fue, no es, ni ser\u00e1 jam\u00e1s <em>una agricultura sostenible<\/em>.<\/span><\/p>\n<p><img loading=\"lazy\" decoding=\"async\" class=\" wp-image-39578 aligncenter\" src=\"https:\/\/www.lapluma.net\/wp-content\/uploads\/2022\/06\/la-revolucion-verde-300x239.jpg\" alt=\"\" width=\"515\" height=\"411\" srcset=\"https:\/\/www.lapluma.net\/wp-content\/uploads\/2022\/06\/la-revolucion-verde-300x239.jpg 300w, https:\/\/www.lapluma.net\/wp-content\/uploads\/2022\/06\/la-revolucion-verde-124x100.jpg 124w, https:\/\/www.lapluma.net\/wp-content\/uploads\/2022\/06\/la-revolucion-verde.jpg 602w\" sizes=\"auto, (max-width: 515px) 100vw, 515px\" \/><\/p>\n<p style=\"text-align: justify;\"><span style=\"font-size: 14pt;\">\u00bfPueden entonces cubrirse las futuras necesidades de alimentos usando m\u00e1s de los mismos tipos de inversiones agr\u00edcolas promovidos en las tres \u00faltimas d\u00e9cadas -basados en investigaci\u00f3n, extensi\u00f3n, infraestructura y pol\u00edtica? \u00bfO son los productores y aquellos que toman las decisiones quienes deber\u00edan buscar otras formas sostenibles para el medio ambiente, econ\u00f3micamente eficientes y socialmente equitativas en cuanto a incrementar la oferta mundial de alimentos? \u00bfExisten tales alternativas? \u00bfCu\u00e1l es el potencial de las estrategias de producci\u00f3n que dependen m\u00e1s de un manejo agroecol\u00f3gico que de inversiones de capital? m\u00e1s de recursos locales que de insumos externos, y m\u00e1s de procesos biol\u00f3gicos que de aplicaciones de qu\u00edmicos?<\/span><\/p>\n<p style=\"text-align: justify;\"><span style=\"font-size: 14pt;\">Es indudable que en el futuro se necesitar\u00e1 aumentar la producci\u00f3n de alimentos. Ciertamente es cr\u00edtico y est\u00e1 bien justificado el aumento de las inversiones p\u00fablicas y privadas en investigaci\u00f3n y extensi\u00f3n agr\u00edcola, considerando cu\u00e1nto tiempo habr\u00e1 de transcurrir antes de que las nuevas pr\u00e1cticas sean ampliamente aceptadas y explotadas en su totalidad.<\/span><\/p>\n<p style=\"text-align: justify;\"><span style=\"font-size: 14pt;\"><strong>La Agroecolog\u00eda alternativa para el manejo de loa Agroecosistemas<br \/>\n<\/strong><\/span><\/p>\n<p style=\"text-align: justify;\"><span style=\"font-size: 14pt;\">Tomando en consideraci\u00f3n los programas innovadores en \u00c1frica, Asia y Am\u00e9rica Latina, se considera conveniente un creciente intercambio de esfuerzos de investigaci\u00f3n y extensi\u00f3n agr\u00edcola m\u00e1s enfocados en estrategias basadas en conceptos agroecol\u00f3gicos.<\/span><\/p>\n<p style=\"text-align: justify;\"><span style=\"font-size: 14pt;\">Este enfoque ofrece oportunidades para incrementar la producci\u00f3n de alimentos, no s\u00f3lo en cantidades sino en m\u00faltiplos. Como se ha visto en los estudios de caso, una mejor combinaci\u00f3n de cultivo, suelo, agua y manejo de los nutrientes, que integre al ganado o a los peces en los sistemas agr\u00edcolas, adem\u00e1s de los procesos de manejo ecol\u00f3gico de plagas, logra con frecuencia un incremento de la producci\u00f3n de 50 a 100% o m\u00e1s en una amplia gama de circunstancias, incluso en algunas bastante adversas desde el punto de vista agr\u00edcola. Los gobiernos, investigadores, agencias donantes y agricultores- deben saber que son numerosas las alternativas en investigaci\u00f3n y desarrollo agr\u00edcola que merecen ser investigadas y apoyadas.<\/span><\/p>\n<p><img loading=\"lazy\" decoding=\"async\" class=\" wp-image-39579 aligncenter\" src=\"https:\/\/www.lapluma.net\/wp-content\/uploads\/2022\/06\/AGROSISTEMA-ALMANARA-1024x768-1-300x225.jpg\" alt=\"\" width=\"509\" height=\"382\" srcset=\"https:\/\/www.lapluma.net\/wp-content\/uploads\/2022\/06\/AGROSISTEMA-ALMANARA-1024x768-1-300x225.jpg 300w, https:\/\/www.lapluma.net\/wp-content\/uploads\/2022\/06\/AGROSISTEMA-ALMANARA-1024x768-1-768x576.jpg 768w, https:\/\/www.lapluma.net\/wp-content\/uploads\/2022\/06\/AGROSISTEMA-ALMANARA-1024x768-1.jpg 1024w\" sizes=\"auto, (max-width: 509px) 100vw, 509px\" \/><\/p>\n<p style=\"text-align: justify;\"><span style=\"font-size: 14pt;\">Es indudable que si se toman en serio estas alternativas \u2013y se refinan, adaptan y diseminan- se podr\u00e1 determinar si la poblaci\u00f3n del mundo cubrir\u00e1 con \u00e9xito sus necesidades de nutrici\u00f3n y, al mismo tiempo, mantener un ambiente natural y social apropiado a la vida en siglo XXI.<\/span><\/p>\n<p style=\"text-align: justify;\"><span style=\"font-size: 14pt;\">Es necesario la proyecci\u00f3n sobre cu\u00e1ndo exactamente, en este siglo, los productores de todo el mundo necesitar\u00e1n doblar el actual nivel de producci\u00f3n agr\u00edcola para satisfacer los requerimientos de una poblaci\u00f3n m\u00e1s grande y, como todos esperan, m\u00e1s pr\u00f3spera. En el presente hay grandes necesidades de alimentos no cubiertas.<\/span><\/p>\n<p style=\"text-align: justify;\"><span style=\"font-size: 14pt;\">Pocos dudan que tarde o temprano se tendr\u00e1 que incrementar substancialmente la producci\u00f3n. Sin embargo, si la fecha l\u00edmite es el 2030 o el 2050 lo m\u00e1s importante es c\u00f3mo encontrar el modo de alcanzar este gigantesco reto de duplicar la provisi\u00f3n mundial de alimentos.<\/span><\/p>\n<h2 style=\"text-align: justify;\"><span style=\"font-size: 14pt;\"><strong><span style=\"font-size: 18pt;\">La reconversi\u00f3n de los sistemas de producci\u00f3n agr\u00edcola<\/span><br \/>\n<\/strong><\/span><\/h2>\n<p style=\"text-align: justify;\"><span style=\"font-size: 14pt;\">Uno de los motivos por el cual muchos agricultores realizan una conversi\u00f3n desde un sistema de producci\u00f3n agr\u00edcola convencional de monocultivo, manejado con insumos agroqu\u00edmicos, a un sistema mas diversificado con \u00e1rboles de sombra, o con la introducci\u00f3n de policultivos, es el de lograr una producci\u00f3n de calidad que sea estable, poco dependiente de insumos extremos, que al mismo tiempo les permita bajar los costos de producci\u00f3n y a la vez conservar los recursos naturales de la finca, tales como suelo, agua y Agro biodiversidad (Altieri l995)<\/span><\/p>\n<p style=\"text-align: justify;\"><span style=\"font-size: 14pt;\"><img loading=\"lazy\" decoding=\"async\" class=\" wp-image-39580 aligncenter\" src=\"https:\/\/www.lapluma.net\/wp-content\/uploads\/2022\/06\/reconversion-300x150.jpg\" alt=\"\" width=\"528\" height=\"264\" srcset=\"https:\/\/www.lapluma.net\/wp-content\/uploads\/2022\/06\/reconversion-300x150.jpg 300w, https:\/\/www.lapluma.net\/wp-content\/uploads\/2022\/06\/reconversion-768x384.jpg 768w, https:\/\/www.lapluma.net\/wp-content\/uploads\/2022\/06\/reconversion.jpg 800w\" sizes=\"auto, (max-width: 528px) 100vw, 528px\" \/><\/span><\/p>\n<p style=\"text-align: justify;\"><span style=\"font-size: 14pt;\">El objetivo final de los investigadores que desarrollan y promueven t\u00e9cnicas de manejo org\u00e1nico, es llegar a dise\u00f1ar agroecosistemas que posean una alta resistencia a plagas y enfermedades, una alta capacidad de reciclaje y de retenci\u00f3n de nutrientes y de energ\u00eda del agroecosistema, as\u00ed como altos niveles de biodiversidad (Gliessman l998). Un sistema m\u00e1s diversificado, con un suelo rico en materia org\u00e1nica y biol\u00f3gicamente activo, se considera un sistema no degradado, robusto y productivo. En otras palabras, se considera que es <em>sostenible o saludable<\/em>, a un agroecosistema de caf\u00e9, rico en biodiversidad que a partir de una serie de sinergismos subsidia la fertilidad ed\u00e1fica, la fotoprotecci\u00f3n y la productividad del sistema. (Fern\u00e1ndez y Muschler l999).<\/span><\/p>\n<p style=\"text-align: justify;\"><span style=\"font-size: 14pt;\">Uno de los desaf\u00edos que enfrentan tanto agricultores como extensionistas e investigadores, es el de saber cuando un agroecosistema es saludable, o m\u00e1s bien en que estado de salud se encuentra despu\u00e9s de iniciada la conversi\u00f3n a un manejo agroecol\u00f3gico. Investigadores que trabajan en agricultura sostenible, han ideado una serie de <em>indicadores de sostenibilidad<\/em> para evaluar el estado de los agroecosistemas (G\u00f3mez et al. l996, Masera et al. 1999). Algunos indicadores desarrollados, consisten en realizar una serie de observaciones o mediciones a nivel de finca, para ver si el suelo es f\u00e9rtil y conservado y si las plantas est\u00e1n sanas, vigorosas y productivas; en otras palabras, los indicadores sirven para <em>tomarle el pulso<\/em> al agroecosistema. Para ello es necesario que dichos indicadores sean:<\/span><\/p>\n<ul style=\"text-align: justify;\">\n<li><span style=\"font-size: 14pt;\">relativamente certeros y f\u00e1ciles de interpretar<\/span><\/li>\n<li><span style=\"font-size: 14pt;\">suficientemente sensitivos, poseer un conocimiento complejo, para reflejar cambios ambientales y el impacto de practicas de manejo sobre el suelo y el cultivo<\/span><\/li>\n<li><span style=\"font-size: 14pt;\">capaces de integrar propiedades f\u00edsicas, qu\u00edmicas y biol\u00f3gicas del suelo para poder relacionarse con procesos del ecosistema, como por ejemplo capturar la relaci\u00f3n entre diversidad vegetal y estabilidad de poblaciones de plagas y enfermedades (Altieri l994)<\/span><\/li>\n<\/ul>\n<p style=\"text-align: justify;\"><span style=\"font-size: 14pt;\">Para la reconversi\u00f3n a un agroecosistema, necesitamos tener un dominio en el manejo y la reconstrucci\u00f3n de suelos, para lo que es indispensable saber: lo que es un suelo y que son los suelos tropicales; el conocimiento de las propiedades f\u00edsicas del suelo, depende naturalmente de las proporciones relativas de los elementos de ese suelo y de la manera como dichos elementos son asociados entre ellos, para formar unidades estructurales. Se denomina textura a la composici\u00f3n elemental de una muestra definida por la proporci\u00f3n relativa de los elementos constituyentes, agrupados en clases o dimensiones luego de haber sido individualizados.<\/span><\/p>\n<p style=\"text-align: justify;\"><span style=\"font-size: 14pt;\">El suelo es un elemento vivo, ya que en \u00e9l se alojan muchos microorganismos que hacen parte de la evoluci\u00f3n de ese suelo y que hacen que \u00e9l sea f\u00e9rtil, muy saludable y que sus elementos sean aprovechables para las plantas.<\/span><\/p>\n<p style=\"text-align: justify;\"><span style=\"font-size: 14pt;\">Para que el suelo conserve su vida hay que saber tratarlo; entonces \u00e9l permitir\u00e1 plantas sanas y fuertes que resistan enfermedades y ataques de insectos. La fertilidad de un suelo es la actitud del mismo para producir cosechas en funci\u00f3n de sus calidades intr\u00ednsecas, las cuales est\u00e1n estrechamente ligadas a las t\u00e9cnicas culturales que se utilicen para la siembra. En un suelo existe: la fertilidad actual, que es la actitud o capacidad de producir en las condiciones actuales del cultivo, y que se mide por el rendimiento obtenido; la fertilidad potencial, que es la aptitud de producir en las condiciones \u00f3ptimas de nutrici\u00f3n. Es en este punto que la mano del hombre entra a influir con el mejoramiento de los factores modificables, los cuales son medidos por un rendimiento m\u00e1ximo, tambi\u00e9n entran a jugar los factores l\u00edmites, como son los elementos que se encuentran en m\u00e1s d\u00e9bil cantidad en los horizontes del suelo que alcance las ra\u00edces relativas a las necesidades de las plantas<\/span><\/p>\n<p style=\"text-align: justify;\"><span style=\"font-size: 14pt;\">No hay que olvidar que en un suelo hay que tener en cuenta la restituci\u00f3n de los elementos que se sacan en la cosecha a dicho suelo a saber:<\/span><\/p>\n<ul style=\"text-align: justify;\">\n<li><span style=\"font-size: 14pt;\">P\u00e9rdidas por lavado del suelo<\/span><\/li>\n<li><span style=\"font-size: 14pt;\">Correcci\u00f3n por carencias eventuale<\/span><\/li>\n<\/ul>\n<p style=\"text-align: justify;\"><span style=\"font-size: 14pt;\">As\u00ed como la utilizaci\u00f3n de aportes de elementos fertilizantes por abonos que nos permiten su reconstrucci\u00f3n. Igualmente es necesario tener en cuenta las pendientes del terreno, donde se establecen los policultivos y abonar en corona; las aplicaciones de un <strong>SUPERABONO <\/strong>se har\u00e1n cada seis meses, durante el primer a\u00f1o de establecidos los policultivos en el agroecosistema; luego seg\u00fan el tipo de cultivo, si es perenne cada a\u00f1o, si son cultivos transitorios solo se har\u00e1 una aplicaci\u00f3n a los tres meses; se aplicara un kilogramo por planta, en forma de corona, este proceso se har\u00e1 luego del plateo de cada planta, ya que las calles no se desyerbaran y solo se plateara el sitio donde se encuentra sembrada la planta, un metro de di\u00e1metro a la redonda; si son cultivos en sitios pendientes se har\u00e1 en semic\u00edrculo y se aplicara por la parte de arriba. A todos estos diferentes tipos de compostaje resultados de las mezclas de compost, humus, gallinaza, o en caso contrario Baiyodo y Bocashi m\u00e1s un 10% de arena, y micorrizas podemos obtener un <strong>SUPERABONO<\/strong>, rico en NPK y elementos menores. En el momento de floraci\u00f3n y antes de fructificaci\u00f3n a este abono se le puede agregar bocashis, londrinaza y gallinaza.<\/span><\/p>\n<p style=\"text-align: justify;\"><span style=\"font-size: 14pt;\">Los problemas fitosanitarios son la resultante del desajuste del ecosistema, que lleva a disparar las poblaciones de insectos, hongos, bacterias y virus que causan enfermedades en los cultivos; son los insectos que los atacan los que la mayor\u00eda de las veces abren las puertas de entrada a las enfermedades.<\/span><\/p>\n<p style=\"text-align: justify;\"><span style=\"font-size: 14pt;\">Es el control biol\u00f3gico ejercido sobre este agroecosistema, el que da la regulaci\u00f3n natural de las poblaciones de insectos cuyas poblaciones se encuentran en abundancia causando da\u00f1o. Dicho control es ejercido por otros insectos Parasitoides, como: los Braconidae; por depredadores, como: Formicidae, as\u00ed como competidores interespec\u00edficos como Nematodos, protozoarios y \u00c1caros; por pat\u00f3genos como: Hongos, bacterias y virus; adem\u00e1s de metodolog\u00edas culturales. Sin caer en el grave error del manejo de estas problem\u00e1ticas fitosanitarias a trav\u00e9s de la llamada: <strong><em>PRODUCCI\u00d3N MAS LIMPIA<\/em><\/strong>.<\/span><\/p>\n<p><img loading=\"lazy\" decoding=\"async\" class=\" wp-image-39582 aligncenter\" src=\"https:\/\/www.lapluma.net\/wp-content\/uploads\/2022\/06\/Romanian-pinot-noir-scaled-1-300x200.jpg\" alt=\"\" width=\"524\" height=\"349\" srcset=\"https:\/\/www.lapluma.net\/wp-content\/uploads\/2022\/06\/Romanian-pinot-noir-scaled-1-300x200.jpg 300w, https:\/\/www.lapluma.net\/wp-content\/uploads\/2022\/06\/Romanian-pinot-noir-scaled-1-1024x683.jpg 1024w, https:\/\/www.lapluma.net\/wp-content\/uploads\/2022\/06\/Romanian-pinot-noir-scaled-1-768x512.jpg 768w, https:\/\/www.lapluma.net\/wp-content\/uploads\/2022\/06\/Romanian-pinot-noir-scaled-1-1536x1024.jpg 1536w, https:\/\/www.lapluma.net\/wp-content\/uploads\/2022\/06\/Romanian-pinot-noir-scaled-1-2048x1366.jpg 2048w, https:\/\/www.lapluma.net\/wp-content\/uploads\/2022\/06\/Romanian-pinot-noir-scaled-1-435x290.jpg 435w, https:\/\/www.lapluma.net\/wp-content\/uploads\/2022\/06\/Romanian-pinot-noir-scaled-1-150x100.jpg 150w, https:\/\/www.lapluma.net\/wp-content\/uploads\/2022\/06\/Romanian-pinot-noir-scaled-1-370x247.jpg 370w\" sizes=\"auto, (max-width: 524px) 100vw, 524px\" \/><\/p>\n<h2 style=\"text-align: justify;\"><span style=\"font-size: 18pt;\"><strong>Conclusiones<\/strong><\/span><\/h2>\n<p style=\"text-align: justify;\"><span style=\"font-size: 14pt;\">El ritmo del crecimiento de <em>la<\/em> <em>producci\u00f3n agr\u00edcola<\/em> <em>mundial<\/em> esta en descenso, debido a que hay suficiente cantidad de alimentos para consumidores con poder adquisitivo, mientras que en los pa\u00edses del tercer mundo se necesitan alimentos, pero no hay con que comprarlos. Es por ello que una de las procuraciones mayores es de como estimar la sostenibilidad de los agroecosistemas en estos pa\u00edses, ello se ha vuelto hoy una prioridad de muchos investigadores agr\u00edcolas.<\/span><\/p>\n<p style=\"text-align: justify;\"><span style=\"font-size: 14pt;\">De aqu\u00ed el grave error de asumir la concepci\u00f3n err\u00f3nea impuesta desde los altos estamentos gubernamentales, y sin una verdadera autocr\u00edtica y cr\u00edtica constructiva; es por ello que se contin\u00faan desarrollando todos sus programas desde esta \u00f3ptica miope de \u201c<strong><em>PRODUCCI\u00d3N M\u00c1S LIMPIA<\/em><\/strong>\u201d; es necesario que esta critica trascienda hoy al Ministerio de Ambiente Vivienda y Desarrollo territorial. Y la de la \u201c<strong><em>REVOLUCI\u00d3N VERDE<\/em><\/strong>\u201d al EL Ministerio De\u00a0 Agricultura.<\/span><\/p>\n<p style=\"text-align: justify;\"><span style=\"font-size: 14pt;\">La historia de la \u201c<strong><em>Producci\u00f3n m\u00e1s limpia\u201d<\/em><\/strong>, es y debe ser una etapa superada, ya que es necesario asumir el manejo integral de los <strong>ECOSISTEMAS<\/strong> en todos sus componentes; en este aspecto, lo que hasta ahora se ha hecho es cambiar tanto a nivel Ministerial como a niveles Corporativos, algo malo, por algo peor; ya que se busca revalidar o reconvertir el ecosistema, lo que equivale a mejorar con cataplasmas el dolor causado por una infecci\u00f3n, en lugar de proceder a cortar la infecci\u00f3n de ra\u00edz; es casi como lavarse la cara sin lavarse el cuerpo. Por ello es necesario evaluar los da\u00f1os causados y realizar las verdaderas innovaciones y cambios de fondo y no hacer adaptaciones y mejoras para revertir los da\u00f1os; pues no es esto lo que\u00a0 requiere el ecosistema intervenido y averiado. Ello solo se lograra asumiendo la concepci\u00f3n de la \u201cEconom\u00eda de la Naturaleza\u201d, que contempla un desarrollo sostenible, sin que se siga perpetuando en modelo de desarrollo capitalista, el cual por su propia naturaleza es insostenible. Se trata de replantear el sistema y de asumir posiciones cr\u00edticas; ya que ser cr\u00edticos es la posibilidad de construir diferentes opiniones en una democracia.<\/span><\/p>\n<p style=\"text-align: justify;\"><span style=\"font-size: 14pt;\">Porque sino lo hacemos estaremos condenados a seguir siendo pa\u00eds tercermundista y por consecuencia el basurero del planeta; seremos entonces los receptores de residuos radioactivos, puerta abierta por la apertura que dar\u00e1n todos los pa\u00edses firmantes de la Globalizaci\u00f3n econ\u00f3mica y el TLC. En nuestro pa\u00eds no se ha contemplado a\u00fan por ejemplo, el problema de las plagas migrantes en este intercambio, las cuales no han sido previstas, como no lo ha sido tampoco la introducci\u00f3n de los plaguicidas gen\u00e9ricos, ni de otros que en la actualidad tienen entrada libre al pa\u00eds. En Colombia existen plaguicidas mortales sin ning\u00fan control; tales actos merecen pronunciamientos y la formaci\u00f3n de una corriente de opini\u00f3n ciudadana, que incida en la toma de decisiones gubernamentales, priorizando los intereses nacionales. El problema de la <em>\u201cRevoluci\u00f3n Verde\u201d <\/em>sigue en pie y a la orden del d\u00eda con sus monocultivos transg\u00e9nicos, con la destrucci\u00f3n de la Soberan\u00eda y Seguridad Alimentar\u00eda del pa\u00eds, que se encuentra al borde de sufrir riesgos sin precedentes.<\/span><\/p>\n<p style=\"text-align: justify;\"><span style=\"font-size: 14pt;\">Para poder llegar al desarrollo de una visi\u00f3n integral del manejo de los ecosistemas, es necesario poder contar con profesionales que tengan un pensamiento complejo, que posean formaciones de bi\u00f3logo, ingeniero agr\u00f3nomo, ingeniero forestal, tecn\u00f3logo forestal, tecn\u00f3logo agropecuario, soci\u00f3logos, antrop\u00f3logos, nutricionistas, que tengan adem\u00e1s conocimientos b\u00e1sicos en: ecolog\u00eda, suelos tropicales, zonificaci\u00f3n territorial, criterios econ\u00f3micos b\u00e1sicos en pol\u00edticas econ\u00f3micas, desarrollo sostenible, en La Carta de la Tierra, es decir el conocimiento de la Econom\u00eda de la Naturaleza.<\/span><\/p>\n<p style=\"text-align: justify;\"><span style=\"font-size: 14pt;\">Es necesario contar con verdaderos funcionarios que tengan una visi\u00f3n hol\u00edstica, pensamiento complejo, mentalidad abierta y universal; ser\u00e1 necesario que conozcan los manejos del ambiente desde un enfoque econ\u00f3mico, que entiendan las relaciones y dependencias de la especie humana con respecto al ecosistema. En el \u00e1mbito personal dichos funcionarios deber\u00e1n ser humildes para poder discutir, entender la critica y ser capaces de la autocr\u00edtica, tener un sentido dial\u00e9ctico del mundo, que ser\u00e1 lo que le dar\u00e1 la universalidad de la concepci\u00f3n de \u00e9ste, calidades primordiales que un verdadero ec\u00f3logo deber\u00e1 poseer.<\/span><\/p>\n<p style=\"text-align: justify;\"><span style=\"font-size: 14pt;\">En una palabra estamos a\u00fan lejos de una noci\u00f3n de soberan\u00eda alimentaria. Dicha noci\u00f3n se entiende como el derecho de los pueblos a alimentarse en correspondencia con sus especificidades sociales, econ\u00f3micas, ambientales y culturales. Dentro de un concepto de perspectiva hol\u00edstica del sistema alimentario, donde el alimento sea disponible y autosuficiente. Es decir con posibilidades de su compra en mercados justos, con calidad y cantidad de alimentos sanos y libres de todo tipo de contaminaciones.<\/span><\/p>\n<p style=\"text-align: justify;\"><span style=\"font-size: 14pt;\">La soberan\u00eda alimentaria supone un cuidado sostenible de los recursos naturales.<\/span><\/p>\n<p style=\"text-align: justify;\"><span style=\"font-size: 14pt;\">Se podr\u00eda decir, sin que parezca un atrevimiento, que la soberan\u00eda alimentaria ser\u00e1 una realidad, el d\u00eda en que el mundo se libere de los uniformes globalizadores del mundo capitalista neoliberal. El d\u00eda en que se adopten las medidas pol\u00edticas para poder lograr una agricultura de manejo de agroecosistemas sostenibles, que permitan a los pa\u00edses no desarrollados asegurar su soberan\u00eda alimentaria. Cuando los seres humanos logren comer de acuerdo con el hambre sentida, de una manera sana y en paz con la naturaleza, solo ese d\u00eda el mundo lograr\u00e1 ser justo y podr\u00e1 llamarse \u201ccivilizado\u201d.<br \/>\n<\/span><\/p>\n<h2 style=\"text-align: justify;\"><span style=\"font-size: 18pt;\">Lecturas realizadas<\/span><\/h2>\n<p style=\"text-align: justify;\"><span style=\"font-size: 14pt;\">Altieri, M.A. l995 Agroecology: the science of sustainable agriculture. West view Process, Boulder<\/span><\/p>\n<p style=\"text-align: justify;\"><span style=\"font-size: 14pt;\">Altieri Miguel, 2001, Entrevista: \u201cUn motor de la agroecolog\u00eda, los campesinos saben\u00a0tanto o m\u00e1s que los universitarios. P\u00e1g. Web.\u00a0\u00a0\u00a0\u00a0\u00a0\u00a0\u00a0\u00a0\u00a0\u00a0<\/span><\/p>\n<p style=\"text-align: justify;\"><span style=\"font-size: 14pt;\">Altieri Miguel 2002, Manejo de plantas protectoras en vi\u00f1as en Chile. Dossier FAO.<\/span><\/p>\n<p style=\"text-align: justify;\"><span style=\"font-size: 14pt;\">Altieri Miguel, 2002, Una alternativa dentro del sistema, la agroecolog\u00eda hace trabajar la sinergia para conseguir \u201cagroecosistemas\u201d autosuficientes. Dossier FAO.<\/span><\/p>\n<p style=\"text-align: justify;\"><span style=\"font-size: 14pt;\">Alvear Restrepo Jairo. 1978.\u00a0 El Suelo en el Departamento de Antioquia. Secretaria de Agricultura de Antioquia.\u00a0\u00a0<\/span><\/p>\n<p style=\"text-align: justify;\"><span style=\"font-size: 14pt;\">Blaak Gustaaf, 2002, En Kamataka, India, crecen juntos palmeras y jazmines. Dos. FAO.<\/span><\/p>\n<p style=\"text-align: justify;\"><span style=\"font-size: 14pt;\">Blaak Gustaaf. 2002 Huertos mixtos Sri Lanka, Dossier FAO.\u00a0<\/span><\/p>\n<p style=\"text-align: justify;\"><span style=\"font-size: 14pt;\">Fern\u00e1ndez, C.E. y R. Muschler l999 Aspectos de sostenibilidad de los sistemas de\u00a0 cultivo de caf\u00e9 en Am\u00e9rica Central, En: Desaf\u00edos de la caficultora en\u00a0 Centroam\u00e9rica. B, Bertrand (ed). IICA-PROMECAFE-CIRAD, San Jos\u00e9, Costa\u00a0 Rica.<\/span><\/p>\n<p style=\"text-align: justify;\"><span style=\"font-size: 14pt;\">George Susan 1982, Comment meurt l\u2019autre moiti\u00e9 du monde. R\u00e9ponses ecologie\/ Robert Laffont \u00e9dition 1999<\/span><\/p>\n<p style=\"text-align: justify;\"><span style=\"font-size: 14pt;\">G\u00f3mez \u00c1. Lilliam E. 1999 Proyecto para la creaci\u00f3n\u00a0 de la unidad de an\u00e1lisis ambiental de los Agroecosistemas en la jurisdicci\u00f3n de CORANTIOQUIA.<\/span><\/p>\n<p style=\"text-align: justify;\"><span style=\"font-size: 14pt;\">G\u00f3mez \u00c1. Lilliam E. 2002 El sistema agroalimentario de la revoluci\u00f3n Verde, U.N. Memoria Seminario Energ\u00eda y Paz.<\/span><\/p>\n<p style=\"text-align: justify;\"><span style=\"font-size: 14pt;\">G\u00f3mez \u00c1. Lilliam E. 2000 Manejo agroecol\u00f3gico de Cultivos, Corantioquia.<\/span><\/p>\n<h2 style=\"text-align: justify;\"><span style=\"font-size: 18pt;\">Lilliam Eugenia G\u00f3mez \u00c1lvarez para La Pluma<\/span><\/h2>\n<h2><span style=\"font-size: 18pt;\">Editado por <a href=\"http:\/\/www.lapluma.net\/nosotros\/editora\/\">Mar\u00eda Piedad Ossaba<\/a><\/span><\/h2>\n<p><strong>Los conceptos pol\u00edticos e ideol\u00f3gicos emitidos en este texto son responsabilidad de la autora<\/strong><\/p>\n","protected":false},"excerpt":{"rendered":"<p>Cuando los seres humanos logren comer de acuerdo con el hambre sentida, de una manera sana y en paz con la naturaleza, solo ese d\u00eda el mundo lograr\u00e1 ser justo y podr\u00e1 llamarse \u201ccivilizado\u201d<\/p>\n","protected":false},"author":37,"featured_media":39581,"comment_status":"open","ping_status":"open","sticky":false,"template":"","format":"standard","meta":{"_uf_show_specific_survey":0,"_uf_disable_surveys":false,"footnotes":""},"categories":[9],"tags":[4063,2375,7887,19341,6094],"coauthors":[325],"class_list":["post-39572","post","type-post","status-publish","format-standard","has-post-thumbnail","hentry","category-economia-de-la-naturaleza","tag-economia-de-la-naturaleza","tag-lilliam-eugenia-gomez-alvarez","tag-revolucion-verde","tag-sistema-economico-de-desarrollo-capitalista","tag-soberania-alimentaria"],"translation":{"provider":"WPGlobus","version":"2.12.2","language":"fr","enabled_languages":["es","fr"],"languages":{"es":{"title":true,"content":true,"excerpt":true},"fr":{"title":false,"content":false,"excerpt":false}}},"_links":{"self":[{"href":"https:\/\/www.lapluma.net\/fr\/wp-json\/wp\/v2\/posts\/39572","targetHints":{"allow":["GET"]}}],"collection":[{"href":"https:\/\/www.lapluma.net\/fr\/wp-json\/wp\/v2\/posts"}],"about":[{"href":"https:\/\/www.lapluma.net\/fr\/wp-json\/wp\/v2\/types\/post"}],"author":[{"embeddable":true,"href":"https:\/\/www.lapluma.net\/fr\/wp-json\/wp\/v2\/users\/37"}],"replies":[{"embeddable":true,"href":"https:\/\/www.lapluma.net\/fr\/wp-json\/wp\/v2\/comments?post=39572"}],"version-history":[{"count":7,"href":"https:\/\/www.lapluma.net\/fr\/wp-json\/wp\/v2\/posts\/39572\/revisions"}],"predecessor-version":[{"id":39575,"href":"https:\/\/www.lapluma.net\/fr\/wp-json\/wp\/v2\/posts\/39572\/revisions\/39575"}],"wp:featuredmedia":[{"embeddable":true,"href":"https:\/\/www.lapluma.net\/fr\/wp-json\/wp\/v2\/media\/39581"}],"wp:attachment":[{"href":"https:\/\/www.lapluma.net\/fr\/wp-json\/wp\/v2\/media?parent=39572"}],"wp:term":[{"taxonomy":"category","embeddable":true,"href":"https:\/\/www.lapluma.net\/fr\/wp-json\/wp\/v2\/categories?post=39572"},{"taxonomy":"post_tag","embeddable":true,"href":"https:\/\/www.lapluma.net\/fr\/wp-json\/wp\/v2\/tags?post=39572"},{"taxonomy":"author","embeddable":true,"href":"https:\/\/www.lapluma.net\/fr\/wp-json\/wp\/v2\/coauthors?post=39572"}],"curies":[{"name":"wp","href":"https:\/\/api.w.org\/{rel}","templated":true}]}}