{"id":39551,"date":"2022-06-18T09:21:18","date_gmt":"2022-06-18T09:21:18","guid":{"rendered":"https:\/\/www.lapluma.net\/?p=39551"},"modified":"2022-06-18T14:17:50","modified_gmt":"2022-06-18T14:17:50","slug":"ecuador-lasso-y-la-criminalizacion-de-la-lucha-popular","status":"publish","type":"post","link":"https:\/\/www.lapluma.net\/fr\/2022\/06\/18\/ecuador-lasso-y-la-criminalizacion-de-la-lucha-popular\/","title":{"rendered":"Ecuador: Lasso y la criminalizaci\u00f3n de la lucha popular"},"content":{"rendered":"<p style=\"text-align: justify;\"><span style=\"font-size: 14pt;\">El <em>\u201cvoto nulo ideol\u00f3gico\u201d<\/em>, auspiciado por el <a href=\"https:\/\/es.wikipedia.org\/wiki\/Pachakutik\">partido Pachakutik<\/a> y la <a href=\"https:\/\/es.wikipedia.org\/wiki\/Confederaci%C3%B3n_de_Nacionalidades_Ind%C3%ADgenas_del_Ecuador\">Confederaci\u00f3n de Nacionalidades Ind\u00edgenas del Ecuador (Conaie)<\/a>, condujo al triunfo de <a href=\"https:\/\/cronicon.net\/wp\/guillermo-lasso-y-familia-la-corrupcion-es-lo-primero\/\">Guillermo Lasso<\/a> en la segunda vuelta electoral en este pa\u00eds andino, el 11 de abril de 2021, en la que <a href=\"https:\/\/cronicon.net\/wp\/como-ee-uu-intervino-en-ecuador-cooptando-grupos-indigenas-y-ambientalistas-para-derrotar-al-correismo-e-imponer-al-cuestionado-banquero-guillermo-lasso\/\">el banquero se enfrent\u00f3 contra el candidato progresista Andr\u00e9s Arauz<\/a>.<\/span><\/p>\n<p><img loading=\"lazy\" decoding=\"async\" class=\"wp-image-39561 aligncenter\" src=\"https:\/\/www.lapluma.net\/wp-content\/uploads\/2022\/06\/0001-Ecuador-Movilizacion-300x180.jpg\" alt=\"\" width=\"535\" height=\"321\" srcset=\"https:\/\/www.lapluma.net\/wp-content\/uploads\/2022\/06\/0001-Ecuador-Movilizacion-300x180.jpg 300w, https:\/\/www.lapluma.net\/wp-content\/uploads\/2022\/06\/0001-Ecuador-Movilizacion.jpg 600w\" sizes=\"auto, (max-width: 535px) 100vw, 535px\" \/><\/p>\n<p style=\"text-align: justify;\"><strong><span style=\"font-size: 12pt;\">El sector ind\u00edgena ecuatoriano que mayoritariamente apoy\u00f3 electoralmente al banquero Guillermo Lasso para derrotar la candidatura progresista que representaba Andr\u00e9s Arauz, ahora protagoniza un levantamiento en su contra ante las pol\u00edticas de corte neoliberal que viene implementando desde el deslegitimado gobierno que preside, el cual apenas cumpli\u00f3 un a\u00f1o de gesti\u00f3n el pasado mes de mayo.<\/span><\/strong><\/p>\n<p style=\"text-align: justify;\"><em><span style=\"font-size: 14pt;\">El odio y el revanchismo hacia Rafael Correa y el proyecto pol\u00edtico liderado por el exmandatario llevaron a la dirigencia ind\u00edgena a exhortar a sus bases a votar nulo, lo cual signific\u00f3 en la pr\u00e1ctica un espaldarazo al candidato presidencial del <a href=\"https:\/\/es.wikipedia.org\/wiki\/Movimiento_CREO\">movimiento CREO<\/a>.<\/span><\/em><\/p>\n<p style=\"text-align: justify;\"><em><span style=\"font-size: 14pt;\">No pod\u00eda sorprender dicha decisi\u00f3n de parte de dirigentes que como <a href=\"https:\/\/es.wikipedia.org\/wiki\/Lourdes_Tib%C3%A1n\">Lourdes Tib\u00e1n<\/a>, <a href=\"https:\/\/es.wikipedia.org\/wiki\/Salvador_Quishpe\">Salvador Quishpe<\/a>, abiertamente apoyaron a Guillermo Lasso en elecciones anteriores, en las cuales lo acompa\u00f1aron en m\u00edtines pol\u00edticos, se abrazaron y levantaron su mano. <a href=\"https:\/\/www.alcarajo.org\/2021\/02\/12\/con-yaku-perez-la-cia-se-disfraza-de-indigena-ecuatoriano\/\">Yaku P\u00e9rez<\/a>, resentido por no haber logrado pasar a la segunda vuelta, mientras denunciaba un fraude en su contra, inicialmente mantuvo conversaciones con Lasso para aliarse y evitar el triunfo de Arauz, aunque finalmente apoy\u00f3 el voto nulo.<\/span><\/em><\/p>\n<p><img loading=\"lazy\" decoding=\"async\" class=\" wp-image-39124 aligncenter\" src=\"https:\/\/www.lapluma.net\/wp-content\/uploads\/2022\/06\/Guillermo-Lasso-falencias-300x222.jpg\" alt=\"\" width=\"587\" height=\"434\" srcset=\"https:\/\/www.lapluma.net\/wp-content\/uploads\/2022\/06\/Guillermo-Lasso-falencias-300x222.jpg 300w, https:\/\/www.lapluma.net\/wp-content\/uploads\/2022\/06\/Guillermo-Lasso-falencias.jpg 510w\" sizes=\"auto, (max-width: 587px) 100vw, 587px\" \/><\/p>\n<p style=\"text-align: justify;\"><span style=\"font-size: 14pt;\"><a href=\"https:\/\/es.wikipedia.org\/wiki\/Leonidas_Iza\">Leonidas Iza<\/a>, dirigente ind\u00edgena de izquierda, tambi\u00e9n hizo el llamado a votar nulo, al igual que sus coidearios, sin sopesar las consecuencias terribles que para el pa\u00eds traer\u00eda el ascenso del representante de la oligarqu\u00eda.<\/span><\/p>\n<p style=\"text-align: justify;\"><span style=\"font-size: 14pt;\">Fue un golpe contra quienes lucharon en octubre de 2019 en las movilizaciones populares para enfrentar al <a href=\"https:\/\/cronicon.net\/paginas\/edicanter\/Ediciones123\/nota1.htm\">gobierno neoliberal de Len\u00edn Moreno<\/a>, al que Lasso respald\u00f3, sobre todo en los a\u00f1os duros de la pandemia, cuando su bloque legislativo vot\u00f3 a favor de la denominada <em>Ley Humanitaria<\/em> para beneficiar a los grandes empresarios, en contra de los intereses de los trabajadores.<\/span><\/p>\n<p style=\"text-align: justify;\"><span style=\"font-size: 14pt;\"><em>\u201cContra Lasso podremos protestar en las calles\u201d<\/em>, argumentaban para justificar su <em>\u201cvoto nulo ideol\u00f3gico\u201d<\/em>, en una clara muestra de ingenuidad pol\u00edtica y de falta de comprensi\u00f3n de c\u00f3mo la derecha act\u00faa cuando tiene el control total del Estado, instrumento que lo usan para reprimir al movimiento popular.<\/span><\/p>\n<p style=\"text-align: justify;\"><em><span style=\"font-size: 14pt;\">Lo hecho, hecho queda. Lasso es la continuidad del gobierno de Moreno. La mayor\u00eda de ecuatorianos que rechazaron a Len\u00edn Moreno por su ineptitud, su falta de atenci\u00f3n a las necesidades del pueblo, su cinismo manifiesto, la utilizaci\u00f3n de la justicia para perseguir a sus opositores y criminalizar la lucha social, no imaginaron encontrarse con una versi\u00f3n superada del mismo.<\/span><\/em><\/p>\n<p style=\"text-align: justify;\"><em><span style=\"font-size: 14pt;\">Lo cierto es que Guillermo Lasso, el otrora candidato amigable de los zapatitos rojos y los pasos de Michael Jackson, ha mostrado su verdadero rostro, el cual muchos se negaron a reconocer en el momento de elegirlo.<\/span><\/em><\/p>\n<p style=\"text-align: justify;\"><span style=\"font-size: 14pt;\">Un a\u00f1o ha transcurrido desde la elecci\u00f3n de Lasso, per\u00edodo durante el cual se ha evidenciado la falta de obras por parte de su gobierno que no ha podido solucionar los problemas fundamentales de la gente del com\u00fan como la falta de empleo, la insuficiencia o inexistencia de medicinas en los hospitales y el deterioro constante de la vida de la poblaci\u00f3n con la subida permanente de los precios de la canasta b\u00e1sica que est\u00e1 en los USD.793, mientras el sueldo b\u00e1sico es de USD.425.<\/span><\/p>\n<p style=\"text-align: justify;\"><span style=\"font-size: 14pt;\">Entretanto, el Presidente ha manifestado que las reservas del pa\u00eds ascienden a USD 8.200 millones, dineros que no se han destinado a obra social, p\u00fablica y de infraestructura para el pa\u00eds, la cual brilla por su ausencia, mientras se comprometen millones de d\u00f3lares para pagar bonos de deuda externa.<\/span><\/p>\n<p style=\"text-align: justify;\"><span style=\"font-size: 14pt;\">En 2019, Moreno, con la imbecilidad que lo caracteriza, puso como ejemplo de emprendimiento a los ni\u00f1os de la costa, <em>\u201cmonitos\u201d<\/em> seg\u00fan expresi\u00f3n del exmandatario, que venden vasos de Coca-cola o pl\u00e1tanos asados en las calles. Sin verg\u00fcenza alguna, un presidente de la Rep\u00fablica del Ecuador, exaltaba el trabajo infantil.<\/span><\/p>\n<p style=\"text-align: justify;\"><span style=\"font-size: 14pt;\">Lasso, convertido en un Moreno 2.0, el 1 de enero de 2022 al hablar de los cr\u00e9ditos que su gobierno otorgar\u00e1, dec\u00eda en ese momento que con 500 d\u00f3lares o menos alguien podr\u00e1 ponerse en una esquina a vender en una charola caramelos o galletas para empezar un negocio.<\/span><\/p>\n<p><img loading=\"lazy\" decoding=\"async\" class=\"wp-image-39553 aligncenter\" src=\"https:\/\/www.lapluma.net\/wp-content\/uploads\/2022\/06\/Vilmatraca1-272x300.jpg\" alt=\"\" width=\"591\" height=\"651\" \/><\/p>\n<p><span style=\"font-size: 14pt;\"><strong>Ilustraci\u00f3n: Vilmatraca.<\/strong><\/span><\/p>\n<figure id=\"attachment_22773\" class=\"wp-caption aligncenter\" style=\"text-align: justify;\"><\/figure>\n<h2 style=\"text-align: justify;\"><span style=\"font-size: 18pt;\"><strong>En favor de los intereses olig\u00e1rquicos<\/strong><\/span><\/h2>\n<p style=\"text-align: justify;\"><span style=\"font-size: 14pt;\">Las pol\u00edticas de Lasso est\u00e1n encaminadas a proteger los intereses de un sector de la oligarqu\u00eda ecuatoriana y, por supuesto, del capital transnacional, por lo cual a toda costa quiere establecer tratados de libre comercio y vender o concesionar a empresas extranjeras sectores estrat\u00e9gicos de la econom\u00eda del pa\u00eds.<\/span><\/p>\n<p style=\"text-align: justify;\"><span style=\"font-size: 14pt;\">La reforma tributaria, promulgada en diciembre de 2021, con la que el gobierno pretende recaudar en dos a\u00f1os 1.900 millones de d\u00f3lares fue un golpe a la clase media que, en la pr\u00e1ctica, contribuye m\u00e1s que los m\u00e1s ricos a las arcas fiscales del pa\u00eds.<\/span><\/p>\n<p style=\"text-align: justify;\"><em><span style=\"font-size: 14pt;\">El primer mandatario constantemente habla contra la evasi\u00f3n de impuestos al punto de acusar al <a href=\"https:\/\/www.rebelion.org\/docs\/126223.pdf\">banquero Fidel Egas Grijalva (mayo accionista del Banco Pichincha)<\/a> de no pagarlos, <a href=\"https:\/\/cronicon.net\/wp\/estados-unidos-como-paraiso-fiscal-el-caso-del-presidente-ecuatoriano-guillermo-lasso\/\">mientras \u00e9l mantiene cuentas offshore en para\u00edsos fiscales<\/a>, lo cual no ha podido desmentir hasta hoy d\u00eda. \u00a1La doble moral de don Guille!<\/span><\/em><\/p>\n<p style=\"text-align: justify;\"><span style=\"font-size: 14pt;\">La falta de seguridad para la ciudadan\u00eda, que vive en constante zozobra ante el avance de la delincuencia, es otro problema que el gobierno de Lasso no ha podido enfrentar adecuadamente. El mandatario ha vuelto a repetir las acusaciones de Moreno contra el expresidente Rafael Correa de haber sido \u00e9l el que propici\u00f3 el avance del narcotr\u00e1fico en el pa\u00eds. Un mismo discurso para seguir justificando la inacci\u00f3n y la falta de medidas para combatir al crimen organizado.<\/span><\/p>\n<p><img loading=\"lazy\" decoding=\"async\" class=\" wp-image-39558 aligncenter\" src=\"https:\/\/www.lapluma.net\/wp-content\/uploads\/2022\/06\/0001-Lasso1-300x276.jpg\" alt=\"\" width=\"451\" height=\"415\" srcset=\"https:\/\/www.lapluma.net\/wp-content\/uploads\/2022\/06\/0001-Lasso1-300x276.jpg 300w, https:\/\/www.lapluma.net\/wp-content\/uploads\/2022\/06\/0001-Lasso1.jpg 432w\" sizes=\"auto, (max-width: 451px) 100vw, 451px\" \/><\/p>\n<p style=\"text-align: justify;\"><span style=\"font-size: 14pt;\">Fue bajo el mandato del presidente Correa que mediante una consulta popular se puso freno al negocio de casinos, lugares en los que el dinero sucio se lava para que circule en la econom\u00eda del pa\u00eds. De igual manera, bajo ese gobierno se empez\u00f3 a asumir el problema del consumo de drogas como un problema de salubridad y no como un delito, lo cual ha sido objeto de ataques por parte de los medios que han satanizado a la droga y no a los problemas sociales que conllevan a que la juventud consuma dichas sustancias.<\/span><\/p>\n<p style=\"text-align: justify;\"><span style=\"font-size: 14pt;\">Lo cierto es que, bajo los gobiernos de Moreno y Lasso, la delincuencia se ha desatado. Ecuador no se ha convertido en otra Venezuela como han planteado estos hermanos siameses en varias ocasiones, pero si ha llevado al pa\u00eds a transformarnos en una Sinaloa.<\/span><\/p>\n<p style=\"text-align: justify;\"><span style=\"font-size: 14pt;\">Mientras los funcionarios de Lasso vociferan que las paralizaciones y movilizaciones sociales ahuyentan el turismo, parecen desconocer que los delitos con armas blancas, los asesinatos, los robos y secuestros de personas son causa fundamental para que los turistas no visiten el Ecuador.<\/span><\/p>\n<h2 style=\"text-align: justify;\"><span style=\"font-size: 18pt;\"><strong>Represi\u00f3n a la protesta social<\/strong><\/span><\/h2>\n<p style=\"text-align: justify;\"><span style=\"font-size: 14pt;\">La Polic\u00eda, que en estos d\u00edas de movilizaciones populares ha empleado todos sus recursos para reprimir a quienes, cansados de la dif\u00edcil situaci\u00f3n que vive el pa\u00eds, han salido a protestar, ha demostrado total ineficiencia en el combate contra las bandas criminales, contra el sicariato y los delitos a los que cualquier ciudadano est\u00e1 expuesto permanentemente.<\/span><\/p>\n<p style=\"text-align: justify;\"><span style=\"font-size: 14pt;\">Lo extra\u00f1o es que las autoridades policiales han se\u00f1alado en reiteradas ocasiones que carecen de los recursos necesarios para combatir a los delincuentes, pero, sorpresivamente, se movilizan con rapidez en carros y motocicletas bien abastecidas de gasolina, con trajes especiales, provistos de toletes, gases lacrim\u00f3genos y gas pimienta para enfrentar al movimiento popular, ind\u00edgena, campesino y estudiantil.<\/span><\/p>\n<p style=\"text-align: justify;\"><em><span style=\"font-size: 14pt;\">En la <a href=\"https:\/\/cronicon.net\/wp\/la-sinrazon-de-una-nueva-cumbre-de-las-americas\/\">Cumbre de las Am\u00e9ricas<\/a> Lasso habl\u00f3 de que <a href=\"https:\/\/cronicon.net\/wp\/buscando-seguir-los-pasos-de-un-narco-estado-como-colombia-gobierno-de-lasso-insiste-en-un-plan-ecuador-tutelado-por-washington\/\">pedir\u00e1 a EE.UU. que se establezca un \u201cPlan Ecuador\u201d<\/a> similar al que Colombia aplic\u00f3 desde inicios del a\u00f1o 2000 para supuestamente combatir al narcotr\u00e1fico. El<a href=\"https:\/\/cronicon.net\/wp\/comision-politica-de-drogas-de-ee-uu-tilda-de-fracaso-el-plan-colombia-en-combate-al-narcotrafico-y-destaca-su-intervencionismo-en-lucha-contrainsurgente\/\"> \u201cPlan Colombia\u201d<\/a> fue un instrumento del imperialismo para justificar la presencia militar gringa en este pa\u00eds bioce\u00e1nico \u00a0y enfrentar a la insurgencia. Nueve bases militares tiene EE.UU. en Colombia. El fen\u00f3meno del narcotr\u00e1fico no ha desaparecido, mientras la producci\u00f3n de droga, en vez de disminuir, ha aumentado, negocio en el que han estado involucrados miembros del Ej\u00e9rcito y Polic\u00eda colombiana, as\u00ed como militares estadounidenses, estrechamente ligados a grupos paramilitares.<\/span><\/em><\/p>\n<p style=\"text-align: justify;\"><span style=\"font-size: 14pt;\">Desde el gobierno de Moreno, agentes de inteligencia de los EE.UU. y militares de ese pa\u00eds act\u00faan en el Ecuador. Lo que hoy pretenden es justificar una mayor presencia militar estadounidense, con miras a posibilitar el establecimiento de <a href=\"https:\/\/rebelion.org\/la-estrategia-del-nenufar\/\">bases nen\u00fafares<\/a> por parte del Comando Sur, para lo cual recurren al discurso del combate al terrorismo y a la criminalizaci\u00f3n de quienes luchan, acus\u00e1ndoles de tener v\u00ednculos con la guerrilla colombiana y el narcotr\u00e1fico internacional. Los acuerdos en materia de seguridad con el Estado criminal de Israel tambi\u00e9n tienen como objetivo el endurecimiento de las pol\u00edticas represivas contra el movimiento popular.<\/span><\/p>\n<p style=\"text-align: justify;\"><span style=\"font-size: 14pt;\">Como se\u00f1ala el analista y docente universitario, Marcel Merizalde, con Lasso se ha dado inicio a la era del <em><a href=\"https:\/\/es.wikipedia.org\/wiki\/Le%C3%B3n_Febres-Cordero_Ribadeneyra\">Febres Corderato<\/a> 2.0<\/em>, haciendo referencia a las pol\u00edticas represivas que bajo el gobierno socialcristiano de ese entonces (1984-1988) se aplicaron para combatir al movimiento popular mediante la persecuci\u00f3n de l\u00edderes sociales, las desapariciones y la aplicaci\u00f3n de la tortura en centros carcelarios como el SIC 10.<\/span><\/p>\n<p><img loading=\"lazy\" decoding=\"async\" class=\" wp-image-39560 aligncenter\" src=\"https:\/\/www.lapluma.net\/wp-content\/uploads\/2022\/06\/0001-Vilmatraca2-200x300.jpg\" alt=\"\" width=\"568\" height=\"853\" srcset=\"https:\/\/www.lapluma.net\/wp-content\/uploads\/2022\/06\/0001-Vilmatraca2-200x300.jpg 200w, https:\/\/www.lapluma.net\/wp-content\/uploads\/2022\/06\/0001-Vilmatraca2-683x1024.jpg 683w, https:\/\/www.lapluma.net\/wp-content\/uploads\/2022\/06\/0001-Vilmatraca2.jpg 690w\" sizes=\"auto, (max-width: 568px) 100vw, 568px\" \/><\/p>\n<figure id=\"attachment_22774\" class=\"wp-caption aligncenter\" style=\"text-align: justify;\"><\/figure>\n<p><strong><span style=\"font-size: 14pt;\">Ilustraci\u00f3n: Vilmatraca.<\/span><\/strong><\/p>\n<p style=\"text-align: justify;\"><span style=\"font-size: 14pt;\">Las declaraciones del general Patricio Carrillo Rosero, actual comandante de la Polic\u00eda ecuatoriana, que dirigi\u00f3 las operaciones represivas en octubre de 2019 bajo el gobierno de Moreno, evidencian que el gobierno de Lasso tiene el mismo prop\u00f3sito que el de Le\u00f3n Febres Cordero: criminalizar la lucha social.<\/span><\/p>\n<p style=\"text-align: justify;\"><em><span style=\"font-size: 14pt;\">Al igual que lo hicieron con Moreno, Lasso tiene el respaldado de los medios de comunicaci\u00f3n y de los periodistas asalariados que act\u00faan como voceros y \u201ccheerleader\u201d de su gobierno. Luis Eduardo Vivanco, Andersson Bosc\u00e1n, Carlos Rojas, Mart\u00edn Pallares, Arturo Torres, Fernando Villavicencio, Janet Hinostroza son los mercenarios de tinta y micr\u00f3fono que, a la vez que defienden a Lasso, denigran a los dirigentes sociales y estigmatizan la protesta social.<\/span><\/em><\/p>\n<p style=\"text-align: justify;\"><span style=\"font-size: 14pt;\">La movilizaci\u00f3n social y la lucha popular representa la defensa de la esperanza de un mundo mejor, de la vida en un pa\u00eds al que, a la mayor\u00eda de la poblaci\u00f3n, bajo el cuento repetido de la <em>unidad nacional<\/em> o de que nos encaminamos hacia un mejor futuro, han sacrificado su presente, conduci\u00e9ndola hacia la muerte.<\/span><\/p>\n<p style=\"text-align: justify;\"><span style=\"font-size: 14pt;\"> <img loading=\"lazy\" decoding=\"async\" class=\" wp-image-39562 aligncenter\" src=\"https:\/\/www.lapluma.net\/wp-content\/uploads\/2022\/06\/Violentos-cartel-manifestacion-indigena-ecuador-169x300.jpg\" alt=\"\" width=\"318\" height=\"564\" srcset=\"https:\/\/www.lapluma.net\/wp-content\/uploads\/2022\/06\/Violentos-cartel-manifestacion-indigena-ecuador-169x300.jpg 169w, https:\/\/www.lapluma.net\/wp-content\/uploads\/2022\/06\/Violentos-cartel-manifestacion-indigena-ecuador.jpg 540w\" sizes=\"auto, (max-width: 318px) 100vw, 318px\" \/><\/span><\/p>\n<p style=\"text-align: justify;\"><span style=\"font-size: 14pt;\">Un cartel levantado por una mujer ind\u00edgena en las protestas de octubre de 2019 sintetiza la realidad que es necesario se comprenda: \u201c<em>Violentos son los que provocan la desigualdad social, no los que luchan contra ellos\u201d<\/em>.<\/span><\/p>\n<h2><span style=\"font-size: 18pt;\">Dax Toscana Segovia<\/span><\/h2>\n<h2><span style=\"font-size: 18pt;\">Editado por <a href=\"http:\/\/www.lapluma.net\/nosotros\/editora\/\">Mar\u00eda Piedad Ossaba<\/a><\/span><\/h2>\n<h2><span style=\"font-size: 18pt;\">Fuente: <a href=\"https:\/\/cronicon.net\/wp\/ecuador-lasso-y-la-criminalizacion-de-la-lucha-popular\/\">Cronic\u00d3n<\/a>, 14 de junio de 2022<\/span><\/h2>\n<p><strong><span style=\"font-size: 14pt;\">Articulo relacionado:<\/span><\/strong><\/p>\n<p><strong><span style=\"font-size: 18pt;\"><a href=\"http:\/\/www.elsalmon.com.co\/2022\/06\/pronunciamiento-ante-la-detencion-de.html\"><span style=\"font-size: 14pt;\">Pronunciamiento ante la detenci\u00f3n de Leonidas Iza, presidente de la CONAIE<\/span> <\/a><\/span><\/strong><\/p>\n<p><img loading=\"lazy\" decoding=\"async\" class=\" wp-image-39569 aligncenter\" src=\"https:\/\/www.lapluma.net\/wp-content\/uploads\/2022\/06\/detencion-de-Leonidas-Iza-presidente-de-la-CONAIE-300x172.png\" alt=\"\" width=\"530\" height=\"304\" srcset=\"https:\/\/www.lapluma.net\/wp-content\/uploads\/2022\/06\/detencion-de-Leonidas-Iza-presidente-de-la-CONAIE-300x172.png 300w, https:\/\/www.lapluma.net\/wp-content\/uploads\/2022\/06\/detencion-de-Leonidas-Iza-presidente-de-la-CONAIE.png 600w\" sizes=\"auto, (max-width: 530px) 100vw, 530px\" \/><\/p>\n<p><strong><span style=\"font-size: 14pt;\">Vea en La Pluma:<\/span><\/strong><\/p>\n<div style=\"width: 640px;\" class=\"wp-video\"><video class=\"wp-video-shortcode\" id=\"video-39551-1\" width=\"640\" height=\"360\" preload=\"metadata\" controls=\"controls\"><source type=\"video\/mp4\" src=\"https:\/\/www.lapluma.net\/wp-content\/uploads\/2022\/06\/Ingeniero-Leonidas-Isa-presidente-de-la-Conaie-.mp4?_=1\" \/><a href=\"https:\/\/www.lapluma.net\/wp-content\/uploads\/2022\/06\/Ingeniero-Leonidas-Isa-presidente-de-la-Conaie-.mp4\">https:\/\/www.lapluma.net\/wp-content\/uploads\/2022\/06\/Ingeniero-Leonidas-Isa-presidente-de-la-Conaie-.mp4<\/a><\/video><\/div>\n","protected":false},"excerpt":{"rendered":"<p>Un cartel levantado por una mujer ind\u00edgena en las protestas de octubre de 2019 sintetiza la realidad que es necesario se comprenda: \u201cViolentos son los que provocan la desigualdad social, no los que luchan contra ellos\u201d.<\/p>\n","protected":false},"author":1107,"featured_media":39563,"comment_status":"open","ping_status":"open","sticky":false,"template":"","format":"standard","meta":{"_uf_show_specific_survey":0,"_uf_disable_surveys":false,"footnotes":""},"categories":[5,13],"tags":[],"coauthors":[19340],"class_list":["post-39551","post","type-post","status-publish","format-standard","has-post-thumbnail","hentry","category-editoriales-y-opiniones","category-videos"],"translation":{"provider":"WPGlobus","version":"2.12.2","language":"fr","enabled_languages":["es","fr"],"languages":{"es":{"title":true,"content":true,"excerpt":true},"fr":{"title":false,"content":false,"excerpt":false}}},"_links":{"self":[{"href":"https:\/\/www.lapluma.net\/fr\/wp-json\/wp\/v2\/posts\/39551","targetHints":{"allow":["GET"]}}],"collection":[{"href":"https:\/\/www.lapluma.net\/fr\/wp-json\/wp\/v2\/posts"}],"about":[{"href":"https:\/\/www.lapluma.net\/fr\/wp-json\/wp\/v2\/types\/post"}],"author":[{"embeddable":true,"href":"https:\/\/www.lapluma.net\/fr\/wp-json\/wp\/v2\/users\/1107"}],"replies":[{"embeddable":true,"href":"https:\/\/www.lapluma.net\/fr\/wp-json\/wp\/v2\/comments?post=39551"}],"version-history":[{"count":8,"href":"https:\/\/www.lapluma.net\/fr\/wp-json\/wp\/v2\/posts\/39551\/revisions"}],"predecessor-version":[{"id":39584,"href":"https:\/\/www.lapluma.net\/fr\/wp-json\/wp\/v2\/posts\/39551\/revisions\/39584"}],"wp:featuredmedia":[{"embeddable":true,"href":"https:\/\/www.lapluma.net\/fr\/wp-json\/wp\/v2\/media\/39563"}],"wp:attachment":[{"href":"https:\/\/www.lapluma.net\/fr\/wp-json\/wp\/v2\/media?parent=39551"}],"wp:term":[{"taxonomy":"category","embeddable":true,"href":"https:\/\/www.lapluma.net\/fr\/wp-json\/wp\/v2\/categories?post=39551"},{"taxonomy":"post_tag","embeddable":true,"href":"https:\/\/www.lapluma.net\/fr\/wp-json\/wp\/v2\/tags?post=39551"},{"taxonomy":"author","embeddable":true,"href":"https:\/\/www.lapluma.net\/fr\/wp-json\/wp\/v2\/coauthors?post=39551"}],"curies":[{"name":"wp","href":"https:\/\/api.w.org\/{rel}","templated":true}]}}