{"id":39538,"date":"2022-06-18T07:30:30","date_gmt":"2022-06-18T07:30:30","guid":{"rendered":"https:\/\/www.lapluma.net\/?p=39538"},"modified":"2024-03-11T19:55:02","modified_gmt":"2024-03-11T19:55:02","slug":"las-cumbres-un-monroismo-agotado","status":"publish","type":"post","link":"https:\/\/www.lapluma.net\/fr\/2022\/06\/18\/las-cumbres-un-monroismo-agotado\/","title":{"rendered":"Las Cumbres: un monro\u00edsmo agotado"},"content":{"rendered":"<p style=\"text-align: justify;\"><span style=\"font-size: 14pt;\">La <a href=\"https:\/\/es.wikipedia.org\/wiki\/Doctrina_Monroe\">Doctrina Monroe (1823)<\/a> garantiz\u00f3 la influencia de los EE.UU. en Am\u00e9rica Latina durante el siglo XIX y justific\u00f3 su expansi\u00f3n en el XX. Bajo ese marco, la <a href=\"https:\/\/www.lapluma.net\/wp-content\/uploads\/2022\/06\/Primera-conferencia-Panamericana.pdf\">I Conferencia Panamericana<\/a> (1889\/90) realizada en Washington, se propuso crear la <a class=\"int-link tooltipstered\" title=\"\" href=\"https:\/\/www.wikiwand.com\/es\/Uni%C3%B3n_aduanera\">uni\u00f3n aduanera<\/a> americana, implantar una moneda de plata \u00fanica, unificar aranceles, regular el tr\u00e1fico comercial y la soluci\u00f3n de conflictos. En medio de la in\u00e9dita situaci\u00f3n internacional creada por la I Guerra Mundial (1914-1918), un nuevo intento de coordinaci\u00f3n econ\u00f3mica continental fue el <a href=\"https:\/\/www.dipublico.org\/101189\/primer-congreso-financiero-panamericano-washington-24-29-de-mayo-1915\/\">Primer Congreso Financiero Panamericano<\/a>, convocado en Washington (mayo 1915). Los intereses centrales de los EE.UU. en ese congreso fueron: <em>\u201cestablecer relaciones financieras m\u00e1s estrechas y m\u00e1s satisfactorias\u201d<\/em> entre los pa\u00edses del continente, desplazar los cr\u00e9ditos europeos (cerrados por la guerra) con los norteamericanos, asegurar la posibilidad de establecer sucursales o agencias de la Federal Reserve en los diversos pa\u00edses, fortalecer <em>\u201clos medios de transporte oce\u00e1nicos\u201d<\/em>, arribar a una <em>\u201clegislaci\u00f3n uniforme\u201d<\/em> para imponer el <em>\u201cpatr\u00f3n oro\u201d<\/em> y regular lo relativo a documentos de comercio. No logr\u00f3 sus objetivos. De modo que d\u00e9cadas m\u00e1s tarde fue convocada la I Reuni\u00f3n de Ministros de Hacienda de las Rep\u00fablicas Americanas (Guatemala, noviembre de 1939), que concluy\u00f3 s\u00f3lo en proyectos y recomendaciones, aunque sumamente ambiciosos, en diversas \u00e1reas: monetaria, cambiaria, bancaria, aduanera, tributaria y sobre libre comercio. La II Guerra Mundial volvi\u00f3 a alterar el panorama. Pero la <a href=\"https:\/\/es.wikipedia.org\/wiki\/Conferencia_de_Bretton_Woods\">Conferencia de Bretton Woods (1944)<\/a> finalmente result\u00f3 exitosa, pues fue el punto de partida efectivo para intentar la mundializaci\u00f3n econ\u00f3mica hegemonizada por los EE.UU. All\u00ed nacieron el <a href=\"https:\/\/www.ecured.cu\/Fondo_Monetario_Internacional\">Fondo Monetario Internacional (FMI)<\/a> y el <a href=\"https:\/\/www.ecured.cu\/Banco_Mundial\">Banco Internacional de Reconstrucci\u00f3n y Fomento<\/a> (BIRF, generalmente conocido como Banco Mundial), que concretaron las perspectivas de coordinaci\u00f3n en dos \u00e1reas: la monetario-financiera y la relativa al desarrollo. M\u00e1s dif\u00edcil fue lograr un acuerdo en el campo comercial, aunque en 1948 entr\u00f3 en vigor el GATT (General Agreement on Tariffs and Trade), que funcion\u00f3 de facto entre las partes contratantes, hasta la constituci\u00f3n de la <a href=\"https:\/\/www.ecured.cu\/Organizaci%C3%B3n_Mundial_del_Comercio\">Organizaci\u00f3n Mundial de Comercio <\/a>(OMC) en 1995, con la cual surgi\u00f3 un mercado internacional regulado en forma obligatoria para sus miembros, en cuanto a bienes, servicios y propiedad intelectual.<\/span><\/p>\n<p><img loading=\"lazy\" decoding=\"async\" class=\" wp-image-39549 aligncenter\" src=\"https:\/\/www.lapluma.net\/wp-content\/uploads\/2022\/06\/Tio-Sam-AL1-1-300x296.jpg\" alt=\"\" width=\"405\" height=\"399\" srcset=\"https:\/\/www.lapluma.net\/wp-content\/uploads\/2022\/06\/Tio-Sam-AL1-1-300x296.jpg 300w, https:\/\/www.lapluma.net\/wp-content\/uploads\/2022\/06\/Tio-Sam-AL1-1.jpg 400w\" sizes=\"auto, (max-width: 405px) 100vw, 405px\" \/><\/p>\n<p style=\"text-align: justify;\"><span style=\"font-size: 14pt;\">Aunque las d\u00e9cadas de la Guerra Fr\u00eda implicaron el uso del <em>monro\u00edsmo<\/em> para preservar al continente del <em>\u201cpeligro\u201d<\/em> comunista y para cercar a Cuba en aras de la democracia occidental, el <a href=\"https:\/\/es.wikipedia.org\/wiki\/Desarrollismo\">desarrollismo<\/a> impulsado en Am\u00e9rica Latina logr\u00f3 despegar al capitalismo en la regi\u00f3n. Le sigui\u00f3 la globalizaci\u00f3n transnacional bajo hegemon\u00eda de los EE.UU. en las dos d\u00e9cadas finales del siglo XX, favorecida por las pol\u00edticas del presidente Ronald Reagan (1981-1989), las cartas de intenci\u00f3n del FMI para garantizar el pago de la extendida deuda externa en Am\u00e9rica Latina, la ideolog\u00eda neoliberal del <a href=\"https:\/\/es.wikipedia.org\/wiki\/Consenso_de_Washington\">\u201cConsenso de Washington\u201d<\/a> y finalmente el derrumbe del socialismo en la URSS y Europa Oriental. En esas circunstancias, tambi\u00e9n tom\u00f3 auge la recurrente idea hist\u00f3rica de constituir el \u00e1rea de libre comercio; y bajo esa perspectiva se convoc\u00f3 la I Cumbre de las Am\u00e9ricas, realizada en Miami en 1994, <a href=\"https:\/\/bit.ly\/38Zzu7g\">cuyo prop\u00f3sito central fue el <em>\u201clibre comercio\u201d<\/em> y la <em>\u201ccomunidad de democracias\u201d<\/em> de las Am\u00e9ricas<\/a>, vinculada a la OEA. En la II Cumbre realizada en Chile (1998) qued\u00f3 constituida el <em>\u201c\u00c1rea de Libre Comercio de las Am\u00e9ricas\u201d<\/em> (ALCA), que reuni\u00f3 a 34 pa\u00edses del hemisferio, con la exclusi\u00f3n de Cuba.<\/span><\/p>\n<p style=\"text-align: justify;\"><span style=\"font-size: 14pt;\">Al realizarse la IV Cumbre (Argentina, 2005), tambi\u00e9n se reuni\u00f3 la Cumbre de los Pueblos, donde los presidentes Hugo Ch\u00e1vez (Venezuela), N\u00e9stor Kirchner (Argentina) e In\u00e1cio Lula da Silva (Brasil) <a href=\"https:\/\/cronicon.net\/wp\/la-derrota-del-alca-lecciones-para-la-argentina-actual\/\">condenaron y frenaron el ALCA<\/a>. En 2012, el presidente ecuatoriano Rafael Correa anunci\u00f3 que no asistir\u00eda a la VI Cumbre (Colombia) si se exclu\u00eda a Cuba, una posici\u00f3n asumida igualmente por los pa\u00edses del ALBA, lo que oblig\u00f3 a la presencia de Cuba en la VII Cumbre (Panam\u00e1, 2015). Fue un hecho hist\u00f3rico que permiti\u00f3 la apertura diplom\u00e1tica entre los EE.UU. y Cuba, que arrib\u00f3 a la visita de Barack Obama a La Habana (marzo 2016), un proceso revertido por el presidente Donald Trump (2017-2021), en una \u00e9poca de predominio de gobernantes conservadores y neoliberales en Am\u00e9rica Latina. Para la VIII Cumbre (Per\u00fa, 2018), el presidente venezolano Nicol\u00e1s Maduro, no fue invitado, aunque estuvieron presentes varios representantes de la oposici\u00f3n, pero tampoco asisti\u00f3 el presidente Trump, aunque s\u00ed el vicepresidente Mike Pence.<\/span><\/p>\n<p><img loading=\"lazy\" decoding=\"async\" class=\" wp-image-39548 aligncenter\" src=\"https:\/\/www.lapluma.net\/wp-content\/uploads\/2022\/06\/0001-Biden-AL2-300x225.jpg\" alt=\"\" width=\"532\" height=\"399\" srcset=\"https:\/\/www.lapluma.net\/wp-content\/uploads\/2022\/06\/0001-Biden-AL2-300x225.jpg 300w, https:\/\/www.lapluma.net\/wp-content\/uploads\/2022\/06\/0001-Biden-AL2.jpg 600w\" sizes=\"auto, (max-width: 532px) 100vw, 532px\" \/><\/p>\n<p style=\"text-align: justify;\"><span style=\"font-size: 14pt;\">Con el nuevo presidente Joe Biden, la <a href=\"https:\/\/cronicon.net\/wp\/la-sinrazon-de-una-nueva-cumbre-de-las-americas\/\">convocatoria a la IX Cumbre en Los \u00c1ngeles (junio 2022)<\/a>, con la exclusi\u00f3n de Cuba, Nicaragua y Venezuela, ha vuelto a remover el escenario continental. El <a href=\"https:\/\/bit.ly\/3slcjed\">presidente de M\u00e9xico, Andr\u00e9s Manuel L\u00f3pez Obrador fue el primero en cuestionar esa exclusi\u00f3n<\/a>, despertando iguales reacciones de otros mandatarios. Finalmente, <a href=\"https:\/\/cnn.it\/3QhUIhR\">no asistieron a la Cumbre ocho presidentes<\/a>. Alberto Fern\u00e1ndez, presidente de Argentina, <a href=\"https:\/\/bit.ly\/3xpCaDu\">pronunci\u00f3 un fuerte discurso de cuestionamiento a las exclusiones, a la OEA, al BID y al <em>\u201cpensamiento \u00fanico\u201d<\/em><\/a> que se ha querido imponer; mientras el <a href=\"https:\/\/www.youtube.com\/watch?v=GyRtEAqMkAo&amp;t=20s\">presidente Biden trat\u00f3 de minimizar el asunto enfocando la necesidad de la unidad continental<\/a>, ante los desaf\u00edos que enfrenta la democracia actual en el mundo.<\/span><\/p>\n<p style=\"text-align: justify;\"><span style=\"font-size: 14pt;\">Lo que se advierte como una fuerza indetenible en esta larga historia, es que el desarrollo de las cumbres ha demostrado la creciente polarizaci\u00f3n de dos tendencias: la americanista de tipo monro\u00edsta y la latinoamericanista que la cuestiona. EEUU conf\u00eda en los gobiernos conservadores y neoliberales, pero avanzan los gobiernos progresistas, democr\u00e1ticos y de nueva izquierda que toman definiciones propias. Y <a href=\"https:\/\/cronicon.net\/wp\/el-agotamiento-del-modelo-de-injerencia-y-dominacion-continental-de-ee-uu\/\">esta tendencia se proyecta como una nueva realidad hist\u00f3rica<\/a>, en la cual el viejo <em>americanismo monro\u00edsta<\/em> cada vez sirve menos para la unidad de prop\u00f3sitos continentales bajo los intereses privilegiados de los EE.UU. Se ha juntado a \u00e9ste la geoestrategia que trata de convencer que China y Rusia son <em>\u201camenazas\u201d<\/em> al continente, mientras en la regi\u00f3n, <a href=\"https:\/\/bit.ly\/3mDjnj7\">gobernantes de ideolog\u00edas contrapuestas encuentran en esos mismos pa\u00edses posibilidades econ\u00f3micas y opciones para el desarrollo<\/a>. Hist\u00f3ricamente est\u00e1 agotada la visi\u00f3n neoliberal, bajo cuyos conceptos nunca se promovi\u00f3 el bienestar colectivo en Am\u00e9rica Latina y, como se experimenta en la actualidad, no solo agrava las condiciones de vida y trabajo, tampoco soluciona los problemas econ\u00f3micos y, sobre todo, agudiza las confrontaciones sociales y pol\u00edticas.<\/span><\/p>\n<figure id=\"attachment_39541\" aria-describedby=\"caption-attachment-39541\" style=\"width: 560px\" class=\"wp-caption aligncenter\"><img loading=\"lazy\" decoding=\"async\" class=\"wp-image-39541\" src=\"https:\/\/www.lapluma.net\/wp-content\/uploads\/2022\/06\/cumbre-de-las-americas-2022-300x225.jpg\" alt=\"\" width=\"560\" height=\"420\" srcset=\"https:\/\/www.lapluma.net\/wp-content\/uploads\/2022\/06\/cumbre-de-las-americas-2022-300x225.jpg 300w, https:\/\/www.lapluma.net\/wp-content\/uploads\/2022\/06\/cumbre-de-las-americas-2022.jpg 600w\" sizes=\"auto, (max-width: 560px) 100vw, 560px\" \/><figcaption id=\"caption-attachment-39541\" class=\"wp-caption-text\">Foto oficial de la fracasada Cumbre de las Am\u00e9ricas, realizada en los \u00c1ngeles, California, organizada por la Casa Blanca y la cuestionada OEA.<\/figcaption><\/figure>\n<p style=\"text-align: justify;\"><span style=\"font-size: 14pt;\">Las nuevas realidades, en un mundo que avanza al multilateralismo, presionan al cambio de la visi\u00f3n continental. Un orden internacional basado en reglas, como postulan hoy los EE.UU., forzosamente se inclina al reconocimiento de la diversidad latinoamericana, en la cual los mejores <em>\u201caliados\u201d<\/em> y <em>\u201csocios\u201d<\/em> para la unidad continental han dejado de ser los gobiernos sujetos al tradicional <em>monro\u00edsmo<\/em> y esclavizados a la ideolog\u00eda neoliberal, que impiden conquistar los objetivos del bienestar y la democracia, reconocidos en palabras, mientras afianzan una cultura de privilegios para las capas ricas.<\/span><\/p>\n<h2 style=\"text-align: justify;\"><span style=\"font-size: 18pt;\">Juan J. Paz-y-Mi\u00f1o Cepeda para La Pluma, Ecuador 13 de junio de 2022<\/span><\/h2>\n<p style=\"text-align: justify;\"><span style=\"font-size: 18pt;\"><strong>Editado por <a href=\"https:\/\/www.lapluma.net\/nosotros\/\">Mar\u00eda Piedad Ossaba<\/a><\/strong><\/span><\/p>\n<p style=\"text-align: justify;\"><span style=\"font-size: 18pt;\"><strong>Publicado por <a href=\"https:\/\/www.historiaypresente.com\/las-cumbres-un-monroismo-agotado\/\">BLOG HISTORIA Y PRESENTE<\/a><\/strong><\/span><\/p>\n<p style=\"text-align: justify;\"><strong><span style=\"font-size: 18pt;\">Visita la red del colectivo\u00a0<a href=\"https:\/\/rutakritica.org\">Ruta Kr\u00edtica<\/a>, el nuevo blog de difusi\u00f3n del pensamiento y la comunicaci\u00f3n alternativa<\/span> <\/strong><\/p>\n<p>&nbsp;<\/p>\n<p>&nbsp;<\/p>\n<figure id=\"attachment_22735\" class=\"wp-caption aligncenter\" style=\"text-align: justify;\"><\/figure>\n","protected":false},"excerpt":{"rendered":"<p>Lo que se advierte como una fuerza indetenible en esta larga historia, es que el desarrollo de las cumbres ha demostrado la creciente polarizaci\u00f3n de dos tendencias: la americanista de tipo monro\u00edsta y la latinoamericanista que la cuestiona.<\/p>\n","protected":false},"author":8,"featured_media":39548,"comment_status":"open","ping_status":"open","sticky":false,"template":"","format":"standard","meta":{"_uf_show_specific_survey":0,"_uf_disable_surveys":false,"footnotes":""},"categories":[5],"tags":[15174,1923,17214,3523,19337,19175,7626,8594,19338,3826,18978],"coauthors":[257],"class_list":["post-39538","post","type-post","status-publish","format-standard","has-post-thumbnail","hentry","category-editoriales-y-opiniones","tag-alberto-fernandez-2","tag-andres-manuel-lopez-obrador","tag-banco-mundial-bm-y-el-fmi","tag-consenso-de-washington","tag-cuestionamiento-exclusiones-oea-bid","tag-ix-cumbre-de-las-america-los-angeles","tag-joe-biden","tag-monroismo","tag-nueva-realidad-historica","tag-pensamiento-unico","tag-usa-america-latina-y-el-caribe-abya-yala"],"translation":{"provider":"WPGlobus","version":"2.12.2","language":"fr","enabled_languages":["es","fr"],"languages":{"es":{"title":true,"content":true,"excerpt":true},"fr":{"title":false,"content":false,"excerpt":false}}},"_links":{"self":[{"href":"https:\/\/www.lapluma.net\/fr\/wp-json\/wp\/v2\/posts\/39538","targetHints":{"allow":["GET"]}}],"collection":[{"href":"https:\/\/www.lapluma.net\/fr\/wp-json\/wp\/v2\/posts"}],"about":[{"href":"https:\/\/www.lapluma.net\/fr\/wp-json\/wp\/v2\/types\/post"}],"author":[{"embeddable":true,"href":"https:\/\/www.lapluma.net\/fr\/wp-json\/wp\/v2\/users\/8"}],"replies":[{"embeddable":true,"href":"https:\/\/www.lapluma.net\/fr\/wp-json\/wp\/v2\/comments?post=39538"}],"version-history":[{"count":5,"href":"https:\/\/www.lapluma.net\/fr\/wp-json\/wp\/v2\/posts\/39538\/revisions"}],"predecessor-version":[{"id":39550,"href":"https:\/\/www.lapluma.net\/fr\/wp-json\/wp\/v2\/posts\/39538\/revisions\/39550"}],"wp:featuredmedia":[{"embeddable":true,"href":"https:\/\/www.lapluma.net\/fr\/wp-json\/wp\/v2\/media\/39548"}],"wp:attachment":[{"href":"https:\/\/www.lapluma.net\/fr\/wp-json\/wp\/v2\/media?parent=39538"}],"wp:term":[{"taxonomy":"category","embeddable":true,"href":"https:\/\/www.lapluma.net\/fr\/wp-json\/wp\/v2\/categories?post=39538"},{"taxonomy":"post_tag","embeddable":true,"href":"https:\/\/www.lapluma.net\/fr\/wp-json\/wp\/v2\/tags?post=39538"},{"taxonomy":"author","embeddable":true,"href":"https:\/\/www.lapluma.net\/fr\/wp-json\/wp\/v2\/coauthors?post=39538"}],"curies":[{"name":"wp","href":"https:\/\/api.w.org\/{rel}","templated":true}]}}