{"id":39478,"date":"2022-06-15T13:10:51","date_gmt":"2022-06-15T13:10:51","guid":{"rendered":"https:\/\/www.lapluma.net\/?p=39478"},"modified":"2022-06-15T13:28:05","modified_gmt":"2022-06-15T13:28:05","slug":"el-programa-del-pacto-historico","status":"publish","type":"post","link":"https:\/\/www.lapluma.net\/fr\/2022\/06\/15\/el-programa-del-pacto-historico\/","title":{"rendered":"El programa del Pacto Hist\u00f3rico"},"content":{"rendered":"<div class=\"wpb-content-wrapper\"><div class=\"vc_row wpb_row vc_row-fluid\">\n<div class=\"wpb_column vc_column_container vc_col-sm-12\">\n<div class=\"vc_column-inner\">\n<div class=\"wpb_wrapper\">\n<div id=\"pencitext_block_17492\" class=\"penci-block-vc penci-text-block \">\n<div class=\"penci-block_content\">\n<ul id=\"menu-inicio-1\" class=\"menu\">\n<li class=\"menu-item menu-item-type-post_type menu-item-object-page menu-item-51179\"><span style=\"font-size: 18pt;\"><strong>Colombia, potencia mundial de vida<\/strong><\/span><\/li>\n<\/ul>\n<p style=\"text-align: justify;\"><span style=\"font-size: 14pt;\">Se ha dicho que la pol\u00edtica es un asunto demasiado serio para dej\u00e1rselo a los pol\u00edticos.<\/span><\/p>\n<p style=\"text-align: justify;\"><span style=\"font-size: 14pt;\">Por eso, faltando pocos d\u00edas para la segunda vuelta de las presidenciales, queremos hacer una lectura cr\u00edtica del <a href=\"https:\/\/gustavopetro.co\/programa-de-gobierno\/temas\/\">programa de gobierno<\/a> de Gustavo Petro y Francia M\u00e1rquez, llamado \u201cColombia, potencia mundial de la vida\u201d.<\/span><\/p>\n<p style=\"text-align: justify;\"><span style=\"font-size: 14pt;\">\u00bfQu\u00e9 proponen Petro y M\u00e1rquez? \u00bfLos objetivos propuestos pueden alcanzarse? y \u00bfQu\u00e9 tendr\u00eda cambiar para que sus metas ambiciosas no se traduzcan en una nueva frustraci\u00f3n para el electorado?<\/span><\/p>\n<p style=\"text-align: justify;\"><span style=\"font-size: 14pt;\">Para convertir a Colombia en una \u201cpotencia mundial de la vida\u201d, el plan de gobierno plantea una serie de objetivos generales y ambiciosos:<\/span><\/p>\n<ul style=\"text-align: justify;\">\n<li><span style=\"font-size: 14pt;\">Abandonar el modelo econ\u00f3mico basado en la exportaci\u00f3n de petr\u00f3leo y carb\u00f3n;<\/span><\/li>\n<li><span style=\"font-size: 14pt;\">Reemplazarlo por uno de creciente producci\u00f3n agropecuaria, de turismo respetuoso del ambiente f\u00edsico y cultural, y de una productividad basada en el conocimiento, la ciencia y la tecnolog\u00eda;<\/span><\/li>\n<li><span style=\"font-size: 14pt;\">Generar empleo y oportunidades;<\/span><\/li>\n<li><span style=\"font-size: 14pt;\">Incluir a las mujeres, el campesinado, las comunidades \u00e9tnicas y la poblaci\u00f3n migrante; y<\/span><\/li>\n<li><span style=\"font-size: 14pt;\">Asumir de forma decidida la defensa y restauraci\u00f3n de nuestros recursos naturales.<\/span><\/li>\n<\/ul>\n<p style=\"text-align: justify;\"><span style=\"font-size: 14pt;\">Este nuevo modelo ser\u00eda la base de una era de paz que, en un c\u00edrculo virtuoso, impulsar\u00eda la inversi\u00f3n, el crecimiento, el empleo, la reducci\u00f3n de la pobreza, la inequidad y la exclusi\u00f3n, y garantizar\u00eda la estabilidad econ\u00f3mica y social.<\/span><\/p>\n<p style=\"text-align: justify;\"><span style=\"font-size: 14pt;\">Queremos se\u00f1alar que los objetivos y los medios para alcanzarlos est\u00e1n desarrollados con rigor anal\u00edtico y con una visi\u00f3n amplia. Sin embargo, estas propuestas exigir\u00edan un nivel de inversi\u00f3n y gasto p\u00fablico sin precedentes. Pero no solo eso: para que nuestro Estado peque\u00f1o, ineficiente, y muchas veces ausente pueda alcanzar estas metas, se necesitar\u00edan otros ajustes en nuestro modelo administrativo.<\/span><\/p>\n<h2><span style=\"font-size: 18pt;\"><strong>\u201cEl cambio es con las mujeres\u201d<\/strong><\/span><\/h2>\n<p style=\"text-align: justify;\"><span style=\"font-size: 14pt;\">En un tono po\u00e9tico, el programa empieza por declarar que en su calidad de \u201cguardianas del agua y de la tierra f\u00e9rtil, defensoras del territorio y de la bi\u00f3sfera, cuidadoras y tejedoras de la vida y la paz, bastiones de la econom\u00eda; las mujeres sostienen el mundo.\u201d<\/span><\/p>\n<p style=\"text-align: justify;\"><span style=\"font-size: 14pt;\">Las mujeres representan un poco m\u00e1s de la mitad de la poblaci\u00f3n y contribuyen m\u00e1s que proporcionalmente en las actividades de cuidado que sustentan la vida y la productividad, pero tienen una participaci\u00f3n limitada en la econom\u00eda monetaria y muy precarias condiciones en temas vitales como la seguridad social.<\/span><\/p>\n<p style=\"text-align: justify;\"><span style=\"font-size: 14pt;\">Partiendo de estas premisas, el programa se\u00f1ala la necesidad de un sistema nacional de cuidado que asuma una parte de la carga de las cuidadoras, que haga posible su acceso a educaci\u00f3n y formaci\u00f3n, y que les permita participar en todos los \u00f3rdenes de la vida social.<\/span><\/p>\n<p style=\"text-align: justify;\"><span style=\"font-size: 14pt;\">Este es, sin duda, uno de los aspectos m\u00e1s transformadores del programa, que ir\u00eda \u00a0\u00a0mucho m\u00e1s all\u00e1 de las leyes de cuotas, no siempre cumplidas. Junto con la propuesta de paridad en todos los cargos p\u00fablicos, esto tendr\u00eda el potencial de hacer que el Estado adquiera, por primera vez, un rostro de mujer.<\/span><\/p>\n<\/div>\n<\/div>\n<div id=\"pencitext_block_44034\" class=\"penci-block-vc penci-text-block \">\n<div class=\"penci-block_content\">\n<h2><span style=\"font-size: 18pt;\"><strong>La sociedad civil: protagonista<\/strong><\/span><\/h2>\n<p style=\"text-align: justify;\"><span style=\"font-size: 14pt;\">El programa de gobierno Petro-M\u00e1rquez les da un papel decisivo a las organizaciones sociales. Se propone que los ciudadanos y sus organizaciones participen de forma incidente en la definici\u00f3n del sistema institucional, de las metas, proyectos, presupuestos, estrategias y actividades que adelantar\u00e1n los distintos sectores del gobierno.<\/span><\/p>\n<p style=\"text-align: justify;\"><span style=\"font-size: 14pt;\">Si esta propuesta gana el pr\u00f3ximo domingo, podr\u00edamos esperar que la gesti\u00f3n de los bienes comunes no sea tarea exclusiva del Estado, sino que en buena medida est\u00e9 confiada a la sociedad civil.<\/span><\/p>\n<p style=\"text-align: justify;\"><span style=\"font-size: 14pt;\">Para poner un ejemplo: en materia ambiental, el programa propone \u201c[construir] un gran pacto nacional de trascendencia regional y global para la defensa ambiental de la Amazon\u00eda, la Orinoqu\u00eda, y el corredor bio-geogr\u00e1fico del Pac\u00edfico\u201d. Ese pacto consistir\u00eda en \u201cacuerdos comunitarios para la regeneraci\u00f3n, restauraci\u00f3n ecol\u00f3gica, protecci\u00f3n y preservaci\u00f3n de estos ecosistemas con base en procesos organizativos, propendiendo por la ampliaci\u00f3n de territorios colectivos, titulaci\u00f3n de predios y fortaleciendo las autoridades tradicionales y ancestrales\u201d.<\/span><\/p>\n<h2><span style=\"font-size: 18pt;\"><strong>Un Estado con m\u00e1s funciones<\/strong><\/span><\/h2>\n<p style=\"text-align: justify;\"><span style=\"font-size: 14pt;\">El programa propone que el Estado reasuma competencias, objetivos, recursos y acciones que hab\u00eda abandono a ra\u00edz del proceso de privatizaci\u00f3n que Colombia adelant\u00f3 bajo el llamado \u201cConsenso de Washington\u201d.<\/span><\/p>\n<p style=\"text-align: justify;\"><span style=\"font-size: 14pt;\">Como muestra en detalle el cuadro adjunto, el Estado ampliar\u00eda sus competencias en materia de energ\u00eda el\u00e9ctrica (hoy preponderantemente en manos del mercado). Habr\u00eda un banco de primer piso que re\u00fana y aproveche los activos de las entidades financieras del Estado que a trav\u00e9s de un modelo multibanca, canalice recursos para los peque\u00f1os y medianos empresarios. En esta misma l\u00ednea, se propone:<\/span><\/p>\n<ul>\n<li style=\"text-align: justify;\"><span style=\"font-size: 14pt;\">Fortalecer la Superintendencia de Servicios P\u00fablicos;<\/span><\/li>\n<li style=\"text-align: justify;\"><span style=\"font-size: 14pt;\">Recuperar las empresas Mon\u00f3meros y Ferticol;<\/span><\/li>\n<li style=\"text-align: justify;\"><span style=\"font-size: 14pt;\">Reconstruir las muy debilitadas instituciones del sector agropecuario (Incora, Idema\u2026);<\/span><\/li>\n<li style=\"text-align: justify;\"><span style=\"font-size: 14pt;\">Poner en marcha un Ministerio de Industria; y<\/span><\/li>\n<li style=\"text-align: justify;\"><span style=\"font-size: 14pt;\">Recuperar la autoridad sanitaria del Estado.<\/span><\/li>\n<\/ul>\n<p><img loading=\"lazy\" decoding=\"async\" class=\" wp-image-39479 aligncenter\" src=\"https:\/\/www.lapluma.net\/wp-content\/uploads\/2022\/06\/Campana-Gustavo-Petro-propuestas-Pacto-Historico-Fernando-Medina-Camila-Cotamo-300x167.jpg\" alt=\"\" width=\"582\" height=\"324\" srcset=\"https:\/\/www.lapluma.net\/wp-content\/uploads\/2022\/06\/Campana-Gustavo-Petro-propuestas-Pacto-Historico-Fernando-Medina-Camila-Cotamo-300x167.jpg 300w, https:\/\/www.lapluma.net\/wp-content\/uploads\/2022\/06\/Campana-Gustavo-Petro-propuestas-Pacto-Historico-Fernando-Medina-Camila-Cotamo-1024x569.jpg 1024w, https:\/\/www.lapluma.net\/wp-content\/uploads\/2022\/06\/Campana-Gustavo-Petro-propuestas-Pacto-Historico-Fernando-Medina-Camila-Cotamo-768x427.jpg 768w, https:\/\/www.lapluma.net\/wp-content\/uploads\/2022\/06\/Campana-Gustavo-Petro-propuestas-Pacto-Historico-Fernando-Medina-Camila-Cotamo.jpg 1170w\" sizes=\"auto, (max-width: 582px) 100vw, 582px\" \/><\/p>\n<\/div>\n<\/div>\n<div class=\"wpb_single_image wpb_content_element vc_align_left\">\n<figure class=\"wpb_wrapper vc_figure\" style=\"text-align: justify;\"><figcaption class=\"vc_figure-caption\"><strong>Foto: Facebook: Gustavo Petro &#8211; Aunque han existido algunos avances incipientes en la descentralizaci\u00f3n administrativa del Estado colombiano, el programa analizado plantea un salto cuantitativo y cualitativo en esta materia.<\/strong><\/figcaption><div class=\"penci-block_content\">\n<h4><\/h4>\n<\/div>\n<\/figure>\n<\/div>\n<div id=\"pencitext_block_68149\" class=\"penci-block-vc penci-text-block \">\n<div class=\"penci-block_content\">\n<h2><span style=\"font-size: 18pt;\"><strong>La lucha contra la corrupci\u00f3n<\/strong><\/span><\/h2>\n<p style=\"text-align: justify;\"><span style=\"font-size: 14pt;\">Este es un tema central de la campa\u00f1a y las razones para que as\u00ed sea son evidentes. \u00a0Como hemos visto en a\u00f1os recientes, la corrupci\u00f3n se ha llevado los recursos destinados a la alimentaci\u00f3n escolar, a los servicios de salud, a la construcci\u00f3n de infraestructura de transporte, a los servicios de conectividad, y a otros varios rubros del quehacer p\u00fablico.<\/span><\/p>\n<p style=\"text-align: justify;\"><span style=\"font-size: 14pt;\">Las propuestas en esta materia se encaminan a:<\/span><\/p>\n<ul>\n<li style=\"text-align: justify;\"><span style=\"font-size: 14pt;\">Reformar la justicia y los organismos de control;<\/span><\/li>\n<li style=\"text-align: justify;\"><span style=\"font-size: 14pt;\">Eliminar la Comisi\u00f3n de acusaciones de la C\u00e1mara de Representantes;<\/span><\/li>\n<li style=\"text-align: justify;\"><span style=\"font-size: 14pt;\">Reformar la Registradur\u00eda y el Consejo Nacional Electoral, reemplazando a este \u00faltimo por un Tribunal Electoral; y<\/span><\/li>\n<li style=\"text-align: justify;\"><span style=\"font-size: 14pt;\">Vigilar de verdad toda la contrataci\u00f3n p\u00fablica para garantizar la transparencia, la econom\u00eda y la eficacia de las instituciones.<\/span><\/li>\n<\/ul>\n<h2><span style=\"font-size: 18pt;\"><strong>Salto adelante en la descentralizaci\u00f3n<\/strong><\/span><\/h2>\n<p style=\"text-align: justify;\"><span style=\"font-size: 14pt;\">Aunque tenemos algunos avances incipientes en la descentralizaci\u00f3n administrativa del Estado colombiano, el programa del Pacto Hist\u00f3rico promete un salto cuantitativo y cualitativo en la materia.<\/span><\/p>\n<p style=\"text-align: justify;\"><span style=\"font-size: 14pt;\">Se propone aumentar las transferencias desde el nivel central y fortalecer la capacidad fiscal de los entes territoriales. En particular, se plantea \u201c[avanzar] hacia la construcci\u00f3n de una descentralizaci\u00f3n del modelo econ\u00f3mico territorial, de tal manera que contribuya a la transici\u00f3n energ\u00e9tica, combata el cambio clim\u00e1tico, asegure la soberan\u00eda alimentaria, garantice el derecho a la participaci\u00f3n social en la construcci\u00f3n de las pol\u00edticas p\u00fablicas, promueva la equidad social y el cambio estructural, mediante la vivencia de la autonom\u00eda socio-comunitaria territorial.\u201d<\/span><\/p>\n<p style=\"text-align: justify;\"><span style=\"font-size: 14pt;\">Dicho esfuerzo ser\u00eda acompa\u00f1ado por una pol\u00edtica internacional que:<\/span><\/p>\n<ul>\n<li style=\"text-align: justify;\"><span style=\"font-size: 14pt;\">Sume esfuerzos para consolidar la paz;<\/span><\/li>\n<li style=\"text-align: justify;\"><span style=\"font-size: 14pt;\">Avance en cumplir los acuerdos logrados en las cumbres clim\u00e1ticas, reclamando el protagonismo que nos corresponde por la biodiversidad; y<\/span><\/li>\n<li style=\"text-align: justify;\"><span style=\"font-size: 14pt;\">Defienda la dignidad y promueva el respeto de los derechos los m\u00e1s de seis millones de compatriotas que viven fuera de Colombia.<\/span><\/li>\n<\/ul>\n<h2 style=\"text-align: justify;\"><span style=\"font-size: 18pt;\"><strong>Un cambio con los servidores y servidoras p\u00fablicos<\/strong><\/span><\/h2>\n<p style=\"text-align: justify;\"><span style=\"font-size: 14pt;\">Por \u00faltimo, un punto central del plan de gobierno, no exento de controversias, es el compromiso con un servicio p\u00fablico fortalecido y estructurado alrededor de la carrera administrativa. El objetivo es reducir las \u201cn\u00f3minas paralelas\u201d o el abultado n\u00famero de personas que prestan sus servicios bajo un r\u00e9gimen de contrataci\u00f3n administrativa.<\/span><\/p>\n<p style=\"text-align: justify;\"><span style=\"font-size: 14pt;\">Este relanzamiento de la meritocracia- que se extender\u00eda a sectores tan refractarios como el servicio exterior- es un elemento diferenciador cuando se piensa en la relaci\u00f3n del Estrado con la sociedad.<\/span><\/p>\n<section class=\"vc_section\">\n<div class=\"vc_row wpb_row vc_row-fluid\">\n<div class=\"wpb_column vc_column_container vc_col-sm-12\">\n<div class=\"vc_column-inner\">\n<div class=\"wpb_wrapper\">\n<div class=\"wpb_single_image wpb_content_element vc_align_left\">\n<figure class=\"wpb_wrapper vc_figure\">\n<div class=\"vc_single_image-wrapper vc_box_border_grey\"><img loading=\"lazy\" decoding=\"async\" class=\"vc_single_image-img attachment-full\" src=\"https:\/\/razonpublica.com\/wp-content\/uploads\/2022\/06\/Analisis-programa-ph1.jpg\" sizes=\"auto, (max-width: 1920px) 100vw, 1920px\" srcset=\"https:\/\/razonpublica.com\/wp-content\/uploads\/2022\/06\/Analisis-programa-ph1.jpg 1920w, https:\/\/razonpublica.com\/wp-content\/uploads\/2022\/06\/Analisis-programa-ph1-300x184.jpg 300w, https:\/\/razonpublica.com\/wp-content\/uploads\/2022\/06\/Analisis-programa-ph1-1024x627.jpg 1024w, https:\/\/razonpublica.com\/wp-content\/uploads\/2022\/06\/Analisis-programa-ph1-768x470.jpg 768w, https:\/\/razonpublica.com\/wp-content\/uploads\/2022\/06\/Analisis-programa-ph1-1536x940.jpg 1536w, https:\/\/razonpublica.com\/wp-content\/uploads\/2022\/06\/Analisis-programa-ph1-1170x716.jpg 1170w, https:\/\/razonpublica.com\/wp-content\/uploads\/2022\/06\/Analisis-programa-ph1-585x358.jpg 585w, https:\/\/razonpublica.com\/wp-content\/uploads\/2022\/06\/Analisis-programa-ph1-600x367.jpg 600w\" alt=\"el Pacto Hist\u00f3rico en elecciones\" width=\"1920\" height=\"1175\" \/><\/div>\n<\/figure>\n<\/div>\n<div class=\"wpb_single_image wpb_content_element vc_align_left\">\n<figure class=\"wpb_wrapper vc_figure\">\n<div class=\"vc_single_image-wrapper vc_box_border_grey\"><img loading=\"lazy\" decoding=\"async\" class=\"vc_single_image-img attachment-full\" src=\"https:\/\/razonpublica.com\/wp-content\/uploads\/2022\/06\/Analisis-programa-ph2.jpg\" sizes=\"auto, (max-width: 1920px) 100vw, 1920px\" srcset=\"https:\/\/razonpublica.com\/wp-content\/uploads\/2022\/06\/Analisis-programa-ph2.jpg 1920w, https:\/\/razonpublica.com\/wp-content\/uploads\/2022\/06\/Analisis-programa-ph2-300x184.jpg 300w, https:\/\/razonpublica.com\/wp-content\/uploads\/2022\/06\/Analisis-programa-ph2-1024x627.jpg 1024w, https:\/\/razonpublica.com\/wp-content\/uploads\/2022\/06\/Analisis-programa-ph2-768x470.jpg 768w, https:\/\/razonpublica.com\/wp-content\/uploads\/2022\/06\/Analisis-programa-ph2-1536x940.jpg 1536w, https:\/\/razonpublica.com\/wp-content\/uploads\/2022\/06\/Analisis-programa-ph2-1170x716.jpg 1170w, https:\/\/razonpublica.com\/wp-content\/uploads\/2022\/06\/Analisis-programa-ph2-585x358.jpg 585w, https:\/\/razonpublica.com\/wp-content\/uploads\/2022\/06\/Analisis-programa-ph2-600x367.jpg 600w\" alt=\"el Pacto Hist\u00f3rico en elecciones\" width=\"1920\" height=\"1175\" \/><\/div>\n<\/figure>\n<\/div>\n<div class=\"wpb_single_image wpb_content_element vc_align_left\">\n<figure class=\"wpb_wrapper vc_figure\">\n<div class=\"vc_single_image-wrapper vc_box_border_grey\"><img loading=\"lazy\" decoding=\"async\" class=\"vc_single_image-img attachment-full\" src=\"https:\/\/razonpublica.com\/wp-content\/uploads\/2022\/06\/Analisis-programa-ph3.jpg\" sizes=\"auto, (max-width: 1920px) 100vw, 1920px\" srcset=\"https:\/\/razonpublica.com\/wp-content\/uploads\/2022\/06\/Analisis-programa-ph3.jpg 1920w, https:\/\/razonpublica.com\/wp-content\/uploads\/2022\/06\/Analisis-programa-ph3-300x193.jpg 300w, https:\/\/razonpublica.com\/wp-content\/uploads\/2022\/06\/Analisis-programa-ph3-1024x659.jpg 1024w, https:\/\/razonpublica.com\/wp-content\/uploads\/2022\/06\/Analisis-programa-ph3-768x494.jpg 768w, https:\/\/razonpublica.com\/wp-content\/uploads\/2022\/06\/Analisis-programa-ph3-1536x989.jpg 1536w, https:\/\/razonpublica.com\/wp-content\/uploads\/2022\/06\/Analisis-programa-ph3-1170x753.jpg 1170w, https:\/\/razonpublica.com\/wp-content\/uploads\/2022\/06\/Analisis-programa-ph3-585x377.jpg 585w, https:\/\/razonpublica.com\/wp-content\/uploads\/2022\/06\/Analisis-programa-ph3-600x386.jpg 600w\" alt=\"el Pacto Hist\u00f3rico en elecciones\" width=\"1920\" height=\"1236\" \/><\/div>\n<\/figure>\n<\/div>\n<div class=\"wpb_single_image wpb_content_element vc_align_left\">\n<figure class=\"wpb_wrapper vc_figure\">\n<div class=\"vc_single_image-wrapper vc_box_border_grey\"><img loading=\"lazy\" decoding=\"async\" class=\"vc_single_image-img attachment-full\" src=\"https:\/\/razonpublica.com\/wp-content\/uploads\/2022\/06\/Analisis-programa-ph4.jpg\" sizes=\"auto, (max-width: 1920px) 100vw, 1920px\" srcset=\"https:\/\/razonpublica.com\/wp-content\/uploads\/2022\/06\/Analisis-programa-ph4.jpg 1920w, https:\/\/razonpublica.com\/wp-content\/uploads\/2022\/06\/Analisis-programa-ph4-300x158.jpg 300w, https:\/\/razonpublica.com\/wp-content\/uploads\/2022\/06\/Analisis-programa-ph4-1024x540.jpg 1024w, https:\/\/razonpublica.com\/wp-content\/uploads\/2022\/06\/Analisis-programa-ph4-768x405.jpg 768w, https:\/\/razonpublica.com\/wp-content\/uploads\/2022\/06\/Analisis-programa-ph4-1536x810.jpg 1536w, https:\/\/razonpublica.com\/wp-content\/uploads\/2022\/06\/Analisis-programa-ph4-1170x617.jpg 1170w, https:\/\/razonpublica.com\/wp-content\/uploads\/2022\/06\/Analisis-programa-ph4-585x309.jpg 585w, https:\/\/razonpublica.com\/wp-content\/uploads\/2022\/06\/Analisis-programa-ph4-600x317.jpg 600w\" alt=\"el Pacto Hist\u00f3rico en elecciones\" width=\"1920\" height=\"1013\" \/><\/div>\n<\/figure>\n<\/div>\n<div class=\"wpb_single_image wpb_content_element vc_align_left\">\n<figure class=\"wpb_wrapper vc_figure\">\n<div class=\"vc_single_image-wrapper vc_box_border_grey\"><img loading=\"lazy\" decoding=\"async\" class=\"vc_single_image-img attachment-full\" src=\"https:\/\/razonpublica.com\/wp-content\/uploads\/2022\/06\/Analisis-programa-ph5.jpg\" sizes=\"auto, (max-width: 1920px) 100vw, 1920px\" srcset=\"https:\/\/razonpublica.com\/wp-content\/uploads\/2022\/06\/Analisis-programa-ph5.jpg 1920w, https:\/\/razonpublica.com\/wp-content\/uploads\/2022\/06\/Analisis-programa-ph5-300x158.jpg 300w, https:\/\/razonpublica.com\/wp-content\/uploads\/2022\/06\/Analisis-programa-ph5-1024x540.jpg 1024w, https:\/\/razonpublica.com\/wp-content\/uploads\/2022\/06\/Analisis-programa-ph5-768x405.jpg 768w, https:\/\/razonpublica.com\/wp-content\/uploads\/2022\/06\/Analisis-programa-ph5-1536x810.jpg 1536w, https:\/\/razonpublica.com\/wp-content\/uploads\/2022\/06\/Analisis-programa-ph5-1170x617.jpg 1170w, https:\/\/razonpublica.com\/wp-content\/uploads\/2022\/06\/Analisis-programa-ph5-585x309.jpg 585w, https:\/\/razonpublica.com\/wp-content\/uploads\/2022\/06\/Analisis-programa-ph5-600x317.jpg 600w\" alt=\"el Pacto Hist\u00f3rico en elecciones\" width=\"1920\" height=\"1013\" \/><\/div>\n<\/figure>\n<\/div>\n<div class=\"wpb_single_image wpb_content_element vc_align_left\">\n<figure class=\"wpb_wrapper vc_figure\">\n<div class=\"vc_single_image-wrapper vc_box_border_grey\"><img loading=\"lazy\" decoding=\"async\" class=\"vc_single_image-img attachment-full\" src=\"https:\/\/razonpublica.com\/wp-content\/uploads\/2022\/06\/Analisis-programa-ph6.jpg\" sizes=\"auto, (max-width: 1920px) 100vw, 1920px\" srcset=\"https:\/\/razonpublica.com\/wp-content\/uploads\/2022\/06\/Analisis-programa-ph6.jpg 1920w, https:\/\/razonpublica.com\/wp-content\/uploads\/2022\/06\/Analisis-programa-ph6-300x158.jpg 300w, https:\/\/razonpublica.com\/wp-content\/uploads\/2022\/06\/Analisis-programa-ph6-1024x540.jpg 1024w, https:\/\/razonpublica.com\/wp-content\/uploads\/2022\/06\/Analisis-programa-ph6-768x405.jpg 768w, https:\/\/razonpublica.com\/wp-content\/uploads\/2022\/06\/Analisis-programa-ph6-1536x810.jpg 1536w, https:\/\/razonpublica.com\/wp-content\/uploads\/2022\/06\/Analisis-programa-ph6-1170x617.jpg 1170w, https:\/\/razonpublica.com\/wp-content\/uploads\/2022\/06\/Analisis-programa-ph6-585x309.jpg 585w, https:\/\/razonpublica.com\/wp-content\/uploads\/2022\/06\/Analisis-programa-ph6-600x317.jpg 600w\" alt=\"el Pacto Hist\u00f3rico en elecciones\" width=\"1920\" height=\"1013\" \/><\/div>\n<\/figure>\n<\/div>\n<div class=\"wpb_single_image wpb_content_element vc_align_left\">\n<figure class=\"wpb_wrapper vc_figure\">\n<div class=\"vc_single_image-wrapper vc_box_border_grey\"><img loading=\"lazy\" decoding=\"async\" class=\"vc_single_image-img attachment-full\" src=\"https:\/\/razonpublica.com\/wp-content\/uploads\/2022\/06\/Analisis-programa-ph7.jpg\" sizes=\"auto, (max-width: 1920px) 100vw, 1920px\" srcset=\"https:\/\/razonpublica.com\/wp-content\/uploads\/2022\/06\/Analisis-programa-ph7.jpg 1920w, https:\/\/razonpublica.com\/wp-content\/uploads\/2022\/06\/Analisis-programa-ph7-300x167.jpg 300w, https:\/\/razonpublica.com\/wp-content\/uploads\/2022\/06\/Analisis-programa-ph7-1024x570.jpg 1024w, https:\/\/razonpublica.com\/wp-content\/uploads\/2022\/06\/Analisis-programa-ph7-768x427.jpg 768w, https:\/\/razonpublica.com\/wp-content\/uploads\/2022\/06\/Analisis-programa-ph7-1536x854.jpg 1536w, https:\/\/razonpublica.com\/wp-content\/uploads\/2022\/06\/Analisis-programa-ph7-1170x651.jpg 1170w, https:\/\/razonpublica.com\/wp-content\/uploads\/2022\/06\/Analisis-programa-ph7-585x325.jpg 585w, https:\/\/razonpublica.com\/wp-content\/uploads\/2022\/06\/Analisis-programa-ph7-600x334.jpg 600w\" alt=\"el Pacto Hist\u00f3rico en elecciones\" width=\"1920\" height=\"1068\" \/><\/div>\n<\/figure>\n<\/div>\n<div class=\"wpb_single_image wpb_content_element vc_align_left\">\n<figure class=\"wpb_wrapper vc_figure\">\n<div class=\"vc_single_image-wrapper vc_box_border_grey\"><img loading=\"lazy\" decoding=\"async\" class=\"vc_single_image-img attachment-full\" src=\"https:\/\/razonpublica.com\/wp-content\/uploads\/2022\/06\/Analisis-programa-ph8.jpg\" sizes=\"auto, (max-width: 1920px) 100vw, 1920px\" srcset=\"https:\/\/razonpublica.com\/wp-content\/uploads\/2022\/06\/Analisis-programa-ph8.jpg 1920w, https:\/\/razonpublica.com\/wp-content\/uploads\/2022\/06\/Analisis-programa-ph8-300x167.jpg 300w, https:\/\/razonpublica.com\/wp-content\/uploads\/2022\/06\/Analisis-programa-ph8-1024x570.jpg 1024w, https:\/\/razonpublica.com\/wp-content\/uploads\/2022\/06\/Analisis-programa-ph8-768x427.jpg 768w, https:\/\/razonpublica.com\/wp-content\/uploads\/2022\/06\/Analisis-programa-ph8-1536x854.jpg 1536w, https:\/\/razonpublica.com\/wp-content\/uploads\/2022\/06\/Analisis-programa-ph8-1170x651.jpg 1170w, https:\/\/razonpublica.com\/wp-content\/uploads\/2022\/06\/Analisis-programa-ph8-585x325.jpg 585w, https:\/\/razonpublica.com\/wp-content\/uploads\/2022\/06\/Analisis-programa-ph8-600x334.jpg 600w\" alt=\"el Pacto Hist\u00f3rico en elecciones\" width=\"1920\" height=\"1068\" \/><\/div>\n<\/figure>\n<\/div>\n<div class=\"wpb_single_image wpb_content_element vc_align_left\">\n<figure class=\"wpb_wrapper vc_figure\">\n<div class=\"vc_single_image-wrapper vc_box_border_grey\"><img loading=\"lazy\" decoding=\"async\" class=\"vc_single_image-img attachment-full\" src=\"https:\/\/razonpublica.com\/wp-content\/uploads\/2022\/06\/Analisis-programa-ph9.jpg\" sizes=\"auto, (max-width: 1920px) 100vw, 1920px\" srcset=\"https:\/\/razonpublica.com\/wp-content\/uploads\/2022\/06\/Analisis-programa-ph9.jpg 1920w, https:\/\/razonpublica.com\/wp-content\/uploads\/2022\/06\/Analisis-programa-ph9-300x167.jpg 300w, https:\/\/razonpublica.com\/wp-content\/uploads\/2022\/06\/Analisis-programa-ph9-1024x570.jpg 1024w, https:\/\/razonpublica.com\/wp-content\/uploads\/2022\/06\/Analisis-programa-ph9-768x427.jpg 768w, https:\/\/razonpublica.com\/wp-content\/uploads\/2022\/06\/Analisis-programa-ph9-1536x854.jpg 1536w, https:\/\/razonpublica.com\/wp-content\/uploads\/2022\/06\/Analisis-programa-ph9-1170x651.jpg 1170w, https:\/\/razonpublica.com\/wp-content\/uploads\/2022\/06\/Analisis-programa-ph9-585x325.jpg 585w, https:\/\/razonpublica.com\/wp-content\/uploads\/2022\/06\/Analisis-programa-ph9-600x334.jpg 600w\" alt=\"el Pacto Hist\u00f3rico en elecciones\" width=\"1920\" height=\"1068\" \/><\/div>\n<\/figure>\n<\/div>\n<div class=\"wpb_single_image wpb_content_element vc_align_left\">\n<figure class=\"wpb_wrapper vc_figure\">\n<div class=\"vc_single_image-wrapper vc_box_border_grey\"><img loading=\"lazy\" decoding=\"async\" class=\"vc_single_image-img attachment-full\" src=\"https:\/\/razonpublica.com\/wp-content\/uploads\/2022\/06\/Analisis-programa-ph10.jpg\" sizes=\"auto, (max-width: 1920px) 100vw, 1920px\" srcset=\"https:\/\/razonpublica.com\/wp-content\/uploads\/2022\/06\/Analisis-programa-ph10.jpg 1920w, https:\/\/razonpublica.com\/wp-content\/uploads\/2022\/06\/Analisis-programa-ph10-300x167.jpg 300w, https:\/\/razonpublica.com\/wp-content\/uploads\/2022\/06\/Analisis-programa-ph10-1024x570.jpg 1024w, https:\/\/razonpublica.com\/wp-content\/uploads\/2022\/06\/Analisis-programa-ph10-768x427.jpg 768w, https:\/\/razonpublica.com\/wp-content\/uploads\/2022\/06\/Analisis-programa-ph10-1536x854.jpg 1536w, https:\/\/razonpublica.com\/wp-content\/uploads\/2022\/06\/Analisis-programa-ph10-1170x651.jpg 1170w, https:\/\/razonpublica.com\/wp-content\/uploads\/2022\/06\/Analisis-programa-ph10-585x325.jpg 585w, https:\/\/razonpublica.com\/wp-content\/uploads\/2022\/06\/Analisis-programa-ph10-600x334.jpg 600w\" alt=\"el Pacto Hist\u00f3rico en elecciones\" width=\"1920\" height=\"1068\" \/><\/div>\n<\/figure>\n<\/div>\n<div class=\"wpb_single_image wpb_content_element vc_align_left\">\n<figure class=\"wpb_wrapper vc_figure\">\n<div class=\"vc_single_image-wrapper vc_box_border_grey\"><img loading=\"lazy\" decoding=\"async\" class=\"vc_single_image-img attachment-full\" src=\"https:\/\/razonpublica.com\/wp-content\/uploads\/2022\/06\/Analisis-programa-ph11.jpg\" sizes=\"auto, (max-width: 1920px) 100vw, 1920px\" srcset=\"https:\/\/razonpublica.com\/wp-content\/uploads\/2022\/06\/Analisis-programa-ph11.jpg 1920w, https:\/\/razonpublica.com\/wp-content\/uploads\/2022\/06\/Analisis-programa-ph11-300x167.jpg 300w, https:\/\/razonpublica.com\/wp-content\/uploads\/2022\/06\/Analisis-programa-ph11-1024x570.jpg 1024w, https:\/\/razonpublica.com\/wp-content\/uploads\/2022\/06\/Analisis-programa-ph11-768x427.jpg 768w, https:\/\/razonpublica.com\/wp-content\/uploads\/2022\/06\/Analisis-programa-ph11-1536x854.jpg 1536w, https:\/\/razonpublica.com\/wp-content\/uploads\/2022\/06\/Analisis-programa-ph11-1170x651.jpg 1170w, https:\/\/razonpublica.com\/wp-content\/uploads\/2022\/06\/Analisis-programa-ph11-585x325.jpg 585w, https:\/\/razonpublica.com\/wp-content\/uploads\/2022\/06\/Analisis-programa-ph11-600x334.jpg 600w\" alt=\"el Pacto Hist\u00f3rico en elecciones\" width=\"1920\" height=\"1068\" \/><\/div>\n<\/figure>\n<\/div>\n<div class=\"wpb_single_image wpb_content_element vc_align_left\">\n<figure class=\"wpb_wrapper vc_figure\">\n<div class=\"vc_single_image-wrapper vc_box_border_grey\"><img loading=\"lazy\" decoding=\"async\" class=\"vc_single_image-img attachment-full\" src=\"https:\/\/razonpublica.com\/wp-content\/uploads\/2022\/06\/Analisis-programa-ph12.jpg\" sizes=\"auto, (max-width: 1920px) 100vw, 1920px\" srcset=\"https:\/\/razonpublica.com\/wp-content\/uploads\/2022\/06\/Analisis-programa-ph12.jpg 1920w, https:\/\/razonpublica.com\/wp-content\/uploads\/2022\/06\/Analisis-programa-ph12-300x167.jpg 300w, https:\/\/razonpublica.com\/wp-content\/uploads\/2022\/06\/Analisis-programa-ph12-1024x570.jpg 1024w, https:\/\/razonpublica.com\/wp-content\/uploads\/2022\/06\/Analisis-programa-ph12-768x427.jpg 768w, https:\/\/razonpublica.com\/wp-content\/uploads\/2022\/06\/Analisis-programa-ph12-1536x854.jpg 1536w, https:\/\/razonpublica.com\/wp-content\/uploads\/2022\/06\/Analisis-programa-ph12-1170x651.jpg 1170w, https:\/\/razonpublica.com\/wp-content\/uploads\/2022\/06\/Analisis-programa-ph12-585x325.jpg 585w, https:\/\/razonpublica.com\/wp-content\/uploads\/2022\/06\/Analisis-programa-ph12-600x334.jpg 600w\" alt=\"el Pacto Hist\u00f3rico en elecciones\" width=\"1920\" height=\"1068\" \/><\/div>\n<\/figure>\n<\/div>\n<\/div>\n<\/div>\n<\/div>\n<\/div>\n<\/section>\n<div class=\"penci-single-link-pages\"><\/div>\n<p style=\"text-align: justify;\"><span style=\"font-size: 14pt;\"><strong>Le recomendamos:<\/strong> <\/span><\/p>\n<p style=\"text-align: justify;\"><span style=\"font-size: 14pt;\"><a href=\"https:\/\/razonpublica.com\/aciertos-desaciertos-gustavo-petro-materia-ambiental\/\">Aciertos y desaciertos de Gustavo Petro en materia ambiental<\/a><\/span><\/p>\n<div id=\"main\" class=\"penci-main-sticky-sidebar\">\n<div class=\"theiaStickySidebar\">\n<article id=\"post-52582\" class=\"post type-post status-publish hentry\">\n<div class=\"header-standard header-classic single-header\">\n<p class=\"post-title single-post-title entry-title\"><a href=\"https:\/\/razonpublica.com\/petro-hernandez-populismo-demagogia\/\"><span style=\"font-size: 14pt;\">Petro y Hern\u00e1ndez: \u00bfpopulismo o demagogia?<\/span><\/a><\/p>\n<\/div>\n<\/article>\n<\/div>\n<\/div>\n<h2><span style=\"font-size: 18pt;\">Fernando Medina G. y Mar\u00eda Camila C\u00f3tamo J.<\/span><\/h2>\n<h2><span style=\"font-size: 18pt;\">Editado por <a href=\"http:\/\/www.lapluma.net\/nosotros\/editora\/\">Mar\u00eda Piedad Ossaba<\/a><\/span><\/h2>\n<h2><span style=\"font-size: 18pt;\">Fuente: <a href=\"ttps:\/\/razonpublica.com\/programa-del-pacto-historico\/\">razonpublica<\/a>, 12 de junio de 2022<\/span><\/h2>\n<p><span style=\"font-size: 14pt;\"><strong>Lecturas recomendadas por La Pluma:<\/strong><\/span><\/p>\n<p class=\"entry-title\"><span style=\"font-size: 14pt;\"><strong><a href=\"https:\/\/www.lapluma.net\/2022\/06\/14\/los-pecados-de-gustavo-la-ruindad-de-hernandez-y-la-botella-de-alejandro\/\" rel=\"bookmark\">Los pecados de Gustavo, la ruindad de Hern\u00e1ndez y la botella de Alejandro<\/a><\/strong><\/span><\/p>\n<p class=\"entry-title\"><a href=\"https:\/\/www.lapluma.net\/2022\/06\/14\/la-politica-del-odio\/\" rel=\"bookmark\"><span style=\"font-size: 18pt;\"><span style=\"font-size: 14pt;\"><strong>La pol\u00edtica del odio<\/strong><\/span><\/span><\/a><\/p>\n<div class=\"wpb_single_image wpb_content_element vc_align_left\">\n<figure class=\"wpb_wrapper vc_figure\">\n<div class=\"vc_single_image-wrapper vc_box_border_grey\"><\/div>\n<\/figure>\n<\/div>\n<div class=\"wpb_single_image wpb_content_element vc_align_left\">\n<figure class=\"wpb_wrapper vc_figure\">\n<div class=\"vc_single_image-wrapper vc_box_border_grey\"><\/div>\n<\/figure>\n<\/div>\n<div class=\"wpb_single_image wpb_content_element vc_align_left\">\n<figure class=\"wpb_wrapper vc_figure\">\n<div class=\"vc_single_image-wrapper vc_box_border_grey\"><\/div>\n<\/figure>\n<\/div>\n<div class=\"wpb_single_image wpb_content_element vc_align_left\">\n<figure class=\"wpb_wrapper vc_figure\">\n<div class=\"vc_single_image-wrapper vc_box_border_grey\"><\/div>\n<\/figure>\n<\/div>\n<div class=\"wpb_single_image wpb_content_element vc_align_left\">\n<figure class=\"wpb_wrapper vc_figure\">\n<div class=\"vc_single_image-wrapper vc_box_border_grey\"><\/div>\n<\/figure>\n<\/div>\n<div class=\"wpb_single_image wpb_content_element vc_align_left\">\n<figure class=\"wpb_wrapper vc_figure\">\n<div class=\"vc_single_image-wrapper vc_box_border_grey\"><\/div>\n<\/figure>\n<\/div>\n<div class=\"wpb_single_image wpb_content_element vc_align_left\">\n<figure class=\"wpb_wrapper vc_figure\">\n<div class=\"vc_single_image-wrapper vc_box_border_grey\"><\/div>\n<\/figure>\n<\/div>\n<div class=\"wpb_single_image wpb_content_element vc_align_left\">\n<figure class=\"wpb_wrapper vc_figure\">\n<div class=\"vc_single_image-wrapper vc_box_border_grey\"><\/div>\n<\/figure>\n<\/div>\n<div class=\"wpb_single_image wpb_content_element vc_align_left\">\n<figure class=\"wpb_wrapper vc_figure\">\n<div class=\"vc_single_image-wrapper vc_box_border_grey\"><\/div>\n<\/figure>\n<\/div>\n<div class=\"wpb_single_image wpb_content_element vc_align_left\">\n<figure class=\"wpb_wrapper vc_figure\">\n<div class=\"vc_single_image-wrapper vc_box_border_grey\"><\/div>\n<\/figure>\n<\/div>\n<div class=\"wpb_single_image wpb_content_element vc_align_left\">\n<figure class=\"wpb_wrapper vc_figure\">\n<div class=\"vc_single_image-wrapper vc_box_border_grey\"><\/div>\n<\/figure>\n<\/div>\n<div class=\"wpb_single_image wpb_content_element vc_align_left\">\n<figure class=\"wpb_wrapper vc_figure\">\n<div class=\"vc_single_image-wrapper vc_box_border_grey\"><\/div>\n<\/figure>\n<\/div>\n<\/div>\n<\/div>\n<\/div>\n<\/div>\n<\/div>\n<\/div>\n<\/div>","protected":false},"excerpt":{"rendered":"<p>Las propuestas de Gustavo Petro y Francia M\u00e1rquez exigir\u00edan mucha inversi\u00f3n p\u00fablica y cambios de fondo en la conformaci\u00f3n y en la administraci\u00f3n del Estado colombiano.<\/p>\n","protected":false},"author":1105,"featured_media":39494,"comment_status":"open","ping_status":"open","sticky":false,"template":"","format":"standard","meta":{"_uf_show_specific_survey":0,"_uf_disable_surveys":false,"footnotes":""},"categories":[216],"tags":[19324,19319,19320,5856,19321,19323,19322],"coauthors":[19318],"class_list":["post-39478","post","type-post","status-publish","format-standard","has-post-thumbnail","hentry","category-colombia","tag-descentrlizacion-administrativa","tag-fernando-augusto-medina-gutierrez","tag-francia-marquez-gustavo-petro","tag-lucha-contra-la-corrupcion","tag-maria-camila-cotam-jaimes","tag-plan-de-gobierno","tag-programa-de-gobierno-propuestas"],"translation":{"provider":"WPGlobus","version":"2.12.2","language":"fr","enabled_languages":["es","fr"],"languages":{"es":{"title":true,"content":true,"excerpt":true},"fr":{"title":false,"content":false,"excerpt":false}}},"_links":{"self":[{"href":"https:\/\/www.lapluma.net\/fr\/wp-json\/wp\/v2\/posts\/39478","targetHints":{"allow":["GET"]}}],"collection":[{"href":"https:\/\/www.lapluma.net\/fr\/wp-json\/wp\/v2\/posts"}],"about":[{"href":"https:\/\/www.lapluma.net\/fr\/wp-json\/wp\/v2\/types\/post"}],"author":[{"embeddable":true,"href":"https:\/\/www.lapluma.net\/fr\/wp-json\/wp\/v2\/users\/1105"}],"replies":[{"embeddable":true,"href":"https:\/\/www.lapluma.net\/fr\/wp-json\/wp\/v2\/comments?post=39478"}],"version-history":[{"count":10,"href":"https:\/\/www.lapluma.net\/fr\/wp-json\/wp\/v2\/posts\/39478\/revisions"}],"predecessor-version":[{"id":39496,"href":"https:\/\/www.lapluma.net\/fr\/wp-json\/wp\/v2\/posts\/39478\/revisions\/39496"}],"wp:featuredmedia":[{"embeddable":true,"href":"https:\/\/www.lapluma.net\/fr\/wp-json\/wp\/v2\/media\/39494"}],"wp:attachment":[{"href":"https:\/\/www.lapluma.net\/fr\/wp-json\/wp\/v2\/media?parent=39478"}],"wp:term":[{"taxonomy":"category","embeddable":true,"href":"https:\/\/www.lapluma.net\/fr\/wp-json\/wp\/v2\/categories?post=39478"},{"taxonomy":"post_tag","embeddable":true,"href":"https:\/\/www.lapluma.net\/fr\/wp-json\/wp\/v2\/tags?post=39478"},{"taxonomy":"author","embeddable":true,"href":"https:\/\/www.lapluma.net\/fr\/wp-json\/wp\/v2\/coauthors?post=39478"}],"curies":[{"name":"wp","href":"https:\/\/api.w.org\/{rel}","templated":true}]}}