{"id":38935,"date":"2022-05-30T14:51:46","date_gmt":"2022-05-30T14:51:46","guid":{"rendered":"https:\/\/www.lapluma.net\/?p=38935"},"modified":"2022-05-30T14:58:59","modified_gmt":"2022-05-30T14:58:59","slug":"contundente-victoria-pacto-historico","status":"publish","type":"post","link":"https:\/\/www.lapluma.net\/fr\/2022\/05\/30\/contundente-victoria-pacto-historico\/","title":{"rendered":"Contundente victoria del Pacto Hist\u00f3rico"},"content":{"rendered":"<h2 class=\"entry-title\"><span style=\"font-size: 18pt;\">Gan\u00f3 el Pacto Hist\u00f3rico, primer triunfo del cambio<\/span><\/h2>\n<p style=\"text-align: justify;\"><span style=\"font-size: 14pt;\">Fue contundente la victoria del pacto hist\u00f3rico que con 8.5 millones de votos obtuvo la mayor votaci\u00f3n hist\u00f3rica de un grupo alternativo de poder.<\/span><\/p>\n<p style=\"text-align: justify;\"><span style=\"font-size: 14pt;\">Mas de 20 millones de personas de cerca de 40 millones habilitadas para votar se presentaron a las urnas, en la m\u00e1s compleja de todas las elecciones de este siglo XXI, en el que el centro democr\u00e1tico del expresidente Uribe ha ocupado de manera continuada el palacio de gobierno y llegado a controlar todos los poderes p\u00fablicos por cooptaci\u00f3n o decisiones con impl\u00edcita corrupci\u00f3n.<\/span><\/p>\n<p style=\"text-align: justify;\"><span style=\"font-size: 14pt;\">Fue contundente la victoria del pacto hist\u00f3rico que con 8.5 millones de votos obtuvo la mayor votaci\u00f3n hist\u00f3rica de un grupo alternativo de poder. La campa\u00f1a de Petro presidente y Francia vicepresidenta alcanz\u00f3 la cima electoral m\u00e1s destacada hasta ahora ocurrida en Colombia, donde las \u00e9lites hace 200 a\u00f1os se adue\u00f1aron del poder y ya lo repitieron hoy, que no est\u00e1n dispuestos a perder el pa\u00eds. El gran derrotado fue el candidato del partido en el poder de las entra\u00f1as del Uribismo y de quien el presidente Duque en la pr\u00e1ctica se convirti\u00f3 en su jefe de campa\u00f1a, con alteraciones recientes a la constituci\u00f3n modificando la ley de garant\u00edas que imped\u00eda la contrataci\u00f3n en \u00e9poca electoral y poniendo al servicio del candidato sus recursos institucionales, la intervenci\u00f3n deliberante del comandante de las fuerzas militares y la actuaci\u00f3n de ministros y jefes de cartera focalizados en contra del candidato Petro, asediado por la matriz medi\u00e1tica parcializada y nada \u00e9tica. Duque fue derrotado, Uribe fue derrotado, las t\u00e9cnicas del horror de la seguridad democr\u00e1tica fueron derrotadas.<\/span><\/p>\n<p style=\"text-align: justify;\"><span style=\"font-size: 14pt;\">El candidato inesperado, que emergi\u00f3 y cre\u00f3 su espacio como candidato sin partido, recio, macho, fuerte fue Rodolfo, un ingeniero, que repiti\u00f3 incansable como slogan de campa\u00f1a sacar a las ratas del poder y acabar la corrupci\u00f3n quit\u00e1ndole la chequera a los corruptos. El ocup\u00f3 el segundo lugar con 6 millones de votos y se apresta a completar los votos faltantes para llegar fortalecido a la segunda vuelta. El denominado centro del candidato Fajardo, otra vez jug\u00f3 a la pol\u00edtica de la confusi\u00f3n, del centro vacilante pero peligroso, con una comodidad por la que le pasaron la cuenta en votos, otra vez, por segunda vez, con la misma estrategia err\u00e1tica e indescifrable, promotora de una actuaci\u00f3n camale\u00f3nica sin m\u00e1s sentido que estar vigentes.<\/span><\/p>\n<p style=\"text-align: justify;\"><span style=\"font-size: 14pt;\">Viene la preparaci\u00f3n de la segunda vuelta, y a pesar de que el candidato perdedor uribista, en sus palabras de cierre ofreci\u00f3 p\u00fablicamente su apoyo al candidato Rodolfo, el de la anticorrupci\u00f3n, poni\u00e9ndolo en aprietos y cerr\u00e1ndole ese camino, porque a este ya no le quedar\u00e1 f\u00e1cil recibir justamente los votos ofrecidos de esa corrupci\u00f3n a la que Petro y Rodolfo juntos acabaron de derrotar. La estrategia Uribista y del gobierno Duque, su bancada en el congreso y funcionarios de altos cargos, resulta perversa y en oportunismo directo, porque le ponen un palo en la rueda a la campa\u00f1a de Rodolfo, quien no podr\u00eda aceptarla, ni justificar de ninguna manera que para obtener un triunfo podr\u00e1 contar cualquier voto de los corruptos a los que acaba de derrotar.<\/span><\/p>\n<p style=\"text-align: justify;\"><span style=\"font-size: 14pt;\">En su discurso de cierre Rodolfo dijo \u201cgan\u00f3 el pa\u00eds que no puede seguir con los mismos y las mismas\u201d y \u201cque se cre\u00edan que iban a gobernar internamente\u201d, estos a los que se refer\u00eda son justamente los del partido en el poder, el uribismo, el gobierno, quienes fueron los grandes derrotados, siempre acorazados por los clanes de la corrupci\u00f3n y directos responsables de los m\u00e1s grandes fraudes y cr\u00edmenes contra la naci\u00f3n.<\/span><\/p>\n<p style=\"text-align: justify;\"><span style=\"font-size: 14pt;\">Al pacto hist\u00f3rico le queda la opci\u00f3n de seguir su tarea imparable y decidida de cobrar electoralmente en la segunda vuelta, la derrota del r\u00e9gimen del odio, que ya logr\u00f3 y, consolidar su triunfo definitivo en la segunda vuelta. Quiz\u00e1 tendr\u00e1 que promover uno a uno cada voto nuevo que salga de buena parte de los m\u00e1s de 15 millones de abstencionistas, que el 29 de mayo no salieron a votar y convencer a diversos grupos sociales que el pa\u00eds no se gobierna con slogans, frases de tik-tok, ni descalificaciones y groser\u00edas. Miles de campesinos y marginados salieron obligados a votar por el uribismo, que entr\u00f3 en su declive y que ahora quedar\u00e1n libres para dejar hablar a su conciencia, separarse de los viejos colonialistas, patriarcas, siempre aferrados a pol\u00edticas de odio y muerte. En s\u00edntesis, hay un alto electorado que todav\u00eda no ha participado, los votos de Fico representan la corrupci\u00f3n derrotada que nadie puede aceptar y, Rodolfo tiene serios cuestionamientos por corrupci\u00f3n que lo confunden. <\/span><\/p>\n<h4 style=\"text-align: justify;\"><span style=\"font-size: 18pt;\">Manuel Humberto Restrepo Dominguez* <\/span><\/h4>\n<h4><span style=\"font-size: 18pt;\">Fuente <a href=\"https:\/\/rebelion.org\/gano-el-pacto-historico-primer-triunfo-del-cambio\/\">Rebeli\u00f3n<\/a>, 30 de mayo de 2022<\/span><\/h4>\n<p>___________________________<\/p>\n<div class=\"blue dark-theme-news-latinaamerica\">\n<h2><span style=\"font-size: 18pt;\">Gustavo Petro: Apostamos por un cambio hacia la paz que destruya la violencia<\/span><\/h2>\n<figure>\n<div class=\"bloque-multimedia world-1\">\n<div id=\"fotos\">\n<figure style=\"width: 600px\" class=\"wp-caption alignnone\"><img loading=\"lazy\" decoding=\"async\" class=\"kalooga_34297\" title=\"Gustavo Petro inst\u00f3 a gremios empresariales a sumarse al proyecto pol\u00edtico para aumentar la productividad y el bienestar de los colombianos. | Foto: Colprensa\" src=\"https:\/\/www.telesurtv.net\/__export\/1653874092066\/sites\/telesur\/img\/2022\/05\/29\/gustavo_petro_0.jpg_1718483347.jpg\" alt=\"Gustavo Petro inst\u00f3 a gremios empresariales a sumarse al proyecto pol\u00edtico para aumentar la productividad y el bienestar de los colombianos.\" width=\"600\" height=\"340\" data-original=\"\/__export\/1653874092066\/sites\/telesur\/img\/2022\/05\/29\/gustavo_petro_0.jpg_1718483347.jpg\" \/><figcaption class=\"wp-caption-text\">Gustavo Petro inst\u00f3 a gremios empresariales a sumarse al proyecto pol\u00edtico para aumentar la productividad y el bienestar de los colombianos. | Foto: Colprensa<\/figcaption><\/figure>\n<div class=\"caption\"><\/div>\n<\/div>\n<\/div>\n<\/figure>\n<div class=\"col-300\">\n<div class=\"col-for\">\n<div style=\"text-align: justify;\"><span style=\"font-size: 14pt;\">\u00ab\u00a0Nosotros proponemos hacer un cambio constructivo, que nos permita una era nueva mucho m\u00e1s pr\u00f3spera\u00a0\u00bb, asever\u00f3 Petro tras ganar la primera vuelta.<\/span><\/div>\n<div style=\"text-align: justify;\"><\/div>\n<div style=\"text-align: justify;\"><span style=\"font-size: 14pt;\">El candidato presidencial por la coalici\u00f3n Pacto Hist\u00f3rico, Gustavo Petro, agradeci\u00f3 este domingo a los 8.527.049 de colombianos que votaron por su proyecto pol\u00edtico, que lo llevar\u00e1 a disputar la segunda vuelta contra el empresario Rodolfo Hern\u00e1ndez, de la Liga de Gobernantes Anticorrupci\u00f3n.<\/span><\/div>\n<div><\/div>\n<div style=\"text-align: justify;\"><span style=\"font-size: 14pt;\">\u00ab\u00a0Hoy hemos ganado, es un d\u00eda de triunfo, los resultados est\u00e1n completos. Le agradezco a los 90.000 testigos que estuvieron de guardianes del voto. Somos m\u00e1s de 8.500.000 ciudadanos que triunfamos\u00a0\u00bb, indic\u00f3 Petro.<\/span><\/div>\n<div><\/div>\n<div style=\"text-align: justify;\"><span style=\"font-size: 14pt;\">El candidato del progresismo destac\u00f3 el respaldo de los departamento de Nari\u00f1o, Valle del Cauca, Cauca, Choc\u00f3 y parte de la zona Caribe. <\/span><\/div>\n<div><\/div>\n<div style=\"text-align: justify;\"><span style=\"font-size: 14pt;\">\u00ab\u00a0Agradezco al pueblo nari\u00f1ense, caucano, m\u00e1s del 70 por ciento de su electorado votaron por nosotros (&#8230;) A mi pueblo del Caribe esta vez nos ayud\u00f3 firme y digno, tuvimos una victoria. Le pido a los ciudadanos coste\u00f1os que votaron por otras candidaturas, que esta vez con Petro tendr\u00e1n al primer presidente coste\u00f1o y progresista, es hora de que la Costa determine el cambio de Colombia\u00a0\u00bb, acot\u00f3.<br \/>\n<\/span><\/div>\n<\/div>\n<\/div>\n<\/div>\n<blockquote class=\"twitter-tweet\" data-width=\"550\" data-dnt=\"true\">\n<p lang=\"es\" dir=\"ltr\"><a href=\"https:\/\/twitter.com\/hashtag\/ColombiaDecide?src=hash&amp;ref_src=twsrc%5Etfw\">#ColombiaDecide<\/a>  | El  ganador de la primera vuelta <a href=\"https:\/\/twitter.com\/petrogustavo?ref_src=twsrc%5Etfw\">@petrogustavo<\/a>: Claro a esa necesidad no llegaremos si hay corrupci\u00f3n, pero la corrupci\u00f3n no se combate con frases de TikTok <\/p>\n<p>\ud83d\udcf2<a href=\"https:\/\/t.co\/tqMKHfl0b4\">https:\/\/t.co\/tqMKHfl0b4<\/a> <a href=\"https:\/\/t.co\/24k83sULBK\">pic.twitter.com\/24k83sULBK<\/a><\/p>\n<p>&mdash; teleSUR TV (@teleSURtv) <a href=\"https:\/\/twitter.com\/teleSURtv\/status\/1531083817418645504?ref_src=twsrc%5Etfw\">May 30, 2022<\/a><\/p><\/blockquote>\n<p><script async src=\"https:\/\/platform.twitter.com\/widgets.js\" charset=\"utf-8\"><\/script><\/p>\n<p style=\"text-align: justify;\"><span style=\"font-size: 14pt;\">\u00ab\u00a0Lo que se disputa hoy es el cambio, los partidos aliados de Duque han sido derrotado. La votaci\u00f3n total de Colombia lanza el mensaje al mundo: Se acaba una era, finaliz\u00f3 en medio de la trampa. Ahora se trata de construir el futuro y lo que la sociedad colombiana quiere de su propio pa\u00eds\u00a0\u00bb, enfatiz\u00f3 Petro.<\/span><\/p>\n<p style=\"text-align: justify;\"><span style=\"font-size: 14pt;\">Al mismo tiempo,\u00a0inst\u00f3 a gremios empresariales a sumarse a su\u00a0proyecto pol\u00edtico para aumentar la productividad y el bienestar de los colombianos.\u00a0<\/span><\/p>\n<p style=\"text-align: justify;\"><span style=\"font-size: 14pt;\">\u00ab\u00a0Yo le digo al empresario temeroso, que les propongo justicia social y estabilidad econ\u00f3mica. La estabilidad significa justicia social, no puede crecer una empresa si\u00a0una sociedad se empobrece\u00a0\u00bb, agreg\u00f3.<\/span><\/p>\n<p style=\"text-align: justify;\"><span style=\"font-size: 14pt;\">\u00ab\u00a0No es estrafalario de que se pueda garantizar la pensi\u00f3n, llevar m\u00e9dicos a los barrios;\u00a0la justicia social no es estrafalaria, es una necesidad. La corrupci\u00f3n no se combate con frases en Tik-Tok, se combate arriesgando la vida porque son reg\u00edmenes de corrupci\u00f3n, nosotros hemos arriesgado la vida luchando contra la corrupci\u00f3n\u00a0\u00bb, puntualiz\u00f3 el candidato presidencial.<\/span><\/p>\n<p style=\"text-align: justify;\"><span style=\"font-size: 14pt;\">Aludiendo a su contrincante pol\u00edtico,\u00a0Hern\u00e1ndez, Petro asever\u00f3 que no es consecuente con su discurso pues en este momento es imputado por corrupci\u00f3n.\u00a0<\/span><\/p>\n<p style=\"text-align: justify;\"><span style=\"font-size: 14pt;\">\u00ab\u00a0\u00bfQueremos m\u00e1s violencia? \u00bfQueremos m\u00e1s corrupci\u00f3n? Mi contrincante\u00a0est\u00e1 imputado por corrupci\u00f3n \u00bfEso es lo que queremos? \u00bfSeguiremos con frases huecas para mantener las cosas como est\u00e1n? \u00bfPor qu\u00e9 pretendemos en construir una sociedad donde los hombres gobiernan y las mujeres cocinen?\u00a0\u00bb, a\u00f1adi\u00f3.<\/span><\/p>\n<p style=\"text-align: justify;\"><span style=\"font-size: 14pt;\">\u00ab\u00a0Queremos un cambio que construya paz, que destruya la violencia, que la mam\u00e1 no tenga miedo de que su hijo salga a la calle, nosotros lo que queremos es justicia social y que todos los ni\u00f1os de Colombia tengan nutrici\u00f3n y que el conjunto de la sociedad pueda tener salud\u00a0\u00bb, expres\u00f3\u00a0Petro.<\/span><\/p>\n<p style=\"text-align: justify;\"><span style=\"font-size: 14pt;\"><strong>*Manuel Humberto Restrepo Dominguez<\/strong>: Profesor Titular de la Universidad Pedag\u00f3gica y Tecnol\u00f3gica de Colombia. Ph.D, en derechos Humanos, Ps.D en Derechos humanos y Econom\u00eca; Economista, Investigador Social.<\/span><\/p>\n<p style=\"text-align: justify;\"><strong><span style=\"font-size: 14pt;\">Lea tambi\u00e9n: <\/span><\/strong><a href=\"https:\/\/www.telesurtv.net\/news\/gustavo-petro-ejerce-sufragio-elecciones-presidenciales-colombia-20220529-0021.html\" target=\"_blank\" rel=\"noopener\"><strong><span style=\"font-size: 14pt;\">Petro afirma que representa la voluntad de cambio en Colombia<\/span><\/strong><\/a><\/p>\n<h4>Fuente : <a href=\"https:\/\/www.telesurtv.net\/news\/colombia-gustavo-petro-apostamos-cambio-paz-destruya-violencia-20220529-0033.html\">TeleSur<\/a>, 29 de mayo de 2022<\/h4>\n<h4>Editado por <a href=\"http:\/\/www.lapluma.net\/nosotros\/editora\/\">Mar\u00eda Piedad Ossaba<\/a><\/h4>\n<h4>Con informaci\u00f3n de <a href=\"https:\/\/rebelion.org\/gano-el-pacto-historico-primer-triunfo-del-cambio\/\">Rebeli\u00f3n <\/a>y <a href=\"https:\/\/www.telesurtv.net\/news\/colombia-gustavo-petro-apostamos-cambio-paz-destruya-violencia-20220529-0033.html\">TeleSur<\/a><\/h4>\n<p style=\"text-align: justify;\"><strong><span style=\"font-size: 14pt;\">Lea en La Pluma: <\/span><\/strong><a href=\"https:\/\/www.lapluma.net\/fr\/2022\/05\/30\/elecciones-presidenciales-en-colombia-entre-la-opcion-de-cambio-que-representa-petro-y-el-miedo-que-suscita-la-irrupcion-de-un-outsider-al-estilo-trump\/\" rel=\"bookmark\"><strong><span style=\"font-size: 14pt;\">Elecciones presidenciales en Colombia: entre la opci\u00f3n de cambio que representa Petro y el miedo que suscita la irrupci\u00f3n de un \u2018outsider\u2019 al estilo Trump<\/span><\/strong><\/a><\/p>\n","protected":false},"excerpt":{"rendered":"<p>Apostamos por un cambio hacia la paz que destruya la violencia<\/p>\n","protected":false},"author":45,"featured_media":38929,"comment_status":"open","ping_status":"open","sticky":false,"template":"","format":"standard","meta":{"_uf_show_specific_survey":0,"_uf_disable_surveys":false,"footnotes":""},"categories":[5],"tags":[19115,19116,19117,19108,19114],"coauthors":[423],"class_list":["post-38935","post","type-post","status-publish","format-standard","has-post-thumbnail","hentry","category-editoriales-y-opiniones","tag-cambio-constructivo","tag-cima-electoral-mas-destacada","tag-derrota-regimen-del-odio","tag-pacto-historico-gustavo-petro-y-francia-marquez","tag-primer-triunfo-del-cambio"],"translation":{"provider":"WPGlobus","version":"2.12.2","language":"fr","enabled_languages":["es","fr"],"languages":{"es":{"title":true,"content":true,"excerpt":true},"fr":{"title":false,"content":false,"excerpt":false}}},"_links":{"self":[{"href":"https:\/\/www.lapluma.net\/fr\/wp-json\/wp\/v2\/posts\/38935","targetHints":{"allow":["GET"]}}],"collection":[{"href":"https:\/\/www.lapluma.net\/fr\/wp-json\/wp\/v2\/posts"}],"about":[{"href":"https:\/\/www.lapluma.net\/fr\/wp-json\/wp\/v2\/types\/post"}],"author":[{"embeddable":true,"href":"https:\/\/www.lapluma.net\/fr\/wp-json\/wp\/v2\/users\/45"}],"replies":[{"embeddable":true,"href":"https:\/\/www.lapluma.net\/fr\/wp-json\/wp\/v2\/comments?post=38935"}],"version-history":[{"count":8,"href":"https:\/\/www.lapluma.net\/fr\/wp-json\/wp\/v2\/posts\/38935\/revisions"}],"predecessor-version":[{"id":38941,"href":"https:\/\/www.lapluma.net\/fr\/wp-json\/wp\/v2\/posts\/38935\/revisions\/38941"}],"wp:featuredmedia":[{"embeddable":true,"href":"https:\/\/www.lapluma.net\/fr\/wp-json\/wp\/v2\/media\/38929"}],"wp:attachment":[{"href":"https:\/\/www.lapluma.net\/fr\/wp-json\/wp\/v2\/media?parent=38935"}],"wp:term":[{"taxonomy":"category","embeddable":true,"href":"https:\/\/www.lapluma.net\/fr\/wp-json\/wp\/v2\/categories?post=38935"},{"taxonomy":"post_tag","embeddable":true,"href":"https:\/\/www.lapluma.net\/fr\/wp-json\/wp\/v2\/tags?post=38935"},{"taxonomy":"author","embeddable":true,"href":"https:\/\/www.lapluma.net\/fr\/wp-json\/wp\/v2\/coauthors?post=38935"}],"curies":[{"name":"wp","href":"https:\/\/api.w.org\/{rel}","templated":true}]}}