{"id":38763,"date":"2022-05-27T11:12:30","date_gmt":"2022-05-27T11:12:30","guid":{"rendered":"https:\/\/www.lapluma.net\/?p=38763"},"modified":"2022-05-28T16:54:03","modified_gmt":"2022-05-28T16:54:03","slug":"las-segovias-playa-giron-mar-del-plata-y-los-angeles","status":"publish","type":"post","link":"https:\/\/www.lapluma.net\/fr\/2022\/05\/27\/las-segovias-playa-giron-mar-del-plata-y-los-angeles\/","title":{"rendered":"Las Segovias, Playa Gir\u00f3n, Mar del Plata y\u2026 \u00bfLos \u00c1ngeles?"},"content":{"rendered":"<p style=\"text-align: justify;\"><span style=\"font-size: 14pt;\">El entramado sobre el que se ha construido Estados Unidos se sostiene en la idea de ser un pueblo elegido por Dios. Un seguimiento del discurso de todos sus presidentes dar\u00e1 cuenta de la presencia y continuidad del concepto en todos ellos, aunque han tenido la precauci\u00f3n de adaptarlo a cada momento hist\u00f3rico.<\/span><\/p>\n<figure id=\"attachment_38790\" aria-describedby=\"caption-attachment-38790\" style=\"width: 498px\" class=\"wp-caption aligncenter\"><img loading=\"lazy\" decoding=\"async\" class=\"wp-image-38790\" src=\"https:\/\/www.lapluma.net\/wp-content\/uploads\/2022\/05\/Expansionismo-USA-300x153.png\" alt=\"\" width=\"498\" height=\"254\" srcset=\"https:\/\/www.lapluma.net\/wp-content\/uploads\/2022\/05\/Expansionismo-USA-300x153.png 300w, https:\/\/www.lapluma.net\/wp-content\/uploads\/2022\/05\/Expansionismo-USA-768x393.png 768w, https:\/\/www.lapluma.net\/wp-content\/uploads\/2022\/05\/Expansionismo-USA.png 794w\" sizes=\"auto, (max-width: 498px) 100vw, 498px\" \/><figcaption id=\"caption-attachment-38790\" class=\"wp-caption-text\">\u00bfPor qu\u00e9 Dios eligi\u00f3 a ese pueblo por sobre el resto de la humanidad?(*)<\/figcaption><\/figure>\n<p style=\"text-align: justify;\"><span style=\"font-size: 14pt;\">El influyente analista pol\u00edtico estadounidense de extrema derecha Patrick J. Buchanan citando a su colega Charles Krauthammer en un art\u00edculo publicado para un peque\u00f1o libro titulado \u201cEl prop\u00f3sito de Estados Unidos de Am\u00e9rica\u201d escrito en 1991 pero que tiene particular vigencia en la coyuntura actual, dice que el \u201ddeseo y trabajo de Estados Unidos debe ser \u201cintegrarse \u201c con Europa y Jap\u00f3n dentro de una entidad \u201cs\u00faper soberana\u201d que es \u201cecon\u00f3mica, cultural y pol\u00edticamente hegem\u00f3nica en el mundo\u201d agregando que \u201ceste nuevo universalismo [\u2026] requerir\u00eda de la depreciaci\u00f3n consciente no solo de la soberan\u00eda norteamericana sino tambi\u00e9n de la noci\u00f3n de soberan\u00eda en general. Esto no es tan atroz como parece\u201d.<\/span><\/p>\n<p style=\"text-align: justify;\"><span style=\"font-size: 14pt;\">Esto es lo que recientemente Estados Unidos ha comenzado a llamar \u201ccomunidad internacional\u201d y que Rusia ha denominando \u201cla comunidad del 11% del planeta\u201d. Seg\u00fan Washington todo los que no est\u00e9n ah\u00ed, no existen, lo cual es aceptado en los c\u00edrculos m\u00e1s reaccionarios de Estados Unidos y Europa.<\/span><\/p>\n<p style=\"text-align: justify;\"><span style=\"font-size: 14pt;\">En el caso de Am\u00e9rica Latina y el Caribe esto es particularmente aberrante a tal punto que pareciera que a veces en Washington confunden el propio nombre de su pa\u00eds. En un ejercicio de dislexia org\u00e1nica, creen que en vez de ser Estados Unidos de Am\u00e9rica, en realidad son \u201cAm\u00e9rica de Estados Unidos\u201d.<\/span><\/p>\n<p style=\"text-align: justify;\"><span style=\"font-size: 14pt;\">Desde 1823 cuando se lanz\u00f3 la <a href=\"https:\/\/www.ecured.cu\/Doctrina_Monroe\">Doctrina Monroe<\/a> en la que se enunciaba que Am\u00e9rica deb\u00eda ser para los americanos, se apelaba a una circunstancia geogr\u00e1fica conformada por una variedad de pa\u00edses, pero el gentilicio estaba reservado para Estados Unidos que desde entonces se autodenomin\u00f3 como \u201cAm\u00e9rica\u201d. Raz\u00f3n ten\u00eda Bol\u00edvar cuando muy temprano se\u00f1al\u00f3 que basado en una raz\u00f3n divina, Estados Unidos iba a ser una plaga para la regi\u00f3n.<\/span><\/p>\n<p style=\"text-align: justify;\"><span style=\"font-size: 14pt;\"><img loading=\"lazy\" decoding=\"async\" class=\" wp-image-38787 aligncenter\" src=\"https:\/\/www.lapluma.net\/wp-content\/uploads\/2022\/05\/Bolivar-USA-plaga-America-300x225.jpg\" alt=\"\" width=\"507\" height=\"380\" srcset=\"https:\/\/www.lapluma.net\/wp-content\/uploads\/2022\/05\/Bolivar-USA-plaga-America-300x225.jpg 300w, https:\/\/www.lapluma.net\/wp-content\/uploads\/2022\/05\/Bolivar-USA-plaga-America-768x576.jpg 768w, https:\/\/www.lapluma.net\/wp-content\/uploads\/2022\/05\/Bolivar-USA-plaga-America.jpg 960w\" sizes=\"auto, (max-width: 507px) 100vw, 507px\" \/><\/span><\/p>\n<p style=\"text-align: justify;\"><span style=\"font-size: 14pt;\">Como se\u00f1ala el profesor Demetrio B\u00f6ersner en su conocida obra \u201cHistoria de las Relaciones Internacionales de Am\u00e9rica Latina\u201d a partir del inicio de la fase imperialista de Estados Unidos en la pen\u00faltima d\u00e9cada del siglo XIX, Washington se propuso tener una participaci\u00f3n activa \u201cen los asuntos pol\u00edticos de Latinoam\u00e9rica y asumir en forma decidida el papel de \u00e1rbitro en las relaciones internacionales americanas\u201d. De manera tal que las aspiraciones de marcar las pautas del comportamiento de los pa\u00edses latinoamericanos est\u00e1 en el ADN de la naci\u00f3n imperialista del norte de Am\u00e9rica.<\/span><\/p>\n<p style=\"text-align: justify;\"><span style=\"font-size: 14pt;\">La impronta hegem\u00f3nica estadounidense se ha vuelto a manifestar, ahora en la convocatoria de la 9na. Cumbre de las Am\u00e9ricas a realizarse en Los \u00c1ngeles, California, en la que el presidente estadounidense ha decidido excluir a Cuba, Nicaragua y Venezuela, pa\u00edses que no se subordinan a los dict\u00e1menes de Washington, sin embargo para sorpresa de la Casa Blanca, una serie de naciones han manifestado su repudio y rechazo a tal decisi\u00f3n.<\/span><\/p>\n<p style=\"text-align: center;\"><span style=\"font-size: 18pt; color: #ff0000;\"><strong><a style=\"color: #ff0000;\" href=\"https:\/\/www.lapluma.net\/wp-content\/uploads\/2022\/05\/VN_cumbredelasamericas-web-768x432.jpg\">Clicar aqui para agrandar la imagen<\/a><\/strong><\/span><\/p>\n<p><img loading=\"lazy\" decoding=\"async\" class=\" wp-image-38514 aligncenter\" src=\"https:\/\/www.lapluma.net\/wp-content\/uploads\/2022\/05\/VN_cumbredelasamericas-web-300x169.jpg\" alt=\"\" width=\"598\" height=\"337\" srcset=\"https:\/\/www.lapluma.net\/wp-content\/uploads\/2022\/05\/VN_cumbredelasamericas-web-300x169.jpg 300w, https:\/\/www.lapluma.net\/wp-content\/uploads\/2022\/05\/VN_cumbredelasamericas-web-1024x576.jpg 1024w, https:\/\/www.lapluma.net\/wp-content\/uploads\/2022\/05\/VN_cumbredelasamericas-web-768x432.jpg 768w, https:\/\/www.lapluma.net\/wp-content\/uploads\/2022\/05\/VN_cumbredelasamericas-web-1536x864.jpg 1536w, https:\/\/www.lapluma.net\/wp-content\/uploads\/2022\/05\/VN_cumbredelasamericas-web-870x489.jpg 870w, https:\/\/www.lapluma.net\/wp-content\/uploads\/2022\/05\/VN_cumbredelasamericas-web-895x503.jpg 895w, https:\/\/www.lapluma.net\/wp-content\/uploads\/2022\/05\/VN_cumbredelasamericas-web.jpg 1920w\" sizes=\"auto, (max-width: 598px) 100vw, 598px\" \/><\/p>\n<p style=\"text-align: justify;\"><span style=\"font-size: 14pt;\">\u00a0Por razones distintas, varios mandatarios latinoamericanos y caribe\u00f1os no estar\u00e1n presentes en el acontecimiento durante el pr\u00f3ximo mes de junio. Aunque eso no necesariamente signifique que no haya representaci\u00f3n de esos pa\u00edses, el solo hecho de ser una Cumbre a la que se env\u00eda a un funcionario de menor nivel es un desd\u00e9n hacia el presidente de Estados Unidos quien ha convocado el evento.<\/span><\/p>\n<p style=\"text-align: justify;\"><span style=\"font-size: 14pt;\">Las Cumbres de las Am\u00e9ricas son reuniones a trav\u00e9s de las cuales Estados Unidos se propuso convocar y unificar a toda la regi\u00f3n cuando desapareci\u00f3 la Uni\u00f3n Sovi\u00e9tica. La \u201chistoria hab\u00eda terminado\u201d y el capitalismo se sembrar\u00eda en toda la tierra para siempre. En el caso de Am\u00e9rica Latina eran tiempos en que el sector m\u00e1s reaccionario de la pol\u00edtica estadounidense hab\u00eda producido los documentos de Santa Fe en los que entre otras cosas hac\u00edan un llamado a desaparecer los ej\u00e9rcitos latinoamericanos porque Estados Unidos se iba a hacer cargo de la defensa continental mientras que los gobiernos locales deb\u00edan solo responsabilizarse de la seguridad interna.<\/span><\/p>\n<p style=\"text-align: justify;\"><span style=\"font-size: 14pt;\">En los hechos, estas Cumbres se originaron como expresi\u00f3n regional del mundo unipolar que se pretend\u00eda construir. En la pr\u00e1ctica, desde un primer momento, se plantearon implementar un <a href=\"https:\/\/es.wikipedia.org\/wiki\/%C3%81rea_de_Libre_Comercio_de_las_Am%C3%A9ricas\">\u00c1rea de Libre Comercio de las Am\u00e9ricas (ALCA)<\/a>, que debi\u00f3 haber entrado en vigor en el mes de enero de\u00a0<a href=\"https:\/\/es.wikipedia.org\/wiki\/2005\">2005<\/a>, sin poder lograrlo al ser repudiada por una buena parte de los Estados americanos.<\/span><\/p>\n<p style=\"text-align: justify;\"><span style=\"font-size: 14pt;\">En la Tercera Cumbre realizada en abril de 2001 en Canad\u00e1, se hab\u00eda propuesto y aprobado la creaci\u00f3n de esta \u00c1rea de Libre Comercio de las Am\u00e9ricas (ALCA) bajo hegemon\u00eda de Estados Unidos: he ah\u00ed su gran propuesta estrat\u00e9gica para la regi\u00f3n. Pero en la IV Cumbre, realizada en Argentina, bajo liderazgo del comandante Hugo Ch\u00e1vez y con el apoyo de los presidentes Lula da Silva, N\u00e9stor Kirchner y otros, ese proyecto fue rechazado. Estados Unidos sigue intent\u00e1ndolo: su meta es controlar pol\u00edticamente la regi\u00f3n para \u2013de esa manera-, controlarla econ\u00f3micamente.<\/span><span style=\"font-size: 14pt;\">\u00a0En la medida que ha habido gobiernos que se resisten al designio, ese objetivo no ha podido ser cumplido.<\/span><\/p>\n<p><img loading=\"lazy\" decoding=\"async\" class=\"wp-image-38788 aligncenter\" src=\"https:\/\/www.lapluma.net\/wp-content\/uploads\/2022\/05\/lula-kirschner-y-chavez-300x200.jpg\" alt=\"\" width=\"422\" height=\"281\" srcset=\"https:\/\/www.lapluma.net\/wp-content\/uploads\/2022\/05\/lula-kirschner-y-chavez-300x200.jpg 300w, https:\/\/www.lapluma.net\/wp-content\/uploads\/2022\/05\/lula-kirschner-y-chavez-768x512.jpg 768w, https:\/\/www.lapluma.net\/wp-content\/uploads\/2022\/05\/lula-kirschner-y-chavez-435x290.jpg 435w, https:\/\/www.lapluma.net\/wp-content\/uploads\/2022\/05\/lula-kirschner-y-chavez-150x100.jpg 150w, https:\/\/www.lapluma.net\/wp-content\/uploads\/2022\/05\/lula-kirschner-y-chavez-370x247.jpg 370w, https:\/\/www.lapluma.net\/wp-content\/uploads\/2022\/05\/lula-kirschner-y-chavez.jpg 960w\" sizes=\"auto, (max-width: 422px) 100vw, 422px\" \/><\/p>\n<p style=\"text-align: center;\"><a href=\"https:\/\/www.pagina12.com.ar\/303821-cuando-kirchner-chavez-y-lula-organizaron-el-no-al-alca\"><span style=\"font-size: 12pt;\"><strong>Lula, N\u00e9stor Kirchner y Hugo Ch\u00e1vez organizaron el No al ALCA<\/strong><\/span><\/a><strong><span style=\"font-size: 12pt;\">. AFP PHOTO\/JUAN\u00a0<\/span><\/strong><\/p>\n<p style=\"text-align: justify;\"><span style=\"font-size: 14pt;\">Cuba hab\u00eda sido siempre excluida hasta que fue invitada por primera vez en la 7ma. Edici\u00f3n realizada en Panam\u00e1 en 2015. Durante la administraci\u00f3n del presidente Obama hubo indudables intentos de acercamiento de Estados Unidos hacia Am\u00e9rica Latina, pero en la 8va. Cumbre realizada en Per\u00fa, Venezuela fue descartada.<\/span><\/p>\n<p style=\"text-align: justify;\"><span style=\"font-size: 14pt;\">De manera que siempre Estados Unidos se ha arrogado el derecho de decidir quien asiste y qui\u00e9n no. Esto es lo que est\u00e1 impugnando el presidente de M\u00e9xico Andr\u00e9s Manuel L\u00f3pez Obrador, quien ha sido secundado por la presidenta de Honduras Xiomara Castro y el mandatario boliviano Luis Arce. As\u00ed mismo, los pa\u00edses de Caricom (14 en total) que tienen especiales relaciones de amistad con Cuba y Venezuela), tambi\u00e9n han dicho que no van a asistir si no son invitados todos los pa\u00edses. Que 14 peque\u00f1os pa\u00edses en territorio, pero inmensos en dignidad, se atrevan a rechazar la decisi\u00f3n de Estados Unidos, es un signo muy importante de los nuevos tiempos.<\/span><\/p>\n<p style=\"text-align: justify;\"><span style=\"font-size: 14pt;\">Por razones distintas, Brasil y Guatemala han dicho que tampoco van a concurrir al evento. En el caso de Brasil los presidentes Bolsonaro y Biden nunca han tenido buenas relaciones. Bolsonaro apoy\u00f3 abiertamente al presidente Trump para su reelecci\u00f3n y Biden nunca lo ha querido recibir adem\u00e1s de atacarlo fuertemente por el mal manejo ecol\u00f3gico de la Amazon\u00eda.<\/span><\/p>\n<p style=\"text-align: justify;\"><span style=\"font-size: 14pt;\">Por su parte, el mandatario guatemalteco Alejandro Giammattei ha dicho que no ir\u00e1 a Los \u00c1ngeles en respuesta a las cr\u00edticas que Estados Unidos ha realizado sobre su decisi\u00f3n de reelegir a la Fiscal general Consuelo Porras que es se\u00f1alada por su falta de compromiso en la lucha contra la corrupci\u00f3n. Giammattei dijo que aunque lo invitaran, no iba a asistir.<\/span><\/p>\n<p style=\"text-align: justify;\"><span style=\"font-size: 14pt;\">M\u00e1s all\u00e1 de unas y otras razones, estas manifestaciones dan cuenta de un cambio en el escenario pol\u00edtico de la regi\u00f3n ante lo que podr\u00eda ser una hecatombe de dimensiones trascendentales para Estados Unidos y para el presidente Biden. En una mirada m\u00e1s amplia, habr\u00eda que decir que estos hechos hay que entenderlos tambi\u00e9n en una din\u00e1mica global distinta que se produce en un momento en que China reafirma su liderazgo mundial desde una perspectiva distinta y Rusia juega un papel relevante en la propagaci\u00f3n del terremoto necesario para producir cambios en la anquilosada, injusta e ineficaz estructura internacional. As\u00ed mismo, otras naciones del planeta asumen un papel protag\u00f3nico en diferentes regiones y sectores de la econom\u00eda lo cual se manifiesta en la posibilidad cierta de una ampliaci\u00f3n del grupo Brics como expresi\u00f3n del montaje de una nueva gesti\u00f3n y conducci\u00f3n de los asuntos globales que parecieran avanzar hacia una multipolaridad efectiva.<\/span><\/p>\n<p style=\"text-align: justify;\"><span style=\"font-size: 14pt;\">Los rechazos a la prepotencia estadounidense expresan que en Am\u00e9rica Latina y el Caribe, se vive un esp\u00edritu distinto que apunta a la necesidad de transformaci\u00f3n estructural del sistema internacional, lo cual se ha hecho posible en el marco del declive de la hegemon\u00eda de Estados Unidos.<\/span><\/p>\n<p style=\"text-align: justify;\"><span style=\"font-size: 14pt;\"><img loading=\"lazy\" decoding=\"async\" class=\" wp-image-38789 aligncenter\" src=\"https:\/\/www.lapluma.net\/wp-content\/uploads\/2022\/05\/Chris-Dodd-Biden-300x150.webp\" alt=\"\" width=\"454\" height=\"227\" srcset=\"https:\/\/www.lapluma.net\/wp-content\/uploads\/2022\/05\/Chris-Dodd-Biden-300x150.webp 300w, https:\/\/www.lapluma.net\/wp-content\/uploads\/2022\/05\/Chris-Dodd-Biden-768x384.webp 768w, https:\/\/www.lapluma.net\/wp-content\/uploads\/2022\/05\/Chris-Dodd-Biden.webp 1024w\" sizes=\"auto, (max-width: 454px) 100vw, 454px\" \/><\/span><\/p>\n<p style=\"text-align: justify;\"><span style=\"font-size: 14pt;\">Ante la evidente situaci\u00f3n de crisis, Biden design\u00f3 al ex senador del sector liberal del partido Dem\u00f3crata Christopher Dodd como su enlace personal con Am\u00e9rica Latina y el Caribe para la Cumbre. Adem\u00e1s envi\u00f3 a su propia esposa Jill, a una gira a algunos pa\u00edses de la regi\u00f3n para asegurar su presencia en Los \u00c1ngeles.<\/span><\/p>\n<p style=\"text-align: justify;\"><span style=\"font-size: 14pt;\">Todo esto manifiesta cierta desestructuraci\u00f3n del sistema burocr\u00e1tico de poder en Estados Unidos, Biden apela a una nueva diplomacia, en la que \u201cenlaces personales\u201d, el director de la CIA, parlamentarios, y hasta su esposa, tienen m\u00e1s relevancia que el propio Departamento de Estado, lo que ha ido generando un malestar natural en los diplom\u00e1ticos de carrera que se ven superados y avasallados por la impronta presidencial. Hasta la propia OEA, antes instrumento imperial de Estados Unidos en la regi\u00f3n, ha quedado relegada a un segundo plano.<\/span><\/p>\n<p><img loading=\"lazy\" decoding=\"async\" class=\" wp-image-36915 aligncenter\" src=\"https:\/\/www.lapluma.net\/wp-content\/uploads\/2022\/04\/destinomanifiesto1-300x169.webp\" alt=\"\" width=\"483\" height=\"272\" srcset=\"https:\/\/www.lapluma.net\/wp-content\/uploads\/2022\/04\/destinomanifiesto1-300x169.webp 300w, https:\/\/www.lapluma.net\/wp-content\/uploads\/2022\/04\/destinomanifiesto1-1024x576.webp 1024w, https:\/\/www.lapluma.net\/wp-content\/uploads\/2022\/04\/destinomanifiesto1-768x432.webp 768w, https:\/\/www.lapluma.net\/wp-content\/uploads\/2022\/04\/destinomanifiesto1-870x489.webp 870w, https:\/\/www.lapluma.net\/wp-content\/uploads\/2022\/04\/destinomanifiesto1-895x503.webp 895w, https:\/\/www.lapluma.net\/wp-content\/uploads\/2022\/04\/destinomanifiesto1.webp 1280w\" sizes=\"auto, (max-width: 483px) 100vw, 483px\" \/><\/p>\n<p style=\"text-align: justify;\"><span style=\"font-size: 14pt;\">En este contexto, podr\u00edamos estar asistiendo al fin de una hegemon\u00eda omn\u00edmoda de Estados Unidos en la regi\u00f3n. Sin querer esgrimir situaciones ideales que la correlaci\u00f3n de fuerzas actual no permite afirmar, s\u00ed es indudable que los par\u00e1metros establecidos en la Doctrina Monroe y el <a href=\"https:\/\/www.ecured.cu\/Doctrina_del_Destino_Manifiesto\">Destino Manifiesto<\/a> est\u00e1n comenzando a ser corro\u00eddos por el impulso independentista de los pueblos, tal como ocurriera a comienzos del siglo XIX. As\u00ed, podr\u00eda ocurrir que la Cumbre de Los \u00c1ngeles se transforme en una victoria tan importante como la que ocurri\u00f3 en 2005 en Argentina conllevando as\u00ed mismo, a una contundente derrota como para Estados Unidos.<\/span><\/p>\n<p><img loading=\"lazy\" decoding=\"async\" class=\" wp-image-38786 aligncenter\" src=\"https:\/\/www.lapluma.net\/wp-content\/uploads\/2022\/05\/doctrina-monroe-trump-300x214.webp\" alt=\"\" width=\"467\" height=\"333\" srcset=\"https:\/\/www.lapluma.net\/wp-content\/uploads\/2022\/05\/doctrina-monroe-trump-300x214.webp 300w, https:\/\/www.lapluma.net\/wp-content\/uploads\/2022\/05\/doctrina-monroe-trump.webp 545w\" sizes=\"auto, (max-width: 467px) 100vw, 467px\" \/><\/p>\n<p style=\"text-align: justify;\"><span style=\"font-size: 14pt;\">Como Sandino en Las Segovias, el pueblo cubano en Playa Gir\u00f3n, el No al Alca en Mar del Plata, Los \u00c1ngeles podr\u00eda transformarse en una nueva derrota del imperialismo en Am\u00e9rica, esta vez en las mismas entra\u00f1as del monstruo como lo se\u00f1al\u00f3 el Ap\u00f3stol Jos\u00e9 Mart\u00ed.<\/span><\/p>\n<h4><strong>Sergio Rodr\u00edguez Gelfenstein<\/strong> para La Pluma, 25 de mayo de 2022<\/h4>\n<h4>Editado por <a href=\"http:\/\/www.lapluma.net\/nosotros\/editora\/\">Mar\u00eda Piedad Ossaba<\/a><\/h4>\n<p style=\"text-align: justify;\"><strong><span style=\"font-size: 14pt;\">Lectura recomendada <\/span><a href=\"http:\/\/ricardovicentelopez.com.ar\/?page_id=85176\"><span style=\"font-size: 14pt;\">\u00bfPor qu\u00e9 Dios eligi\u00f3 a ese pueblo por sobre el resto de la humanidad?<\/span><\/a><\/strong><\/p>\n","protected":false},"excerpt":{"rendered":"<p>Como Sandino en Las Segovias, el pueblo cubano en Playa Gir\u00f3n, el No al Alca en Mar del Plata, Los \u00c1ngeles podr\u00eda transformarse en una nueva derrota del imperialismo en Am\u00e9rica, esta vez en las mismas entra\u00f1as del monstruo como lo se\u00f1al\u00f3 el Ap\u00f3stol Jos\u00e9 Mart\u00ed.<\/p>\n","protected":false},"author":9,"featured_media":38793,"comment_status":"open","ping_status":"open","sticky":false,"template":"","format":"standard","meta":{"_uf_show_specific_survey":0,"_uf_disable_surveys":false,"footnotes":""},"categories":[218],"tags":[19070,19072,19071,39,18978],"coauthors":[266],"class_list":["post-38763","post","type-post","status-publish","format-standard","has-post-thumbnail","hentry","category-monde","tag-area-de-libre-comercio-de-las-americas-alca","tag-expansionismo-usa","tag-no-al-alca","tag-sergio-rodriguez-gelfenstein","tag-usa-america-latina-y-el-caribe-abya-yala"],"translation":{"provider":"WPGlobus","version":"2.12.2","language":"fr","enabled_languages":["es","fr"],"languages":{"es":{"title":true,"content":true,"excerpt":true},"fr":{"title":false,"content":false,"excerpt":false}}},"_links":{"self":[{"href":"https:\/\/www.lapluma.net\/fr\/wp-json\/wp\/v2\/posts\/38763","targetHints":{"allow":["GET"]}}],"collection":[{"href":"https:\/\/www.lapluma.net\/fr\/wp-json\/wp\/v2\/posts"}],"about":[{"href":"https:\/\/www.lapluma.net\/fr\/wp-json\/wp\/v2\/types\/post"}],"author":[{"embeddable":true,"href":"https:\/\/www.lapluma.net\/fr\/wp-json\/wp\/v2\/users\/9"}],"replies":[{"embeddable":true,"href":"https:\/\/www.lapluma.net\/fr\/wp-json\/wp\/v2\/comments?post=38763"}],"version-history":[{"count":11,"href":"https:\/\/www.lapluma.net\/fr\/wp-json\/wp\/v2\/posts\/38763\/revisions"}],"predecessor-version":[{"id":38829,"href":"https:\/\/www.lapluma.net\/fr\/wp-json\/wp\/v2\/posts\/38763\/revisions\/38829"}],"wp:featuredmedia":[{"embeddable":true,"href":"https:\/\/www.lapluma.net\/fr\/wp-json\/wp\/v2\/media\/38793"}],"wp:attachment":[{"href":"https:\/\/www.lapluma.net\/fr\/wp-json\/wp\/v2\/media?parent=38763"}],"wp:term":[{"taxonomy":"category","embeddable":true,"href":"https:\/\/www.lapluma.net\/fr\/wp-json\/wp\/v2\/categories?post=38763"},{"taxonomy":"post_tag","embeddable":true,"href":"https:\/\/www.lapluma.net\/fr\/wp-json\/wp\/v2\/tags?post=38763"},{"taxonomy":"author","embeddable":true,"href":"https:\/\/www.lapluma.net\/fr\/wp-json\/wp\/v2\/coauthors?post=38763"}],"curies":[{"name":"wp","href":"https:\/\/api.w.org\/{rel}","templated":true}]}}