{"id":38749,"date":"2022-05-26T12:53:21","date_gmt":"2022-05-26T12:53:21","guid":{"rendered":"https:\/\/www.lapluma.net\/?p=38749"},"modified":"2022-05-26T14:58:42","modified_gmt":"2022-05-26T14:58:42","slug":"elecciones-29m-vientos-de-cambio-para-colombia","status":"publish","type":"post","link":"https:\/\/www.lapluma.net\/fr\/2022\/05\/26\/elecciones-29m-vientos-de-cambio-para-colombia\/","title":{"rendered":"Elecciones 29M: Vientos de cambio para Colombia"},"content":{"rendered":"<p style=\"text-align: justify;\"><span style=\"font-size: 14pt;\">La derrota de la derecha en su eterno basti\u00f3n colombiano supondr\u00eda un terremoto en Latinoam\u00e9rica. Petro encarna la renovaci\u00f3n de la izquierda, con visi\u00f3n medioambientalista y apuesta por la universalizaci\u00f3n de coberturas sociales<\/span><\/p>\n<p>&nbsp;<\/p>\n<p style=\"text-align: justify;\"><span style=\"font-size: 14pt;\">Colombia, domingo 22 de mayo, Plaza Bol\u00edvar de Bogot\u00e1. Decenas de miles de personas se agolpan para asistir al cierre de campa\u00f1a de los candidatos a presidente y vicepresidenta de la Rep\u00fablica de Colombia Gustavo Petro y Francia M\u00e1rquez. Petro, de pie tras un atril y escoltado por dos monumentales escudos blindados de su equipo de seguridad, apenas es visible desde la atestada plaza. No hay focos para iluminar a los candidatos del Pacto Hist\u00f3rico \u2013la coalici\u00f3n pol\u00edtica que postula a Gustavo Petro\u2013. La raz\u00f3n, tratar de impedir que un francotirador alcance al candidato.<\/span><\/p>\n<p><img loading=\"lazy\" decoding=\"async\" class=\" wp-image-38650 aligncenter\" src=\"https:\/\/www.lapluma.net\/wp-content\/uploads\/2022\/05\/Francia-Petro2-300x208.jpg\" alt=\"\" width=\"586\" height=\"406\" srcset=\"https:\/\/www.lapluma.net\/wp-content\/uploads\/2022\/05\/Francia-Petro2-300x208.jpg 300w, https:\/\/www.lapluma.net\/wp-content\/uploads\/2022\/05\/Francia-Petro2-1024x709.jpg 1024w, https:\/\/www.lapluma.net\/wp-content\/uploads\/2022\/05\/Francia-Petro2-768x532.jpg 768w, https:\/\/www.lapluma.net\/wp-content\/uploads\/2022\/05\/Francia-Petro2.jpg 1036w\" sizes=\"auto, (max-width: 586px) 100vw, 586px\" \/><\/p>\n<p>&nbsp;<\/p>\n<p style=\"text-align: justify;\"><span style=\"font-size: 14pt;\">Hasta aqu\u00ed llega la <em>normalidad<\/em> democr\u00e1tica colombiana a unos d\u00edas de las elecciones presidenciales que se celebrar\u00e1n el pr\u00f3ximo 29 de mayo.<\/span><\/p>\n<p style=\"text-align: justify;\"><span style=\"font-size: 14pt;\">Colombia, con sus m\u00e1s de cincuenta millones de habitantes, es un pa\u00eds que pareciera tristemente acostumbrado a convivir con la violencia. Desde el asesinato de Jorge Eli\u00e9cer Gait\u00e1n, el 9 de abril de 1948, hasta cinco candidatos presidenciales han sido asesinados. Solo en lo que llevamos de a\u00f1o, 76 l\u00edderes sociales y defensores de derechos humanos han sido asesinados. La Oficina del Alto Comisionado de las Naciones Unidas para los Derechos Humanos inform\u00f3 recientemente de que durante las movilizaciones populares que se produjeron contra la reforma tributaria del gobierno Duque, entre el 28 de abril y el 31 de julio de 2021, se produjeron asesinatos, desapariciones, detenciones ilegales y torturas. Aquellas jornadas terminaron con un saldo de 63 muertos, 60 casos de violencia sexual y 27 personas que a\u00fan hoy siguen desaparecidas tras los enfrentamientos con miembros de la fuerza p\u00fablica.<\/span><\/p>\n<blockquote>\n<p style=\"text-align: justify;\">Solo en lo que llevamos de a\u00f1o, 76 l\u00edderes sociales y defensores de derechos humanos han sido asesinados<\/p>\n<\/blockquote>\n<p style=\"text-align: justify;\"><span style=\"font-size: 14pt;\">En las \u00faltimas d\u00e9cadas, la violencia en Colombia fue progresivamente alej\u00e1ndose de su expresi\u00f3n pol\u00edtica original, mutando e hibrid\u00e1ndose con el narcotr\u00e1fico. La expresi\u00f3n m\u00e1s cerrada de este proceso la encarn\u00f3 la parapol\u00edtica, una amalgama entre narcotr\u00e1fico, organizaciones armadas anticomunistas, sectores de las fuerzas armadas y policiales, y organizaciones pol\u00edticas que los han representado en las m\u00e1s altas instancias institucionales del pa\u00eds.<\/span><\/p>\n<p style=\"text-align: justify;\"><span style=\"font-size: 14pt;\">Con la llegada al poder de \u00c1lvaro Uribe V\u00e9lez esta alianza entre el paramilitarismo y los sectores de ultraderecha del ej\u00e9rcito y la polic\u00eda encontrar\u00eda v\u00eda libre, y alcanz\u00f3 su cl\u00edmax entre 2006 y 2009. En aquellos a\u00f1os, un programa de incentivos para los integrantes del ej\u00e9rcito que lograran demostrar resultados contra la guerrilla acab\u00f3 convirti\u00e9ndose en una marea de ejecuciones extrajudiciales en lo que se conoci\u00f3 como los <em>falsos positivos:<\/em> civiles no beligerantes asesinados a los que hicieron pasar como bajas en combate en el marco del conflicto armado interno de Colombia. Un informe de la Jurisdicci\u00f3n Especial para la Paz (JEP) colombiana estableci\u00f3 la cifra total de falsos positivos en la escalofriante cifra de 6.402 entre 2002 y 2008.<\/span><\/p>\n<p style=\"text-align: justify;\"><span style=\"font-size: 14pt;\">Si bien los Acuerdos de Paz de la Habana (2015-2016), firmados por el expresidente Juan Manuel Santos con la guerrilla de las FARC, lograron sacar de la ecuaci\u00f3n de la violencia a buena parte de los sectores m\u00e1s ideologizados, lo cierto es que el control territorial de los distintos clanes narcoterroristas sigue siendo muy importante en Colombia. Una demostraci\u00f3n de la fuerza real de estos aparatos paraestatales de control del territorio ha sido el reciente paro armado convocado por el Clan del Golfo, una organizaci\u00f3n policriminal que durante varios d\u00edas, a menos de un mes de las elecciones y con total impunidad, extendi\u00f3 el p\u00e1nico en 11 departamentos \u2013el equivalente a la provincia en Espa\u00f1a\u2013, de los 32 que tiene el pa\u00eds. La acci\u00f3n terrorista promovida como respuesta a la extradici\u00f3n de un capo del narcotr\u00e1fico oblig\u00f3 a confinarse a los vecinos de m\u00e1s de 74 localidades en las que la poblaci\u00f3n se encontr\u00f3 <em>de facto<\/em> en situaci\u00f3n de toque de queda bajo amenaza real de ejecuci\u00f3n sumaria. En menos de una semana el paro armado dej\u00f3 al menos seis muertos y 180 veh\u00edculos calcinados en los departamentos afectados.<\/span><\/p>\n<p style=\"text-align: justify;\"><span style=\"font-size: 14pt;\">Esta y no otra es la realidad del clima de <em>normalidad<\/em> democr\u00e1tica que vive Colombia hoy.<\/span><\/p>\n<p><img loading=\"lazy\" decoding=\"async\" class=\" wp-image-38750 aligncenter\" src=\"https:\/\/www.lapluma.net\/wp-content\/uploads\/2022\/05\/Cierre-campana-Petro-Plaza-de-Bolivar-300x225.jpg\" alt=\"\" width=\"559\" height=\"419\" srcset=\"https:\/\/www.lapluma.net\/wp-content\/uploads\/2022\/05\/Cierre-campana-Petro-Plaza-de-Bolivar-300x225.jpg 300w, https:\/\/www.lapluma.net\/wp-content\/uploads\/2022\/05\/Cierre-campana-Petro-Plaza-de-Bolivar-768x576.jpg 768w, https:\/\/www.lapluma.net\/wp-content\/uploads\/2022\/05\/Cierre-campana-Petro-Plaza-de-Bolivar.jpg 819w\" sizes=\"auto, (max-width: 559px) 100vw, 559px\" \/><\/p>\n<div align=\"center\">\n<div class=\"cs_img cs_fl_middle\">\n<div class=\"cs_img_caption\">\n<p style=\"text-align: justify;\"><strong><span style=\"font-size: 12pt;\">Cierre de campa\u00f1a de Petro en la Plaza Bol\u00edvar de Bogot\u00e1. Fuente: twitter.com\/petrogustavo<\/span><\/strong><\/p>\n<\/div>\n<\/div>\n<\/div>\n<h2><strong><span style=\"font-size: 18pt;\">2002 &#8211; 2022, dos d\u00e9cadas de gobiernos neoliberales<\/span><br \/>\n<\/strong><\/h2>\n<p style=\"text-align: justify;\"><span style=\"font-size: 14pt;\">Desde la llegada de \u00c1lvaro Uribe al poder, la parapol\u00edtica de la <em>seguridad democr\u00e1tica<\/em> \u2013como as\u00ed se denomin\u00f3\u2013 fue acompa\u00f1ada de una furibunda pol\u00edtica econ\u00f3mica neoliberal.<\/span><\/p>\n<p style=\"text-align: justify;\"><span style=\"font-size: 14pt;\">Fue con el primer Gobierno de Uribe cuando se aceler\u00f3 el proceso privatizador: se vendieron la mitad de las acciones de la Empresa Colombiana de Telecomunicaciones (TELECOM), Ecogas y la Empresa de Energ\u00eda de Bogot\u00e1 (EEB). Ya en el segundo Gobierno de Uribe se dio inicio al proceso de privatizaci\u00f3n de Ecopetrol \u2013la empresa nacional petrolera\u2013, vendiendo el 11% de la participaci\u00f3n estatal.<\/span><\/p>\n<p style=\"text-align: justify;\"><span style=\"font-size: 14pt;\">Un segundo bloque de medidas encogi\u00f3 el Estado colombiano hasta la m\u00ednima expresi\u00f3n. Seg\u00fan datos de la OCDE, el empleo p\u00fablico en Colombia se encuentra muy por debajo del promedio regional. Con un estimado de entre el 4 y el 5,3% del total de empleos de la econom\u00eda nacional, Colombia contrasta con el promedio de Am\u00e9rica Latina, 11,9% en 2018. La cifra palidece si la comparamos con los pa\u00edses de la OCDE, donde, en la misma fecha, de media se situaba en el 21,1% , cuatro veces m\u00e1s.<\/span><\/p>\n<blockquote><p><span style=\"font-size: 14pt;\">El resultado de las pol\u00edticas neoliberales de Uribe es un pa\u00eds en el que el 50% de la poblaci\u00f3n vive con menos de 234 euros al mes y otro 25%, con menos de 268<\/span><\/p><\/blockquote>\n<p style=\"text-align: justify;\"><span style=\"font-size: 14pt;\">Finalmente los gobiernos neoliberales de Uribe y sus sucesores aplicaron reformas tributarias regresivas. Ensancharon la base gravable del IVA incluyendo productos de la cesta familiar y multiplicaron los beneficios tributarios a las grandes empresas \u2013con exenciones, deducciones y todo tipo de exoneraciones del pago de aportes parafiscales a las distintas instituciones del m\u00ednimo Estado del bienestar colombiano\u2013.<\/span><\/p>\n<p style=\"text-align: justify;\"><span style=\"font-size: 14pt;\">El resultado de estas pol\u00edticas es un pa\u00eds en el que el 50% de la poblaci\u00f3n vive con menos de 234 euros al mes y otro 25% lo hace con menos de 268 euros mensuales. El propio Departamento Administrativo Nacional de Estad\u00edstica colombiano (DANE) reconoce que el 39,3% de la poblaci\u00f3n tiene ingresos per c\u00e1pita inferiores al costo de una canasta total de bienes y servicios m\u00ednimos esenciales. La f\u00e9rtil Colombia es hoy un pa\u00eds de hambre.<\/span><\/p>\n<h2><span style=\"font-size: 18pt;\"><strong>Elecciones 2022 &#8211; El sistema pol\u00edtico colombiano<\/strong><\/span><\/h2>\n<p style=\"text-align: justify;\"><span style=\"font-size: 14pt;\">La ciudadan\u00eda colombiana llega a las elecciones presidenciales del 29 de mayo de 2022 con una importante demanda de cambio. <a href=\"https:\/\/www.lapluma.net\/2022\/05\/03\/encuesta-colombia-abril-2022\/\">Seg\u00fan una reciente encuesta de CELAG<\/a>, \u2018cambio\u2019 es la palabra m\u00e1s elegida por los colombianos para describir lo que desean para el futuro de Colombia, doblando a otros t\u00e9rminos como estabilidad, tranquilidad o seguridad.<\/span><\/p>\n<p style=\"text-align: justify;\"><span style=\"font-size: 14pt;\">Este deseo de cambio es especialmente fuerte entre los j\u00f3venes. M\u00e1s del 53% de los j\u00f3venes \u2013casi un tercio del electorado colombiano tiene menos de 30 a\u00f1os\u2013 desean un cambio para su pa\u00eds.<\/span><\/p>\n<blockquote><p><span style=\"font-size: 14pt;\">M\u00e1s del 53% de los j\u00f3venes \u2013casi un tercio del electorado colombiano tiene menos de 30 a\u00f1os\u2013 desean un cambio para su pa\u00eds<\/span><\/p><\/blockquote>\n<p style=\"text-align: justify;\"><span style=\"font-size: 14pt;\">Esta demanda de cambio ha irrumpido con mucha fuerza en el ya de por s\u00ed d\u00e9bil sistema de partidos colombiano, que en estas elecciones no ha logrado postular a ninguno de sus militantes entre los principales candidatos a la presidencia del pa\u00eds \u2013y ha tenido que optar por apoyar a figuras m\u00e1s o menos aut\u00f3nomas.<\/span><\/p>\n<p style=\"text-align: justify;\"><span style=\"font-size: 14pt;\">El sistema de partidos colombiano que llega a nuestros d\u00edas es heredero del acuerdo del frente nacional entre el Partido Liberal y el Partido Conservador, un pacto que estableci\u00f3 un simulacro de bipartidismo durante la segunda mitad del siglo XX. Ambos partidos, fuertemente arraigados en la historia pol\u00edtica independiente de Colombia, y liderados por la \u00e9lite bogotana, se alternaron en el poder y ocuparon la Presidencia y la mayor\u00eda de poderes locales durante 50 a\u00f1os. La llegada de \u00c1lvaro Uribe, un <em>outsider<\/em> oriundo de Medell\u00edn \u2013la gran urbe comercial colombiana, rival en pujanza con la capital, Bogot\u00e1\u2013 supuso la primera fractura de este sistema de partidos. Con \u00e9l aparecieron los partidos-movimiento, organizaciones pol\u00edticas surgidas en torno a liderazgos carism\u00e1ticos que operan con alta eficacia en las elecciones presidenciales.<\/span><\/p>\n<p style=\"text-align: justify;\"><span style=\"font-size: 14pt;\">Entre tanto, despojados del poder presidencial, el partido Conservador y el Liberal se atrincheraron en el territorio conservando su fuerza en el resto de procesos electorales. As\u00ed, en las recientes elecciones legislativas de marzo de 2022 el Partido Liberal \u2013sin ni siquiera candidato presidencial\u2013 fue la fuerza con m\u00e1s diputados en la C\u00e1mara de Representantes (32), mientras el Partido Conservador igualaba en representantes a la alianza que postula al candidato que, de lejos, cuenta con mayor fuerza electoral, Gustavo Petro (25). Entre tanto el partido del otrora todopoderoso \u00c1lvaro Uribe se desplomaba hasta los 16 representantes.<\/span><\/p>\n<p style=\"text-align: justify;\"><span style=\"font-size: 14pt;\">La fuerza que a\u00fan mantienen en el territorio los partidos otrora hegem\u00f3nicos no podr\u00eda entenderse sin conocer una particularidad del ecosistema electoral colombiano: el llamado <em>voto de maquinaria<\/em>. El voto de maquinaria lo constituir\u00edan varios millones de votos cautivos. En el mejor de los casos los votos est\u00e1n clientelarizados por fuerzas pol\u00edticas y liderazgos locales. En el peor, estamos ante la extorsi\u00f3n de fuerzas paramilitares que controlan el territorio; cacicazgos que controlan todas las fuentes de empleo en sus localidades y clanes narcoempresariales que compran votos y cuya fuerza se expres\u00f3 recientemente en el referido paro armado del Clan del Golfo. Las conexiones entre estas organizaciones y las fuerzas pol\u00edticas tradicionales colombianas son conocidas y en la mayor\u00eda de las ocasiones expl\u00edcitas. Si bien es extremadamente dif\u00edcil de evaluar el peso real de la maquinaria, algunos expertos calculan que puede oscilar entre el 5 y el 30% del voto de un candidato presidencial.<\/span><\/p>\n<h2><span style=\"font-size: 18pt;\"><strong>Las distintas opciones pol\u00edticas<\/strong><\/span><\/h2>\n<p style=\"text-align: justify;\"><span style=\"font-size: 14pt;\">Cuatro candidatos se postulan este 29 de mayo a la presidencia de Colombia. El sistema de elecci\u00f3n es a doble vuelta, y el ganador debe superar el 50% de los votos para evitar el <em>balotaje<\/em> del 19 de junio.<\/span><\/p>\n<p style=\"text-align: justify;\"><span style=\"font-size: 14pt;\">De un lado, con una plaza pr\u00e1cticamente segura en la fase final, el t\u00e1ndem entre Gustavo Petro y Francia M\u00e1rquez. Son los candidatos de la izquierda y el centro izquierda, y con casi el 45% de intenci\u00f3n de voto en la pr\u00e1ctica totalidad de las encuestas se han convertido en el enemigo a batir en un pa\u00eds en el que nunca en su historia republicana la izquierda tuvo tantas opciones de alcanzar el Palacio de Nari\u00f1o.<\/span><\/p>\n<blockquote>\n<p style=\"text-align: justify;\"><span style=\"font-size: 14pt;\">Gustavo Petro y Francia M\u00e1rquez son los candidatos de la izquierda y el centro izquierda, y con casi el 45% de intenci\u00f3n de voto en la pr\u00e1ctica totalidad de las encuestas, se han convertido en el enemigo a batir<\/span><\/p>\n<\/blockquote>\n<p style=\"text-align: justify;\"><span style=\"font-size: 14pt;\"><a href=\"https:\/\/ctxt.es\/es\/20180516\/Politica\/19681\/Gustavo-Petro-Colombia-elecciones-izquierda-Bogota.htm\" target=\"_blank\" rel=\"noopener\">Gustavo Petro llega a esta elecci\u00f3n despu\u00e9s de haber disputado la segunda vuelta electoral en 2018 a Iv\u00e1n Duque<\/a>, el actual presidente y pupilo de \u00c1lvaro Uribe. Con un tono profesoral y enormes dosis de pedagog\u00eda pol\u00edtica, Petro ha recuperado para Colombia la pol\u00edtica de la plaza p\u00fablica \u2013abandonada durante los a\u00f1os m\u00e1s duros de la violencia\u2013 y, arriesgando su vida, ha recorrido el pa\u00eds llenando m\u00e1s de mil \u00e1goras en las que se extendi\u00f3 en largas disertaciones sobre el modelo econ\u00f3mico, social y pol\u00edtico que quiere para Colombia. Gustavo Petro, exmilitante de la guerrilla del M-19, se desmoviliz\u00f3 junto a \u00e9sta con ocasi\u00f3n de los acuerdos que llevaron a la redacci\u00f3n de la avanzada Constituci\u00f3n de 1991, un contrato social que el candidato de la izquierda reivindica como horizonte para Colombia, denunciando su incumplimiento persistente. Gustavo Petro, un dirigente con m\u00e1s de 30 a\u00f1os de experiencia en la pol\u00edtica institucional colombiana \u2013ha sido alcalde de Bogot\u00e1 y senador\u2013 se dio a conocer por sus s\u00f3lidos cara a cara con \u00c1lvaro Uribe y por su denuncia de la parapol\u00edtica. Es sin duda el principal representante del cambio pol\u00edtico en Colombia. A Petro lo acompa\u00f1a en la f\u00f3rmula vicepresidencial Francia M\u00e1rquez. M\u00e1rquez es una mujer afrodescendiente de 40 a\u00f1os cuya trayectoria vital la ha convertido en la encarnaci\u00f3n de las clases populares colombianas. Madre adolescente, tuvo que trabajar como empleada dom\u00e9stica para pagar sus estudios de Derecho y con una historia de superaci\u00f3n de la pobreza estructural y de todo tipo de exclusiones, es hoy una de las voces m\u00e1s frescas y potentes del escenario pol\u00edtico colombiano.<\/span><\/p>\n<p style=\"text-align: justify;\"><span style=\"font-size: 14pt;\">A la pujante demanda de cambio en el pa\u00eds, que sopla a favor de su candidatura, Petro le ha a\u00f1adido una importante red de acuerdos y alianzas con miembros notables del centro pol\u00edtico colombiano otrora instalados en las organizaciones hist\u00f3ricas de la pol\u00edtica colombiana. Es el caso de senadores como Roy Barreras \u2013proveniente del <em>santismo<\/em>\u2013, Katherine Miranda \u2013del importante Partido Verde\u2013 o toda una facci\u00f3n del hist\u00f3rico Partido Liberal que hoy se denominan Liberales con Petro.<\/span><\/p>\n<p style=\"text-align: justify;\"><span style=\"font-size: 14pt;\">Esta amplia alianza, que va desde el Polo Democr\u00e1tico Alternativo \u2013el longevo partido de la izquierda colombiana\u2013 hasta los mencionados sectores del <em>santismo<\/em>, habr\u00edan facilitado la ampliaci\u00f3n de la base social del candidato de izquierdas que hoy supera el 55% en imagen positiva al tiempo que ha visto atenuarse ligeramente la tradicional hostilidad que le deparaban los grandes oligopolios medi\u00e1ticos colombianos.<\/span><\/p>\n<p style=\"text-align: justify;\"><span style=\"font-size: 14pt;\">En este contexto no puede descartarse una victoria en primera vuelta del candidato de izquierdas, aunque a d\u00eda de hoy, con una tendencia estable en las encuestas, parece complicado lograr salvar la ligera distancia que le separa del 50%.<\/span><\/p>\n<p style=\"text-align: justify;\"><span style=\"font-size: 14pt;\"><img loading=\"lazy\" decoding=\"async\" class=\" wp-image-38131 aligncenter\" src=\"https:\/\/www.lapluma.net\/wp-content\/uploads\/2022\/05\/Gustavo-Petro-Fico-Gutierrez-300x169.jpg\" alt=\"\" width=\"456\" height=\"257\" srcset=\"https:\/\/www.lapluma.net\/wp-content\/uploads\/2022\/05\/Gustavo-Petro-Fico-Gutierrez-300x169.jpg 300w, https:\/\/www.lapluma.net\/wp-content\/uploads\/2022\/05\/Gustavo-Petro-Fico-Gutierrez-1024x576.jpg 1024w, https:\/\/www.lapluma.net\/wp-content\/uploads\/2022\/05\/Gustavo-Petro-Fico-Gutierrez-768x432.jpg 768w, https:\/\/www.lapluma.net\/wp-content\/uploads\/2022\/05\/Gustavo-Petro-Fico-Gutierrez-1536x864.jpg 1536w, https:\/\/www.lapluma.net\/wp-content\/uploads\/2022\/05\/Gustavo-Petro-Fico-Gutierrez-870x489.jpg 870w, https:\/\/www.lapluma.net\/wp-content\/uploads\/2022\/05\/Gustavo-Petro-Fico-Gutierrez-895x503.jpg 895w, https:\/\/www.lapluma.net\/wp-content\/uploads\/2022\/05\/Gustavo-Petro-Fico-Gutierrez.jpg 1920w\" sizes=\"auto, (max-width: 456px) 100vw, 456px\" \/><\/span><\/p>\n<p style=\"text-align: justify;\"><span style=\"font-size: 14pt;\">Frente a Petro se sit\u00faa Federico <em>Fico<\/em> Guti\u00e9rrez, el candidato de la derecha. El exalcalde de Medell\u00edn es el candidato oficialista. Ha recibido el apoyo del actual presidente y de la mayor\u00eda de las maquinarias partidarias de Colombia \u2013Partido Conservador, Partido Liberal y Cambio Radical\u2013; tambi\u00e9n del expresidente Uribe y de su partido, Centro Democr\u00e1tico. Aun con todas estas fuerzas reunidas, el candidato antioque\u00f1o no ha logrado acortar a un d\u00edgito la distancia que le separa de Gustavo Petro, y su intenci\u00f3n de voto oscila en las encuestas entre el 20 y el 25%.<\/span><\/p>\n<blockquote>\n<p style=\"text-align: justify;\"><span style=\"font-size: 14pt;\">La debilidad relativa de la derecha, que ha hegemonizado la pol\u00edtica colombiana durante los \u00faltimos dos siglos, no se entender\u00eda sin la profunda grieta que hoy la divide con especial virulencia<\/span><\/p>\n<\/blockquote>\n<p style=\"text-align: justify;\"><span style=\"font-size: 14pt;\">Esta debilidad relativa de la derecha, que ha hegemonizado la pol\u00edtica colombiana durante los \u00faltimos dos siglos, no se entender\u00eda sin comprender la profunda grieta que hoy la divide con especial virulencia. Tres factores han ahondado la fractura entre las \u00e9lites conservadoras colombianas en los \u00faltimos veinte a\u00f1os, una fractura encarnada simb\u00f3licamente en la hostilidad manifiesta entre los expresidentes Santos y Uribe. De un lado la grieta territorial entre la \u00e9lite ilustrada bogotana \u2013que representa Santos y que ha dirigido el pa\u00eds en los \u00faltimos dos siglos\u2013 y las \u00e9lites antioque\u00f1as, dopadas por la narcoeconom\u00eda y representadas por \u00c1lvaro \u00daribe. De otro lado, la grieta econ\u00f3mica. Los primeros \u2013los bogotanos\u2013 anclan buena parte de su poder econ\u00f3mico en la industria y las grandes corporaciones colombianas de servicios con lazos transnacionales. Los segundos sustentan su poder en la exportaci\u00f3n agroganadera, el control del territorio y la narcoeconom\u00eda. Finalmente, correlacionada con ambas fracturas, la grieta en torno al proceso de paz. El mundo uribista se opuso con fuerza al proceso de paz que abander\u00f3 Santos y acab\u00f3 por convertirlo en el ep\u00edtome de la traici\u00f3n del exministro de Uribe a su mentor.<\/span><\/p>\n<p style=\"text-align: justify;\"><span style=\"font-size: 14pt;\">A pesar de todo, el escenario m\u00e1s probable es que sean Fico y Petro quienes pasen a la segunda vuelta. De ser as\u00ed, todas las encuestas apuntan a un fracaso del derechista, incapaz de encarnar los deseos de cambio de la ciudadan\u00eda y castigado por el rechazo al nefasto legado de gesti\u00f3n de su predecesor en el campo uribista: Iv\u00e1n Duque.<\/span><\/p>\n<p style=\"text-align: justify;\"><span style=\"font-size: 14pt;\">En tercer lugar las encuestas sit\u00faan a Rodolfo Hern\u00e1ndez. Hern\u00e1ndez, a pesar de sus 77 a\u00f1os de edad, quiere erigirse en el candidato <em>outsider<\/em>. El exalcalde de Bucaramanga y constructor aparece como un hombre hecho a s\u00ed mismo, tratando de activar el marco de campa\u00f1a de la antipol\u00edtica. Se muestra como un candidato ajeno a la pol\u00edtica nacional, con un discurso populista que anuncia recortes de privilegios a senadores y diputados y con una l\u00f3gica de campa\u00f1a campechana y popular, alejada de los grandes debates program\u00e1ticos y centrada en la machacona idea de ser el azote de la corrupci\u00f3n. Hasta ahora, encontrarse pendiente de juicio por un caso de corrupci\u00f3n en un contrato de consultor\u00eda de la alcald\u00eda de Bucaramanga con el que benefici\u00f3 directamente a su hijo, no parece haberle pasado factura.<\/span><\/p>\n<p style=\"text-align: justify;\"><span style=\"font-size: 14pt;\">Los votantes de Hern\u00e1ndez se hab\u00edan concentrado en los \u00faltimos meses en el centro-oriente del pa\u00eds, en la zona fronteriza con Venezuela. Constituyen una base social derechizada que, a pesar de ser votantes tradicionales del uribismo, se habr\u00edan visto empujados a buscar una alternativa para castigar la mala gesti\u00f3n de su representante \u2013el presidente Duque\u2013 en los \u00faltimos a\u00f1os. Sin embargo, en estas \u00faltimas semanas, el estancamiento del candidato natural de la derecha \u2013Fico Guti\u00e9rrez\u2013 estar\u00eda reflej\u00e1ndose en un paulatino desplazamiento de su voto hacia Rodolfo Hern\u00e1ndez. El histri\u00f3nico personaje, que recuerda a Donald Trump por su profuso uso de las redes sociales y sus exabruptos p\u00fablicos \u2013en una entrevista con la cadena RCN lleg\u00f3 a declararse admirador de Hitler\u2013, estar\u00eda ganando enteros y, en estos momentos, no es descartable su paso a segunda vuelta.<\/span><\/p>\n<p style=\"text-align: justify;\"><span style=\"font-size: 14pt;\">Si finalmente Hern\u00e1ndez lograra colarse en segunda vuelta, la disputa con Gustavo Petro por el significante <em>cambio<\/em> arreciar\u00eda \u2013entre el cambio progresista de Petro y el cambio al estilo trumpista de Hern\u00e1ndez. Por otro lado, a buen seguro el septuagenario ser\u00eda capaz de absorber un importante aporte de los votantes de Guti\u00e9rrez y tendr\u00eda el apoyo de las maquinarias de los partidos tradicionales. En ese escenario, si bien Gustavo Petro seguir\u00eda siendo el gran favorito \u2013con una imagen positiva del 57%, 20 puntos m\u00e1s que la de Hern\u00e1ndez\u2013, lo cierto es que la contienda estar\u00eda algo m\u00e1s disputada que en el caso de un balotaje entre Guti\u00e9rrez y Petro.<\/span><\/p>\n<p style=\"text-align: justify;\"><span style=\"font-size: 14pt;\">Finalmente, el \u00faltimo candidato en disputa es Sergio Fajardo, del espacio del centro \u2013centroderecha. Fajardo, tambi\u00e9n exalcalde de Medell\u00edn y excandidato presidencial en 2018 \u2013cuando estuvo a punto de pasar a segunda vuelta\u2013 se encuentra hoy pr\u00e1cticamente sin opciones de pasar al balotaje<em>. <\/em>Su menguante nicho electoral, reducido hoy a sectores de las clases medias altas urbanas, ser\u00e1n sin duda, junto a los indecisos \u2013en torno a un 10-15% del electorado que dice no estar definido o querer votar nulo o blanco\u2013, el gran objetivo electoral a capturar por los candidatos que pasen a segunda vuelta.<\/span><\/p>\n<h2><span style=\"font-size: 18pt;\"><strong>Unas elecciones trascendentales<\/strong><\/span><\/h2>\n<p style=\"text-align: justify;\"><span style=\"font-size: 14pt;\">La expectativa que han despertado estas elecciones colombianas est\u00e1 a la altura de la trascendencia de las mismas.<\/span><\/p>\n<p style=\"text-align: justify;\"><span style=\"font-size: 14pt;\">Colombia es el pa\u00eds m\u00e1s poblado de Sudam\u00e9rica tras Brasil y el tercero en PIB junto a Chile. Es adem\u00e1s el \u00fanico pa\u00eds de la regi\u00f3n con salida mar\u00edtima al pac\u00edfico y al Caribe y el \u00fanico que comparte los ecosistemas Caribe, Pac\u00edfico y Andino.<\/span><\/p>\n<p style=\"text-align: justify;\"><span style=\"font-size: 14pt;\">En lo que se refiere a los aspectos socio pol\u00edticos, Colombia es el \u00fanico pa\u00eds de Sudam\u00e9rica que nunca, desde su independencia, ha sido gobernado por la izquierda y el \u00fanico en el que una guerrilla de inspiraci\u00f3n marxista sostuvo un pulso al Estado hasta bien entrado el siglo XXI. Colombia es adem\u00e1s el \u00fanico pa\u00eds \u2013hasta hace poco junto a Chile\u2013 en el que no hab\u00edan prendido los vientos de cambio que atravesaron la regi\u00f3n desde comienzos de este siglo.<\/span><\/p>\n<p style=\"text-align: justify;\"><span style=\"font-size: 14pt;\">Por todo ello Colombia ha sido durante d\u00e9cadas un basti\u00f3n y un n\u00facleo irradiador de pensamiento para la derecha latinoamericana, inspirada en su ejemplo de \u00e9xito para frenar a las izquierdas empleando todos los recursos \u2013violentos y no violentos\u2013 a disposici\u00f3n de su <em>establishment<\/em>. No en vano el expresidente espa\u00f1ol Aznar escogi\u00f3 Colombia y al conservador expresidente colombiano Andr\u00e9s Pastrana (1998-2002) como impulsores de la creaci\u00f3n del programa FAES LATAM, una ampliaci\u00f3n de su <em>think tank<\/em> FAES en Am\u00e9rica Latina.<\/span><\/p>\n<p style=\"text-align: justify;\"><span style=\"font-size: 14pt;\">Del mismo modo, especialmente desde el gobierno de \u00c1lvaro Uribe, Colombia ha sido la cabeza de puente de los distintos gobiernos de Estados Unidos en la regi\u00f3n. Con la excusa de la lucha contra el narcotr\u00e1fico, el entonces mandatario firm\u00f3 un acuerdo para que la potencia del norte usara siete bases militares en suelo colombiano durante diez a\u00f1os. El acuerdo, finalmente rechazado por la Corte Constitucional, forz\u00f3 estrategias de cooperaci\u00f3n <em>imaginativas<\/em>. En la pr\u00e1ctica, existe una continua asociaci\u00f3n estrat\u00e9gica del Comando Sur norteamericano con Colombia que se va a ver s\u00f3lidamente reforzada despu\u00e9s de que este 23 de mayo Joe Biden firmara el memorando que declara a Colombia como principal aliado militar estrat\u00e9gico de Estados Unidos no-OTAN. En palabras de Adam Isacson, director del Programa de Veedur\u00eda de Defensa de la Oficina de Washington para Asuntos Latinoamericanos (WOLA) a la agencia AFP: \u201cHay bases colombianas con una presencia casi constante de personal militar y contratistas estadounidenses\u201d.<\/span><\/p>\n<h3 style=\"text-align: center;\"><a href=\"https:\/\/www.lapluma.net\/wp-content\/uploads\/2022\/05\/Mapa-de-Colombia--720x1024.png\"><strong><span style=\"font-size: 18pt;\">Clicar aqui para ampliar la imagen<\/span><\/strong><\/a><\/h3>\n<p><a href=\"https:\/\/www.lapluma.net\/wp-content\/uploads\/2022\/05\/Mapa-de-Colombia--720x1024.png\"><img loading=\"lazy\" decoding=\"async\" class=\" wp-image-38349 aligncenter\" src=\"https:\/\/www.lapluma.net\/wp-content\/uploads\/2022\/05\/Mapa-de-Colombia--211x300.png\" sizes=\"auto, (max-width: 548px) 100vw, 548px\" srcset=\"https:\/\/www.lapluma.net\/wp-content\/uploads\/2022\/05\/Mapa-de-Colombia--211x300.png 211w, https:\/\/www.lapluma.net\/wp-content\/uploads\/2022\/05\/Mapa-de-Colombia--720x1024.png 720w, https:\/\/www.lapluma.net\/wp-content\/uploads\/2022\/05\/Mapa-de-Colombia--768x1092.png 768w, https:\/\/www.lapluma.net\/wp-content\/uploads\/2022\/05\/Mapa-de-Colombia-.png 1080w\" alt=\"\" width=\"548\" height=\"779\" \/><\/a><strong>\u2026es err\u00f3neo decir que hay s\u00f3lo siete bases, porque est\u00e1n presentes en muchos m\u00e1s lugares del territorio colombiano, en zonas estrat\u00e9gicas, especialmente en las regiones fronterizas con Venezuela. Se cre\u00f3 un dispositivo tenaz para cercar a Venezuela con bases militares que cubren todo el Caribe a partir del territorio colombiano. Este es un asunto que siempre tenemos que traer a colaci\u00f3n cuando se trata de este tema. [<a href=\"https:\/\/www.lapluma.net\/2022\/05\/13\/medios-de-comunicacion-de-colombia-han-generado-el-relato-de-que-es-muy-positiva-injerencia-politica-militar-economica-y-cultural-de-ee-uu-en-el-pais-vega-cantor\/\">leer entrevista a Ren\u00e1n Vega Cantor<\/a> 13 de mayo de 2022]<\/strong><\/p>\n<p style=\"text-align: justify;\"><span style=\"font-size: 14pt;\">En este contexto, la derrota de la derecha hemisf\u00e9rica en su basti\u00f3n colombiano sin duda supondr\u00eda un terremoto en el escenario pol\u00edtico latinoamericano. Adem\u00e1s, Gustavo Petro no es un mandatario cualquiera; representa la encarnaci\u00f3n de la renovaci\u00f3n de la izquierda latinoamericana. Frente a las izquierdas de principio de siglo, asentadas sobre las rentas de las materias primas principalmente hidrocarbur\u00edferas, Gustavo Petro conecta con un sentido com\u00fan de \u00e9poca medioambientalista y plantea una moratoria al extractivismo, adem\u00e1s de una apuesta cerrada por la reindustrializaci\u00f3n en base al conocimiento y la universalizaci\u00f3n de coberturas sociales propias de las socialdemocracias europeas m\u00e1s avanzadas: educaci\u00f3n p\u00fablica, sanidad universal, pensiones garantizadas por mecanismos de ahorro intergeneracional, impuesto a las tierras improductivas, etc.\u00a0<\/span><\/p>\n<p style=\"text-align: justify;\"><span style=\"font-size: 14pt;\">Por otro lado, frente a las nuevas tendencias pol\u00edticas ancladas en el marketing pol\u00edtico y en la obsesi\u00f3n por el discurso, frente a las propuestas pol\u00edticas que presumen la desconexi\u00f3n de la sociedad de sus condiciones materiales y consideran a los electores como meros votantes vol\u00e1tiles sujetos al impacto de p\u00edldoras comunicativas y frases grandilocuentes; frente a todo ello, Gustavo Petro \u2013como Jean-Luc M\u00e9lenchon o Andr\u00e9s Manuel L\u00f3pez Obrador\u2013 es un pol\u00edtico de estirpe, un dirigente que analiza en sus discursos las causas y consecuencias de las decisiones de gesti\u00f3n, un pol\u00edtico que no reh\u00faye los temas controvertidos que algunos dir\u00edan que podr\u00edan restarle votos, un pol\u00edtico que no se ha desviado de sus convicciones en 40 a\u00f1os de carrera por m\u00e1s que estas le costaran el exilio o la persecuci\u00f3n, por m\u00e1s que los nuevos popes del marketing pol\u00edtico le dijeran que deb\u00eda moderarse, correrse al centro o hablar menos de esto o aquello porque<em> lo dicen las encuestas<\/em>. Gustavo Petro es, por el contrario, uno de esos raros dirigentes que marcan con sus propuestas el escenario pol\u00edtico, que son capaces de instalar la agenda pol\u00edtica y de transformar los sentidos comunes de sus sociedades haci\u00e9ndolas avanzar all\u00ed donde otros no se atrev\u00edan a dar la batalla de las ideas contra los sentidos comunes neoliberales.<\/span><\/p>\n<p style=\"text-align: justify;\"><span style=\"font-size: 14pt;\">En estas condiciones, si como vaticinan todas las encuestas Gustavo Petro gana las elecciones en Colombia, estaremos ante un cambio pol\u00edtico de enormes dimensiones no solo para el pa\u00eds, sino para toda la regi\u00f3n, una regi\u00f3n que ver\u00e1, por primera vez en su historia republicana, c\u00f3mo la Colombia de Bol\u00edvar y Santander, la Colombia fundadora y libertadora, ocupa su lugar en la vanguardia del progresism<\/span>o<span style=\"font-size: 14pt;\"> latinoamericano.<\/span><\/p>\n<h4>Sergio Pascual Pe\u00f1a<\/h4>\n<h4>Editado por <a href=\"http:\/\/www.lapluma.net\/nosotros\/editora\/\">Mar\u00eda Piedad Ossaba<\/a><\/h4>\n<h4>Publicado por <a href=\"https:\/\/ctxt.es\/es\/20220501\/Firmas\/39748\/colombia-elecciones-presidenciales-gustavo-petro-izquierda.htm\">ctxt<\/a>, 26 de mayo de 2022<\/h4>\n","protected":false},"excerpt":{"rendered":"<p>La derrota de la derecha en su eterno basti&oacute;n colombiano supondr&iacute;a un terremoto en Latinoam&eacute;rica. Petro encarna la renovaci&oacute;n de la izquierda, con visi&oacute;n medioambientalista y apuesta por la universalizaci&oacute;n de coberturas sociales &nbsp; Colombia, domingo 22 de mayo, Plaza Bol&iacute;var de Bogot&aacute;. Decenas de miles de personas se agolpan para asistir al cierre de&#8230;<\/p>\n","protected":false},"author":783,"featured_media":38761,"comment_status":"open","ping_status":"open","sticky":false,"template":"","format":"standard","meta":{"_uf_show_specific_survey":0,"_uf_disable_surveys":false,"footnotes":""},"categories":[216],"tags":[18357],"coauthors":[11923],"class_list":["post-38749","post","type-post","status-publish","format-standard","has-post-thumbnail","hentry","category-colombia","tag-gustavo-petro-francia-marquez"],"translation":{"provider":"WPGlobus","version":"2.12.2","language":"fr","enabled_languages":["es","fr"],"languages":{"es":{"title":true,"content":true,"excerpt":false},"fr":{"title":false,"content":false,"excerpt":false}}},"_links":{"self":[{"href":"https:\/\/www.lapluma.net\/fr\/wp-json\/wp\/v2\/posts\/38749","targetHints":{"allow":["GET"]}}],"collection":[{"href":"https:\/\/www.lapluma.net\/fr\/wp-json\/wp\/v2\/posts"}],"about":[{"href":"https:\/\/www.lapluma.net\/fr\/wp-json\/wp\/v2\/types\/post"}],"author":[{"embeddable":true,"href":"https:\/\/www.lapluma.net\/fr\/wp-json\/wp\/v2\/users\/783"}],"replies":[{"embeddable":true,"href":"https:\/\/www.lapluma.net\/fr\/wp-json\/wp\/v2\/comments?post=38749"}],"version-history":[{"count":6,"href":"https:\/\/www.lapluma.net\/fr\/wp-json\/wp\/v2\/posts\/38749\/revisions"}],"predecessor-version":[{"id":38752,"href":"https:\/\/www.lapluma.net\/fr\/wp-json\/wp\/v2\/posts\/38749\/revisions\/38752"}],"wp:featuredmedia":[{"embeddable":true,"href":"https:\/\/www.lapluma.net\/fr\/wp-json\/wp\/v2\/media\/38761"}],"wp:attachment":[{"href":"https:\/\/www.lapluma.net\/fr\/wp-json\/wp\/v2\/media?parent=38749"}],"wp:term":[{"taxonomy":"category","embeddable":true,"href":"https:\/\/www.lapluma.net\/fr\/wp-json\/wp\/v2\/categories?post=38749"},{"taxonomy":"post_tag","embeddable":true,"href":"https:\/\/www.lapluma.net\/fr\/wp-json\/wp\/v2\/tags?post=38749"},{"taxonomy":"author","embeddable":true,"href":"https:\/\/www.lapluma.net\/fr\/wp-json\/wp\/v2\/coauthors?post=38749"}],"curies":[{"name":"wp","href":"https:\/\/api.w.org\/{rel}","templated":true}]}}