{"id":38647,"date":"2022-05-22T12:47:37","date_gmt":"2022-05-22T12:47:37","guid":{"rendered":"https:\/\/www.lapluma.net\/?p=38647"},"modified":"2022-05-22T12:55:03","modified_gmt":"2022-05-22T12:55:03","slug":"alarmas-en-la-embajada-las-operaciones-estadounidenses-para-evitar-el-triunfo-de-gustavo-petro-en-colombia","status":"publish","type":"post","link":"https:\/\/www.lapluma.net\/fr\/2022\/05\/22\/alarmas-en-la-embajada-las-operaciones-estadounidenses-para-evitar-el-triunfo-de-gustavo-petro-en-colombia\/","title":{"rendered":"Alarmas en la embajada: las operaciones estadounidenses para evitar el triunfo de Gustavo Petro en Colombia"},"content":{"rendered":"<p style=\"text-align: justify;\"><span style=\"font-size: 14pt;\">El pr\u00f3ximo domingo 29 de mayo se llevar\u00e1n a cabo las elecciones presidenciales en Colombia, el pa\u00eds latinoamericano m\u00e1s identificado con las pol\u00edticas de Washington durante las \u00faltimas d\u00e9cadas. En el caso en que ninguno de los candidatos supere el 50% de los sufragios, se realizar\u00e1 un balotaje el 19 de junio, con la participaci\u00f3n de los dos aspirantes m\u00e1s votados. La totalidad de las encuestas conjeturan el triunfo del candidato del Pacto Hist\u00f3rico, el actual senador Gustavo Petro, superando al referente de la coalici\u00f3n de derecha, Equipo por Colombia, Federico conocido con el alias de \u2018Fico\u2019 Guti\u00e9rrez.<\/span><\/p>\n<p><img loading=\"lazy\" decoding=\"async\" class=\"wp-image-38656 aligncenter\" src=\"https:\/\/www.lapluma.net\/wp-content\/uploads\/2022\/05\/Petro-blindado-300x225.jpeg\" alt=\"\" width=\"532\" height=\"399\" srcset=\"https:\/\/www.lapluma.net\/wp-content\/uploads\/2022\/05\/Petro-blindado-300x225.jpeg 300w, https:\/\/www.lapluma.net\/wp-content\/uploads\/2022\/05\/Petro-blindado-768x576.jpeg 768w, https:\/\/www.lapluma.net\/wp-content\/uploads\/2022\/05\/Petro-blindado.jpeg 900w\" sizes=\"auto, (max-width: 532px) 100vw, 532px\" \/><\/p>\n<p style=\"text-align: center;\"><strong><span style=\"font-size: 12pt;\">Gustavo Petro asistiendo a un mitin de campa\u00f1a con protecci\u00f3n blindada.<\/span><\/strong><\/p>\n<p style=\"text-align: justify; padding-left: 40px;\"><em><span style=\"font-size: 14pt;\">Gustavo Petro integr\u00f3, en su juventud, las filas del Movimiento 19 de Abril (M-19), organizaci\u00f3n pol\u00edtico-militar que se disolvi\u00f3 en los a\u00f1os \u201880 para transformarse en un partido pol\u00edtico. Entre 2012 y 2015 fue alcalde de Bogot\u00e1 y se revel\u00f3 como el m\u00e1ximo exponente de la oposici\u00f3n al<a href=\"https:\/\/cronicon.net\/wp\/uribe-el-juicio-de-la-historia\/\"> cuestionado y deslegitimado expresidente \u00c1lvaro Uribe V\u00e9lez<\/a>, el l\u00edder colombiano de la derecha, acusado en forma reiterada de estar\u00a0<a href=\"https:\/\/bit.ly\/3MBOdUA\">asociado al narcotr\u00e1fico<\/a>. En las \u00faltimas elecciones presidenciales, en 2018, Petro lleg\u00f3 a disputar la segunda vuelta contra el actual presidente, el neoliberal Iv\u00e1n Duque.<\/span><\/em><\/p>\n<p style=\"text-align: justify; padding-left: 40px;\"><em><span style=\"font-size: 14pt;\">En esta contienda, el senador presenta como compa\u00f1era de f\u00f3rmula a la militante afro-colombiana <a href=\"https:\/\/es.wikipedia.org\/wiki\/Francia_M%C3%A1rquez\">Francia M\u00e1rquez Mina<\/a>, ligada a los movimientos feministas, al activismo ecol\u00f3gico-ambiental y a la lucha contra el racismo. En las primarias de marzo, el exalcalde de Bogot\u00e1 se alz\u00f3 con el primer lugar entre las preferencias de los sectores progresistas, mientras que Francia M\u00e1rquez \u2013que sobrevivi\u00f3 a un\u00a0<a href=\"https:\/\/bit.ly\/3lqPbar\">atentado<\/a>\u00a0contra su vida en 2019\u2013, se convirti\u00f3 en la tercera candidata m\u00e1s votada. El Pacto Hist\u00f3rico, la alianza pol\u00edtica que consolidaron Petro y Francia, logr\u00f3 porcentajes de votaci\u00f3n m\u00e1s significativos en los departamentos donde el estallido social de 2020 y 2021 se hizo m\u00e1s evidente.<\/span><\/em><\/p>\n<p style=\"text-align: justify;\"><span style=\"font-size: 14pt;\">La posibilidad del primer triunfo de la izquierda \u2013en el pa\u00eds de Am\u00e9rica Latina y el Caribe que m\u00e1s afinidad tiene con las pol\u00edticas de Washington\u2013 ha motivado alertas m\u00faltiples de las agencias dedicadas al <em>\u201chemisferio occidental\u201d<\/em>, etiqueta con la que el Departamento de Estado ubica al continente en el que se halla inserto. Luego de las elecciones primarias y parlamentarias del 13 de marzo, el <a href=\"https:\/\/es.wikipedia.org\/wiki\/Comando_Sur_de_Estados_Unidos#:~:text=El%20Comando%20Sur%20de%20Estados,Defensa%20de%20los%20Estados%20Unidos.\">Comando Sur (SOUTHCOM)<\/a> \u2013que coordina las actividades militares desde Guatemala hacia el sur\u2013 impuls\u00f3 una\u00a0<a href=\"https:\/\/bit.ly\/39vM9yW\">reuni\u00f3n<\/a>\u00a0con el comandante general de las Fuerzas Militares de Colombia, el general Luis Navarro. En dicha tertulia se conjeturaron los escenarios de un potencial triunfo de Petro en las elecciones de mayo. Navarro fue recibido por la <a href=\"https:\/\/cronicon.net\/wp\/haber-bombardeado-con-impecable-precision-ciudades-de-irak-y-afganistan-la-mejor-acreditacion-para-asumir-jefatura-en-el-temible-comando-sur\/\">generala del Ej\u00e9rcito Laura Richardson<\/a>, quien le solicit\u00f3 informaci\u00f3n sobre el posible desmantelamiento de <a href=\"https:\/\/cronicon.net\/paginas\/edicanter\/edicion-impresa\/cronicon-ED2.pdf\">las siete bases militares que Estados Unidos posee dentro del territorio colombiano<\/a>, en el caso de que el candidato del Pacto Hist\u00f3rico obtuviese la Presidencia.<\/span><\/p>\n<p><img loading=\"lazy\" decoding=\"async\" class=\" wp-image-38649 aligncenter\" src=\"https:\/\/www.lapluma.net\/wp-content\/uploads\/2022\/05\/Comando-sur-richardson-y-navarro-300x169.jpg\" alt=\"\" width=\"601\" height=\"339\" srcset=\"https:\/\/www.lapluma.net\/wp-content\/uploads\/2022\/05\/Comando-sur-richardson-y-navarro-300x169.jpg 300w, https:\/\/www.lapluma.net\/wp-content\/uploads\/2022\/05\/Comando-sur-richardson-y-navarro.jpg 712w\" sizes=\"auto, (max-width: 601px) 100vw, 601px\" \/><\/p>\n<p style=\"text-align: justify;\"><strong><span style=\"font-size: 12pt;\">La generala Laura Richardson, jefa del Comando Sur, saluda al general colombiano Luis Navarro, comandante de las Fuerzas Militares de Colombia.<\/span><\/strong><\/p>\n<p style=\"text-align: justify;\"><span style=\"font-size: 14pt;\">El testimonio provisto por Navarro el 28 de marzo a Richardson consigna que tanto la mayor\u00eda de los congresistas como las propias fuerzas militares se opondr\u00edan a dicha decisi\u00f3n. Al t\u00e9rmino del encuentro, el SOUTHCOM difundi\u00f3 una gacetilla de prensa en la que se cataloga a Colombia como \u201cun socio de seguridad incondicional\u201d de Washington. Pocas semanas despu\u00e9s, coherentes con el testimonio de Navarro, el jefe del Ej\u00e9rcito, Eduardo Zapateiro Altamiranda, sali\u00f3 al cruce de Gustavo Petro a trav\u00e9s de Twitter, luego de que este \u00faltimo cuestionara el accionar represivo en la <a href=\"https:\/\/bit.ly\/3wwD3Ll\">masacre de Putumayo<\/a>, en la que fueron asesinadas 11 personas, incluido un ni\u00f1o de 11 a\u00f1os, Brayan Pama. Todos ellos fueron expuestos como miembros disidentes de las FARC, pero las investigaciones muestran que sus cuerpos fueron dispuestos para imposibilitar las investigaciones judiciales.<\/span><\/p>\n<blockquote class=\"twitter-tweet\" data-width=\"550\" data-dnt=\"true\">\n<p lang=\"es\" dir=\"ltr\"><a href=\"https:\/\/twitter.com\/hashtag\/PuertoLegu%C3%ADzamo?src=hash&amp;ref_src=twsrc%5Etfw\">#PuertoLegu\u00edzamo<\/a> <a href=\"https:\/\/twitter.com\/hashtag\/Urgente?src=hash&amp;ref_src=twsrc%5Etfw\">#Urgente<\/a> La fundaci\u00f3n Liderazgo y Paz en su misi\u00f3n de verificaci\u00f3n env\u00eda las primeras fotos del lugar donde ocurri\u00f3 la masacre en Puerto Legu\u00edzamo de la cual exigimos esclarecimiento. <a href=\"https:\/\/twitter.com\/BluRadioCo?ref_src=twsrc%5Etfw\">@BluRadioCo<\/a> <a href=\"https:\/\/twitter.com\/NoticiasCaracol?ref_src=twsrc%5Etfw\">@NoticiasCaracol<\/a> <a href=\"https:\/\/twitter.com\/William_Garra?ref_src=twsrc%5Etfw\">@William_Garra<\/a> <a href=\"https:\/\/twitter.com\/FelicianoValen?ref_src=twsrc%5Etfw\">@FelicianoValen<\/a> <a href=\"https:\/\/t.co\/VpzzXcEjf0\">pic.twitter.com\/VpzzXcEjf0<\/a><\/p>\n<p>&mdash; AlaOrillaDelR\u00edo (@AlaorillaCaq) <a href=\"https:\/\/twitter.com\/AlaorillaCaq\/status\/1509241694608261120?ref_src=twsrc%5Etfw\">March 30, 2022<\/a><\/p><\/blockquote>\n<p><script async src=\"https:\/\/platform.twitter.com\/widgets.js\" charset=\"utf-8\"><\/script><\/p>\n<blockquote class=\"twitter-tweet\" data-width=\"550\" data-dnt=\"true\">\n<p lang=\"es\" dir=\"ltr\">Nos siguen asesinando, los falsos positivos est\u00e1n vigentes <a href=\"https:\/\/twitter.com\/hashtag\/PuertoLeguizamo?src=hash&amp;ref_src=twsrc%5Etfw\">#PuertoLeguizamo<\/a> <a href=\"https:\/\/t.co\/qdJ28uDsfQ\">pic.twitter.com\/qdJ28uDsfQ<\/a><\/p>\n<p>&mdash; El Gran Cumbal \ud83c\uddf5\ud83c\uddf8 (@elgrancumbal) <a href=\"https:\/\/twitter.com\/elgrancumbal\/status\/1509000224290840579?ref_src=twsrc%5Etfw\">March 30, 2022<\/a><\/p><\/blockquote>\n<p><script async src=\"https:\/\/platform.twitter.com\/widgets.js\" charset=\"utf-8\"><\/script><\/p>\n<p style=\"text-align: justify; padding-left: 40px;\"><em><span style=\"font-size: 14pt;\">El senador Petro aludi\u00f3 \u2013frente a ese crimen\u2013 a la continuidad de los denominados \u201c<a href=\"http:\/\/biblioteca.clacso.edu.ar\/Colombia\/kavilando\/20201009104442\/0.pdf\">falsos positivos\u201d,<\/a>\u00a0el mecanismo utilizado por las Fuerzas Armadas colombianas y los paramilitares para exhibir \u00e9xitos ante la guerrilla y aterrorizar a los campesinos para forzarlos a abandonar las tierras ancestrales y permitir la expansi\u00f3n del extractivismo minero y agroindustrial. Hasta el 24 de abril de 2022 \u2013seg\u00fan el organismo de derechos humanos que se encarga de relevar los asesinatos por causas pol\u00edticas y sociales\u2013 se produjeron 36 masacres, con un total de\u00a0<a href=\"https:\/\/indepaz.org.co\/informe-de-masacres-en-colombia-durante-el-2020-2021\/\">133 v\u00edctimas<\/a>. Las responsables de las ejecuciones, seg\u00fan investigaciones de diversos organismos internacionales, son las estructuras paramilitares que controlan la producci\u00f3n de coca\u00edna, espec\u00edficamente en los territorios que dejaron de controlar las guerrillas desmovilizadas luego de los acuerdos de paz de 2016.<\/span><\/em><\/p>\n<p style=\"text-align: justify;\"><span style=\"font-size: 14pt;\"><img loading=\"lazy\" decoding=\"async\" class=\" wp-image-38650 aligncenter\" src=\"https:\/\/www.lapluma.net\/wp-content\/uploads\/2022\/05\/Francia-Petro2-300x208.jpg\" alt=\"\" width=\"558\" height=\"387\" srcset=\"https:\/\/www.lapluma.net\/wp-content\/uploads\/2022\/05\/Francia-Petro2-300x208.jpg 300w, https:\/\/www.lapluma.net\/wp-content\/uploads\/2022\/05\/Francia-Petro2-1024x709.jpg 1024w, https:\/\/www.lapluma.net\/wp-content\/uploads\/2022\/05\/Francia-Petro2-768x532.jpg 768w, https:\/\/www.lapluma.net\/wp-content\/uploads\/2022\/05\/Francia-Petro2.jpg 1036w\" sizes=\"auto, (max-width: 558px) 100vw, 558px\" \/><\/span><\/p>\n<h2 style=\"text-align: justify;\"><span style=\"font-size: 18pt;\">Ah\u00ed vienen los rusos<\/span><\/h2>\n<p style=\"text-align: justify;\"><span style=\"font-size: 14pt;\">Seg\u00fan fuentes diplom\u00e1ticas asentadas en Bogot\u00e1, uno de los funcionarios m\u00e1s hiperactivos es el actual embajador de Washington en esa ciudad,\u00a0<a href=\"https:\/\/www.bbc.com\/mundo\/noticias-america-latina-48174547\">Philip Goldberg<\/a>, quien ostenta el antecedente de haber sido expulsado de Bolivia en septiembre de 2018 por promover iniciativas secesionistas de las regiones de Santa Cruz, Beni, Pando, Tarija y Chuquisaca. Goldberg \u2013trasladado a Bogot\u00e1 el 19 de septiembre de 2019, dos meses antes del golpe a Evo Morales\u2013 advirti\u00f3 escandalizado que existe la posibilidad de \u201c<a href=\"https:\/\/bit.ly\/3yQazhk\">interferencias de rusos<\/a>, venezolanos o cubanos en los comicios\u201d. Dichas declaraciones fueron interpretadas por gran parte de los analistas colombianos como el pr\u00f3logo a una futura deslegitimaci\u00f3n de la elecci\u00f3n, en el caso de que Petro se alce con la Presidencia de la Rep\u00fablica: una forma de preparar el terreno, af\u00edn a la perpetrada en noviembre de 2019 en Bolivia.<\/span><\/p>\n<p style=\"text-align: justify; padding-left: 40px;\"><em><span style=\"font-size: 14pt;\">El apoyo injerencista y desembozado de la Embajada de Estados Unidos a los candidatos de la derecha se hizo m\u00e1s expl\u00edcito durante las deliberaciones de la Asamblea General de afiliados del\u00a0<a href=\"https:\/\/lanotaeconomica.com.co\/movidas-empresarial\/asi-se-desarrollo-la-agenda-del-consejo-de-empresas-americanas-cea\/\">Consejo de Empresas Americanas (CEA),<\/a>\u00a0que conmemor\u00f3 los 60 a\u00f1os de la creaci\u00f3n de esa instituci\u00f3n y <a href=\"https:\/\/www.lapluma.net\/2022\/05\/13\/medios-de-comunicacion-de-colombia-han-generado-el-relato-de-que-es-muy-positiva-injerencia-politica-militar-economica-y-cultural-de-ee-uu-en-el-pais-vega-cantor\/\">los 200 a\u00f1os de relaciones bilaterales entre Colombia y Estados Unidos<\/a>. Goldberg se\u00f1al\u00f3 \u2013junto a Iv\u00e1n Duque\u2013 que ambos gobiernos est\u00e1n trabajando en impedir cualquier injerencia extranjera.<\/span><\/em><\/p>\n<p><img loading=\"lazy\" decoding=\"async\" class=\" wp-image-38651 aligncenter\" src=\"https:\/\/www.lapluma.net\/wp-content\/uploads\/2022\/05\/CEA-Consejo-de-Empresas-Americanas--300x153.jpg\" alt=\"\" width=\"589\" height=\"300\" srcset=\"https:\/\/www.lapluma.net\/wp-content\/uploads\/2022\/05\/CEA-Consejo-de-Empresas-Americanas--300x153.jpg 300w, https:\/\/www.lapluma.net\/wp-content\/uploads\/2022\/05\/CEA-Consejo-de-Empresas-Americanas--1024x521.jpg 1024w, https:\/\/www.lapluma.net\/wp-content\/uploads\/2022\/05\/CEA-Consejo-de-Empresas-Americanas--768x391.jpg 768w, https:\/\/www.lapluma.net\/wp-content\/uploads\/2022\/05\/CEA-Consejo-de-Empresas-Americanas-.jpg 1080w\" sizes=\"auto, (max-width: 589px) 100vw, 589px\" \/><\/p>\n<p style=\"text-align: justify;\"><span style=\"font-size: 14pt;\">El 22 de abril, el jefe del Ej\u00e9rcito olvid\u00f3 la neutralidad esperada para un militar en actividad y se sum\u00f3 a la campa\u00f1a contra el candidato del Pacto Hist\u00f3rico. Como respuesta, los parlamentarios ligados al candidato que gan\u00f3 las primarias le recordaron al militar su responsabilidad por el medio centenar de <a href=\"https:\/\/bit.ly\/3wCzlyF\">manifestantes asesinados<\/a>\u00a0 en ocasi\u00f3n de las movilizaciones efectuadas durante 2019 y 2020 en Cali, donde el Ej\u00e9rcito tuvo la responsabilidad prioritaria de las operaciones represivas.<\/span><\/p>\n<p style=\"text-align: justify;\"><span style=\"font-size: 14pt;\">En forma paralela, el empresario uribista Fabio Andrade, radicado en La Florida, organiz\u00f3 una caravana en Miami el 15 de mayo, en la que se pronunci\u00f3 contra un futuro fraude dado que \u201clas instituciones est\u00e1n tomadas: todo el dinero del narcotr\u00e1fico es contra el mantenimiento de la democracia en Colombia\u201d. La movilizaci\u00f3n de una centena de personas recibi\u00f3 las salutaciones de la congresista fascista Mar\u00eda Elvira Salazar \u2013integrante de la bancada republicana en la C\u00e1mara de Representantes\u2013, quien consider\u00f3 ante el <a href=\"https:\/\/bit.ly\/3Py5iR8\">subcomit\u00e9 de Relaciones Exteriores<\/a> que <em>\u201cGustavo Petro es un ladr\u00f3n, es un socialista, es marxista, es terrorista y est\u00e1 encabezando la encuesta para Presidente de Colombia\u201d.<\/em><\/span><\/p>\n<p><img loading=\"lazy\" decoding=\"async\" class=\" wp-image-38652 aligncenter\" src=\"https:\/\/www.lapluma.net\/wp-content\/uploads\/2022\/05\/Presencia-miltar-EU-en-Colombia-300x159.jpg\" alt=\"\" width=\"571\" height=\"303\" srcset=\"https:\/\/www.lapluma.net\/wp-content\/uploads\/2022\/05\/Presencia-miltar-EU-en-Colombia-300x159.jpg 300w, https:\/\/www.lapluma.net\/wp-content\/uploads\/2022\/05\/Presencia-miltar-EU-en-Colombia-768x407.jpg 768w, https:\/\/www.lapluma.net\/wp-content\/uploads\/2022\/05\/Presencia-miltar-EU-en-Colombia.jpg 1000w\" sizes=\"auto, (max-width: 571px) 100vw, 571px\" \/><\/p>\n<p><strong><span style=\"font-size: 12pt;\">Estados Unidos convirti\u00f3 a Colombia en un enclave militar: el Comando Sur controla siete bases as\u00ed como tiene libre acceso a aeropuertos, batallones y a la infraestructura castrense.<\/span><\/strong><\/p>\n<p style=\"text-align: center;\"><a href=\"https:\/\/www.lapluma.net\/wp-content\/uploads\/2022\/05\/Mapa-de-Colombia--720x1024.png\"><strong><span style=\"font-size: 18pt;\">Clicar aqui <span style=\"color: #ff0000;\">para<\/span> ampliar la imagen<\/span><\/strong><\/a><\/p>\n<p style=\"text-align: justify;\"><a href=\"https:\/\/www.lapluma.net\/wp-content\/uploads\/2022\/05\/Mapa-de-Colombia--720x1024.png\"><img loading=\"lazy\" decoding=\"async\" class=\" wp-image-38349 aligncenter\" src=\"https:\/\/www.lapluma.net\/wp-content\/uploads\/2022\/05\/Mapa-de-Colombia--211x300.png\" sizes=\"auto, (max-width: 548px) 100vw, 548px\" srcset=\"https:\/\/www.lapluma.net\/wp-content\/uploads\/2022\/05\/Mapa-de-Colombia--211x300.png 211w, https:\/\/www.lapluma.net\/wp-content\/uploads\/2022\/05\/Mapa-de-Colombia--720x1024.png 720w, https:\/\/www.lapluma.net\/wp-content\/uploads\/2022\/05\/Mapa-de-Colombia--768x1092.png 768w, https:\/\/www.lapluma.net\/wp-content\/uploads\/2022\/05\/Mapa-de-Colombia-.png 1080w\" alt=\"\" width=\"548\" height=\"779\" \/><\/a><span style=\"font-size: 12pt;\"><strong>&#8230;es err\u00f3neo decir que hay s\u00f3lo siete bases, porque est\u00e1n presentes en muchos m\u00e1s lugares del territorio colombiano, en zonas estrat\u00e9gicas, especialmente en las regiones fronterizas con Venezuela. Se cre\u00f3 un dispositivo tenaz para cercar a Venezuela con bases militares que cubren todo el Caribe a partir del territorio colombiano. Este es un asunto que siempre tenemos que traer a colaci\u00f3n cuando se trata de este tema. [<a href=\"https:\/\/www.lapluma.net\/2022\/05\/13\/medios-de-comunicacion-de-colombia-han-generado-el-relato-de-que-es-muy-positiva-injerencia-politica-militar-economica-y-cultural-de-ee-uu-en-el-pais-vega-cantor\/\">leer entrevista a Ren\u00e1n Vega Cantor<\/a> 13 de mayo de 2022]<\/strong><\/span><\/p>\n<p style=\"text-align: justify;\"><span style=\"font-size: 14pt;\">Petro es el primer candidato de izquierda que llega a una segunda vuelta. Quienes intentaron llegar a esa instancia en el pasado fueron asesinados. Entre ellos Jaime Pardo Leal y Bernardo Jaramillo Ossa, candidatos de la Uni\u00f3n Patri\u00f3tica, el exintegrante del Movimiento 19 de Abril, Carlos Pizarro y el l\u00edder reformista liberal Luis Carlos Gal\u00e1n.\u00a0<a href=\"https:\/\/cronicon.net\/wp\/oligarquia-colombiana-intenta-homicidio-del-candidato-presidencial-gustavo-petro-en-el-eje-cafetero\/\">El candidato del Pacto denunci\u00f3 hace dos semanas que exist\u00eda un plan para asesinarlo<\/a> en el marco de la gira prevista en la ciudad de Pereira, controlada por la organizaci\u00f3n paramilitar <em>La Cordillera<\/em>, asociada a los carteles del narcotr\u00e1ficos vinculados con las bandas mexicanas que introducen la coca\u00edna y la hero\u00edna en Estados Unidos.<\/span><\/p>\n<p style=\"text-align: justify; padding-left: 40px;\"><em><span style=\"font-size: 14pt;\">La econom\u00eda de la droga supone, durante la \u00faltima d\u00e9cada, entre un 2 y un 3% del PBI colombiano. En t\u00e9rminos de lo exportable, suma 5 puntos del total. El enorme capital que implican esas \u00a0<a href=\"https:\/\/www.tni.org\/es\/articulo\/narcotrafico-poder-mafioso-y-democracia-en-colombia\">transacciones ilegales<\/a> se vuelca a la concentraci\u00f3n de la propiedad de la tierra y la financiaci\u00f3n de campa\u00f1as electorales. Genera, adem\u00e1s, una sostenida informalidad laboral, la institucionalizaci\u00f3n del lavado de activos, el contrabando de armas, la privatizaci\u00f3n de la seguridad mediante la conformaci\u00f3n de bandas paramilitares \u2013que cuentan con regimientos de sicarios\u2013 en completa connivencia con las Fuerzas Armadas y de seguridad.<\/span><\/em><\/p>\n<p style=\"text-align: justify;\"><span style=\"font-size: 14pt;\">D\u00edas antes de las elecciones primarias, el 1 de marzo de 2021, el Departamento de Estado aument\u00f3 los subsidios para Bogot\u00e1 orientados a hacer limitar el narcotr\u00e1fico. La normativa aprobada deber\u00e1 ser ejecutada por el International Narcotics Control and Law Enforcement (<a href=\"https:\/\/www.congress.gov\/bill\/117th-congress\/house-bill\/4373\/text\">INCLE<\/a>), derivada de la Iniciativa Andina Contra las Drogas, que se inicia a principios del siglo XXI. A principios de junio de 2021, la Oficina de Naciones Unidas contra las Drogas y el Delito\u00a0<a href=\"https:\/\/www.unodc.org\/colombia\/es\/datos-y-tendencias-del-monitoreo-de-territorios-afectados-por-cultivos-ilicitos-en-colombia-2020.html\">(UNODC<\/a>, por sus siglas en ingl\u00e9s) public\u00f3 los resultados iniciales del monitoreo de cultivos en Colombia, realizado durante 2020 a trav\u00e9s de relevamientos satelitales (que comprenden la extensi\u00f3n y densidad de cultivos) y observaciones de campo.<\/span><\/p>\n<p><img loading=\"lazy\" decoding=\"async\" class=\" wp-image-38653 aligncenter\" src=\"https:\/\/www.lapluma.net\/wp-content\/uploads\/2022\/05\/Produccion-narco-Colombia-300x192.png\" alt=\"\" width=\"575\" height=\"368\" srcset=\"https:\/\/www.lapluma.net\/wp-content\/uploads\/2022\/05\/Produccion-narco-Colombia-300x192.png 300w, https:\/\/www.lapluma.net\/wp-content\/uploads\/2022\/05\/Produccion-narco-Colombia-1024x655.png 1024w, https:\/\/www.lapluma.net\/wp-content\/uploads\/2022\/05\/Produccion-narco-Colombia-768x491.png 768w, https:\/\/www.lapluma.net\/wp-content\/uploads\/2022\/05\/Produccion-narco-Colombia.png 1292w\" sizes=\"auto, (max-width: 575px) 100vw, 575px\" \/><\/p>\n<p><span style=\"font-size: 12pt;\"><strong>Fuente: Oficina de Naciones Unidas contra las Drogas y el Delito (UNODC por sus siglas en ingl\u00e9s).<\/strong><\/span><\/p>\n<p style=\"text-align: justify;\"><span style=\"font-size: 14pt;\">El resultado es por dem\u00e1s elocuente: las \u00e1reas ocupadas por plantaciones son m\u00e1s extensas que las existentes cuando se inici\u00f3 el <a href=\"https:\/\/razonpublica.com\/la-guerra-las-drogas-ha-fracasado\/\">Plan Colombia<\/a>\u00a0 en 1999, y la productividad de esos sembrad\u00edos se duplic\u00f3 durante las \u00faltimas dos d\u00e9cadas. Los programas impulsados conjuntamente por Washington y los gobiernos colombianos promovieron \u2013bajo pretexto de limitar los cultivos de coca\u2013 las fumigaciones a\u00e9reas. Esos procedimientos motivaron, a su vez, el abandono de los campos comunitarios por parte de los campesinos afectados por los herbicidas. El resultado fue la concentraci\u00f3n de las tierras \u2013luego de la expulsi\u00f3n de sus ancestrales habitantes\u2013 y la reducci\u00f3n de la biodiversidad al expandir el monocultivo.<\/span><\/p>\n<p style=\"text-align: justify; padding-left: 40px;\"><em><span style=\"font-size: 14pt;\">Mientas en Estados Unidos se utilizan pol\u00edticas blandas dedicadas a enfrentar la demanda de estupefacientes (tratamientos de reducci\u00f3n de da\u00f1o y formas de regulaci\u00f3n de sustancias), en Am\u00e9rica Latina y el Caribe se exige la criminalizaci\u00f3n como n\u00facleo central de la reducci\u00f3n de la oferta. La combinaci\u00f3n de ambas medidas \u2013la punitividad y el empoderamiento de los sectores c\u00f3mplices del narcotr\u00e1fico, asociados a los terratenientes\u2013 explican tanto el incremento del narcotr\u00e1fico como la sociedad entre las fuerzas armadas, la embajada y los carteles.<\/span><\/em><\/p>\n<p><img loading=\"lazy\" decoding=\"async\" class=\" wp-image-38654 aligncenter\" src=\"https:\/\/www.lapluma.net\/wp-content\/uploads\/2022\/05\/Petro-EU1-300x182.jpeg\" alt=\"\" width=\"560\" height=\"340\" srcset=\"https:\/\/www.lapluma.net\/wp-content\/uploads\/2022\/05\/Petro-EU1-300x182.jpeg 300w, https:\/\/www.lapluma.net\/wp-content\/uploads\/2022\/05\/Petro-EU1-1024x620.jpeg 1024w, https:\/\/www.lapluma.net\/wp-content\/uploads\/2022\/05\/Petro-EU1-768x465.jpeg 768w, https:\/\/www.lapluma.net\/wp-content\/uploads\/2022\/05\/Petro-EU1.jpeg 1080w\" sizes=\"auto, (max-width: 560px) 100vw, 560px\" \/><\/p>\n<p style=\"text-align: justify;\"><span style=\"font-size: 14pt;\">Por su parte, una gran parte de los capitales procedentes de las drogas se acumula en las <a href=\"https:\/\/www.academia.edu\/46931928\/Mares_de_cocai_na_Las_rutas_na_uticas_del_narcotra_fico\">guaridas fiscales<\/a>. Pero otra parte rodea de boato a los empresarios que pululan por las embajadas para sumarse al coro de quienes buscan evitar los triunfos de los sectores populares, de izquierda o progresistas. Esta es la causa por la que en Colombia hay cada vez m\u00e1s plantaciones, m\u00e1s producci\u00f3n de coca\u00edna y m\u00e1s flujos de divisas utilizables para impedir la democratizaci\u00f3n y la regulaci\u00f3n p\u00fablica de la tierra al servicio de los intereses sociales.<\/span><\/p>\n<p style=\"text-align: justify;\"><span style=\"font-size: 14pt;\">El fallecido escritor Rafael Humberto Moreno-Dur\u00e1n (1945-2005) coment\u00f3 en una entrevista que, en Colombia, \u201cla pol\u00edtica es tan corrupta que corrompi\u00f3 hasta el narcotr\u00e1fico\u201d. Es entendible que en Washington est\u00e9n aterrados con el triunfo de Petro.<\/span><\/p>\n<h4>Jorge Elbaum<\/h4>\n<h4>Editado por <a href=\"https:\/\/www.lapluma.net\/nosotros\/editora\/\">Mar\u00eda Piedad Ossaba<\/a><\/h4>\n<h4>Fuente: <a href=\"https:\/\/www.elcohetealaluna.com\/alarmas-en-la-embajada\/\">El Cohete a la Luna<\/a>, Buenos Aires, 22 de mayo de 2022<\/h4>\n<h4 style=\"text-align: justify;\"><span style=\"font-size: 14pt;\">Publicado por <a href=\"https:\/\/cronicon.net\/wp\/alarmas-en-la-embajada-las-operaciones-estadounidenses-para-evitar-el-triunfo-de-gustavo-petro-en-colombia\/\">Cronic\u00d3n<\/a>, el 21 de mayo de 2022<br \/>\n<\/span><\/h4>\n","protected":false},"excerpt":{"rendered":"<p>Es entendible que en Washington est\u00e9n aterrados con el triunfo de Petro.<\/p>\n","protected":false},"author":785,"featured_media":38655,"comment_status":"open","ping_status":"open","sticky":false,"template":"","format":"standard","meta":{"_uf_show_specific_survey":0,"_uf_disable_surveys":false,"footnotes":""},"categories":[5],"tags":[19026,19028,18357,19027,10227],"coauthors":[11953],"class_list":["post-38647","post","type-post","status-publish","format-standard","has-post-thumbnail","hentry","category-editoriales-y-opiniones","tag-asesinatos-de-estado-masacres","tag-guaridas-fiscales-corrupcion","tag-gustavo-petro-francia-marquez","tag-incle-unodoc","tag-ivan-duque-alvaro-uribe-velez"],"translation":{"provider":"WPGlobus","version":"2.12.2","language":"fr","enabled_languages":["es","fr"],"languages":{"es":{"title":true,"content":true,"excerpt":true},"fr":{"title":false,"content":false,"excerpt":false}}},"_links":{"self":[{"href":"https:\/\/www.lapluma.net\/fr\/wp-json\/wp\/v2\/posts\/38647","targetHints":{"allow":["GET"]}}],"collection":[{"href":"https:\/\/www.lapluma.net\/fr\/wp-json\/wp\/v2\/posts"}],"about":[{"href":"https:\/\/www.lapluma.net\/fr\/wp-json\/wp\/v2\/types\/post"}],"author":[{"embeddable":true,"href":"https:\/\/www.lapluma.net\/fr\/wp-json\/wp\/v2\/users\/785"}],"replies":[{"embeddable":true,"href":"https:\/\/www.lapluma.net\/fr\/wp-json\/wp\/v2\/comments?post=38647"}],"version-history":[{"count":7,"href":"https:\/\/www.lapluma.net\/fr\/wp-json\/wp\/v2\/posts\/38647\/revisions"}],"predecessor-version":[{"id":38666,"href":"https:\/\/www.lapluma.net\/fr\/wp-json\/wp\/v2\/posts\/38647\/revisions\/38666"}],"wp:featuredmedia":[{"embeddable":true,"href":"https:\/\/www.lapluma.net\/fr\/wp-json\/wp\/v2\/media\/38655"}],"wp:attachment":[{"href":"https:\/\/www.lapluma.net\/fr\/wp-json\/wp\/v2\/media?parent=38647"}],"wp:term":[{"taxonomy":"category","embeddable":true,"href":"https:\/\/www.lapluma.net\/fr\/wp-json\/wp\/v2\/categories?post=38647"},{"taxonomy":"post_tag","embeddable":true,"href":"https:\/\/www.lapluma.net\/fr\/wp-json\/wp\/v2\/tags?post=38647"},{"taxonomy":"author","embeddable":true,"href":"https:\/\/www.lapluma.net\/fr\/wp-json\/wp\/v2\/coauthors?post=38647"}],"curies":[{"name":"wp","href":"https:\/\/api.w.org\/{rel}","templated":true}]}}