{"id":38588,"date":"2022-05-21T16:06:21","date_gmt":"2022-05-21T16:06:21","guid":{"rendered":"https:\/\/www.lapluma.net\/?p=38588"},"modified":"2022-05-22T09:57:45","modified_gmt":"2022-05-22T09:57:45","slug":"a","status":"publish","type":"post","link":"https:\/\/www.lapluma.net\/fr\/2022\/05\/21\/a\/","title":{"rendered":"Shireen Abu Akleh a \u00e9t\u00e9 ex\u00e9cut\u00e9e pour envoyer un message aux Palestiniens"},"content":{"rendered":"<p style=\"text-align: justify;\"><em><span style=\"font-size: 14pt;\">Pendant 20 ans de reportages sur Isra\u00ebl et la Palestine, j&rsquo;ai appris de premi\u00e8re main qu&rsquo;il n&rsquo;est jamais possible de faire confiance \u00e0 la version isra\u00e9lienne des \u00e9v\u00e9nements concernant la mort de Palestiniens ou d&rsquo;\u00e9trangers.<\/span><\/em><\/p>\n<p><img loading=\"lazy\" decoding=\"async\" class=\" wp-image-38591 aligncenter\" src=\"https:\/\/www.lapluma.net\/wp-content\/uploads\/2022\/05\/IDF-Hall-of-Fame-Latuff-300x189.jpg\" sizes=\"auto, (max-width: 604px) 100vw, 604px\" srcset=\"https:\/\/www.lapluma.net\/wp-content\/uploads\/2022\/05\/IDF-Hall-of-Fame-Latuff-300x189.jpg 300w, https:\/\/www.lapluma.net\/wp-content\/uploads\/2022\/05\/IDF-Hall-of-Fame-Latuff.jpg 640w\" alt=\"\" width=\"604\" height=\"380\" \/><\/p>\n<p style=\"text-align: justify;\"><span style=\"font-size: 14pt;\">L&rsquo;ex\u00e9cution de la journaliste d&rsquo;Al Jazeera Shireen Abu Akleh par un soldat isara\u00e9lien dans la ville palestinienne de J\u00e9nine, les efforts imm\u00e9diats d&rsquo;Isra\u00ebl pour brouiller les pistes quant \u00e0 l&rsquo;identit\u00e9 du responsable et les faibles expressions de pr\u00e9occupation des capitales occidentales ont raviv\u00e9 mes souvenirs de 20 ann\u00e9es de reportage dans la r\u00e9gion.<\/span><\/p>\n<p style=\"text-align: justify;\"><span style=\"font-size: 14pt;\">\u00c0 la diff\u00e9rence d\u2019Abu Akleh, je me suis trouv\u00e9 beaucoup moins souvent sur les lignes de front dans les territoires occup\u00e9s. Je n&rsquo;\u00e9tais pas un correspondant de guerre, et lorsque je me retrouvais pr\u00e8s de l&rsquo;action, c&rsquo;\u00e9tait invariablement par accident &#8211; comme lorsque, toujours \u00e0 J\u00e9nine, mon taxi palestinien a tourn\u00e9 dans une rue pour se retrouver face au canon d&rsquo;un char isra\u00e9lien. \u00c0 en juger par la vitesse et l&rsquo;habilet\u00e9 avec lesquelles mon chauffeur a fait marche arri\u00e8re, ce n&rsquo;\u00e9tait pas la premi\u00e8re fois qu&rsquo;il avait affaire \u00e0 ce genre de barrage routier.<\/span><\/p>\n<p style=\"text-align: justify;\"><span style=\"font-size: 14pt;\">Abu Akleh a rendu compte de bien trop de meurtres de Palestiniens pour ne pas conna\u00eetre les risques qu&rsquo;elle encourait en tant que journaliste chaque fois qu&rsquo;elle enfilait un gilet pare-balles. C&rsquo;\u00e9tait une sorte de sang-froid que je ne partageais pas.<\/span><\/p>\n<p><img loading=\"lazy\" decoding=\"async\" class=\"wp-image-38596 aligncenter\" src=\"https:\/\/www.lapluma.net\/wp-content\/uploads\/2022\/05\/Shireen-Abu-Akleh-cubriendo-un-reportaje-300x187.jpg\" sizes=\"auto, (max-width: 551px) 100vw, 551px\" srcset=\"https:\/\/www.lapluma.net\/wp-content\/uploads\/2022\/05\/Shireen-Abu-Akleh-cubriendo-un-reportaje-300x187.jpg 300w, https:\/\/www.lapluma.net\/wp-content\/uploads\/2022\/05\/Shireen-Abu-Akleh-cubriendo-un-reportaje-768x480.jpg 768w, https:\/\/www.lapluma.net\/wp-content\/uploads\/2022\/05\/Shireen-Abu-Akleh-cubriendo-un-reportaje.jpg 932w\" alt=\"\" width=\"551\" height=\"343\" \/><\/p>\n<p style=\"text-align: justify;\"><strong><span style=\"font-size: 12pt;\">La journaliste Shireen Abu Akleh a \u00e9t\u00e9 assassin\u00e9e alors qu\u2019elle couvrait une op\u00e9ration de l\u2019arm\u00e9e isra\u00e9lienne. REUTERS\/Imad Creidi<\/span><\/strong><\/p>\n<p style=\"text-align: justify;\"><span style=\"font-size: 14pt;\">Selon un r\u00e9cent rapport de Reporters sans fronti\u00e8res, au moins 144 journalistes palestiniens ont \u00e9t\u00e9 bless\u00e9s par les forces isra\u00e9liennes dans les territoires occup\u00e9s depuis 2018. Trois, dont Abu Akleh, ont \u00e9t\u00e9 tu\u00e9s au cours de la m\u00eame p\u00e9riode.<\/span><\/p>\n<p style=\"text-align: justify;\"><span style=\"font-size: 14pt;\">J&rsquo;ai pass\u00e9 une partie de mon s\u00e9jour dans la r\u00e9gion \u00e0 me rendre sur les lieux de la mort de Palestiniens, en essayant d&rsquo;analyser les r\u00e9cits contradictoires des Palestiniens et des Isra\u00e9liens pour mieux comprendre ce qui s&rsquo;\u00e9tait r\u00e9ellement pass\u00e9. Le meurtre d&rsquo;Abu Akleh et la r\u00e9ponse d&rsquo;Isra\u00ebl correspondent \u00e0 ce que j&rsquo;ai d\u00e9couvert en menant ces enqu\u00eates.<\/span><\/p>\n<p style=\"text-align: justify;\"><span style=\"font-size: 14pt;\">Il n&rsquo;a donc pas \u00e9t\u00e9 surprenant d&rsquo;entendre le Premier ministre isra\u00e9lien Naftali Bennett accuser imm\u00e9diatement les Palestiniens de la mort de la journaliste. Il y a, a-t-il dit, \u00ab de fortes chances que des Palestiniens arm\u00e9s, qui ont tir\u00e9 sauvagement, soient ceux qui ont provoqu\u00e9 la mort malheureuse de la journaliste \u00bb.<\/span><\/p>\n<h2 style=\"text-align: justify;\"><span style=\"font-size: 18pt;\">R\u00e8glement de comptes<\/span><\/h2>\n<p style=\"text-align: justify;\"><span style=\"font-size: 14pt;\">Abu Akleh \u00e9tait un visage familier non seulement pour le monde arabe qui d\u00e9vore les nouvelles de Palestine, mais aussi pour la plupart des soldats de combat isra\u00e9liens qui font des \u00ab raids \u00bb &#8211; un euph\u00e9misme pour attaquer &#8211; des communaut\u00e9s palestiniennes comme J\u00e9nine.<\/span><\/p>\n<p><strong><img loading=\"lazy\" decoding=\"async\" class=\" wp-image-38597 aligncenter\" src=\"https:\/\/www.lapluma.net\/wp-content\/uploads\/2022\/05\/shireen-abu-akleh-1355046-300x200.jpg\" sizes=\"auto, (max-width: 503px) 100vw, 503px\" srcset=\"https:\/\/www.lapluma.net\/wp-content\/uploads\/2022\/05\/shireen-abu-akleh-1355046-300x200.jpg 300w, https:\/\/www.lapluma.net\/wp-content\/uploads\/2022\/05\/shireen-abu-akleh-1355046-768x511.jpg 768w, https:\/\/www.lapluma.net\/wp-content\/uploads\/2022\/05\/shireen-abu-akleh-1355046-435x290.jpg 435w, https:\/\/www.lapluma.net\/wp-content\/uploads\/2022\/05\/shireen-abu-akleh-1355046-150x100.jpg 150w, https:\/\/www.lapluma.net\/wp-content\/uploads\/2022\/05\/shireen-abu-akleh-1355046-370x247.jpg 370w, https:\/\/www.lapluma.net\/wp-content\/uploads\/2022\/05\/shireen-abu-akleh-1355046.jpg 900w\" alt=\"\" width=\"503\" height=\"335\" \/><\/strong><\/p>\n<p id=\"contain_title\" class=\"content_title\" style=\"text-align: justify;\"><span style=\"font-size: 12pt;\"><a href=\"https:\/\/rmc.bfmtv.com\/actualites\/international\/qui-etait-shireen-abu-akleh-journaliste-vedette-chez-al-jazeera-tuee-par-balle-en-cisjordanie_AV-202205120322.html\">Qui \u00e9tait Shireen Abu Akleh, journaliste vedette chez Al-Jazeera, tu\u00e9e par balle en Cisjordanie?<\/a><\/span><\/p>\n<p style=\"text-align: justify;\"><span style=\"font-size: 14pt;\">Les soldats qui ont tir\u00e9 sur elle et sur le groupe de journalistes palestiniens avec lequel elle se trouvait savaient qu&rsquo;ils tiraient sur des membres des m\u00e9dias. Mais il semble \u00e9galement y avoir des preuves sugg\u00e9rant qu&rsquo;un ou plusieurs soldats l&rsquo;ont sp\u00e9cifiquement identifi\u00e9e comme une cible.<\/span><\/p>\n<p style=\"text-align: justify;\"><span style=\"font-size: 14pt;\">Les Palestiniens soup\u00e7onnent \u00e0 juste titre que le trou de balle situ\u00e9 juste sous le bord de son casque m\u00e9tallique n&rsquo;est pas le fruit du hasard. Il s&rsquo;agissait d&rsquo;un tir de pr\u00e9cision destin\u00e9 \u00e0 la tuer, raison pour laquelle les responsables palestiniens qualifient sa mort de \u00ab d\u00e9lib\u00e9r\u00e9e \u00bb.<\/span><\/p>\n<p style=\"text-align: justify;\"><span style=\"font-size: 14pt;\">D&rsquo;aussi loin que je me souvienne, Isra\u00ebl a essay\u00e9 de trouver des pr\u00e9textes pour mettre fin \u00e0 la couverture d&rsquo;Al Jazeera, souvent en bannissant ses reporters ou en leur refusant des cartes de presse. En mai dernier, Isra\u00ebl a bombard\u00e9 une tour de Gaza qui abritait les bureaux de la cha\u00eene.<\/span><\/p>\n<p style=\"text-align: justify;\"><span style=\"font-size: 14pt;\">En effet, Abu Akleh a tr\u00e8s probablement \u00e9t\u00e9 abattue pr\u00e9cis\u00e9ment parce qu&rsquo;elle \u00e9tait une journaliste tr\u00e8s en vue d&rsquo;Al Jazeera, connue pour ses reportages intr\u00e9pides sur les crimes isra\u00e9liens. L&rsquo;arm\u00e9e et ses soldats sont rancuniers, et ils disposent d&rsquo;armes mortelles pour r\u00e9gler leurs comptes.<\/span><\/p>\n<h2 style=\"text-align: justify;\"><span style=\"font-size: 18pt;\">\u00ab Tir ami \u00bb<\/span><\/h2>\n<p style=\"text-align: justify;\"><span style=\"font-size: 14pt;\">La suggestion d&rsquo;Isra\u00ebl selon laquelle elle a \u00e9t\u00e9 vis\u00e9e par des tirs palestiniens, ou a subi des dommages collat\u00e9raux, doit \u00eatre trait\u00e9e avec le d\u00e9dain qu&rsquo;elle m\u00e9rite. Au moins, avec l&rsquo;avantage des GPS modernes et de l&rsquo;imagerie par satellite, ce type de dissimulation standard devient plus facile \u00e0 r\u00e9futer.<\/span><\/p>\n<p style=\"text-align: justify;\"><span style=\"font-size: 14pt;\">La d\u00e9fense du \u00ab tir ami \u00bb est tout droit sortie du livre de jeux qu&rsquo;Isra\u00ebl utilise chaque fois qu&rsquo;il ne peut pas recourir \u00e0 sa rationalisation r\u00e9trospective pr\u00e9f\u00e9r\u00e9e pour tuer des Palestiniens : ils \u00e9taient arm\u00e9s et \u00ab repr\u00e9sentaient un danger imm\u00e9diat pour les soldats \u00bb.<\/span><\/p>\n<p style=\"text-align: justify;\"><span style=\"font-size: 14pt;\">C&rsquo;est une le\u00e7on que j&rsquo;ai apprise au cours de mes premiers mois dans la r\u00e9gion. Je suis arriv\u00e9 en 2001 pour enqu\u00eater sur les \u00e9v\u00e9nements des premiers jours de la deuxi\u00e8me Intifada, ou soul\u00e8vement palestinien, lorsque la police isra\u00e9lienne a tu\u00e9 13 manifestants. Ces meurtres, contrairement aux \u00e9v\u00e9nements parall\u00e8les qui se d\u00e9roulaient dans les territoires occup\u00e9s, visaient les membres d&rsquo;une importante minorit\u00e9 palestinienne qui vit \u00e0 l&rsquo;int\u00e9rieur d&rsquo;Isra\u00ebl et constitue des sous-citoyens.<\/span><\/p>\n<p style=\"text-align: justify;\"><span style=\"font-size: 14pt;\">Au d\u00e9but de l&rsquo;Intifada, fin 2000, les citoyens palestiniens \u00e9taient descendus dans la rue en nombre sans pr\u00e9c\u00e9dent pour protester contre le massacre de leurs compatriotes par l&rsquo;arm\u00e9e isra\u00e9lienne dans les territoires occup\u00e9s.<\/span><\/p>\n<p style=\"text-align: justify;\"><span style=\"font-size: 14pt;\">Ils ont \u00e9t\u00e9 enrag\u00e9s, en particulier, par des images de Gaza captur\u00e9es par France2. On y voit un p\u00e8re qui tente d\u00e9sesp\u00e9r\u00e9ment de prot\u00e9ger son fils de 12 ans, Mohammed al-Durrah, alors qu&rsquo;ils sont pris au pi\u00e8ge par les tirs isra\u00e9liens \u00e0 une intersection. Mohammed a \u00e9t\u00e9 tu\u00e9 et son p\u00e8re, Jamal, gri\u00e8vement bless\u00e9.<\/span><\/p>\n<p><img loading=\"lazy\" decoding=\"async\" class=\" wp-image-38590 aligncenter\" src=\"https:\/\/www.lapluma.net\/wp-content\/uploads\/2022\/05\/1OQZrjGStH4-300x169.jpg\" sizes=\"auto, (max-width: 543px) 100vw, 543px\" srcset=\"https:\/\/www.lapluma.net\/wp-content\/uploads\/2022\/05\/1OQZrjGStH4-300x169.jpg 300w, https:\/\/www.lapluma.net\/wp-content\/uploads\/2022\/05\/1OQZrjGStH4-1024x576.jpg 1024w, https:\/\/www.lapluma.net\/wp-content\/uploads\/2022\/05\/1OQZrjGStH4-768x432.jpg 768w, https:\/\/www.lapluma.net\/wp-content\/uploads\/2022\/05\/1OQZrjGStH4-870x489.jpg 870w, https:\/\/www.lapluma.net\/wp-content\/uploads\/2022\/05\/1OQZrjGStH4-895x503.jpg 895w, https:\/\/www.lapluma.net\/wp-content\/uploads\/2022\/05\/1OQZrjGStH4.jpg 1400w\" alt=\"\" width=\"543\" height=\"306\" \/><\/p>\n<h2><a href=\"https:\/\/www.middleeasteye.net\/fr\/videos\/mohammed-al-durrah-seconde-intifada-gaza\">VID\u00c9O\u00a0: Mohammed al-Durrah, les images qui ont choqu\u00e9 le monde<\/a><\/h2>\n<div class=\"author-field author-info\">\n<div class=\"author-name\"><a lang=\"\" title=\"Voir le profil utilisateur.\" href=\"https:\/\/www.middleeasteye.net\/fr\/users\/aaya-al-shamahi\">Aaya Al-Shamahi<\/a><\/div>\n<\/div>\n<div>\n<section class=\"css-1dbjc4n\" role=\"region\" aria-labelledby=\"accessible-list-0\">\n<div class=\"css-1dbjc4n\" aria-label=\"Fil d'actualit\u00e9s : Conversation\">\n<div>\n<div data-testid=\"cellInnerDiv\">\n<div class=\"css-1dbjc4n r-j5o65s r-qklmqi r-1adg3ll r-1ny4l3l\">\n<div class=\"css-1dbjc4n\">\n<div class=\"css-1dbjc4n\">\n<article class=\"css-1dbjc4n r-18u37iz r-1ny4l3l r-1udh08x r-1qhn6m8 r-i023vh\" role=\"article\" aria-labelledby=\"id__8m2bry6fl24 id__nzblmj1ri19 id__vvoahurlf4b id__1mh1on4awuo id__cj6v37q5uje id__a2od2o93fuw id__xgntjbuldnh id__b4ygd4m4j6j id__sl10c3b2uxm id__5jg32zd9fzm id__eu9hbbi22ds id__xtja1lh4qb id__xew1mocwb5 id__ulgoae1nlfs id__n43pvdvf5zp id__mxjf00z2xn id__1l8tyfaz5ph\" data-testid=\"tweet\">\n<div class=\"css-1dbjc4n r-eqz5dr r-16y2uox r-1wbh5a2\">\n<div class=\"css-1dbjc4n r-16y2uox r-1wbh5a2 r-1ny4l3l\">\n<div class=\"css-1dbjc4n\">\n<div class=\"css-1dbjc4n r-18u37iz r-15zivkp\">\n<div class=\"css-1dbjc4n r-1awozwy r-1hwvwag r-18kxxzh r-1b7u577\">\n<div class=\"css-1dbjc4n r-18kxxzh r-1wbh5a2 r-13qz1uu\">\n<div class=\"css-1dbjc4n r-1wbh5a2 r-dnmrzs\">\n<div id=\"id__a2od2o93fuw\" class=\"css-1dbjc4n r-1adg3ll r-bztko3\">\n<div class=\"r-1p0dtai r-1pi2tsx r-1d2f490 r-u8s1d r-ipm5af r-13qz1uu\">\n<div class=\"css-1dbjc4n r-1adg3ll r-1pi2tsx r-1wyvozj r-bztko3 r-u8s1d r-1v2oles r-desppf r-13qz1uu\">\n<div class=\"r-1p0dtai r-1pi2tsx r-1d2f490 r-u8s1d r-ipm5af r-13qz1uu\">\n<div class=\"css-1dbjc4n r-sdzlij r-ggadg3 r-1udh08x r-u8s1d r-8jfcpp\">\n<div class=\"css-1dbjc4n r-14lw9ot r-sdzlij r-1wyvozj r-1udh08x r-633pao r-u8s1d r-1v2oles r-desppf\">\n<div class=\"css-1dbjc4n r-1adg3ll r-1udh08x\">\n<div class=\"r-1adg3ll r-13qz1uu\"><\/div>\n<div class=\"r-1p0dtai r-1pi2tsx r-1d2f490 r-u8s1d r-ipm5af r-13qz1uu\">\n<div class=\"css-1dbjc4n r-1p0dtai r-1mlwlqe r-1d2f490 r-1udh08x r-u8s1d r-zchlnj r-ipm5af r-417010\" aria-label=\"\"><\/div>\n<\/div>\n<\/div>\n<\/div>\n<\/div>\n<\/div>\n<\/div>\n<\/div>\n<\/div>\n<\/div>\n<\/div>\n<\/div>\n<\/div>\n<\/div>\n<\/div>\n<\/div>\n<\/article>\n<\/div>\n<\/div>\n<\/div>\n<\/div>\n<\/div>\n<\/div>\n<\/section>\n<\/div>\n<div>\n<div class=\"author-field author-info\">\n<div class=\"author-name\"><\/div>\n<\/div>\n<div class=\"submitted-date\">Jeudi 1 octobre 2020 \u2013 16:01 <span class=\"date-separator\">| <\/span> <span class=\"date-updated\">Last update:<\/span> <span id=\"date-updatedago\" data-timeago=\"1601568157\">1 year 7 months <\/span> ago<\/div>\n<div class=\"twitter-tweet twitter-tweet-rendered\"><iframe id=\"twitter-widget-0\" class=\"\" title=\"Twitter Tweet\" src=\"https:\/\/platform.twitter.com\/embed\/Tweet.html?dnt=true&amp;embedId=twitter-widget-0&amp;features=eyJ0ZndfZXhwZXJpbWVudHNfY29va2llX2V4cGlyYXRpb24iOnsiYnVja2V0IjoxMjA5NjAwLCJ2ZXJzaW9uIjpudWxsfSwidGZ3X3NlbnNpdGl2ZV9tZWRpYV9pbnRlcnN0aXRpYWxfMTM5NjMiOnsiYnVja2V0IjoiaW50ZXJzdGl0aWFsIiwidmVyc2lvbiI6bnVsbH0sInRmd190d2VldF9yZXN1bHRfbWlncmF0aW9uXzEzOTc5Ijp7ImJ1Y2tldCI6InR3ZWV0X3Jlc3VsdCIsInZlcnNpb24iOm51bGx9fQ%3D%3D&amp;frame=false&amp;hideCard=false&amp;hideThread=false&amp;id=1443637517589299204&amp;lang=es&amp;origin=https%3A%2F%2Fwww.lapluma.net%2F2022%2F05%2F21%2Fabu-akleh-es-la-mas-reciente-victima-sin-embargo-estas-ejecuciones-continuaran-mientras-israel-y-sus-soldados-no-tengan-que-rendir-cuentas%2F&amp;sessionId=f75e331c498e1f254e6f542704f4383ecc501fac&amp;theme=light&amp;widgetsVersion=c8fe9736dd6fb%3A1649830956492&amp;width=550px\" frameborder=\"0\" scrolling=\"no\" allowfullscreen=\"allowfullscreen\" data-tweet-id=\"1443637517589299204\"><\/iframe><\/div>\n<p>&nbsp;<\/p>\n<\/div>\n<div><\/div>\n<p style=\"text-align: justify;\"><span style=\"font-size: 14pt;\">\u00c0 cette occasion \u00e9galement, Isra\u00ebl a fait tout son possible pour brouiller les pistes &#8211; et a continu\u00e9 \u00e0 le faire pendant de nombreuses ann\u00e9es. Il a tour \u00e0 tour accus\u00e9 les Palestiniens d&rsquo;avoir tu\u00e9 Durrah, pr\u00e9tendu que la sc\u00e8ne avait \u00e9t\u00e9 mise en sc\u00e8ne ou sugg\u00e9r\u00e9 que le gar\u00e7on \u00e9tait en fait vivant et indemne. Et ce, malgr\u00e9 les protestations de l&rsquo;\u00e9quipe de t\u00e9l\u00e9vision fran\u00e7aise.<\/span><\/p>\n<p style=\"text-align: justify;\"><span style=\"font-size: 14pt;\">Des enfants palestiniens ont \u00e9t\u00e9 tu\u00e9s ailleurs dans les territoires occup\u00e9s, mais ces morts ont rarement \u00e9t\u00e9 captur\u00e9es de mani\u00e8re aussi visc\u00e9rale sur pellicule. Et lorsqu&rsquo;elles l&rsquo;\u00e9taient, c&rsquo;\u00e9tait g\u00e9n\u00e9ralement avec les appareils photo num\u00e9riques personnels primitifs de l&rsquo;\u00e9poque. Isra\u00ebl et ses apologistes qualifiaient avec d\u00e9sinvolture ces images granuleuses de \u00ab Pallywood \u00bb &#8211; un amalgame entre Palestiniens et Hollywood &#8211; pour sugg\u00e9rer qu&rsquo;elles \u00e9taient truqu\u00e9es.<\/span><\/p>\n<h2 style=\"text-align: justify;\"><span style=\"font-size: 18pt;\">Tirs dans le dos<\/span><\/h2>\n<p style=\"text-align: justify;\"><span style=\"font-size: 14pt;\">Les tromperies isra\u00e9liennes sur la mort d&rsquo;al-Durrah faisaient \u00e9cho \u00e0 ce qui se passait en Isra\u00ebl. La police isra\u00e9lienne a \u00e9galement tir\u00e9 de mani\u00e8re imprudente sur les grandes manifestations qui ont \u00e9clat\u00e9, m\u00eame si les manifestants n&rsquo;\u00e9taient pas arm\u00e9s et avaient la citoyennet\u00e9 isra\u00e9lienne. Non seulement 13 Palestiniens ont \u00e9t\u00e9 tu\u00e9s, mais des centaines d&rsquo;autres ont \u00e9t\u00e9 bless\u00e9s, et certains ont \u00e9t\u00e9 horriblement mutil\u00e9s.<\/span><\/p>\n<p style=\"text-align: justify;\"><span style=\"font-size: 14pt;\">Lors d&rsquo;un incident, des juifs isra\u00e9liens des Hauteurs de Nazareth &#8211; dont certains \u00e9taient des policiers arm\u00e9s qui n&rsquo;\u00e9taient pas en service &#8211; ont march\u00e9 sur la ville palestinienne voisine de Nazareth, o\u00f9 je me trouvais. Les haut-parleurs de la mosqu\u00e9e ont appel\u00e9 les habitants de Nazareth \u00e0 sortir et \u00e0 prot\u00e9ger leurs maisons. Il s&rsquo;en est suivi une longue confrontation tendue entre les deux camps \u00e0 un carrefour routier entre les deux communaut\u00e9s.<\/span><\/p>\n<p style=\"text-align: justify;\"><span style=\"font-size: 14pt;\">La police se tenait aux c\u00f4t\u00e9s des envahisseurs, surveill\u00e9s par des tireurs d&rsquo;\u00e9lite isra\u00e9liens positionn\u00e9s au sommet d&rsquo;un grand immeuble des Hauteurs de Nazareth, face aux habitants de Nazareth mass\u00e9s en contrebas.<\/span><\/p>\n<p style=\"text-align: justify;\"><span style=\"font-size: 14pt;\">La police a insist\u00e9 pour que les Palestiniens partent en premier. Face \u00e0 la quantit\u00e9 d&rsquo;armes, la foule de Nazareth a fini par c\u00e9der et a pris le chemin du retour. \u00c0 ce moment-l\u00e0, les tireurs d&rsquo;\u00e9lite de la police ont ouvert le feu, abattant plusieurs hommes dans le dos. Deux d&rsquo;entre eux, touch\u00e9s \u00e0 la t\u00eate, ont \u00e9t\u00e9 tu\u00e9s sur le coup.<\/span><\/p>\n<p><img loading=\"lazy\" decoding=\"async\" class=\" wp-image-38598 aligncenter\" src=\"https:\/\/www.lapluma.net\/wp-content\/uploads\/2022\/05\/la-policia-de-israel-arresto-300x200.jpg\" sizes=\"auto, (max-width: 468px) 100vw, 468px\" srcset=\"https:\/\/www.lapluma.net\/wp-content\/uploads\/2022\/05\/la-policia-de-israel-arresto-300x200.jpg 300w, https:\/\/www.lapluma.net\/wp-content\/uploads\/2022\/05\/la-policia-de-israel-arresto-1024x683.jpg 1024w, https:\/\/www.lapluma.net\/wp-content\/uploads\/2022\/05\/la-policia-de-israel-arresto-768x512.jpg 768w, https:\/\/www.lapluma.net\/wp-content\/uploads\/2022\/05\/la-policia-de-israel-arresto-435x290.jpg 435w, https:\/\/www.lapluma.net\/wp-content\/uploads\/2022\/05\/la-policia-de-israel-arresto-150x100.jpg 150w, https:\/\/www.lapluma.net\/wp-content\/uploads\/2022\/05\/la-policia-de-israel-arresto-370x247.jpg 370w, https:\/\/www.lapluma.net\/wp-content\/uploads\/2022\/05\/la-policia-de-israel-arresto.jpg 1200w\" alt=\"\" width=\"468\" height=\"312\" \/><\/p>\n<p style=\"text-align: justify;\"><span style=\"font-size: 14pt;\">Ces ex\u00e9cutions ont \u00e9t\u00e9 vues par les centaines de Palestiniens pr\u00e9sents sur place, ainsi que par la police et par tous ceux qui avaient tent\u00e9 d&rsquo;envahir Nazareth. Et pourtant, le r\u00e9cit officiel de la police ignorait la s\u00e9quence des \u00e9v\u00e9nements. La police a d\u00e9clar\u00e9 que le fait que les deux hommes palestiniens avaient \u00e9t\u00e9 abattus \u00e0 l&rsquo;arri\u00e8re de la t\u00eate prouvait qu&rsquo;ils avaient \u00e9t\u00e9 tu\u00e9s par d&rsquo;autres Palestiniens, et non par des tireurs d&rsquo;\u00e9lite de la police.<\/span><\/p>\n<p style=\"text-align: justify;\"><span style=\"font-size: 14pt;\">Les commandants ont affirm\u00e9, sans produire aucune preuve ni mener d&rsquo;enqu\u00eate m\u00e9dico-l\u00e9gale, que des tireurs palestiniens s&rsquo;\u00e9taient cach\u00e9s derri\u00e8re les hommes et les avaient abattus par erreur en visant la police. Il s&rsquo;agissait d&rsquo;un mensonge flagrant, mais les autorit\u00e9s l&rsquo;ont maintenu lors de l&rsquo;enqu\u00eate judiciaire qui a suivi.<\/span><\/p>\n<h2 style=\"text-align: justify;\"><span style=\"font-size: 18pt;\">\u00c9quilibre des forces<\/span><\/h2>\n<p style=\"text-align: justify;\"><span style=\"font-size: 14pt;\">Comme dans le cas d&rsquo;Abu Akleh, la mort de ces deux hommes n&rsquo;\u00e9tait pas &#8211; comme Isra\u00ebl voudrait nous le faire croire &#8211; un incident malheureux, avec des innocents pris entre deux feux.<\/span><\/p>\n<p style=\"text-align: justify;\"><span style=\"font-size: 14pt;\">Comme Abu Akleh, ces hommes de Nazareth ont \u00e9t\u00e9 ex\u00e9cut\u00e9s de sang-froid par Isra\u00ebl. Il s&rsquo;agissait d&rsquo;un message brutal \u00e0 l&rsquo;intention de tous les Palestiniens sur l&rsquo;\u00e9quilibre des forces en pr\u00e9sence, et d&rsquo;un avertissement les invitant \u00e0 se soumettre, \u00e0 se taire, \u00e0 conna\u00eetre leur place.<\/span><\/p>\n<p style=\"text-align: justify;\"><span style=\"font-size: 14pt;\">Les habitants de Nazareth ont d\u00e9fi\u00e9 ces restrictions en sortant pour prot\u00e9ger leur ville. Abu Akleh a fait de m\u00eame en se pr\u00e9sentant jour apr\u00e8s jour pendant plus de deux d\u00e9cennies pour rendre compte des injustices, des crimes et des horreurs de la vie sous l&rsquo;occupation isra\u00e9lienne. Il s&rsquo;agissait dans les deux cas d&rsquo;actes de r\u00e9sistance pacifique \u00e0 l&rsquo;oppression, et Isra\u00ebl les a consid\u00e9r\u00e9s comme \u00e9quivalents au terrorisme.<\/span><\/p>\n<p style=\"text-align: justify;\"><span style=\"font-size: 14pt;\">Nous ne pourrons jamais d\u00e9terminer si Abu Akleh ou ces deux hommes sont morts \u00e0 cause des actions d&rsquo;un soldat isra\u00e9lien imp\u00e9tueux, ou parce que le tireur avait re\u00e7u l&rsquo;instruction d&rsquo;officiers sup\u00e9rieurs d&rsquo;utiliser une ex\u00e9cution pour donner une le\u00e7on \u00e0 d&rsquo;autres Palestiniens.<\/span><\/p>\n<p style=\"text-align: justify;\"><span style=\"font-size: 14pt;\">Mais nous n&rsquo;avons pas besoin de savoir quelle est la bonne explication. Parce que cela continue \u00e0 se produire, et parce qu&rsquo;Isra\u00ebl continue \u00e0 ne rien faire pour y mettre fin, ou pour identifier et punir les responsables.<\/span><\/p>\n<p style=\"text-align: justify;\"><span style=\"font-size: 14pt;\">Parce que tuer des Palestiniens &#8211; de mani\u00e8re impr\u00e9visible, voire al\u00e9atoire &#8211; correspond parfaitement aux objectifs d&rsquo;une puissance occupante d\u00e9termin\u00e9e \u00e0 \u00e9roder tout sentiment de s\u00e9curit\u00e9 ou de normalit\u00e9 pour les Palestiniens, un occupant d\u00e9termin\u00e9 \u00e0 les terroriser pour qu&rsquo;ils quittent, petit \u00e0 petit, leur patrie.<\/span><\/p>\n<h2 style=\"text-align: justify;\"><span style=\"font-size: 18pt;\">Donner une le\u00e7on<\/span><\/h2>\n<p style=\"text-align: justify;\"><span style=\"font-size: 14pt;\">Abu Akleh faisait partie du petit nombre de Palestiniens des territoires occup\u00e9s qui ont la nationalit\u00e9 usam\u00e9ricaine. Cela, ainsi que sa renomm\u00e9e dans le monde arabe, sont deux raisons pour lesquelles les responsables de Washington se sont sentis oblig\u00e9s d&rsquo;exprimer leur tristesse face \u00e0 son assassinat et de lancer un appel formel \u00e0 une \u00ab enqu\u00eate approfondie \u00bb.<\/span><\/p>\n<p><img loading=\"lazy\" decoding=\"async\" class=\" wp-image-38595 aligncenter\" src=\"https:\/\/www.lapluma.net\/wp-content\/uploads\/2022\/05\/Rachel-Corrie-300x281.jpg\" sizes=\"auto, (max-width: 498px) 100vw, 498px\" srcset=\"https:\/\/www.lapluma.net\/wp-content\/uploads\/2022\/05\/Rachel-Corrie-300x281.jpg 300w, https:\/\/www.lapluma.net\/wp-content\/uploads\/2022\/05\/Rachel-Corrie.jpg 500w\" alt=\"\" width=\"498\" height=\"466\" \/><\/p>\n<p style=\"text-align: justify;\"><strong><span style=\"font-size: 12pt;\">La martyre am\u00e9ricano-palestinienne, Rachel Corrie, reste l&rsquo;\u00e9pine de la dignit\u00e9 contre l&rsquo;impunit\u00e9 et l&rsquo;arrogance de l&rsquo;occupation isra\u00e9lienne.<\/span><\/strong><\/p>\n<p style=\"text-align: justify;\"><span style=\"font-size: 14pt;\">Mais le passeport usam\u00e9ricain d&rsquo;Abu Akleh n&rsquo;a pas plus pu la sauver des repr\u00e9sailles isra\u00e9liennes que celui de Rachel Corrie, assassin\u00e9e en 2003 par un conducteur de bulldozer isra\u00e9lien alors qu&rsquo;elle tentait de prot\u00e9ger des maisons palestiniennes \u00e0 Gaza. De m\u00eame, le passeport britannique de Tom Hurndall ne l&rsquo;a pas emp\u00each\u00e9 de recevoir une balle dans la t\u00eate alors qu&rsquo;il tentait de prot\u00e9ger les enfants palestiniens de Gaza contre les tirs isra\u00e9liens. Le passeport britannique du cin\u00e9aste James Miller n&rsquo;a pas non plus emp\u00each\u00e9 un soldat isra\u00e9lien de l&rsquo;ex\u00e9cuter en 2003 \u00e0 Gaza, alors qu&rsquo;il documentait l&rsquo;assaut isra\u00e9lien contre cette enclave minuscule et surpeupl\u00e9e.<\/span><\/p>\n<p><strong><img loading=\"lazy\" decoding=\"async\" class=\" wp-image-38601 aligncenter\" src=\"https:\/\/www.lapluma.net\/wp-content\/uploads\/2022\/05\/Tom-Hurndall-1981-2004-204x300.jpg\" sizes=\"auto, (max-width: 344px) 100vw, 344px\" srcset=\"https:\/\/www.lapluma.net\/wp-content\/uploads\/2022\/05\/Tom-Hurndall-1981-2004-204x300.jpg 204w, https:\/\/www.lapluma.net\/wp-content\/uploads\/2022\/05\/Tom-Hurndall-1981-2004.jpg 340w\" alt=\"\" width=\"344\" height=\"505\" \/><\/strong><\/p>\n<p style=\"text-align: center;\"><strong><span style=\"font-size: 14pt;\">Tom Hurndall<\/span><\/strong><br \/>\n<strong><span style=\"font-size: 14pt;\">1981 -2004<\/span><\/strong><\/p>\n<p style=\"text-align: center;\"><strong><span style=\"font-size: 12pt;\">A \u00e9t\u00e9 abattu d&rsquo;une balle dans la t\u00eate par un sniper isra\u00e9lien alors qu&rsquo;il tentait de mettre en s\u00e9curit\u00e9 des enfants palestiniens.<\/span><\/strong><\/p>\n<p><strong><span style=\"font-size: 14pt;\"><img loading=\"lazy\" decoding=\"async\" class=\"wp-image-38600 aligncenter\" src=\"https:\/\/www.lapluma.net\/wp-content\/uploads\/2022\/05\/James-Miller-300x300.jpg\" sizes=\"auto, (max-width: 415px) 100vw, 415px\" srcset=\"https:\/\/www.lapluma.net\/wp-content\/uploads\/2022\/05\/James-Miller-300x300.jpg 300w, https:\/\/www.lapluma.net\/wp-content\/uploads\/2022\/05\/James-Miller-150x150.jpg 150w, https:\/\/www.lapluma.net\/wp-content\/uploads\/2022\/05\/James-Miller.jpg 680w\" alt=\"\" width=\"415\" height=\"415\" \/><\/span><\/strong><\/p>\n<p style=\"text-align: center;\"><strong><span style=\"font-size: 14pt;\">Se souvenir de James Miller<\/span><\/strong><br \/>\n<strong><span style=\"font-size: 14pt;\">8 d\u00e9cembre 1968 &#8211; 2 mai 2003<\/span><\/strong><\/p>\n<p style=\"text-align: center;\"><span style=\"font-size: 12pt;\">James Miller, cin\u00e9aste laur\u00e9at d&rsquo;un Emmy Award, a \u00e9t\u00e9 tu\u00e9 par un soldat des Forces de d\u00e9fense isra\u00e9liennes qui lui a tir\u00e9 dans le cou. Il tournait un documentaire HBO sur le conflit isra\u00e9lo-palestinien intitul\u00e9 \u00ab\u00a0Death in Gaza\u00a0\u00bb.<\/span><\/p>\n<p style=\"text-align: justify;\"><span style=\"font-size: 14pt;\">Tous \u00e9taient consid\u00e9r\u00e9s comme ayant pris parti en agissant en tant que t\u00e9moins et en refusant de se taire alors que les Palestiniens souffraient &#8211; et pour cette raison, il fallait leur donner une le\u00e7on, \u00e0 eux et \u00e0 ceux qui pensaient comme eux.<\/span><\/p>\n<p style=\"text-align: justify;\"><span style=\"font-size: 14pt;\">Cela a fonctionn\u00e9. Bient\u00f4t, le contingent de volontaires \u00e9trangers &#8211; ceux qui \u00e9taient venus en Palestine pour enregistrer les atrocit\u00e9s commises par Isra\u00ebl et servir, si n\u00e9cessaire, de boucliers humains pour prot\u00e9ger les Palestiniens d&rsquo;une arm\u00e9e isra\u00e9lienne \u00e0 la g\u00e2chette facile &#8211; a disparu. Isra\u00ebl a d\u00e9nonc\u00e9 le Mouvement de solidarit\u00e9 internationale pour son soutien au terrorisme et, compte tenu de la menace \u00e9vidente pour leur vie, le groupe de volontaires s&rsquo;est progressivement tari.<\/span><\/p>\n<p style=\"text-align: justify;\"><span style=\"font-size: 14pt;\">Les ex\u00e9cutions &#8211; qu&rsquo;elles aient \u00e9t\u00e9 commises par des soldats imp\u00e9tueux ou approuv\u00e9es par l&rsquo;arm\u00e9e &#8211; ont une fois de plus servi leur objectif.<\/span><\/p>\n<h2 style=\"text-align: justify;\"><span style=\"font-size: 18pt;\">Erreur de jugement<\/span><\/h2>\n<p style=\"text-align: justify;\"><span style=\"font-size: 14pt;\">J&rsquo;ai \u00e9t\u00e9 le seul journaliste \u00e0 enqu\u00eater sur la premi\u00e8re de cette s\u00e9rie d&rsquo;ex\u00e9cutions d&rsquo;\u00e9trangers au d\u00e9but de la deuxi\u00e8me Intifada. Iain Hook, un Britannique travaillant pour l&rsquo;UNRWA, l&rsquo;agence des Nations unies pour les r\u00e9fugi\u00e9s, a \u00e9t\u00e9 abattu fin 2002 par un sniper isra\u00e9lien \u00e0 J\u00e9nine &#8211; la m\u00eame ville du nord de la Cisjordanie o\u00f9 Abu Akleh sera ex\u00e9cut\u00e9e 20 ans plus tard.<\/span><\/p>\n<p><img loading=\"lazy\" decoding=\"async\" class=\" wp-image-38603 aligncenter\" src=\"https:\/\/www.lapluma.net\/wp-content\/uploads\/2022\/05\/Iain-Hook-carte-identidad-UNRWA-300x196.jpg\" sizes=\"auto, (max-width: 406px) 100vw, 406px\" srcset=\"https:\/\/www.lapluma.net\/wp-content\/uploads\/2022\/05\/Iain-Hook-carte-identidad-UNRWA-300x196.jpg 300w, https:\/\/www.lapluma.net\/wp-content\/uploads\/2022\/05\/Iain-Hook-carte-identidad-UNRWA-1024x669.jpg 1024w, https:\/\/www.lapluma.net\/wp-content\/uploads\/2022\/05\/Iain-Hook-carte-identidad-UNRWA-768x502.jpg 768w, https:\/\/www.lapluma.net\/wp-content\/uploads\/2022\/05\/Iain-Hook-carte-identidad-UNRWA-292x190.jpg 292w, https:\/\/www.lapluma.net\/wp-content\/uploads\/2022\/05\/Iain-Hook-carte-identidad-UNRWA.jpg 1200w\" alt=\"\" width=\"406\" height=\"265\" \/><\/p>\n<p style=\"text-align: justify;\"><strong><span style=\"font-size: 12pt;\">La carte d&rsquo;identit\u00e9 du directeur de projet de l&rsquo;UNRWA \u00e0 J\u00e9nine, le Britannique Iain John Hook, qui a \u00e9t\u00e9 tu\u00e9 dans la ville de J\u00e9nine, en Cisjordanie, le 22 novembre 2002. Les Nations Unies ont contest\u00e9 l&rsquo;affirmation d&rsquo;Isra\u00ebl selon laquelle les Palestiniens avaient tir\u00e9 sur les troupes isra\u00e9liennes depuis un complexe des Nations Unies lors d&rsquo;une fusillade au cours de laquelle les soldats ont tu\u00e9 Hook. (Reuters)<\/span><\/strong><\/p>\n<p style=\"text-align: justify;\"><span style=\"font-size: 14pt;\">Comme dans le cas d&rsquo;Abu Akleh, l&rsquo;histoire officielle isra\u00e9lienne a \u00e9t\u00e9 con\u00e7ue pour d\u00e9tourner l&rsquo;attention de ce qui \u00e9tait clairement une ex\u00e9cution isra\u00e9lienne afin de rejeter la faute sur les Palestiniens.<\/span><\/p>\n<p style=\"text-align: justify;\"><span style=\"font-size: 14pt;\">Lors d&rsquo;un autre \u00ab raid \u00bb isra\u00e9lien sur J\u00e9nine, Hook et son personnel, ainsi que des enfants palestiniens fr\u00e9quentant une \u00e9cole de l&rsquo;UNRWA, s&rsquo;\u00e9taient r\u00e9fugi\u00e9s \u00e0 l&rsquo;int\u00e9rieur du complexe ferm\u00e9.<\/span><\/p>\n<p style=\"text-align: justify;\"><span style=\"font-size: 14pt;\">La version isra\u00e9lienne \u00e9tait une concoction de mensonges qui pouvaient \u00eatre facilement r\u00e9fut\u00e9s, bien qu&rsquo;aucun journaliste \u00e9tranger, \u00e0 part moi, n&rsquo;ait jamais pris la peine de se rendre sur place pour v\u00e9rifier. Et comme les possibilit\u00e9s \u00e9taient plus limit\u00e9es \u00e0 l&rsquo;\u00e9poque, j&rsquo;ai eu du mal \u00e0 trouver un m\u00e9dia pr\u00eat \u00e0 publier mon enqu\u00eate.<\/span><\/p>\n<p style=\"text-align: justify;\"><span style=\"font-size: 14pt;\">Isra\u00ebl a affirm\u00e9 que son tireur d&rsquo;\u00e9lite, qui surplombait le complexe depuis une fen\u00eatre du troisi\u00e8me \u00e9tage, avait vu des Palestiniens p\u00e9n\u00e9trer dans le complexe. Selon cette version, le tireur d&rsquo;\u00e9lite a pris Hook, 54 ans, grand, p\u00e2le et roux, pour un tireur palestinien, alors qu&rsquo;il observait le fonctionnaire des Nations unies \u00e0 travers une lunette depuis plus d&rsquo;une heure.<\/span><\/p>\n<p style=\"text-align: justify;\"><span style=\"font-size: 14pt;\">Pour \u00e9tayer son histoire grotesque, Isra\u00ebl a \u00e9galement affirm\u00e9 que le sniper avait confondu le t\u00e9l\u00e9phone portable de Hook avec une grenade \u00e0 main, et qu&rsquo;il craignait qu&rsquo;il ne soit sur le point de la lancer hors du complexe en direction des soldats isra\u00e9liens dans la rue.<\/span><\/p>\n<p style=\"text-align: justify;\"><span style=\"font-size: 14pt;\">Sauf que, comme le sniper devait le savoir, c&rsquo;\u00e9tait impossible. L&rsquo;enceinte \u00e9tait ferm\u00e9e, avec un haut mur de b\u00e9ton, un auvent de station-service en guise de toit, et un \u00e9pais grillage \u00e0 poules couvrant l&rsquo;espace entre les deux. Si Hook avait lanc\u00e9 sa grenade t\u00e9l\u00e9phonique dans la rue, elle lui aurait rebondi dessus. Si c&rsquo;\u00e9tait vraiment une grenade, il se serait fait exploser.<\/span><\/p>\n<p style=\"text-align: justify;\"><span style=\"font-size: 14pt;\">La v\u00e9rit\u00e9 est que Hook a fait une erreur de jugement. Entour\u00e9 de troupes isra\u00e9liennes et de combattants palestiniens cach\u00e9s dans les ruelles voisines, et exasp\u00e9r\u00e9 par le refus d&rsquo;Isra\u00ebl d&rsquo;autoriser son personnel et les enfants \u00e0 sortir en toute s\u00e9curit\u00e9, il a ouvert la porte et a tent\u00e9 de plaider aupr\u00e8s des soldats \u00e0 l&rsquo;ext\u00e9rieur.<\/span><\/p>\n<p style=\"text-align: justify;\"><span style=\"font-size: 14pt;\">Au moment o\u00f9 il le faisait, un tireur palestinien est sorti d&rsquo;une ruelle voisine et a tir\u00e9 en direction d&rsquo;un v\u00e9hicule blind\u00e9 isra\u00e9lien. Personne n&rsquo;a \u00e9t\u00e9 bless\u00e9. Hook s&rsquo;est enfui dans l&rsquo;enceinte et l&rsquo;a referm\u00e9e.<\/span><\/p>\n<p style=\"text-align: justify;\"><span style=\"font-size: 14pt;\">Mais les soldats isra\u00e9liens \u00e0 l&rsquo;ext\u00e9rieur avaient maintenant une dent contre le fonctionnaire de l&rsquo;ONU. L&rsquo;un d&rsquo;eux a d\u00e9cid\u00e9 de tirer une balle dans la t\u00eate de Hook pour lui r\u00e9gler son compte.<\/span><\/p>\n<h2 style=\"text-align: justify;\"><span style=\"font-size: 18pt;\">Mauvaise foi<\/span><\/h2>\n<p style=\"text-align: justify;\"><span style=\"font-size: 14pt;\">L&rsquo;ONU a \u00e9t\u00e9 oblig\u00e9e de mener une enqu\u00eate d\u00e9taill\u00e9e sur le meurtre de Hook. Les proches d&rsquo;Abu Akleh ne b\u00e9n\u00e9ficieront probablement pas du m\u00eame avantage. En effet, la police isra\u00e9lienne a tenu \u00e0 faire une \u00ab descente \u00bb \u00e0 son domicile \u00e0 J\u00e9rusalem-Est occup\u00e9e pour perturber le deuil de la famille, en exigeant qu&rsquo;un drapeau palestinien soit d\u00e9croch\u00e9. Un autre message envoy\u00e9.<\/span><\/p>\n<p style=\"text-align: justify;\"><span style=\"font-size: 14pt;\">Isra\u00ebl insiste d\u00e9j\u00e0 pour avoir acc\u00e8s aux preuves m\u00e9dico-l\u00e9gales &#8211; comme si un meurtrier avait le droit d&rsquo;\u00eatre le seul \u00e0 enqu\u00eater sur son propre crime.<\/span><\/p>\n<p style=\"text-align: justify;\"><span style=\"font-size: 14pt;\">Mais en fait, m\u00eame dans le cas de Hook, l&rsquo;enqu\u00eate de l&rsquo;ONU a \u00e9t\u00e9 discr\u00e8tement mise en veilleuse. Accuser Isra\u00ebl d&rsquo;avoir ex\u00e9cut\u00e9 un fonctionnaire de l&rsquo;ONU aurait contraint l&rsquo;organisme international \u00e0 une confrontation dangereuse avec Isra\u00ebl et avec les USA. Le meurtre de Hook a \u00e9t\u00e9 \u00e9touff\u00e9, et personne n&rsquo;a \u00e9t\u00e9 traduit en justice.<\/span><\/p>\n<p style=\"text-align: justify;\"><span style=\"font-size: 14pt;\">On ne peut rien attendre de mieux pour Abu Akleh. Il y aura des bruits concernant une enqu\u00eate. Isra\u00ebl accusera l&rsquo;Autorit\u00e9 palestinienne de ne pas coop\u00e9rer, comme elle le fait d\u00e9j\u00e0. Washington exprimera sa ti\u00e8de pr\u00e9occupation mais ne fera rien. En coulisses, les USA aideront Isra\u00ebl \u00e0 bloquer toute enqu\u00eate s\u00e9rieuse.<\/span><\/p>\n<p style=\"text-align: justify;\"><span style=\"font-size: 14pt;\">Pour les USA et l\u2019UE, les d\u00e9clarations de routine sur la \u00ab tristesse \u00bb et les appels \u00e0 l&rsquo;enqu\u00eate ne sont pas destin\u00e9s \u00e0 faire la lumi\u00e8re sur ce qui s&rsquo;est pass\u00e9. Cela ne pourrait qu&#8217;embarrasser un alli\u00e9 strat\u00e9gique n\u00e9cessaire \u00e0 la projection de la puissance occidentale dans le Moyen-Orient riche en p\u00e9trole.<\/span><\/p>\n<p style=\"text-align: justify;\"><span style=\"font-size: 14pt;\">Non, ces d\u00e9clarations en demi-teinte des capitales occidentales sont destin\u00e9es \u00e0 d\u00e9samorcer et \u00e0 confondre. Elles ont pour but de couper court \u00e0 toute r\u00e9action brutale, d&rsquo;indiquer l&rsquo;impartialit\u00e9 de l&rsquo;Occident et de sauver la face des r\u00e9gimes arabes complices, de sugg\u00e9rer qu&rsquo;il existe un processus juridique auquel Isra\u00ebl adh\u00e8re et de contrecarrer les efforts d\u00e9ploy\u00e9s par les Palestiniens et la communaut\u00e9 des droits humains pour soumettre ces crimes de guerre \u00e0 des organismes internationaux, tels que la CPI.<\/span><\/p>\n<p style=\"text-align: justify;\"><span style=\"font-size: 14pt;\">La v\u00e9rit\u00e9 est qu&rsquo;une occupation de plusieurs d\u00e9cennies ne peut survivre que gr\u00e2ce \u00e0 des actes de terreur gratuits &#8211; parfois al\u00e9atoires, parfois soigneusement calibr\u00e9s &#8211; destin\u00e9s \u00e0 maintenir la population concern\u00e9e dans la peur et la soumission. Lorsque l&rsquo;occupation est parrain\u00e9e par la principale superpuissance mondiale, l&rsquo;impunit\u00e9 est absolue pour ceux qui supervisent ce r\u00e8gne de la terreur.<\/span><\/p>\n<p style=\"text-align: justify;\"><span style=\"font-size: 14pt;\">La carte d&rsquo;identit\u00e9 du directeur de projet de l&rsquo;UNRWA \u00e0 J\u00e9nine, le Britannique Iain John Hook, qui a \u00e9t\u00e9 tu\u00e9 dans la ville de J\u00e9nine, en Cisjordanie, le 22 novembre 2002. Les Nations Unies ont contest\u00e9 l&rsquo;affirmation d&rsquo;Isra\u00ebl selon laquelle les Palestiniens avaient tir\u00e9 sur les troupes isra\u00e9liennes depuis un complexe des Nations Unies lors d&rsquo;une fusillade au cours de laquelle les soldats ont tu\u00e9 Hook. (Reuters)<\/span><\/p>\n","protected":false},"excerpt":{"rendered":"<p>Abu Akleh est la derni\u00e8re victime en date. Mais ces ex\u00e9cutions se poursuivront tant qu&rsquo;Isra\u00ebl et ses soldats seront \u00e0 l\u2019abri de toute obligation de rendre des comptes.<\/p>\n","protected":false},"author":129,"featured_media":38594,"comment_status":"open","ping_status":"open","sticky":false,"template":"","format":"standard","meta":{"_uf_show_specific_survey":0,"_uf_disable_surveys":false,"footnotes":""},"categories":[218],"tags":[19012,4750,19011,19013,16024,19024,5170,19014,1361,1338,19021,18946,19010,19023,12816],"coauthors":[1179],"class_list":["post-38588","post","type-post","status-publish","format-standard","has-post-thumbnail","hentry","category-monde","tag-ajuste-de-cuentas","tag-crimenes-sionistas","tag-ejecucion-shireen-abu-akleh","tag-eqiilibrio-de-fuerzas","tag-equilibre-des-forces","tag-imparcialidad-de-occidente","tag-jonathan-cook","tag-mala-fe","tag-ocupacion-sionista","tag-palestina-israel","tag-reglement-de-comptes","tag-shireen-abu-akleh","tag-tiro-amigo","tag-usa-ue-israel","tag-violaciones-ddhh-dih"],"translation":{"provider":"WPGlobus","version":"2.12.2","language":"fr","enabled_languages":["es","fr"],"languages":{"es":{"title":true,"content":true,"excerpt":true},"fr":{"title":true,"content":true,"excerpt":true}}},"_links":{"self":[{"href":"https:\/\/www.lapluma.net\/fr\/wp-json\/wp\/v2\/posts\/38588","targetHints":{"allow":["GET"]}}],"collection":[{"href":"https:\/\/www.lapluma.net\/fr\/wp-json\/wp\/v2\/posts"}],"about":[{"href":"https:\/\/www.lapluma.net\/fr\/wp-json\/wp\/v2\/types\/post"}],"author":[{"embeddable":true,"href":"https:\/\/www.lapluma.net\/fr\/wp-json\/wp\/v2\/users\/129"}],"replies":[{"embeddable":true,"href":"https:\/\/www.lapluma.net\/fr\/wp-json\/wp\/v2\/comments?post=38588"}],"version-history":[{"count":21,"href":"https:\/\/www.lapluma.net\/fr\/wp-json\/wp\/v2\/posts\/38588\/revisions"}],"predecessor-version":[{"id":38646,"href":"https:\/\/www.lapluma.net\/fr\/wp-json\/wp\/v2\/posts\/38588\/revisions\/38646"}],"wp:featuredmedia":[{"embeddable":true,"href":"https:\/\/www.lapluma.net\/fr\/wp-json\/wp\/v2\/media\/38594"}],"wp:attachment":[{"href":"https:\/\/www.lapluma.net\/fr\/wp-json\/wp\/v2\/media?parent=38588"}],"wp:term":[{"taxonomy":"category","embeddable":true,"href":"https:\/\/www.lapluma.net\/fr\/wp-json\/wp\/v2\/categories?post=38588"},{"taxonomy":"post_tag","embeddable":true,"href":"https:\/\/www.lapluma.net\/fr\/wp-json\/wp\/v2\/tags?post=38588"},{"taxonomy":"author","embeddable":true,"href":"https:\/\/www.lapluma.net\/fr\/wp-json\/wp\/v2\/coauthors?post=38588"}],"curies":[{"name":"wp","href":"https:\/\/api.w.org\/{rel}","templated":true}]}}