{"id":38125,"date":"2022-05-10T12:54:31","date_gmt":"2022-05-10T12:54:31","guid":{"rendered":"http:\/\/www.lapluma.net\/?p=38125"},"modified":"2025-09-01T13:10:44","modified_gmt":"2025-09-01T13:10:44","slug":"urabenos-y-uribenos-incendian-los-territorios-para-desestabilizar-proceso-electoral","status":"publish","type":"post","link":"https:\/\/www.lapluma.net\/fr\/2022\/05\/10\/urabenos-y-uribenos-incendian-los-territorios-para-desestabilizar-proceso-electoral\/","title":{"rendered":"Urabe\u00f1os y uribe\u00f1os incendian los territorios para desestabilizar proceso electoral"},"content":{"rendered":"<p><\/p>\r\n<p style=\"text-align: justify;\">Como las encuestas electorales dan un amplio margen al candidato presidencial del Pacto Hist\u00f3rico, senador Gustavo Petro (44% frente al 24% del candidato uribista), los estrategas de la ultraderecha uribista afinan y perfeccionan sus planes de manipulaci\u00f3n para tratar de impedir la anunciada derrota en las urnas y su desalojo de la Casa de Nari\u00f1o el pr\u00f3ximo 29 de enero.<\/p>\r\n<p><img loading=\"lazy\" decoding=\"async\" class=\" wp-image-38132 aligncenter\" src=\"http:\/\/www.lapluma.net\/wp-content\/uploads\/2022\/05\/Capture-Encuesta-CELAG1--300x190.jpg\" alt=\"\" width=\"436\" height=\"276\" srcset=\"https:\/\/www.lapluma.net\/wp-content\/uploads\/2022\/05\/Capture-Encuesta-CELAG1--300x190.jpg 300w, https:\/\/www.lapluma.net\/wp-content\/uploads\/2022\/05\/Capture-Encuesta-CELAG1-.jpg 763w\" sizes=\"auto, (max-width: 436px) 100vw, 436px\" \/><\/p>\r\n<p>\u00a0<\/p>\r\n<p><img loading=\"lazy\" decoding=\"async\" class=\" wp-image-38131 aligncenter\" src=\"http:\/\/www.lapluma.net\/wp-content\/uploads\/2022\/05\/Gustavo-Petro-Fico-Gutierrez-300x169.jpg\" alt=\"\" width=\"426\" height=\"240\" srcset=\"https:\/\/www.lapluma.net\/wp-content\/uploads\/2022\/05\/Gustavo-Petro-Fico-Gutierrez-300x169.jpg 300w, https:\/\/www.lapluma.net\/wp-content\/uploads\/2022\/05\/Gustavo-Petro-Fico-Gutierrez-1024x576.jpg 1024w, https:\/\/www.lapluma.net\/wp-content\/uploads\/2022\/05\/Gustavo-Petro-Fico-Gutierrez-768x432.jpg 768w, https:\/\/www.lapluma.net\/wp-content\/uploads\/2022\/05\/Gustavo-Petro-Fico-Gutierrez-1536x864.jpg 1536w, https:\/\/www.lapluma.net\/wp-content\/uploads\/2022\/05\/Gustavo-Petro-Fico-Gutierrez-870x489.jpg 870w, https:\/\/www.lapluma.net\/wp-content\/uploads\/2022\/05\/Gustavo-Petro-Fico-Gutierrez-895x503.jpg 895w, https:\/\/www.lapluma.net\/wp-content\/uploads\/2022\/05\/Gustavo-Petro-Fico-Gutierrez.jpg 1920w\" sizes=\"auto, (max-width: 426px) 100vw, 426px\" \/><\/p>\r\n<p style=\"text-align: justify;\">El fraude electoral se da por descontado en la versi\u00f3n de 2018 cuando los dineros de la \u00d1e\u00f1epol\u00edtica le arrimaron a Iv\u00e1n Duque m\u00e1s de 2 millones de votos utilizando la compra masiva de votos y de jurados electorales.<\/p>\r\n<p style=\"text-align: justify;\">Hoy, como siempre, se ha dado en la historia del sistema electoral colombiano, la violencia es de nuevo el recurso socorrido m\u00e1s eficaz para manipular e intimidar electoralmente a la ciudadan\u00eda oblig\u00e1ndola a dar su apoyo al se\u00f1alado por la casta olig\u00e1rquica colombiana, el se\u00f1or Fico Guti\u00e9rrez.<\/p>\r\n<p style=\"text-align: justify;\"><a href=\"http:\/\/www.lapluma.net\/wp-content\/uploads\/2022\/05\/Fico-Gutierrez.webp\"><img loading=\"lazy\" decoding=\"async\" class=\" wp-image-38135 aligncenter\" src=\"http:\/\/www.lapluma.net\/wp-content\/uploads\/2022\/05\/Fico-Gutierrez-300x190.webp\" alt=\"\" width=\"365\" height=\"231\" srcset=\"https:\/\/www.lapluma.net\/wp-content\/uploads\/2022\/05\/Fico-Gutierrez-300x190.webp 300w, https:\/\/www.lapluma.net\/wp-content\/uploads\/2022\/05\/Fico-Gutierrez-768x488.webp 768w, https:\/\/www.lapluma.net\/wp-content\/uploads\/2022\/05\/Fico-Gutierrez.webp 1024w\" sizes=\"auto, (max-width: 365px) 100vw, 365px\" \/><\/a>A ra\u00edz de la precipitada extradici\u00f3n de Otoniel a los Estados Unidos, jefe del Clan del Golfo, desconociendo los derechos de las victimas a la verdad y reparaci\u00f3n, y para bloquear el testimonio de este que ya compromet\u00eda a decenas de pol\u00edticos, banqueros y generales del r\u00e9gimen, <a href=\"https:\/\/es.insightcrime.org\/noticias-crimen-organizado-colombia\/urabenos-perfil\/\">los urabe\u00f1os o clan del Golfo<\/a> han desatado una feroz campa\u00f1a de atentados, bloqueos de v\u00edas, cierre de pueblos, incendio de veh\u00edculos y asesinato de l\u00edderes sociales en amplios territorios de la geograf\u00eda nacional en el Bajo Cauca antioque\u00f1o, sur del departamento de C\u00f3rdoba, Sucre, Bol\u00edvar (Magangu\u00e9 est\u00e1 completamente cerrado y silenciado), Sierra Nevada de Santa Marta, en el Urab\u00e1 antioque\u00f1o, en el \u00c1rea Metropolitana de Medell\u00edn y en Buenaventura, todo para sembrar terror e intimidar a las comunidades y afectar de esa manera el amplio apoyo a las propuesta de Gustavo Petro que contienen una alternativa de cambios radicales en la sociedad.<\/p>\r\n<p><img loading=\"lazy\" decoding=\"async\" class=\" wp-image-38134 aligncenter\" src=\"http:\/\/www.lapluma.net\/wp-content\/uploads\/2022\/05\/Urabenos-y-uribenos-Bacteria-300x181.jpg\" alt=\"\" width=\"408\" height=\"246\" srcset=\"https:\/\/www.lapluma.net\/wp-content\/uploads\/2022\/05\/Urabenos-y-uribenos-Bacteria-300x181.jpg 300w, https:\/\/www.lapluma.net\/wp-content\/uploads\/2022\/05\/Urabenos-y-uribenos-Bacteria.jpg 480w\" sizes=\"auto, (max-width: 408px) 100vw, 408px\" \/><\/p>\r\n<p style=\"text-align: justify;\">Considero que el vandalismo de los Urabe\u00f1os es un complemento de la campa\u00f1a de los uribe\u00f1os para impedir la derrota de Federico Guti\u00e9rrez, el candidato de la ultraderecha que tiene el benepl\u00e1cito del gobierno de Iv\u00e1n Duque quien ha volcado toda la infraestructura gubernamental para afectar la apabullante campa\u00f1a del Pacto Hist\u00f3rico y del senador Petro, que se ha anotado un importante golpe con la ca\u00edda en la Corte Constitucional de la norma que suspendi\u00f3 la ley de garant\u00edas electorales para permitir abusos con los recursos p\u00fablicos mediante contratos oscuros que al d\u00eda de ayer sumaban m\u00e1s de 7 billones de pesos (casi 2 mil millones de d\u00f3lares) entregados a dedo en los \u00faltimos 4 meses a los contratistas y operadores de bolsillo afines al uribismo y a toda la peste pol\u00edtica que parasita a su lado. La Corte ha dicho que esos contratos carecen de validez y los dineros deben ser reembolsados a la Tesorer\u00eda general del Ministerio de Hacienda, pues fueron hechos con fines electorales para favorecer a Fico.<\/p>\r\n<h5 style=\"text-align: center;\"><img loading=\"lazy\" decoding=\"async\" class=\" wp-image-38136 aligncenter\" src=\"http:\/\/www.lapluma.net\/wp-content\/uploads\/2022\/05\/Duque-Fico-300x212.webp\" alt=\"\" width=\"457\" height=\"323\" srcset=\"https:\/\/www.lapluma.net\/wp-content\/uploads\/2022\/05\/Duque-Fico-300x212.webp 300w, https:\/\/www.lapluma.net\/wp-content\/uploads\/2022\/05\/Duque-Fico-768x543.webp 768w, https:\/\/www.lapluma.net\/wp-content\/uploads\/2022\/05\/Duque-Fico.webp 1024w\" sizes=\"auto, (max-width: 457px) 100vw, 457px\" \/>El presidente de Colombia, Iv\u00e1n Duque, con \u00ab\u00a0Fico\u00a0\u00bb Guti\u00e9rrez. Foto Joaquin Sarmiento\/AFP <\/h5>\r\n<p style=\"text-align: justify;\">La violencia de Urabe\u00f1os y uribe\u00f1os est\u00e1 en alza con masacres como las del Putumayo y San Vicente del Cagu\u00e1n (Operaci\u00f3n Artemisa de la Fudra\/Omega) y con los demenciales procedimientos para repudiar la extradici\u00f3n de Otoniel (que por supuesto rechazamos) que son en la pr\u00e1ctica de mucha utilidad para la estratagema de Matarife acorralado por procesos judiciales y el descredito pol\u00edtico\/electoral.<\/p>\r\n<p style=\"text-align: justify;\"><a href=\"http:\/\/www.lapluma.net\/wp-content\/uploads\/2022\/05\/Nuevo-proyecto-71.webp\"><img loading=\"lazy\" decoding=\"async\" class=\" wp-image-38130 aligncenter\" src=\"http:\/\/www.lapluma.net\/wp-content\/uploads\/2022\/05\/Nuevo-proyecto-71-300x158.webp\" alt=\"\" width=\"410\" height=\"216\" srcset=\"https:\/\/www.lapluma.net\/wp-content\/uploads\/2022\/05\/Nuevo-proyecto-71-300x158.webp 300w, https:\/\/www.lapluma.net\/wp-content\/uploads\/2022\/05\/Nuevo-proyecto-71-1024x538.webp 1024w, https:\/\/www.lapluma.net\/wp-content\/uploads\/2022\/05\/Nuevo-proyecto-71-768x403.webp 768w, https:\/\/www.lapluma.net\/wp-content\/uploads\/2022\/05\/Nuevo-proyecto-71.webp 1200w\" sizes=\"auto, (max-width: 410px) 100vw, 410px\" \/><\/a>En todo caso, la ca\u00edda en picada de la ultraderecha la apura el registro de la inflaci\u00f3n (9 %) m\u00e1s alta en 21 a\u00f1os que agudiza la pobreza y miseria de casi 33 millones de colombianos afectados por la exclusi\u00f3n social y la concentraci\u00f3n de la riqueza favorecida por la pol\u00edtica econ\u00f3mica y fiscal del gobierno del se\u00f1or Duque.<\/p>\r\n<p style=\"text-align: justify;\">Rechazamos la violencia de Urabe\u00f1os y uribe\u00f1os y proponemos que el senador Gustavo Petro con la bancada del Pacto Hist\u00f3rico denuncien los fines perversos de esta ola violenta promovida desde la c\u00fapula militar y pol\u00edtica del r\u00e9gimen para desestabilizar el proceso electoral en curso con cierre inmediato en la primera vuelta presidencial del 29 de mayo.<\/p>\r\n<p><img loading=\"lazy\" decoding=\"async\" class=\" wp-image-38133 aligncenter\" src=\"http:\/\/www.lapluma.net\/wp-content\/uploads\/2022\/05\/Colombia-pais-de-masacres--300x261.jpg\" alt=\"\" width=\"360\" height=\"313\" srcset=\"https:\/\/www.lapluma.net\/wp-content\/uploads\/2022\/05\/Colombia-pais-de-masacres--300x261.jpg 300w, https:\/\/www.lapluma.net\/wp-content\/uploads\/2022\/05\/Colombia-pais-de-masacres-.jpg 661w\" sizes=\"auto, (max-width: 360px) 100vw, 360px\" \/><\/p>\r\n<h4>Horacio Duque<\/h4>\r\n<h4>Editado por <a href=\"http:\/\/www.lapluma.net\/nosotros\/editora\/\">Mar\u00eda Piedad Ossaba<\/a><\/h4>\r\n<h4>Publicado por\u00a0 <a href=\"https:\/\/www.las2orillas.co\/urabenos-y-uribenos-incendian-los-territorios-para-desestabilizar-proceso-electoral\/\">Las 2 Orillas<\/a> \/<a href=\"https:\/\/rebelion.org\/urabenos-y-uribenos-incendian-los-territorios-para-desestabilizar-proceso-electoral\/\">Rebeli\u00f3n<\/a>, el 10 de mayo de 2022<\/h4>\r\n<p><\/p>","protected":false},"excerpt":{"rendered":"<p>A ra\u00edz de la precipitada extradici\u00f3n de Otoniel a los Estados Unidos, los urabe\u00f1os o Clan del Golfo han desatado una feroz campa\u00f1a de atentados<\/p>\n","protected":false},"author":308,"featured_media":38128,"comment_status":"open","ping_status":"open","sticky":false,"template":"","format":"standard","meta":{"_uf_show_specific_survey":0,"_uf_disable_surveys":false,"footnotes":""},"categories":[216],"tags":[18849,9939,18681,18859,18855,18717,18851,18858,30309,18857,14271,14291],"coauthors":[2741],"class_list":["post-38125","post","type-post","status-publish","format-standard","has-post-thumbnail","hentry","category-colombia","tag-area-metropolitana-de-medellin","tag-autodefensas-gaitanistas-de-colombia-agc","tag-clan-del-golfo","tag-desestabilizacion-proceso-electoral","tag-federicoficogutierrez-ultraderecha","tag-gustavo-petro-pacto-historico","tag-gustavo-petro-ivan-duque","tag-ivan-duque-2-0","tag-masacres-putumayo-y-san-vicente-del-caguan","tag-operacion-artemisa-de-la-fudra-omega","tag-pacto-historico","tag-usa-kariba-colombia"],"translation":{"provider":"WPGlobus","version":"2.12.2","language":"fr","enabled_languages":["es","fr"],"languages":{"es":{"title":true,"content":true,"excerpt":true},"fr":{"title":false,"content":false,"excerpt":false}}},"_links":{"self":[{"href":"https:\/\/www.lapluma.net\/fr\/wp-json\/wp\/v2\/posts\/38125","targetHints":{"allow":["GET"]}}],"collection":[{"href":"https:\/\/www.lapluma.net\/fr\/wp-json\/wp\/v2\/posts"}],"about":[{"href":"https:\/\/www.lapluma.net\/fr\/wp-json\/wp\/v2\/types\/post"}],"author":[{"embeddable":true,"href":"https:\/\/www.lapluma.net\/fr\/wp-json\/wp\/v2\/users\/308"}],"replies":[{"embeddable":true,"href":"https:\/\/www.lapluma.net\/fr\/wp-json\/wp\/v2\/comments?post=38125"}],"version-history":[{"count":4,"href":"https:\/\/www.lapluma.net\/fr\/wp-json\/wp\/v2\/posts\/38125\/revisions"}],"predecessor-version":[{"id":81771,"href":"https:\/\/www.lapluma.net\/fr\/wp-json\/wp\/v2\/posts\/38125\/revisions\/81771"}],"wp:featuredmedia":[{"embeddable":true,"href":"https:\/\/www.lapluma.net\/fr\/wp-json\/wp\/v2\/media\/38128"}],"wp:attachment":[{"href":"https:\/\/www.lapluma.net\/fr\/wp-json\/wp\/v2\/media?parent=38125"}],"wp:term":[{"taxonomy":"category","embeddable":true,"href":"https:\/\/www.lapluma.net\/fr\/wp-json\/wp\/v2\/categories?post=38125"},{"taxonomy":"post_tag","embeddable":true,"href":"https:\/\/www.lapluma.net\/fr\/wp-json\/wp\/v2\/tags?post=38125"},{"taxonomy":"author","embeddable":true,"href":"https:\/\/www.lapluma.net\/fr\/wp-json\/wp\/v2\/coauthors?post=38125"}],"curies":[{"name":"wp","href":"https:\/\/api.w.org\/{rel}","templated":true}]}}