{"id":37883,"date":"2022-05-02T11:59:20","date_gmt":"2022-05-02T11:59:20","guid":{"rendered":"http:\/\/www.lapluma.net\/?p=37883"},"modified":"2022-05-02T15:41:06","modified_gmt":"2022-05-02T15:41:06","slug":"critica-del-pensamiento-critico","status":"publish","type":"post","link":"https:\/\/www.lapluma.net\/fr\/2022\/05\/02\/critica-del-pensamiento-critico\/","title":{"rendered":"Cr\u00edtica del \u201cpensamiento Cr\u00edtico\u201d"},"content":{"rendered":"\n\n\n<h3 style=\"text-align: justify;\">De lo que se trata es de transformar el mundo<\/h3>\n<p style=\"text-align: justify;\">No es suficiente que el pensamiento sea cr\u00edtico, es crucial que se haga revolucionario. Tambi\u00e9n la ideolog\u00eda de la clase dominante ha sido muy \u201ccr\u00edtica\u201d, en el peor sentido, y destructora bas\u00e1ndose en mentir, confundir o calumniar a mansalva todo ascenso de conciencia y organizaci\u00f3n emancipadora de los oprimidos. Incluso la m\u00e1s fundamentada de las cr\u00edticas puede ser est\u00e9ril si no contiene motores transformadores.<\/p>\n<p><img loading=\"lazy\" decoding=\"async\" class=\" wp-image-37891 aligncenter\" src=\"http:\/\/www.lapluma.net\/wp-content\/uploads\/2022\/05\/La-cabeza-de-Medusa-Peter-Paul-Rubens-1617-18-300x177.jpg\" alt=\"\" width=\"520\" height=\"307\" srcset=\"https:\/\/www.lapluma.net\/wp-content\/uploads\/2022\/05\/La-cabeza-de-Medusa-Peter-Paul-Rubens-1617-18-300x177.jpg 300w, https:\/\/www.lapluma.net\/wp-content\/uploads\/2022\/05\/La-cabeza-de-Medusa-Peter-Paul-Rubens-1617-18.jpg 640w\" sizes=\"auto, (max-width: 520px) 100vw, 520px\" \/><\/p>\n<h5 style=\"text-align: center;\">Peter Paul Rubens, T\u00edtulo original: Hoofd van Medusa (Cabeza de Medusa), \u00d3leo sobre lienzo, 68.5 X 118 cm, Museo: Kunsthistorisches Museum, Viena (Austria)<\/h5>\n<p style=\"text-align: justify;\">No es suficiente detectar o describir problemas, yerros o descuidos, voluntarios o involuntarios, incluso si la observaci\u00f3n cr\u00edtica es erudita, creativa o sorprendente. Es verdad que su \u201cinsuficiencia\u201d no inutiliza a la cr\u00edtica (ni a la autocr\u00edtica) pero es verdad, tambi\u00e9n, que se prefiere a la cr\u00edtica con sentido de clase y compromiso de lucha. Pero su forma m\u00e1s poderosa es la de la praxis. La que desde su g\u00e9nesis contiene proyecciones de acci\u00f3n directa y contiene, a su vez, cr\u00edtica permanente para las transformaciones permanentes. La cr\u00edtica por la cr\u00edtica misma a veces se vuelve torneo de diletancias.<\/p>\n<p style=\"text-align: justify;\">Si la cr\u00edtica asciende a la fase revolucionaria (la fase que cambia todo lo que debe dar cambiado para aniquilar lo que atosiga a los pueblos y potenciar dial\u00e9cticamente lo que lo emancipa) convierte en producto hist\u00f3rico al instrumento metodol\u00f3gico. Y entonces se cumple con un cometido indispensable que no debe tener obst\u00e1culos. En \u00faltima instancia, o en primera, ese es el sentido de la ciencia si ha de trascenderse en la din\u00e1mica inmensa del desarrollo de la Humanidad emancipada del capitalismo. La humanidad para s\u00ed y no para el capital.<\/p>\n<p style=\"text-align: justify;\">Todo eso obliga a que el m\u00e9todo de la cr\u00edtica, y de la Revoluci\u00f3n, est\u00e9n en sincron\u00eda con un marco filos\u00f3fico m\u00e1s amplio y m\u00e1s espec\u00edfico en el que la vida misma es inadmisible en las condiciones impuestas por el capitalismo con su depredaci\u00f3n generalizada del planeta y de las personas. De los baluartes civilizatorios y del futuro mismo. La idea de vida debe ser rescatada y re-configurada sobre premisas de convivencia donde no impere el odio, el miedo o las humillaciones sin fin. La vida misma debe ser re-conceptuada sobre la base de la dignidad y de la felicidad que no se alcanzan s\u00f3lo criticando las condiciones de infelicidad actuales. Se necesita m\u00e1s que buenas ideas cr\u00edticas.<\/p>\n<p><img loading=\"lazy\" decoding=\"async\" class=\" wp-image-37890 aligncenter\" src=\"http:\/\/www.lapluma.net\/wp-content\/uploads\/2022\/05\/Pensamiento-critico-300x150.png\" alt=\"\" width=\"458\" height=\"229\" srcset=\"https:\/\/www.lapluma.net\/wp-content\/uploads\/2022\/05\/Pensamiento-critico-300x150.png 300w, https:\/\/www.lapluma.net\/wp-content\/uploads\/2022\/05\/Pensamiento-critico-510x256.png 510w, https:\/\/www.lapluma.net\/wp-content\/uploads\/2022\/05\/Pensamiento-critico.png 512w\" sizes=\"auto, (max-width: 458px) 100vw, 458px\" \/><\/p>\n<p style=\"text-align: justify;\">Y desde luego la cr\u00edtica revolucionaria ha de servir para combatir la desmoralizaci\u00f3n inducida, incluso por la cr\u00edtica, que cuando no tiene motores revolucionarios, tiene a ser funcional al plan des-moralizador y des-organizador financiado por las oligarqu\u00edas. Son absolutamente indispensables los desarrollos te\u00f3rico-metodol\u00f3gicos que han permitido \u201cproblematizar\u201d los campos de batalla simb\u00f3licos y el estado actual de la guerra medi\u00e1tica h\u00edbrida e irrestricta. Pero no con los oprimirnos m\u00e1s cr\u00edticos lograremos ver que la cr\u00edtica resuelva lo que debe resolver un programa organizado para la unidad transformadora incluso de la clase oprimida. No podemos enga\u00f1arnos ni contentarnos con la magnificencia de las obras puramente cr\u00edticas. Por s\u00ed solas son escasas y peligrosas. Tambi\u00e9n.<\/p>\n<p style=\"text-align: justify;\">Hemos de profundizar la cr\u00edtica con la praxis. (S\u00e1nchez V\u00e1zquez) especialmente con la autocr\u00edtica que no sea puramente confesional. Cierto ejercicio argumental, que se regodea con la trascendencia de la cr\u00edtica, suele omitir la explicaci\u00f3n (autocr\u00edtica) de sus marcos te\u00f3ricos de referencia. Pone el carruaje delante de los caballos y luego se queja de que \u201cno se avanza\u201d por culpa siempre de terceros. Pero eso que parecer\u00eda un error de razonamiento posicional termina siendo una emboscada ideol\u00f3gica que conviene mucho a ciertas sectas disfrazadas de cient\u00edficas y a todo el sistema de burocracia burguesa que se embriaga produciendo cr\u00edtica est\u00e9ril. En general los pueblos quedan muy lejos de las \u201cproblem\u00e1tizaciones\u201d sesudas y de las soluciones de gabinete. Otra cosa es la cr\u00edtica democratizada participativamente en los campos de batalla de las bases. Ah\u00ed deber\u00edan habitar todas las investigaciones epistemol\u00f3gicas decididas a cambiar el mundo, convertido en desastre, que nos impone el capitalismo que es una dictadura.<\/p>\n<h5 style=\"text-align: center;\"><img loading=\"lazy\" decoding=\"async\" class=\"size-medium wp-image-37892 aligncenter\" src=\"http:\/\/www.lapluma.net\/wp-content\/uploads\/2022\/05\/bases-del-pensamiento-critico-300x240.png\" alt=\"\" width=\"300\" height=\"240\" srcset=\"https:\/\/www.lapluma.net\/wp-content\/uploads\/2022\/05\/bases-del-pensamiento-critico-300x240.png 300w, https:\/\/www.lapluma.net\/wp-content\/uploads\/2022\/05\/bases-del-pensamiento-critico-124x100.png 124w, https:\/\/www.lapluma.net\/wp-content\/uploads\/2022\/05\/bases-del-pensamiento-critico.png 500w\" sizes=\"auto, (max-width: 300px) 100vw, 300px\" \/>Lo revolucionario: pensar y actuar<\/h5>\n<p style=\"text-align: justify;\">Un programa de acci\u00f3n transformadora tiene siempre perspectivas entre \u201clo deseable, lo posible y lo realizable\u201d. Eso implica tiempo y alcances de las soluciones imbricadas socialmente con quienes directa o indirectamente sostienen la lucha. Los grandes remedios que, de serlo, siempre se agradecen, porque mejoran todo enormidades si cuentan con la intervenci\u00f3n directa de los beneficiarios no s\u00f3lo de los \u201ccreativos\u201d, sino de la acci\u00f3n directa. Eso es ya un paso de rigor metodol\u00f3gico y un clamor pol\u00edtico que deber\u00eda cruzar -y renovar- todos los cortes geol\u00f3gicos de la sem\u00e1ntica cient\u00edfica. Romper los diques burocr\u00e1ticos de las cofrad\u00edas te\u00f3ricas.<\/p>\n<p style=\"text-align: justify;\">No ser\u00e1 cr\u00edtica viva si no avanza hacia la segunda negaci\u00f3n. No ser\u00e1 acci\u00f3n transformadora si no alienta la organizaci\u00f3n para la acci\u00f3n directa. No ser\u00e1 cr\u00edtica si nada cambia. Mientras el producto del trabajo no pertenezca a los obreros sino al due\u00f1o de los medios de producci\u00f3n, y ese uno de los n\u00facleos duros de la lucha de clases, hay que desarrollar la cr\u00edtica que transforme, que organice y movilice a las bases ante el dilema hist\u00f3rico que secuestra el producto del trabajo. La cr\u00edtica que nos urge es aquella que necesariamente pone en claro c\u00f3mo intervenir organizadamente contra el secuestro del trabajo, su opresi\u00f3n y alienaci\u00f3n&#8230; para que los trabajadores del mundo, unidos, confronten semejante canallada como fuerza esclarecida capaz de derrotar la teor\u00eda y la pr\u00e1ctica de toda ofensiva ajena y hostil, desplegada por los intereses de los due\u00f1os de los medios de producci\u00f3n, de los modos de producci\u00f3n y de las relaciones de producci\u00f3n.<\/p>\n<p style=\"text-align: justify;\">Que la cr\u00edtica no se contente con lamentar las condiciones inhumanas de la clase trabajadora ni los ataques de las fuerzas opresoras en los campos militares, financieros o medi\u00e1ticos&#8230; que la cr\u00edtica no se contente con ser una manifestaci\u00f3n l\u00facida de las contradicciones fundamentales en que se ha sumergido la vida de la mayor\u00eda de los seres humanos. Ning\u00fan mar en calma hizo experto a un marinero. No es suficiente que la cr\u00edtica, por m\u00e1s bienintencionada que sea, tenga \u00e9xito en manifestarse, es imprescindible que la cr\u00edtica se haga carne en la lucha transformadora y la realidad misma clame por la cr\u00edtica, sin atenuantes ni medias tintas. Que la cr\u00edtica transformadora no sea especialidad de unos cuantos sino que la expresi\u00f3n exacta a las ideas de muchos que ascienden a la pr\u00e1ctica. Incluyendo la pr\u00e1ctica de su cr\u00edtica y autocr\u00edtica. No nos vendr\u00eda mal.<\/p>\n<h4 style=\"text-align: justify;\">Fernando Buen Abad Dom\u00ednguez para La Pluma, 30 de abril de 2022<\/h4>\n<h4 style=\"text-align: justify;\">Editado por <a href=\"http:\/\/www.lapluma.net\/nosotros\/editora\/\">Mar\u00eda Piedad Ossaba<\/a><\/h4>\n<p>\u00a0<\/p>\n<p>\u00a0<\/p>\n","protected":false},"excerpt":{"rendered":"<p>&#8230;que la cr\u00edtica no se contente con ser una manifestaci\u00f3n l\u00facida de las contradicciones fundamentales en que se ha sumergido la vida de la mayor\u00eda de los seres humanos.<\/p>\n","protected":false},"author":10,"featured_media":37906,"comment_status":"open","ping_status":"open","sticky":false,"template":"","format":"standard","meta":{"_uf_show_specific_survey":0,"_uf_disable_surveys":false,"footnotes":""},"categories":[5],"tags":[17401,18698,87,17627,18697,18696],"coauthors":[246],"class_list":["post-37883","post","type-post","status-publish","format-standard","has-post-thumbnail","hentry","category-editoriales-y-opiniones","tag-batalla-de-ideas","tag-critica-democratizada-batalla-de-las-bases","tag-fernando-buen-abad-dominguez","tag-guerrilla-semiotica","tag-pensamiento-revolucionario","tag-transformacion-del-mundo"],"translation":{"provider":"WPGlobus","version":"2.12.2","language":"fr","enabled_languages":["es","fr"],"languages":{"es":{"title":true,"content":true,"excerpt":true},"fr":{"title":false,"content":false,"excerpt":false}}},"_links":{"self":[{"href":"https:\/\/www.lapluma.net\/fr\/wp-json\/wp\/v2\/posts\/37883","targetHints":{"allow":["GET"]}}],"collection":[{"href":"https:\/\/www.lapluma.net\/fr\/wp-json\/wp\/v2\/posts"}],"about":[{"href":"https:\/\/www.lapluma.net\/fr\/wp-json\/wp\/v2\/types\/post"}],"author":[{"embeddable":true,"href":"https:\/\/www.lapluma.net\/fr\/wp-json\/wp\/v2\/users\/10"}],"replies":[{"embeddable":true,"href":"https:\/\/www.lapluma.net\/fr\/wp-json\/wp\/v2\/comments?post=37883"}],"version-history":[{"count":7,"href":"https:\/\/www.lapluma.net\/fr\/wp-json\/wp\/v2\/posts\/37883\/revisions"}],"predecessor-version":[{"id":37903,"href":"https:\/\/www.lapluma.net\/fr\/wp-json\/wp\/v2\/posts\/37883\/revisions\/37903"}],"wp:featuredmedia":[{"embeddable":true,"href":"https:\/\/www.lapluma.net\/fr\/wp-json\/wp\/v2\/media\/37906"}],"wp:attachment":[{"href":"https:\/\/www.lapluma.net\/fr\/wp-json\/wp\/v2\/media?parent=37883"}],"wp:term":[{"taxonomy":"category","embeddable":true,"href":"https:\/\/www.lapluma.net\/fr\/wp-json\/wp\/v2\/categories?post=37883"},{"taxonomy":"post_tag","embeddable":true,"href":"https:\/\/www.lapluma.net\/fr\/wp-json\/wp\/v2\/tags?post=37883"},{"taxonomy":"author","embeddable":true,"href":"https:\/\/www.lapluma.net\/fr\/wp-json\/wp\/v2\/coauthors?post=37883"}],"curies":[{"name":"wp","href":"https:\/\/api.w.org\/{rel}","templated":true}]}}