{"id":37398,"date":"2022-04-18T18:45:00","date_gmt":"2022-04-18T18:45:00","guid":{"rendered":"http:\/\/www.lapluma.net\/?p=37398"},"modified":"2022-04-18T18:46:21","modified_gmt":"2022-04-18T18:46:21","slug":"la-realidad-argentina-vista-a-traves-del-ojo-de-la-cerradura","status":"publish","type":"post","link":"https:\/\/www.lapluma.net\/fr\/2022\/04\/18\/la-realidad-argentina-vista-a-traves-del-ojo-de-la-cerradura\/","title":{"rendered":"La realidad argentina vista a trav\u00e9s del ojo de la cerradura"},"content":{"rendered":"\n\n\n<p style=\"text-align: justify;\">Cuando queremos espiar por el ojo de la cerradura nunca se puede ver toda la realidad que hay del otro lado, sin embargo se observan detalles que nos permiten intuir, avizorar o confirmar aquella totalidad que no alcanzamos a ver. A continuaci\u00f3n, algunas peque\u00f1as partes de ese todo que no siempre vemos.<\/p>\n<h4 style=\"text-align: justify;\"><strong>Los distintos gestos de una misma Cristina<\/strong><\/h4>\n<p style=\"text-align: justify;\">Un hecho puntual protagonizado por la viceprersidenta Cristina Fern\u00e1ndez de Kirchner, en la inauguraci\u00f3n de la 14\u00b0 Asamblea Parlamentaria Euro Latinoamericana, ayuda a entender su pensamiento y los rechazo que provoca en ciertos sectores. Inaugur\u00f3 el evento, porque se realizaba en Argentina y ser el Senado, que ella preside, parte sustancial de tal convocatoria.<\/p>\n<p><img loading=\"lazy\" decoding=\"async\" class=\" wp-image-37403 aligncenter\" src=\"http:\/\/www.lapluma.net\/wp-content\/uploads\/2022\/04\/ar-cris-eurolat-300x200.jpg\" alt=\"\" width=\"428\" height=\"285\" srcset=\"https:\/\/www.lapluma.net\/wp-content\/uploads\/2022\/04\/ar-cris-eurolat-300x200.jpg 300w, https:\/\/www.lapluma.net\/wp-content\/uploads\/2022\/04\/ar-cris-eurolat-768x512.jpg 768w, https:\/\/www.lapluma.net\/wp-content\/uploads\/2022\/04\/ar-cris-eurolat-435x290.jpg 435w, https:\/\/www.lapluma.net\/wp-content\/uploads\/2022\/04\/ar-cris-eurolat-150x100.jpg 150w, https:\/\/www.lapluma.net\/wp-content\/uploads\/2022\/04\/ar-cris-eurolat-370x247.jpg 370w, https:\/\/www.lapluma.net\/wp-content\/uploads\/2022\/04\/ar-cris-eurolat.jpg 960w\" sizes=\"auto, (max-width: 428px) 100vw, 428px\" \/><\/p>\n<p style=\"text-align: justify;\">El acto se hizo en el Centro Cultural Kirchner (CCK) y el cristinismo aprovech\u00f3 para llenar sus gradas y retomar sus c\u00e1nticos cuando Cristina ingres\u00f3. Pero lo mejor vino con su discurso. Fueron duras y leg\u00edtimas cr\u00edticas al sistema institucional, demandando un \u201credise\u00f1o institucional\u201d. Los aplausos acompa\u00f1aron ese momento, aunque termin\u00f3 ratificando su adhesi\u00f3n al capitalismo.<\/p>\n<p style=\"text-align: justify;\">Lleg\u00f3 al punto m\u00e1s alto cuando sostuvo que \u201cel bast\u00f3n y la banda presidencial no significa que tengas el poder\u201d. All\u00ed, sus seguidores se pusieron de pie, festejando sus cr\u00edticas y diferencias con el pap\u00e1 de Francisco, el hijo reci\u00e9n nacido del presidente Alberto Fern\u00e1ndez. La oposici\u00f3n local y los legisladores de la derecha europea criticaron ese discurso, calific\u00e1ndolo como \u201cbochornoso espect\u00e1culo\u201d, por colocar temas de pol\u00edtica interna en la inauguraci\u00f3n de un evento extra\u00f1o a tales debates.<\/p>\n<p style=\"text-align: justify;\">Pero el colmo, explotado por la prensa, fue un blooper de la expresidenta. Cada vez que se refer\u00eda al vicepresidente de ese evento \u2013Javi L\u00f3pez- lo llamaba \u201cJordi\u201d, hasta que el mismo involucrado se lo aclar\u00f3. All\u00ed Cristina se justific\u00f3 murmurando \u201cEsto me viene de ver series espa\u00f1olas en Netflix, de ah\u00ed me viene\u2026 y dale con Jordi\u201d. La prensa se ensa\u00f1\u00f3 aclarando que el \u201cJordi\u201d que la TV espa\u00f1ola exhibe muy a menudo es el principal protagonista masculino de pel\u00edculas porno.<\/p>\n<p style=\"text-align: justify;\">M\u00e1s all\u00e1 de la gaffe de Cristina uno se puede preguntar, el odio que exhiben es por esos errores o por sus cr\u00edticas a las actuales instituciones que heredamos de la vieja Europa, sin pensar si ac\u00e1 serv\u00edan o no.<\/p>\n<h4 style=\"text-align: justify;\"><strong>Con el extractivismo damos de comer a los buitres<\/strong><\/h4>\n<p style=\"text-align: justify;\">Llama la atenci\u00f3n el modo que oficialismo y&nbsp; oposici\u00f3n est\u00e1n aferrados a darle continuidad al extractivismo. El oficialismo \u201calbertista\u201d lo hace sin medias tintas y algunas variantes del progresismo cristinista, a veces se suman a esa defensa, lo que es particularmente grave si tenemos en cuenta que ese mecanismo es \u2013junto con la deuda- el principal instrumento que nos ata al poder imperial de los grandes centros de poder.<\/p>\n<p><img loading=\"lazy\" decoding=\"async\" class=\" wp-image-37404 aligncenter\" src=\"http:\/\/www.lapluma.net\/wp-content\/uploads\/2022\/04\/Alumbrera_vista_satelital-300x219.jpg\" alt=\"\" width=\"368\" height=\"269\" srcset=\"https:\/\/www.lapluma.net\/wp-content\/uploads\/2022\/04\/Alumbrera_vista_satelital-300x219.jpg 300w, https:\/\/www.lapluma.net\/wp-content\/uploads\/2022\/04\/Alumbrera_vista_satelital.jpg 499w\" sizes=\"auto, (max-width: 368px) 100vw, 368px\" \/><\/p>\n<p style=\"text-align: justify;\">Parecen no percibir que ellos vienen por nuestros bienes comunes. La mayor\u00eda de las empresas p\u00fablicas, que eran las tradicionales \u201cjoyas de la abuela\u201d ya est\u00e1n en sus manos y en otras -como la estatal petrolera YPF- tienen una parte de su capital accionario, como estrategia para su apoderamiento definitivo.<\/p>\n<p style=\"text-align: justify;\">Esa pol\u00edtica hoy domina el campo con su agricultura t\u00f3xica: con la megaminer\u00eda determinan la pol\u00edtica minera; el sur patag\u00f3nico tiene al fracking como su ni\u00f1a bonita; sin contar lo que pasa con la exploraci\u00f3n y explotaci\u00f3n mar adentro o con la cuenca hidrocarbur\u00edfera del Cerro Drag\u00f3n (que abarca parte de las sure\u00f1as provincias de Chubut y Santa Cruz).<\/p>\n<p style=\"text-align: justify;\">Por si esto fuera poco ahora asistimos a la preparaci\u00f3n de la megagranjas chinas y la profundizaci\u00f3n del saqueo del agua. Sin contar que deben estar imaginando la forma de apropiarse del aire que respiramos.<\/p>\n<p style=\"text-align: justify;\">As\u00ed, en cada una de estas acciones est\u00e1n creando las condiciones para el desguace nacional. Lo van haciendo de a&nbsp; poco, como para repetir la met\u00e1fora de la rana que no salta, por el acostumbramiento, si se la coloca en un recipiente cuya agua se va calentando de a poco. As\u00ed es como para los argentinos, este fen\u00f3meno est\u00e1 naturalizado y pr\u00e1cticamente no le asignan importancia hasta el momento que la realidad se impone y se enteran que ninguna de estas riquezas les pertenece.<\/p>\n<p><img loading=\"lazy\" decoding=\"async\" class=\" wp-image-37405 aligncenter\" src=\"http:\/\/www.lapluma.net\/wp-content\/uploads\/2022\/04\/6313-por-que-hay-hambre-en-la-argentina-si-se-producen-alimentos-para-440-millones-de-personas-se-pregunta-la-bbc-300x170.jpg\" alt=\"\" width=\"409\" height=\"232\" srcset=\"https:\/\/www.lapluma.net\/wp-content\/uploads\/2022\/04\/6313-por-que-hay-hambre-en-la-argentina-si-se-producen-alimentos-para-440-millones-de-personas-se-pregunta-la-bbc-300x170.jpg 300w, https:\/\/www.lapluma.net\/wp-content\/uploads\/2022\/04\/6313-por-que-hay-hambre-en-la-argentina-si-se-producen-alimentos-para-440-millones-de-personas-se-pregunta-la-bbc-1024x580.jpg 1024w, https:\/\/www.lapluma.net\/wp-content\/uploads\/2022\/04\/6313-por-que-hay-hambre-en-la-argentina-si-se-producen-alimentos-para-440-millones-de-personas-se-pregunta-la-bbc-768x435.jpg 768w, https:\/\/www.lapluma.net\/wp-content\/uploads\/2022\/04\/6313-por-que-hay-hambre-en-la-argentina-si-se-producen-alimentos-para-440-millones-de-personas-se-pregunta-la-bbc-1536x871.jpg 1536w, https:\/\/www.lapluma.net\/wp-content\/uploads\/2022\/04\/6313-por-que-hay-hambre-en-la-argentina-si-se-producen-alimentos-para-440-millones-de-personas-se-pregunta-la-bbc-510x290.jpg 510w, https:\/\/www.lapluma.net\/wp-content\/uploads\/2022\/04\/6313-por-que-hay-hambre-en-la-argentina-si-se-producen-alimentos-para-440-millones-de-personas-se-pregunta-la-bbc.jpg 1676w\" sizes=\"auto, (max-width: 409px) 100vw, 409px\" \/><\/p>\n<p style=\"text-align: justify;\">Esto es as\u00ed. Sin habernos asomado al ojo de la cerradura del reciente anuncio de la inflaci\u00f3n de marzo fue del 6,7%, record mensual para los \u00faltimos 20 a\u00f1os y que llega al 16,1% para el primer trimestre, cifra no conocida desde 1991. De sus efectos en la vida econ\u00f3mica global, en todas y cada de las familias humildes, no hablamos por rabia y verg\u00fcenza.<\/p>\n<h4><strong>Energ\u00eda: la guerra m\u00e1s la tradicional improvisaci\u00f3n<\/strong><\/h4>\n<p style=\"text-align: justify;\">Si hay un tema que esta confrontaci\u00f3n entre Ucrania y Rusia puso en un escenario y que atraviesa a toda la humanidad, es la cuesti\u00f3n energ\u00e9tica. All\u00ed Rusia tiene una importancia notoria. En Argentina, la situaci\u00f3n local agrava a\u00fan m\u00e1s este fen\u00f3meno mundial. La improvisaci\u00f3n en ambos lados de lo que llaman \u201cgrieta\u201d explica mucho m\u00e1s que sus palabras.<\/p>\n<p style=\"text-align: justify;\">Las mayores diferencias se pueden observar en cuestiones como: responsabilidad sobre la crisis actual y lo que uno u otro hizo o dej\u00f3 de hacer; las inversiones que se hicieron o dejaron de hacerse, en las energ\u00edas renovables o las razones por las cuales el pa\u00eds&nbsp; carece de los gasoductos que hubieran servido para que pudiera transitar en mejores condiciones la crisis.<\/p>\n<p style=\"text-align: justify;\">Lo concreto es que los mayores problemas actuales giran en torno a los aumentos de precios, algunas dificultades para el aprovisionamiento actual &nbsp;y los riesgos de desabastecimiento de gas, en el pr\u00f3ximo invierno.<\/p>\n<p><img loading=\"lazy\" decoding=\"async\" class=\" wp-image-37406 aligncenter\" src=\"http:\/\/www.lapluma.net\/wp-content\/uploads\/2022\/04\/falta-de-gasoil-300x188.jpg\" alt=\"\" width=\"434\" height=\"272\" srcset=\"https:\/\/www.lapluma.net\/wp-content\/uploads\/2022\/04\/falta-de-gasoil-300x188.jpg 300w, https:\/\/www.lapluma.net\/wp-content\/uploads\/2022\/04\/falta-de-gasoil-768x480.jpg 768w, https:\/\/www.lapluma.net\/wp-content\/uploads\/2022\/04\/falta-de-gasoil.jpg 800w\" sizes=\"auto, (max-width: 434px) 100vw, 434px\" \/><\/p>\n<p style=\"text-align: justify;\">En estos d\u00edas, debido a la escasez que determin\u00f3 un racionamiento de gasoil y a los problemas de su precio, la organizaci\u00f3n de transportistas de granos inici\u00f3 paros y otras medidas de fuerzas, sin llegar a los cortes de rutas. Las mayores dificultades se observan en las provincias de Buenos Aires, Santa Fe y C\u00f3rdoba y est\u00e1n afectando el transporte de la actual cosecha, que es la que debe arrimar los mayores vol\u00famenes de divisas al pa\u00eds.<\/p>\n<p style=\"text-align: justify;\">Como un indicador de la complejidad del problema y de la demostrada incapacidad de resoluci\u00f3n digamos que, mientras los transportistas reclaman por los altos precios del gasoil, los comercializadores \u2013agrupados en la Confederaci\u00f3n de Entidades de Hidrocarburos (Cecha)- sostienen que el atraso de los precios est\u00e1 en el orden del 32%, aunque inalmente est\u00e1n arreglando por un aumento del 20%.<\/p>\n<p style=\"text-align: justify;\">Respecto al aprovisionamiento de gas, el gobierno lo ha tomado con mayor seriedad. Se estima que el mismo puede traer algunos problemas en la industria pero no en el consumo familiar. El gobierno destac\u00f3 dos gestiones que aportar\u00edan las soluciones. Una con Bolivia a cargo del propio presidente y la otra con Brasil, a trav\u00e9s del Ministro de Econom\u00eda.<\/p>\n<p style=\"text-align: justify;\">Otra contribuci\u00f3n al amortiguamiento de esta crisis viene por un mayor aporte de gas a trav\u00e9s de los buques metaneros que traen cargas de GNL (gas natural l\u00edquido). En el 2021 se recibieron 56 cargas. Para este a\u00f1o se han previsto unas 70 cargas pag\u00e1ndolo a un precio cuatro veces mayor.<\/p>\n<p><img loading=\"lazy\" decoding=\"async\" class=\" wp-image-37407 aligncenter\" src=\"http:\/\/www.lapluma.net\/wp-content\/uploads\/2022\/04\/La_central_desde_aguas_arriba-300x144.jpg\" alt=\"\" width=\"454\" height=\"218\" srcset=\"https:\/\/www.lapluma.net\/wp-content\/uploads\/2022\/04\/La_central_desde_aguas_arriba-300x144.jpg 300w, https:\/\/www.lapluma.net\/wp-content\/uploads\/2022\/04\/La_central_desde_aguas_arriba-1024x490.jpg 1024w, https:\/\/www.lapluma.net\/wp-content\/uploads\/2022\/04\/La_central_desde_aguas_arriba-768x367.jpg 768w, https:\/\/www.lapluma.net\/wp-content\/uploads\/2022\/04\/La_central_desde_aguas_arriba.jpg 1200w\" sizes=\"auto, (max-width: 454px) 100vw, 454px\" \/><\/p>\n<p style=\"text-align: justify;\">Uno de los datos m\u00e1s llamativos del 2021 es que \u2013motivada por la sequ\u00eda- hubo una ca\u00edda de la producci\u00f3n de energ\u00eda hidroel\u00e9ctrica. Por ejemplo la represa Yaciret\u00e1, aport\u00f3 en el 2021, un 16% menos que en el 2020. Lo cierto es que esta crisis energ\u00e9tica se pagar\u00e1 con mayores precios que \u2013casi seguramente- demanden m\u00e1s subsidios, situaci\u00f3n que choca con el reciente acuerdo con el Fondo Monetario Internacional (FMI). Completando este panorama recordemos que en el primer trimestre se ha consumido casi la mitad del subsidio anual para este sector.<\/p>\n<h4>Juan Guah\u00e1n<\/h4>\n<h4>Editado por <a href=\"http:\/\/www.lapluma.net\/nosotros\/editora\/\">Mar\u00eda Piedad Ossaba<\/a><\/h4>\n<h4>Fuente: <a href=\"https:\/\/estrategia.la\/2022\/04\/17\/la-realidad-argentina-vista-a-traves-del-ojo-de-la-cerradura\/\">Centro Latinoamericano de An\u00e1lisis Estrat\u00e9gico<\/a> (CLAE),&nbsp;18 de abril de 2022<\/h4>\n","protected":false},"excerpt":{"rendered":"<p>Completando este panorama recordemos que en el primer trimestre se ha consumido casi la mitad del subsidio anual para este sector.<\/p>\n","protected":false},"author":1071,"featured_media":37401,"comment_status":"open","ping_status":"open","sticky":false,"template":"","format":"standard","meta":{"_uf_show_specific_survey":0,"_uf_disable_surveys":false,"footnotes":""},"categories":[5],"tags":[18472,18476,16230,12587,18475,18477,5203,18470,18467,18473,18474,18469,18471],"coauthors":[18466],"class_list":["post-37398","post","type-post","status-publish","format-standard","has-post-thumbnail","hentry","category-editoriales-y-opiniones","tag-agricultura-toxica-megamineria-politica-minera","tag-aprovisionamiento-riezgos-de-desabastecimiento-de-gas","tag-argentina-america-latina-abya-yala-2","tag-aumento-del-extractivismo","tag-confrontacion-ucrania-y-rusia-cuestion-energetica","tag-crisis-energetica","tag-cristina-fernandez-de-kirchner","tag-deuda-fmi","tag-euro-lat-2022","tag-fracking-sur-ppatagonico","tag-hidrocarburifera-del-cerro-dragon-chubut-y-santa-cruz","tag-oficialismo-albertista-progresismo-cristinista","tag-poder-imperial-gandes-centros-de-poder"],"translation":{"provider":"WPGlobus","version":"2.12.2","language":"fr","enabled_languages":["es","fr"],"languages":{"es":{"title":true,"content":true,"excerpt":true},"fr":{"title":false,"content":false,"excerpt":false}}},"_links":{"self":[{"href":"https:\/\/www.lapluma.net\/fr\/wp-json\/wp\/v2\/posts\/37398","targetHints":{"allow":["GET"]}}],"collection":[{"href":"https:\/\/www.lapluma.net\/fr\/wp-json\/wp\/v2\/posts"}],"about":[{"href":"https:\/\/www.lapluma.net\/fr\/wp-json\/wp\/v2\/types\/post"}],"author":[{"embeddable":true,"href":"https:\/\/www.lapluma.net\/fr\/wp-json\/wp\/v2\/users\/1071"}],"replies":[{"embeddable":true,"href":"https:\/\/www.lapluma.net\/fr\/wp-json\/wp\/v2\/comments?post=37398"}],"version-history":[{"count":6,"href":"https:\/\/www.lapluma.net\/fr\/wp-json\/wp\/v2\/posts\/37398\/revisions"}],"predecessor-version":[{"id":37413,"href":"https:\/\/www.lapluma.net\/fr\/wp-json\/wp\/v2\/posts\/37398\/revisions\/37413"}],"wp:featuredmedia":[{"embeddable":true,"href":"https:\/\/www.lapluma.net\/fr\/wp-json\/wp\/v2\/media\/37401"}],"wp:attachment":[{"href":"https:\/\/www.lapluma.net\/fr\/wp-json\/wp\/v2\/media?parent=37398"}],"wp:term":[{"taxonomy":"category","embeddable":true,"href":"https:\/\/www.lapluma.net\/fr\/wp-json\/wp\/v2\/categories?post=37398"},{"taxonomy":"post_tag","embeddable":true,"href":"https:\/\/www.lapluma.net\/fr\/wp-json\/wp\/v2\/tags?post=37398"},{"taxonomy":"author","embeddable":true,"href":"https:\/\/www.lapluma.net\/fr\/wp-json\/wp\/v2\/coauthors?post=37398"}],"curies":[{"name":"wp","href":"https:\/\/api.w.org\/{rel}","templated":true}]}}