{"id":36574,"date":"2022-03-27T21:38:39","date_gmt":"2022-03-27T21:38:39","guid":{"rendered":"http:\/\/www.lapluma.net\/?p=36574"},"modified":"2022-03-27T21:38:40","modified_gmt":"2022-03-27T21:38:40","slug":"renan-vega-cantor-en-colombia-la-guerra-fria-nunca-ha-terminado","status":"publish","type":"post","link":"https:\/\/www.lapluma.net\/fr\/2022\/03\/27\/renan-vega-cantor-en-colombia-la-guerra-fria-nunca-ha-terminado\/","title":{"rendered":"Ren\u00e1n Vega Cantor: \u201cEn Colombia la Guerra Fr\u00eda nunca ha terminado\u201d"},"content":{"rendered":"\n<p style=\"text-align: justify;\"><strong><em>Autor de libros sobre la influencia del imperialismo en la vida colombiana y latinoamericana, Vega Cantor, fue miembro de la Comisi\u00f3n Hist\u00f3rica del Conflicto Armado y sus V\u00edctimas, nombrada en La Habana; y ganador del Premio Libertador al Pensamiento Cr\u00edtico, versi\u00f3n 2007-2008, con el libro Un mundo incierto.<\/em><\/strong><\/p>\n<p>https:\/\/www.youtube.com\/watch?v=WhihdXlolm4<\/p>\n<p style=\"text-align: justify;\">Ren\u00e1n Vega Cantor, \u00a0investigador independiente y profesor de la Universidad Pedag\u00f3gica Nacional en Bogot\u00e1, particip\u00f3 en Tertulias en Cuarentena, donde fue entrevistado por Wafica Ibrahim, periodista y directora para Am\u00e9rica Latina del canal Al Mayadeen, Sebasti\u00e1n Salgado, ex director de Informaci\u00f3n del canal TVC en M\u00e9xico, ex director de Informaci\u00f3n de TeleSUR en Venezuela y corresponsal del Canal Hispantv de Ir\u00e1n; \u00a0y Txema S\u00e1nchez, miembro de la Red de Intelectuales y Artistas en Defensa de la Humanidad REDH cap\u00edtulo Espa\u00f1a, quien dirige el canal y el programa \u00a0TECs Tertulias en Cuarentena junto a Juanlu Gonz\u00e1lez.<\/p>\n<p style=\"text-align: justify;\">Autor de libros sobre la influencia del imperialismo en la vida colombiana y latinoamericana, Vega Cantor, fue miembro de la Comisi\u00f3n Hist\u00f3rica del Conflicto Armado y sus V\u00edctimas, nombrada en La Habana; y ganador del Premio Libertador al Pensamiento Cr\u00edtico, versi\u00f3n 2007-2008, con el libro Un mundo incierto.<\/p>\n<p style=\"text-align: justify;\">Tertulias en Cuarentena, es un fen\u00f3meno de las Redes Sociales globales y un dispositivo eficaz de lucha internacionalista gracias a su capacidad de aglutinar colectivos en lucha de los cinco continentes, contando con informaciones y an\u00e1lisis de medios de comunicaci\u00f3n miembros de la Red Internacional de Medios En Defensa de la Humanidad.<\/p>\n<p style=\"text-align: justify;\">En esta ocasi\u00f3n, Ren\u00e1n Vega Cantor, fue entrevistado por los participantes de esta emisi\u00f3n de Tertulias en Cuarentena, sobre importantes temas de la actualidad de Colombia.<\/p>\n<p style=\"text-align: justify;\">\u00abPodemos hacer un balance de lo que ha pasado y vislumbrar algunas de las posibilidades que vienen para este pa\u00eds y el impacto que se puede tener para el continente.\u00a0<\/p>\n<p style=\"text-align: justify;\">\u00abCuando uno habla de Colombia, puede caer o ser prisionero de lo inmediato, y lo inmediato que se debe venir son las elecciones que se van a realizar en dos tandas, elecciones para parlamento y elecciones presidenciales que pueden darse en dos vueltas.<\/p>\n<p style=\"text-align: justify;\">\u00abA veces los procesos no se entienden si nos concentramos en los cortos plazos. En el corto plazo, aparecen como acontecimientos sueltos y descontextualizado, y en ese sentido, yo quiero llegar a las elecciones, pero al final, luego de hacer una serie de planteamientos generales sobre lo que est\u00e1 pasando hoy en Colombia y sobre la din\u00e1mica de lo que pas\u00f3 en el a\u00f1o que acaba de terminar.<\/p>\n<p style=\"text-align: justify;\">\u00abEl 2021 para Colombia ha sido como lo que podemos considerar un a\u00f1o bisagra, un a\u00f1o fundamental de grandes transformaciones y yo me quiero concentrar en tres aspectos.\u00bb<\/p>\n<p style=\"text-align: justify;\">\u00abEn primer lugar y tal vez el hecho m\u00e1s destacado de 2021 y por lo que Colombia figur\u00f3 en las noticias internaciones, es la protesta que se origin\u00f3 a finales del primer semestre y que se prolong\u00f3 durante varios meses, y que incluso se puede decir que no ha terminado, porque tiene efectos. Y las movilizaciones se siguen presentando hoy.<\/p>\n<p style=\"text-align: justify;\">\u00abEste hecho, esta gran protesta puede considerarse como la movilizaci\u00f3n social m\u00e1s importante de toda la historia colombiana, una historia de doscientos a\u00f1os, y en toda la historia nunca se hab\u00eda presentado una movilizaci\u00f3n de esas extraordinarias dimensiones.\u00bb<\/p>\n<p style=\"text-align: justify;\">Sobre este hecho crucial en la historia de Colombia, el analista se\u00f1al\u00f3 la importancia de elementos claves como la permanencia en el tiempo \u201cporque en Colombia se han dado movilizaciones importantes, pero ninguna se prolong\u00f3 tanto en el tiempo\u201d, otro elemento es la diversidad de sectores que participaron. Y un tercer elemento es que sirvi\u00f3 para desnudar el terrorismo de estado imperante en Colombia.<\/p>\n<blockquote class=\"wp-block-quote\">\n<p style=\"text-align: justify;\"><em><strong>\u201cNadie se imaginaba que se pudiera dar una movilizaci\u00f3n social que se prolongara semanas y meses.\u201d<\/strong><\/em><\/p>\n<\/blockquote>\n<p style=\"text-align: justify;\">\u00abEl 2021 desnud\u00f3 el terrorismo de Estado en Colombia. Y lo desnud\u00f3, tanto adentro de nuestro pa\u00eds, como hacia afuera. No es que el terrorismo de Estado en Colombia haya surgido a ra\u00edz del paro, es un terrible equ\u00edvoco. No, el terrorismo de Estado en Colombia, es tan viejo como el terrorismo del Estado de \u201cIsrael\u201d, que confluyen incluso cronol\u00f3gicamente.\u00a0<\/p>\n<p style=\"text-align: justify;\">\u00abEn Colombia, se ha prolongado durante los \u00faltimos 75 a\u00f1os. Las clases dominantes de este pa\u00eds, los intelectuales y el estado, han sido muy h\u00e1biles en presentarse siempre como una democracia ejemplar. Y as\u00ed presentan a Colombia como una democracia ejemplar.\u00bb<\/p>\n<p style=\"text-align: justify;\"><strong>El especialista apunt\u00f3 sobre el hecho de que los medios ocultan el genocidio que acontece en Colombia bajo la manta de una \u201cdemocracia ejemplar\u201d.\u00a0<\/strong><\/p>\n<p style=\"text-align: justify;\">\u00abCuando hablamos de terrorismo de Estado no nos referimos solamente a acciones represivas y militares, que es el componente m\u00e1s importante y m\u00e1s visible. Cuando hablamos de terrorismo de Estado en Colombia, hablamos de unos engranajes en los cuales que opera, por ejemplo, el poder jurisdiccional, el poder judicial, el poder medi\u00e1tico; que todos a uno, han creado la imagen del enemigo interno, del coco comunista.<\/p>\n<blockquote class=\"wp-block-quote\">\n<p style=\"text-align: justify;\"><em><strong>\u201cEn Colombia la Guerra Fr\u00eda nunca ha terminado\u201d.<\/strong><\/em><\/p>\n<\/blockquote>\n<p style=\"text-align: justify;\">El paro del que estamos hablando est\u00e1 relacionado directamente con la pandemia, ac\u00e1, en cada lugar, en cada pa\u00eds, lo9s efectos han sido diferentes, pero las estrategias han sido similares. Cuando se present\u00f3 la pandemia, que llegaron los primeros casos a Colombia, hubo una reacci\u00f3n tard\u00eda que propici\u00f3 la difusi\u00f3n de la pandemia. Eso le cay\u00f3 al gobierno como anillo al dedo precisamente para detener la protesta popular.<\/p>\n<p style=\"text-align: justify;\">En diciembre de 2019 en Colombia hubo una importante manifestaci\u00f3n, un paro popular, que se suspendi\u00f3 por la pandemia, record\u00f3 el analista.<\/p>\n<p style=\"text-align: justify;\">Todo indicaba que se iba a prolongar por el 2020, apunt\u00f3, al tiempo que record\u00f3 que la cuarentena de m\u00e1s de seis meses le permiti\u00f3 al gobierno de Iv\u00e1n Duque tomar una serie de medidas antipopulares.<\/p>\n<h4><strong>Aumentar la represi\u00f3n<\/strong><\/h4>\n<p style=\"text-align: justify;\">\u201cMientras el pa\u00eds estaba paralizado el estado colombiano sigui\u00f3 actuando, sus fuerzas militares siguieron masacrando, siguieron bombardeando a la gente confinada que en un momento determinado salieron a protestar porque se estaban muriendo de hambre, tambi\u00e9n le lanzaron los escuadrones m\u00f3viles de la polic\u00eda.<\/p>\n<p>\u00abSali\u00f3 a reprimir a la gente, incluso bajo alcaldes, como la alcald\u00eda de Bogot\u00e1.<\/p>\n<p style=\"text-align: justify;\">\u00abHubo un estallido violento el 9, 10 de septiembre de 2020 que es como digamos, el primer paso del paro.\u00bb<\/p>\n<p style=\"text-align: justify;\"><strong>Sobre los CAI dijo:\u00a0<\/strong>\u201ctienen muy mala fama, porque han sido centros de represi\u00f3n, de tortura, de violaci\u00f3n a mujeres pobres, de represi\u00f3n a los m\u00e1s indefensos en los barrios\u201d.<\/p>\n<p style=\"text-align: justify;\">Los Comandos de Atenci\u00f3n Inmediata (CAI), son unidades de jurisdicci\u00f3n menor de la Polic\u00eda Nacional de Colombia. \u200b Ubicadas en los per\u00edmetros urbanos de los municipios, localidades o comunas de las ciudades del pa\u00eds\u200b y subordinadas a estaciones de polic\u00eda en el caso de Bogot\u00e1.<\/p>\n<blockquote class=\"wp-block-quote\">\n<p><em><strong>\u00abLas protestas de la gente fueron reprimidas a sangre y fuego.\u00bb<\/strong><\/em><\/p>\n<\/blockquote>\n<p style=\"text-align: justify;\">Ren\u00e1n Vega hizo referencia a un informe con datos estad\u00edsticos que dan cuenta de una\u201d masacre oficial\u201d realizada por el estado colombiano y las fuerzas policiales. El analista record\u00f3 que Duque se disfraz\u00f3 de polic\u00eda.<\/p>\n<blockquote class=\"wp-block-quote\">\n<p style=\"text-align: justify;\"><em><strong>\u201cTodo esto demuestra que el coronavirus sirvi\u00f3 para demostrar la desigualdad existente en Colombia\u201d<\/strong><\/em><\/p>\n<\/blockquote>\n<p style=\"text-align: justify;\">\u00abColombia est\u00e1 entre los pa\u00edses m\u00e1s desiguales del mundo en t\u00e9rminos de concentraci\u00f3n de ingreso, de la propiedad, de la tierra. Y ese hecho sali\u00f3 a flote durante la cuarentena porque la gente estuvo forzosamente confinada y no ten\u00edan ingresos. Muchos sectores que estaban empleados quedaron sin trabajo.<\/p>\n<h4 style=\"text-align: justify;\"><strong>La COVID-19 \u00a0y su relaci\u00f3n con la protesta\u00a0<\/strong><\/h4>\n<p style=\"text-align: justify;\">\u00abLiteralmente muchos estaban muriendo de hambre. Durante la cuarentena muchos dejaron de comer tres veces al d\u00eda.<\/p>\n<p style=\"text-align: justify;\">\u00abAl mismo tiempo la televisi\u00f3n mostraba las im\u00e1genes de los ricos de este pa\u00eds en sus balnearios y pas\u00e1ndola muy bien durante la cuarentena. Y estas im\u00e1genes generaron una conciencia de la terrible desigualdad.<\/p>\n<p style=\"text-align: justify;\"><strong>Esa es una de las causas del estallido social:\u00a0<\/strong>\u201cla pandemia es un detonante, porque muestra los niveles de desigualdad, los niveles de represi\u00f3n, de concentraci\u00f3n de riquezas y como las pol\u00edticas del estado colombiano favorecen a los sectores de m\u00e1s opulencia de este pa\u00eds\u201d.<\/p>\n<div id=\"content-area\">\n<blockquote class=\"wp-block-quote\">\n<p style=\"text-align: justify;\"><em><strong>\u00abCuando la gente necesitaba los recursos indispensables para vivir, el presidente Iv\u00e1n Duque le daba subsidios a empresas como Avianca que ni siquiera es de capital colombiano\u00bb.<\/strong><\/em><\/p>\n<\/blockquote>\n<p style=\"text-align: justify;\">\u201cEsto se convirti\u00f3 en un catalizador de procesos acumulados durante d\u00e9cadas que estallaron en el 2021. Entonces aqu\u00ed hay reivindicaciones inmediatas por la pandemia, pero tambi\u00e9n hay reivindicaciones m\u00e1s duraderas que van contra el neoliberalismo, contra el libre comercio, contra la privatizaci\u00f3n de la salud, contra la privatizaci\u00f3n de la educaci\u00f3n\u201d.<\/p>\n<p style=\"text-align: justify;\">\u00abTodo esto estalla y en lugar de hacer un tr\u00e1mite como se le dar\u00eda a cualquier protesta, de di\u00e1logo de asumir las reivindicaciones, inmediatamente viene la represi\u00f3n, que ese es el estilo colombiano que replica el estilo israel\u00ed donde han aprendido la mayor parte de estas t\u00e9cnicas represivas.<\/p>\n<p style=\"text-align: justify;\">\u00abUtilizan helic\u00f3pteros para reprimir directamente las manifestaciones, eso aqu\u00ed nunca se hab\u00eda visto en el mundo urbano. Es una pr\u00e1ctica que lleva muchas d\u00e9cadas en el mundo rural para reprimir a los campesinos, para reprimir al movimiento insurgente.\u00a0<\/p>\n<p style=\"text-align: justify;\">\u00abEso llev\u00f3 a muchos colombianos a preguntarse que qu\u00e9 era lo que estaba pasando, que en qu\u00e9 mundo verdaderamente viv\u00edan.<\/p>\n<blockquote class=\"wp-block-quote\">\n<p style=\"text-align: justify;\"><em><strong>\u00abEl pueblo se cuestion\u00f3 la democracia en la que viv\u00eda.\u00bb<\/strong><\/em><\/p>\n<\/blockquote>\n<p style=\"text-align: justify;\">\u00abSi es una democracia en la que se utilizan armas prohibidas, armas letales, arman que apuntan a los ojos, porque al estilo chileno, tambi\u00e9n quedaron enceguecidos muchos ojos colombianos.<\/p>\n<p style=\"text-align: justify;\">\u00abEl gobierno lo utiliz\u00f3 para coartar la movilizaci\u00f3n popular\u00bb.<\/p>\n<p style=\"text-align: justify;\"><strong>Sobre el asesinato de Suleimani<\/strong>, el analista record\u00f3 la visita realizada por el secretario de estado de Estados Unidos para reunirse con Duque, justamente 8 d\u00edas despu\u00e9s del martirio del l\u00edder iran\u00ed.\u00a0<\/p>\n<p style=\"text-align: justify;\">En los discursos que se pronunciaron ese d\u00eda sobre el terrorismo, contra el terrorismo,\u00a0<strong>el secretario de Estado e Iv\u00e1n Duque, avalaron y aplaudieron ese asesinato<\/strong>, cuenta Vega.<\/p>\n<p style=\"text-align: justify;\">\u201cAqu\u00ed se aplaudi\u00f3 eso. Ese era como el hecho que refrendaba la alianza antiterrorista en la que participaba el estado colombiano y cuya sede era aqu\u00ed Bogot\u00e1\u201d.<\/p>\n<blockquote class=\"wp-block-quote\">\n<p style=\"text-align: justify;\"><em><strong>\u201cColombia pr\u00e1cticamente le declaraba la guerra a Ir\u00e1n.\u201d<\/strong><\/em><\/p>\n<\/blockquote>\n<p style=\"text-align: justify;\"><strong>Sobre el contexto colombiano electoral<\/strong>, el analista se\u00f1al\u00f3: \u00abAhora la pol\u00edtica no es la pol\u00edtica cl\u00e1sica, del dirigente que se hace trabajando en un barrio, porque es dirigente sindical, porque es dirigente campesino y desde all\u00ed escala a otro nivel regional o nacional, no, ahora la pol\u00edtica es medi\u00e1tica, entonces el candidato que se escoge es el que m\u00e1s seguidores tenga en YouTube\u00bb.<\/p>\n<p style=\"text-align: justify;\">El presidente actual Iv\u00e1n Duque, le gan\u00f3 la presidencia a Petro como resultado de un fraude electoral, se\u00f1al\u00f3, al tiempo que apunt\u00f3 sobre el hecho de que hoy \u00abno hay una base social que uno diga va a respaldar este movimiento.\u00bb<\/p>\n<p style=\"text-align: justify;\">\u00abIv\u00e1n Duque es un presidente que lleg\u00f3 a donde est\u00e1 producto de un fraude electoral.\u00bb<\/p>\n<p style=\"text-align: justify;\">Asimismo, record\u00f3 el asesinato de candidatos presidenciales: \u00aben los \u00faltimos 30 a\u00f1os han sido asesinados cuatro pre-candidatos presidenciales, tres de ellos de izquierda\u00bb.<\/p>\n<p style=\"text-align: justify;\"><strong>\u00abEs un hecho que hay que tener en cuenta\u00bb.<\/strong><\/p>\n<p style=\"text-align: justify;\">\u00abHan sido asesinados senadores, representantes a la c\u00e1mara, diputados\u00bb.<\/p>\n<p style=\"text-align: justify;\">Al finalizar expres\u00f3: \u00abNuestra perspectiva no es dejar un sabor de desesperanza, es mostrar las dificultades que se presentan en la situaci\u00f3n actual, los m\u00faltiples caminos, y recordar momentos parecidos que han sido sellados con sangre de colombianos\u00bb.<\/p>\n<p style=\"text-align: justify;\">\u00abSi algo pas\u00f3 en 2021 fue el quiebre del modelo uribista, la legitimidad del uribismo qued\u00f3 hecho pedazos. Lo que se deriva de ah\u00ed es lo que est\u00e1 por verse\u00bb.<\/p>\n<h4>Ren\u00e1n Vega Cantor<\/h4>\n<h4>Editado por <a href=\"http:\/\/www.lapluma.net\/nosotros\/editora\/\">Mar\u00eda Piedad Ossaba<\/a><\/h4>\n<h4><img loading=\"lazy\" decoding=\"async\" class=\"wp-image-36575 alignleft\" src=\"http:\/\/www.lapluma.net\/wp-content\/uploads\/2022\/03\/Tertulias-en-Caurentena.jpg\" alt=\"\" width=\"30\" height=\"30\" srcset=\"https:\/\/www.lapluma.net\/wp-content\/uploads\/2022\/03\/Tertulias-en-Caurentena.jpg 176w, https:\/\/www.lapluma.net\/wp-content\/uploads\/2022\/03\/Tertulias-en-Caurentena-150x150.jpg 150w\" sizes=\"auto, (max-width: 30px) 100vw, 30px\" \/><a class=\"post-author post-author-with-img\" href=\"https:\/\/espanol.almayadeen.net\/authors\/1567977\/tertulias-en-cuarentena\">Tertulias en Cuarentena<\/a>\u00a0<\/h4>\n<h4>Fuente:\u00a0 <a href=\"https:\/\/espanol.almayadeen.net\/entrevistas\/1567784\/ren%C3%A1n-vega-cantor:-en-colombia-la-guerra-fr%C3%ADa-nunca-ha-termi\">Al Mayadeen<\/a> Espa\u00f1ol 26 de marzo de 2022<\/h4>\n<\/div>\n<div class=\"post-tags\">\u00a0<\/div>\n","protected":false},"excerpt":{"rendered":"<p>\u201cNadie se imaginaba que se pudiera dar una movilizaci\u00f3n social que se prolongara semanas y meses.\u201d<\/p>\n","protected":false},"author":131,"featured_media":36576,"comment_status":"open","ping_status":"open","sticky":false,"template":"","format":"standard","meta":{"_uf_show_specific_survey":0,"_uf_disable_surveys":false,"footnotes":""},"categories":[5],"tags":[419,18024,18020,18022,1321,13035,18019,18025],"coauthors":[1194],"class_list":["post-36574","post","type-post","status-publish","format-standard","has-post-thumbnail","hentry","category-editoriales-y-opiniones","tag-ivan-duque","tag-petro-fajardo-uribe","tag-protestas-populares","tag-red-de-intelectuales-y-artistas-en-defensa-de-la-humanidad","tag-renan-vega-cantor","tag-terrorismo-de-estado-colombia","tag-tertulias-en-cuarentena","tag-wafica-ibrahim-rena-vega-cantor"],"translation":{"provider":"WPGlobus","version":"2.12.2","language":"fr","enabled_languages":["es","fr"],"languages":{"es":{"title":true,"content":true,"excerpt":true},"fr":{"title":false,"content":false,"excerpt":false}}},"_links":{"self":[{"href":"https:\/\/www.lapluma.net\/fr\/wp-json\/wp\/v2\/posts\/36574","targetHints":{"allow":["GET"]}}],"collection":[{"href":"https:\/\/www.lapluma.net\/fr\/wp-json\/wp\/v2\/posts"}],"about":[{"href":"https:\/\/www.lapluma.net\/fr\/wp-json\/wp\/v2\/types\/post"}],"author":[{"embeddable":true,"href":"https:\/\/www.lapluma.net\/fr\/wp-json\/wp\/v2\/users\/131"}],"replies":[{"embeddable":true,"href":"https:\/\/www.lapluma.net\/fr\/wp-json\/wp\/v2\/comments?post=36574"}],"version-history":[{"count":1,"href":"https:\/\/www.lapluma.net\/fr\/wp-json\/wp\/v2\/posts\/36574\/revisions"}],"predecessor-version":[{"id":36577,"href":"https:\/\/www.lapluma.net\/fr\/wp-json\/wp\/v2\/posts\/36574\/revisions\/36577"}],"wp:featuredmedia":[{"embeddable":true,"href":"https:\/\/www.lapluma.net\/fr\/wp-json\/wp\/v2\/media\/36576"}],"wp:attachment":[{"href":"https:\/\/www.lapluma.net\/fr\/wp-json\/wp\/v2\/media?parent=36574"}],"wp:term":[{"taxonomy":"category","embeddable":true,"href":"https:\/\/www.lapluma.net\/fr\/wp-json\/wp\/v2\/categories?post=36574"},{"taxonomy":"post_tag","embeddable":true,"href":"https:\/\/www.lapluma.net\/fr\/wp-json\/wp\/v2\/tags?post=36574"},{"taxonomy":"author","embeddable":true,"href":"https:\/\/www.lapluma.net\/fr\/wp-json\/wp\/v2\/coauthors?post=36574"}],"curies":[{"name":"wp","href":"https:\/\/api.w.org\/{rel}","templated":true}]}}