{"id":36537,"date":"2022-03-26T13:54:03","date_gmt":"2022-03-26T13:54:03","guid":{"rendered":"http:\/\/www.lapluma.net\/?p=36537"},"modified":"2022-03-26T13:54:05","modified_gmt":"2022-03-26T13:54:05","slug":"chile-ante-la-desazon-y-el-engano-aun-tenemos-patria-ciudadanos","status":"publish","type":"post","link":"https:\/\/www.lapluma.net\/fr\/2022\/03\/26\/chile-ante-la-desazon-y-el-engano-aun-tenemos-patria-ciudadanos\/","title":{"rendered":"Chile, ante la desaz\u00f3n y el enga\u00f1o, \u201cA\u00fan tenemos Patria, ciudadanos\u201d"},"content":{"rendered":"\n<p style=\"text-align: justify;\" align=\"left\">El 26 de mayo de 2018 debi\u00f3 haberse recordado en Chile el bicentenario del asesinato de Manuel Rodr\u00edguez, figura se\u00f1era en la lucha por la independencia de Chile del colonialismo espa\u00f1ol, sin embargo, la fecha transcurri\u00f3 casi absolutamente ignorada y olvidada sin que hubiera una conmemoraci\u00f3n oficial que pusiera en su verdadera dimensi\u00f3n la importancia del papel que jug\u00f3 este personaje en la gran gesta librada a comienzos del siglo XIX.<\/p>\n<p align=\"left\"><img loading=\"lazy\" decoding=\"async\" class=\" wp-image-36539 aligncenter\" src=\"http:\/\/www.lapluma.net\/wp-content\/uploads\/2022\/03\/diego-castillo-manuel-rodriguez-300x200.jpg\" alt=\"\" width=\"426\" height=\"284\" srcset=\"https:\/\/www.lapluma.net\/wp-content\/uploads\/2022\/03\/diego-castillo-manuel-rodriguez-300x200.jpg 300w, https:\/\/www.lapluma.net\/wp-content\/uploads\/2022\/03\/diego-castillo-manuel-rodriguez-768x512.jpg 768w, https:\/\/www.lapluma.net\/wp-content\/uploads\/2022\/03\/diego-castillo-manuel-rodriguez-435x290.jpg 435w, https:\/\/www.lapluma.net\/wp-content\/uploads\/2022\/03\/diego-castillo-manuel-rodriguez-150x100.jpg 150w, https:\/\/www.lapluma.net\/wp-content\/uploads\/2022\/03\/diego-castillo-manuel-rodriguez-370x247.jpg 370w, https:\/\/www.lapluma.net\/wp-content\/uploads\/2022\/03\/diego-castillo-manuel-rodriguez.jpg 800w\" sizes=\"auto, (max-width: 426px) 100vw, 426px\" \/><\/p>\n<p style=\"text-align: justify;\" align=\"left\">En 1985 se cumplieron 200 a\u00f1os del nacimiento del h\u00e9roe, la efem\u00e9ride discurri\u00f3 de manera similar. Podr\u00eda comprenderse que la dictadura no quisiera rememorar la vida y obra de tan insigne patriota, pero que el comportamiento de un gobierno democr\u00e1tico se exprese en t\u00e9rminos an\u00e1logos, solo puede entenderse como la cercan\u00eda entre uno y otro en cuanto al conocimiento e interpretaci\u00f3n de la historia a fin de alejarla de cualquier elemento que permita comprender que el verdadero protagonista de los acontecimientos de la vida de una sociedad es el pueblo y que solo \u00e9l puede engendrar aquellos actores relevantes que operan el factor subjetivo, para acelerar, adelantar y darle un curso positivo a los procesos sociales.<\/p>\n<p style=\"text-align: justify;\" align=\"left\">Para recordar a Manuel Rodr\u00edguez, junto a tres colegas: Marcos Roitman, Luis Rojas y Tito Tricot emprendimos durante tres a\u00f1os la tit\u00e1nica tarea de buscar a alguna editorial que se interesase en el tema. Algunas, por desprecio al personaje, otras por su alta sofisticaci\u00f3n elitista, adem\u00e1s de aquellas \u2013hay que decirlo- que interesadas en el tema, pero aplastadas por la crisis econ\u00f3mica generada por la pandemia no tuvieron capacidad para encarar la publicaci\u00f3n, hicieron de la tarea una misi\u00f3n casi imposible.<\/p>\n<p style=\"text-align: justify;\" align=\"left\">Finalmente Am\u00e9rica en Movimiento de Valpara\u00edso y su editor Israel Fortune aceptaron el reto. Por ello, hoy 23 de marzo, en el 204 aniversario de aquel d\u00eda cuando ante la desaz\u00f3n y el infortunio que permeaban el sentimiento de los patriotas chilenos tras la derrota en Cancha Rayada cerca de Talca, se alz\u00f3 la voz y la fuerza de las ideas de Manuel Rodr\u00edguez para exhortar a los ciudadanos a continuar la lucha con la convicci\u00f3n de que a\u00fan ten\u00edamos Patria, presentamos este libro como peque\u00f1o homenaje a su vida y a su obra<\/p>\n<p><iframe loading=\"lazy\" title=\"Presentaci\u00f3n del libro &quot;Manuel Rodr\u00edguez en tres tiempos&quot;\" width=\"660\" height=\"495\" src=\"https:\/\/www.youtube.com\/embed\/kz6MOO2aBhc?feature=oembed\" frameborder=\"0\" allow=\"accelerometer; autoplay; clipboard-write; encrypted-media; gyroscope; picture-in-picture; web-share\" referrerpolicy=\"strict-origin-when-cross-origin\" allowfullscreen><\/iframe><\/p>\n<p style=\"text-align: justify;\" align=\"left\">Como muchos de los padres y madres fundadoras de nuestras nacionalidades, a Manuel Rodr\u00edguez se le encumbr\u00f3 en un monumento para engrosar la larga lista de h\u00e9roes que desde estatuas \u2013casi siempre ecuestres- se les elev\u00f3 a pedestales alejados del pueblo.<\/p>\n<p style=\"text-align: justify;\" align=\"left\">Manuel Rodr\u00edguez fue mucho m\u00e1s que un soldado de la espada y un guerrillero de la astucia. Su primer cargo p\u00fablico fue el de Procurador de Ciudad, para posteriormente asumir las carteras de Guerra, y de Gobierno entre noviembre de 1811 y julio de 1812 y Hacienda, entre agosto y octubre de 1814 durante los diferentes mandatos de Jos\u00e9 Miguel Carrera. En todos ellos fue capaz de exponer una integridad a toda prueba y una encomiable disposici\u00f3n para el trabajo. En el desempe\u00f1o de sus funciones debi\u00f3 confrontar retos provocados por el rechazo que su impronta iba dejando. La mediocridad del entorno lo persegu\u00eda, de la misma manera que las rivalidades de algunas familias olig\u00e1rquicas, manifestaron desde siempre contra \u00e9l y sus hermanos.<\/p>\n<p style=\"text-align: justify;\" align=\"left\">As\u00ed, presagiando el triste final de su vida, ya en enero de 1813, fue objeto de la insidia que lo acus\u00f3 sin pruebas de preparar una conspiraci\u00f3n contra Carrera, escapando de cumplir la sentencia que se dict\u00f3 por la necesidad de unir fuerzas para combatir la invasi\u00f3n espa\u00f1ola comandada por Antonio Pareja. Manuel Rodr\u00edguez se defendi\u00f3 a s\u00ed mismo, saliendo a la palestra sus extraordinarias dotes de abogado y su refinad\u00edsima cultura, todo soportado en avanzadas ideas pol\u00edticas. El brete hab\u00eda tenido su origen en las severas cr\u00edticas que Manuel y sus hermanos hab\u00edan hecho al gobierno, exponiendo su inconformidad con el desarrollo de ciertos asuntos, pero jam\u00e1s participaron y menos promovieron una conspiraci\u00f3n en la que s\u00ed estaban involucrados ciertos personeros de la oligarqu\u00eda que desde intereses privados denostaban e intrigaban, confabul\u00e1ndose contra el gobierno.<\/p>\n<p align=\"left\"><img loading=\"lazy\" decoding=\"async\" class=\" wp-image-36545 aligncenter\" src=\"http:\/\/www.lapluma.net\/wp-content\/uploads\/2022\/03\/Manuel-Rodriguez-el-martir-de-Tiltil-300x162.jpg\" alt=\"\" width=\"343\" height=\"185\" srcset=\"https:\/\/www.lapluma.net\/wp-content\/uploads\/2022\/03\/Manuel-Rodriguez-el-martir-de-Tiltil-300x162.jpg 300w, https:\/\/www.lapluma.net\/wp-content\/uploads\/2022\/03\/Manuel-Rodriguez-el-martir-de-Tiltil-768x416.jpg 768w, https:\/\/www.lapluma.net\/wp-content\/uploads\/2022\/03\/Manuel-Rodriguez-el-martir-de-Tiltil-203x110.jpg 203w, https:\/\/www.lapluma.net\/wp-content\/uploads\/2022\/03\/Manuel-Rodriguez-el-martir-de-Tiltil.jpg 859w\" sizes=\"auto, (max-width: 343px) 100vw, 343px\" \/><\/p>\n<h5 class=\"entry-title\" style=\"text-align: center;\" data-fontsize=\"24\" data-lineheight=\"30\">Asesinato de Manuel Rodr\u00edguez y la tradicional impunidad<\/h5>\n<p style=\"text-align: justify;\" align=\"left\">Jam\u00e1s se ha podido demostrar que Manuel Rodr\u00edguez perteneciera a uno u otro bando en los que estuvo dividido el esfuerzo patriota por la independencia de Chile, pero tanto \u00e9l como su familia fueron perseguidos hasta su <a href=\"https:\/\/villagrimaldi.cl\/sin-categoria\/asesinato-de-manuel-rodriguez-y-la-tradicional-impunidad\/\">asesinato en Tiltil el 26 de mayo de 1818<\/a>.<\/p>\n<p style=\"text-align: justify;\" align=\"left\">La modesta obra que presentamos hoy: \u201c<a href=\"https:\/\/cdn.shopify.com\/s\/files\/1\/0014\/0079\/9276\/products\/manuelrodriguezentrestiempos_1024x1024.jpg?v=1637273555\">Manuel Rodr\u00edguez en tres tiempos<\/a>\u201d pretende entregar elementos de an\u00e1lisis, para comprender la dimensi\u00f3n de Manuel Rodr\u00edguez y su aporte a la historia de Chile. De la misma manera, se propone contribuir de forma recatada a la necesidad de que El Guerrillero no siga siendo un adalid olvidado e ignorado por las \u00e9lites que han dirigido el pa\u00eds durante dos siglos, por eso lo de los \u201ctres tiempos\u201d, adem\u00e1s de la impronta directa de su actuaci\u00f3n patri\u00f3tica a favor de la libertad de su pa\u00eds, quisimos hacerlo nacer en el momento m\u00e1s sombr\u00edo y tenebroso de la historia de Chile, cual fue la dictadura de Pinochet, que vio el resurgir su nombre en el Frente Patri\u00f3tico que orgullosamente marc\u00f3 su huella por los campos y ciudades del pa\u00eds.<\/p>\n<p><iframe loading=\"lazy\" title=\"Frente Patriotico Manuel Rodriguez Marcha 28 de mayo 2015\" width=\"660\" height=\"371\" src=\"https:\/\/www.youtube.com\/embed\/3thiBKwsOnY?feature=oembed\" frameborder=\"0\" allow=\"accelerometer; autoplay; clipboard-write; encrypted-media; gyroscope; picture-in-picture; web-share\" referrerpolicy=\"strict-origin-when-cross-origin\" allowfullscreen><\/iframe><\/p>\n<p>\u00a0<\/p>\n<p style=\"text-align: justify;\" align=\"left\">De la misma manera, ha hecho presencia en estos a\u00f1os de continuidad dictatorial a trav\u00e9s de los m\u00faltiples actos de resistencia al avasallamiento pol\u00edtico, econ\u00f3mico, cultural y social de los gobiernos de la post dictadura. En cada marcha, manifestaci\u00f3n, protesta, huelga o paro de grupos y sectores organizados de la sociedad, Manuel Rodr\u00edguez est\u00e1 presente a trav\u00e9s del ingenio, la creatividad, la inteligencia, el desprendimiento y la fe en un futuro mejor que despliegan por todo el pa\u00eds todos aquellos que no se someten, especialmente los j\u00f3venes, que de manera lenta pero continua comenzaron su despertar tras la pesadilla de la dictadura y el amodorramiento posterior que interesadamente han gestado los gobiernos neoliberales que han sucedido a Pinochet, conservando y protegiendo su obra, en especial esa constituci\u00f3n que consagra que los chilenos no son iguales y que unos tienen m\u00e1s derechos que otros a la vida y a la felicidad.<\/p>\n<p style=\"text-align: justify;\" align=\"left\">El 18 de octubre de 2019, el pueblo chileno, en especial sus j\u00f3venes iniciaron un levantamiento en contra del sistema de exclusi\u00f3n e injusticia que se entroniz\u00f3 en el pa\u00eds con la dictadura y que ha tenido continuidad en la falsa democracia que le sucedi\u00f3 y que se ha mantenido en el poder durante los \u00faltimos 32 a\u00f1os.<\/p>\n<p align=\"left\"><img loading=\"lazy\" decoding=\"async\" class=\" wp-image-36541 aligncenter\" src=\"http:\/\/www.lapluma.net\/wp-content\/uploads\/2022\/03\/Proceso-chileno-300x169.webp\" alt=\"\" width=\"527\" height=\"297\" srcset=\"https:\/\/www.lapluma.net\/wp-content\/uploads\/2022\/03\/Proceso-chileno-300x169.webp 300w, https:\/\/www.lapluma.net\/wp-content\/uploads\/2022\/03\/Proceso-chileno.webp 696w\" sizes=\"auto, (max-width: 527px) 100vw, 527px\" \/><\/p>\n<p style=\"text-align: justify;\" align=\"left\">El centro del quehacer rebelde ha sido la antigua Plaza Italia, ubicada en el centro geogr\u00e1fico de Santiago y rebautizada como \u201cPlaza de la Dignidad\u201d. Muy cerca de ah\u00ed, desde su pedestal, Manuel Rodr\u00edguez oteaba a los millones de ciudadanos y ciudadanas que se movilizaron con la convicci\u00f3n de que \u201ca\u00fan tenemos patria\u201d. Como por acto de magia, el Guerrillero baj\u00f3 de su estatua y se introdujo subrepticiamente -como en los mejores a\u00f1os de su af\u00e1n independentista- entre los millones de chilenas y chilenos que bajo el asedio gubernamental daban continuidad al profundo sentimiento patri\u00f3tico que nos legaron los padres fundadores. Otra vez, \u2013<a href=\"https:\/\/www.cancioneros.com\/nc\/4411\/0\/tonada-de-manuel-rodriguez-pablo-neruda-vicente-bianchi\">como dice la tonada<\/a>&#8211; \u201cel agua y el viento dicen que vieron al guerrillero\u201d. Inmerso en el mar de pueblo combatiente, doscientos a\u00f1os despu\u00e9s, Manuel Rodr\u00edguez \u201cpuede ser un obispo, puede y no puede, puede ser s\u00f3lo el viento sobre la nieve\u201d. Por eso, dos siglos despu\u00e9s de su paso a la inmortalidad podemos decir: \u201cMadre, no mires. Que viene galopando Manuel Rodr\u00edguez\u201d.<\/p>\n<p align=\"left\"><img loading=\"lazy\" decoding=\"async\" class=\" wp-image-36538 aligncenter\" src=\"http:\/\/www.lapluma.net\/wp-content\/uploads\/2022\/03\/Momunemto-Manuel-Rodriguez-300x200.jpg\" alt=\"\" width=\"456\" height=\"304\" srcset=\"https:\/\/www.lapluma.net\/wp-content\/uploads\/2022\/03\/Momunemto-Manuel-Rodriguez-300x200.jpg 300w, https:\/\/www.lapluma.net\/wp-content\/uploads\/2022\/03\/Momunemto-Manuel-Rodriguez-768x512.jpg 768w, https:\/\/www.lapluma.net\/wp-content\/uploads\/2022\/03\/Momunemto-Manuel-Rodriguez-435x290.jpg 435w, https:\/\/www.lapluma.net\/wp-content\/uploads\/2022\/03\/Momunemto-Manuel-Rodriguez-150x100.jpg 150w, https:\/\/www.lapluma.net\/wp-content\/uploads\/2022\/03\/Momunemto-Manuel-Rodriguez-370x247.jpg 370w, https:\/\/www.lapluma.net\/wp-content\/uploads\/2022\/03\/Momunemto-Manuel-Rodriguez.jpg 900w\" sizes=\"auto, (max-width: 456px) 100vw, 456px\" \/><\/p>\n<p style=\"text-align: justify;\" align=\"left\">Hoy, cuando pareciera que el enga\u00f1o del \u201cmal menor\u201d y la pol\u00edtica \u201cen la medida de lo posible\u201d adquieren una nueva forma y cuando -una vez m\u00e1s- la pesadumbre y la congoja que afectan a m\u00e1s de la mitad de la poblaci\u00f3n del pa\u00eds que no cree en el sistema pol\u00edtico imperante, esta peque\u00f1a obra nos viene a recordar que \u00a1\u201dA\u00fan tenemos Patria, ciudadanos\u201d!<\/p>\n<h4 align=\"left\">Sergio Rodr\u00edguez Gelfenstein para La Pluma, 25 de marzo de 2022<\/h4>\n<h4 align=\"left\">Editado por <a href=\"http:\/\/www.lapluma.net\/nosotros\/editora\/\">Mar\u00eda Piedad Ossaba<\/a><\/h4>\n","protected":false},"excerpt":{"rendered":"<p>Muy cerca de ah\u00ed, desde su pedestal, Manuel Rodr\u00edguez oteaba a los millones de ciudadanos y ciudadanas que se movilizaron con la convicci\u00f3n de que \u201ca\u00fan tenemos patria\u201d.<\/p>\n","protected":false},"author":9,"featured_media":36416,"comment_status":"open","ping_status":"open","sticky":false,"template":"","format":"standard","meta":{"_uf_show_specific_survey":0,"_uf_disable_surveys":false,"footnotes":""},"categories":[5],"tags":[17994,7730,17996,17943,17940,725,39],"coauthors":[266],"class_list":["post-36537","post","type-post","status-publish","format-standard","has-post-thumbnail","hentry","category-editoriales-y-opiniones","tag-avasallamiento-politico-economico-cultural-y-social","tag-frente-patriotico-manuel-rodriguez","tag-gobiernos-de-la-pos-dictadura","tag-manuel-rodriguez-figura-legendaria-historia-chilena","tag-manuel-rodriguez-en-tres-tiempos","tag-memoria-historica","tag-sergio-rodriguez-gelfenstein"],"translation":{"provider":"WPGlobus","version":"2.12.2","language":"fr","enabled_languages":["es","fr"],"languages":{"es":{"title":true,"content":true,"excerpt":true},"fr":{"title":false,"content":false,"excerpt":false}}},"_links":{"self":[{"href":"https:\/\/www.lapluma.net\/fr\/wp-json\/wp\/v2\/posts\/36537","targetHints":{"allow":["GET"]}}],"collection":[{"href":"https:\/\/www.lapluma.net\/fr\/wp-json\/wp\/v2\/posts"}],"about":[{"href":"https:\/\/www.lapluma.net\/fr\/wp-json\/wp\/v2\/types\/post"}],"author":[{"embeddable":true,"href":"https:\/\/www.lapluma.net\/fr\/wp-json\/wp\/v2\/users\/9"}],"replies":[{"embeddable":true,"href":"https:\/\/www.lapluma.net\/fr\/wp-json\/wp\/v2\/comments?post=36537"}],"version-history":[{"count":5,"href":"https:\/\/www.lapluma.net\/fr\/wp-json\/wp\/v2\/posts\/36537\/revisions"}],"predecessor-version":[{"id":36551,"href":"https:\/\/www.lapluma.net\/fr\/wp-json\/wp\/v2\/posts\/36537\/revisions\/36551"}],"wp:featuredmedia":[{"embeddable":true,"href":"https:\/\/www.lapluma.net\/fr\/wp-json\/wp\/v2\/media\/36416"}],"wp:attachment":[{"href":"https:\/\/www.lapluma.net\/fr\/wp-json\/wp\/v2\/media?parent=36537"}],"wp:term":[{"taxonomy":"category","embeddable":true,"href":"https:\/\/www.lapluma.net\/fr\/wp-json\/wp\/v2\/categories?post=36537"},{"taxonomy":"post_tag","embeddable":true,"href":"https:\/\/www.lapluma.net\/fr\/wp-json\/wp\/v2\/tags?post=36537"},{"taxonomy":"author","embeddable":true,"href":"https:\/\/www.lapluma.net\/fr\/wp-json\/wp\/v2\/coauthors?post=36537"}],"curies":[{"name":"wp","href":"https:\/\/api.w.org\/{rel}","templated":true}]}}