{"id":36459,"date":"2022-03-24T10:41:10","date_gmt":"2022-03-24T10:41:10","guid":{"rendered":"http:\/\/www.lapluma.net\/?p=36459"},"modified":"2022-03-24T13:46:09","modified_gmt":"2022-03-24T13:46:09","slug":"las-razones-y-detalles-de-la-guerra-de-ucrania","status":"publish","type":"post","link":"https:\/\/www.lapluma.net\/fr\/2022\/03\/24\/las-razones-y-detalles-de-la-guerra-de-ucrania\/","title":{"rendered":"Les raisons et les d\u00e9tails de la guerre en Ukraine"},"content":{"rendered":"\n<h4><strong>En route vers la guerre<\/strong><\/h4>\n<p style=\"text-align: justify;\">Jacques Baud, ancien colonel de l\u2019\u00e9tat-major suisse, ancien membre du renseignement strat\u00e9gique et sp\u00e9cialiste des pays d\u2019Europe de l\u2019Est, ancien expert de l\u2019ONU et de l\u2019OTAN, nous offre le plus arr\u00eat\u00e9, analyse presque exhaustive de la guerre en Ukraine et des raisons qui l\u2019ont motiv\u00e9e.<\/p>\n<p><img loading=\"lazy\" decoding=\"async\" class=\" wp-image-36461 aligncenter\" src=\"http:\/\/www.lapluma.net\/wp-content\/uploads\/2022\/03\/ucrania-1920-5-1024x576-1-300x169.jpg\" sizes=\"auto, (max-width: 396px) 100vw, 396px\" srcset=\"http:\/\/www.lapluma.net\/wp-content\/uploads\/2022\/03\/ucrania-1920-5-1024x576-1-300x169.jpg 300w, http:\/\/www.lapluma.net\/wp-content\/uploads\/2022\/03\/ucrania-1920-5-1024x576-1-768x432.jpg 768w, http:\/\/www.lapluma.net\/wp-content\/uploads\/2022\/03\/ucrania-1920-5-1024x576-1-870x489.jpg 870w, http:\/\/www.lapluma.net\/wp-content\/uploads\/2022\/03\/ucrania-1920-5-1024x576-1-895x503.jpg 895w, http:\/\/www.lapluma.net\/wp-content\/uploads\/2022\/03\/ucrania-1920-5-1024x576-1.jpg 1024w\" alt=\"\" width=\"396\" height=\"223\" \/><\/p>\n<p style=\"text-align: justify;\">Pendant des ann\u00e9es, du Mali \u00e0 l\u2019Afghanistan, j\u2019ai travaill\u00e9 pour la paix et ai risqu\u00e9 ma vie pour elle. Il ne s\u2019agit donc pas de justifier la guerre, mais de comprendre ce qui nous y a conduit. Je constate que les \u00ab\u00a0experts\u00a0\u00bb qui se relaient sur les plateaux de t\u00e9l\u00e9vision analysent la situation \u00e0 partir d\u2019informations douteuses, le plus souvent des hypoth\u00e8ses \u00e9rig\u00e9es en faits, et d\u00e8s lors on ne parvient plus \u00e0 comprendre ce qui se passe. C\u2019est comme \u00e7a que l\u2019on cr\u00e9e des paniques.<\/p>\n<p style=\"text-align: justify;\">Le probl\u00e8me n\u2019est pas tant de savoir qui a raison dans ce conflit, mais de s\u2019interroger sur la mani\u00e8re dont nos dirigeants prennent leurs d\u00e9cisions.<\/p>\n<p style=\"text-align: justify;\">Essayons d\u2019examiner les racines du conflit. Cela commence par <a href=\"https:\/\/www.rts.ch\/info\/monde\/6772950-les-separatistes-auraient-renforce-leurs-capacites-dattaque-en-ukraine.html\">ceux<\/a> qui durant les huit derni\u00e8res ann\u00e9es nous parlaient de \u00ab\u00a0s\u00e9paratistes\u00a0\u00bb ou des \u00ab\u00a0ind\u00e9pendantistes\u00a0\u00bb du Donbass. C\u2019est faux. Les r\u00e9f\u00e9rendums men\u00e9s par les deux r\u00e9publiques auto-proclam\u00e9es de Donetsk et de Lougansk en mai 2014, n\u2019\u00e9taient pas des r\u00e9f\u00e9rendums d\u2019\u00ab\u00a0<em>ind\u00e9pendance<\/em>\u00a0\u00bb (\u043d\u0435\u0437\u0430\u0432\u0438\u0441\u0438\u043c\u043e\u0441\u0442\u044c), comme l\u2019ont affirm\u00e9 certains <a href=\"https:\/\/www.rts.ch\/info\/monde\/5839879-pres-de-90-de-oui-a-lindependance-a-donetsk-selon-les-prorusses.html\">journalistes peu scrupuleux<\/a>, mais de <a title=\"\" href=\"https:\/\/upload.wikimedia.org\/wikipedia\/commons\/4\/4d\/Decree_on_holding_the_Donetsk_status_referendum.png\" data-rel=\"lightbox-image-0\" data-rl_title=\"\" data-rl_caption=\"\">r\u00e9f\u00e9rendums<\/a> d\u2019\u00ab\u00a0<em>auto-d\u00e9termination<\/em>\u00a0\u00bb ou d\u2019\u00ab\u00a0<em>autonomie<\/em>\u00a0\u00bb (\u0441\u0430\u043c\u043e\u0441\u0442\u043e\u044f\u0442\u0435\u043b\u044c\u043d\u043e\u0441\u0442\u044c). Le qualificatif \u00ab\u00a0pro-russes\u00a0\u00bb sugg\u00e8re que la Russie \u00e9tait partie au conflit, ce qui n\u2019\u00e9tait pas le cas, et le terme \u00ab\u00a0russophones\u00a0\u00bb aurait \u00e9t\u00e9 plus honn\u00eate. D\u2019ailleurs, ces r\u00e9f\u00e9rendums ont \u00e9t\u00e9 conduits contre l\u2019avis de Vladimir Poutine.<\/p>\n<p style=\"text-align: justify;\">En fait, ces R\u00e9publiques ne cherchaient pas \u00e0 se s\u00e9parer de l\u2019Ukraine, mais \u00e0 avoir un statut d\u2019autonomie leur garantissant l\u2019usage de la langue russe comme langue officielle. Car le premier acte l\u00e9gislatif du nouveau gouvernement issu du renversement du pr\u00e9sident Ianoukovitch, a \u00e9t\u00e9 l\u2019abolition, le 23 f\u00e9vrier 2014, de la loi Kivalov-Kolesnichenko de 2012 qui faisait du russe une langue officielle. Un peu comme si des putschistes d\u00e9cidaient que le fran\u00e7ais et l\u2019italien ne seraient d\u00e9sormais plus des langues officielles en Suisse.<\/p>\n<p style=\"text-align: justify;\">Cette d\u00e9cision provoque une temp\u00eate dans la population russophone. Il en r\u00e9sulte une r\u00e9pression f\u00e9roce contre les r\u00e9gions russophones (Odessa, Dniepropetrovsk, Kharkov, Lougansk et Donetsk) qui s\u2019exerce d\u00e8s f\u00e9vrier 2014 et conduit \u00e0 une militarisation de la situation et \u00e0 quelques massacres (\u00e0 Odessa et \u00e0 Marioupol, pour les plus importants). \u00c0 la fin de l\u2019\u00e9t\u00e9 2014, ne restent que les R\u00e9publiques auto-proclam\u00e9es de Donetsk et de Lougansk.<\/p>\n<h5 style=\"text-align: justify;\"><img loading=\"lazy\" decoding=\"async\" class=\"size-medium wp-image-35870 aligncenter\" src=\"http:\/\/www.lapluma.net\/wp-content\/uploads\/2022\/03\/Crimenes-neonazis-ucranianos--300x270.png\" sizes=\"auto, (max-width: 300px) 100vw, 300px\" srcset=\"http:\/\/www.lapluma.net\/wp-content\/uploads\/2022\/03\/Crimenes-neonazis-ucranianos--300x270.png 300w, http:\/\/www.lapluma.net\/wp-content\/uploads\/2022\/03\/Crimenes-neonazis-ucranianos--768x692.png 768w, http:\/\/www.lapluma.net\/wp-content\/uploads\/2022\/03\/Crimenes-neonazis-ucranianos-.png 852w\" alt=\"\" width=\"300\" height=\"270\" \/>Dizaines de personnes ont \u00e9t\u00e9 assassin\u00e9es dans la Maison des Syndicats d\u2019Odessa et plus de 100 personnes ont \u00e9t\u00e9 disparues par les n\u00e9o-nazis ukrainiens le 2 mai 2014. Assassin\u00e9es \u00e0 coups, d\u2019autres br\u00fbl\u00e9es vivantes, d\u2019autres encore se sont lanc\u00e9es par les fen\u00eatres en cherchant \u00e9viter le feu provoqu\u00e9 et ont \u00e9t\u00e9 mises \u00e0 mort alors qu\u2019elles gisaient au sol, bless\u00e9es ; le tout devant une foule empoisonn\u00e9e de racisme et d\u2019anticommunisme. La femme enceinte de la photographie fut \u00e9trangl\u00e9e avec le fil du t\u00e9l\u00e9phone par les n\u00e9onazis ukrainiens.<\/h5>\n<p style=\"text-align: justify;\">A ce stade, trop rigides et engonc\u00e9s dans une approche doctrinaire de l\u2019art op\u00e9ratif, les \u00e9tats-majors ukrainiens, subissent l\u2019ennemi sans parvenir s\u2019imposer. L\u2019examen du d\u00e9roulement des combats en 2014-2016 dans le Donbass montre que l\u2019\u00e9tat-major ukrainien a syst\u00e9matiquement et m\u00e9caniquement appliqu\u00e9 les m\u00eames sch\u00e9mas op\u00e9ratifs. Or, la guerre men\u00e9e par les autonomistes est alors tr\u00e8s proche de ce que l\u2019on observe dans le Sahel\u00a0: des op\u00e9rations tr\u00e8s mobiles men\u00e9es avec des moyens l\u00e9gers. Avec une approche plus flexible et moins doctrinaire, les rebelles ont su exploiter l\u2019inertie des forces ukrainienne pour les \u00ab\u00a0pi\u00e9ger\u00a0\u00bb de mani\u00e8re r\u00e9p\u00e9t\u00e9e.<\/p>\n<p style=\"text-align: justify;\">En 2014, je suis \u00e0 l\u2019OTAN, responsable de la lutte contre la prolif\u00e9ration des armes l\u00e9g\u00e8res, et nous tentons de d\u00e9tecter des livraisons d\u2019armes russes aux rebelles afin de voir si Moscou est impliqu\u00e9. Les informations que nous recevons viennent alors pratiquement toutes des services de renseignement polonais et ne \u00ab\u00a0collent pas\u00a0\u00bb avec les informations en provenance de l\u2019OSCE\u00a0: en d\u00e9pit d\u2019all\u00e9gations assez grossi\u00e8res, on n\u2019observe aucune livraison d\u2019armes et de mat\u00e9riels militaire de Russie.<\/p>\n<p style=\"text-align: justify;\">Les rebelles sont arm\u00e9s gr\u00e2ce aux d\u00e9fections d\u2019unit\u00e9s ukrainiennes russophones qui passent du c\u00f4t\u00e9 rebelle. Au fur et \u00e0 mesure des \u00e9checs ukrainiens, les bataillons de chars, d\u2019artillerie ou anti-a\u00e9riens au complet viennent grossir les rangs des autonomistes. C\u2019est ce qui pousse les Ukrainiens \u00e0 s\u2019engager dans les Accords de Minsk.<\/p>\n<p style=\"text-align: justify;\">Mais, juste apr\u00e8s avoir sign\u00e9 les Accords de Minsk 1, le pr\u00e9sident ukrainien Petro Porochenko lance une vaste op\u00e9ration antiterroriste (ATO\/\u0410\u043d\u0442\u0438\u0442\u0435\u0440\u043e\u0440\u0438\u0441\u0442\u0438\u0447\u043d\u0430 \u043e\u043f\u0435\u0440\u0430\u0446\u0456\u044f) contre le Donbass. <em>Bis repetita placent<\/em>\u00a0: mal conseill\u00e9s par des officiers de l\u2019OTAN, les Ukrainiens subissent une cuisante d\u00e9faite \u00e0 Debaltsevo qui les oblige \u00e0 s\u2019engager dans les Accords de Minsk 2\u2026<\/p>\n<p style=\"text-align: justify;\">Il est essentiel de rappeler ici que les Accords de Minsk\u00a01 (septembre 2014) et Minsk\u00a02 (f\u00e9vrier 2015), ne pr\u00e9voyaient ni la s\u00e9paration, ni l\u2019ind\u00e9pendance des R\u00e9publiques, mais leur autonomie <em>dans le cadre<\/em> de l\u2019Ukraine. Ceux qui ont lu <a href=\"https:\/\/www.securitycouncilreport.org\/atf\/cf\/%7B65BFCF9B-6D27-4E9C-8CD3-CF6E4FF96FF9%7D\/s_res_2202.pdf\">les Accords<\/a> (ils sont tr\u00e8s, tr\u00e8s, tr\u00e8s peu nombreux) constateront qu\u2019il est \u00e9crit en toutes lettres que le statut des r\u00e9publiques devait \u00eatre n\u00e9goci\u00e9 entre Kiev et les repr\u00e9sentants des r\u00e9publiques, pour une <em>solution interne<\/em> \u00e0 l\u2019Ukraine.<\/p>\n<p style=\"text-align: justify;\">C\u2019est pourquoi depuis 2014, la Russie a syst\u00e9matiquement demand\u00e9 leur application tout en refusant d\u2019\u00eatre partie aux n\u00e9gociations, car il s\u2019agissait d\u2019une affaire int\u00e9rieure \u00e0 l\u2019Ukraine. De l\u2019autre c\u00f4t\u00e9, les Occidentaux \u2013 France en t\u00eate \u2013 ont syst\u00e9matiquement tent\u00e9 de substituer aux Accords de Minsk le \u00ab\u00a0format Normandie\u00a0\u00bb, qui mettait face \u00e0 face Russes et Ukrainiens. Or, rappelons-le, il n\u2019y a <em>jamais<\/em> eu de troupes russes dans le Donbass avant le 23-24 f\u00e9vrier 2022. D\u2019ailleurs, <a href=\"https:\/\/foreignpolicy.com\/2018\/10\/25\/counting-the-dead-in-europes-forgotten-war-ukraine-conflict-donbass-osce\/\">les observateurs de l\u2019OSCE<\/a> n\u2019ont jamais observ\u00e9 la moindre trace d\u2019unit\u00e9s russes op\u00e9rant dans le Donbass. Ainsi, la carte des services de renseignements am\u00e9ricains publi\u00e9e par le <a href=\"https:\/\/www.washingtonpost.com\/national-security\/russia-ukraine-invasion\/2021\/12\/03\/98a3760e-546b-11ec-8769-2f4ecdf7a2ad_story.html\">Washington Post<\/a> le 3 d\u00e9cembre 2021 ne montre pas de troupes russes dans le Donbass.<\/p>\n<p style=\"text-align: justify;\">En octobre 2015, Vasyl Hrytsak, <a href=\"https:\/\/www.kyivpost.com\/article\/content\/war-against-ukraine\/sbu-registers-involvement-of-56-russian-in-military-actions-against-ukraine-since-military-conflict-in-eastern-ukraien-unfolded-399718.html\">directeur du Service de s\u00e9curit\u00e9 ukrainien<\/a> (SBU), confessait que l\u2019on avait seulement observ\u00e9 56 combattants russes dans le Donbass. C\u2019\u00e9tait un m\u00eame comparable \u00e0 celui des Suisses allaient combattre en Bosnie durant les week-ends, dans les ann\u00e9es 1990, ou des Fran\u00e7ais qui vont combattre en Ukraine aujourd\u2019hui.<\/p>\n<p style=\"text-align: justify;\">L\u2019arm\u00e9e ukrainienne est alors dans un \u00e9tat d\u00e9plorable. En octobre 2018, apr\u00e8s quatre ans de guerre, le <a href=\"https:\/\/vesti.ua\/strana\/309880-nazvany-neboevye-poteri-vsu-na-donbasse\">procureur militaire ukrainien en chef Anatoly Matios<\/a> d\u00e9clarait que l\u2019Ukraine avait perdu 2\u00a0700 hommes dans le Donbass\u00a0: 891 de maladies, 318\u00a0d\u2019accidents de la route, 177 d\u2019autres accidents, 175 d\u2019empoisonnements (alcool, drogue), 172 suite \u00e0 des manipulations imprudentes d\u2019armes, 101 d\u2019infractions aux r\u00e8gles de s\u00e9curit\u00e9, 228 de meurtres et 615 de suicides.\u00a0<\/p>\n<p style=\"text-align: justify;\">En fait, l\u2019arm\u00e9e est min\u00e9e par la corruption de ses cadres et ne jouit plus du soutien de la population. Selon un <a href=\"https:\/\/www.justice.gov\/eoir\/page\/file\/1008261\/download\">rapport du minist\u00e8re de l\u2019Int\u00e9rieur britannique<\/a>, lors du rappel des r\u00e9servistes de mars-avril 2014, 70\u00a0% ne se sont <em>pas<\/em> pr\u00e9sent\u00e9s \u00e0 la premi\u00e8re session, 80\u00a0% \u00e0 la deuxi\u00e8me, 90\u00a0% \u00e0 la troisi\u00e8me et 95\u00a0% \u00e0 la quatri\u00e8me. En octobre\/novembre 2017, <a href=\"https:\/\/ipress.ua\/ru\/news\/v_vsu_zayavyly_o_70_neyavky_vo_vremya_osennego_pryziva_237367.html\">70\u00a0% des appel\u00e9s ne se sont pas pr\u00e9sent\u00e9s<\/a> lors de la campagne de rappel <em>\u00ab\u00a0<\/em><em>Automne 2017<\/em><em>\u00a0\u00bb. <\/em>Ceci sans compter <a href=\"https:\/\/observer.com\/2017\/06\/ukraine-war-soldiers-suicide\/\">les suicides<\/a> et <a href=\"https:\/\/www.refworld.org\/docid\/593a581b4.html\">les d\u00e9sertions<\/a> (souvent au profit des autonomistes) qui atteignent jusqu\u2019\u00e0 30\u00a0% des effectifs dans la zone de l\u2019ATO. Les jeunes Ukrainiens refusent d\u2019aller combattre dans le Donbass et pr\u00e9f\u00e8rent l\u2019\u00e9migration, ce qui explique aussi, partiellement au moins, le d\u00e9ficit d\u00e9mographique du pays.<\/p>\n<p style=\"text-align: justify;\">Le minist\u00e8re de la D\u00e9fense ukrainien s\u2019adresse alors \u00e0 l\u2019OTAN pour l\u2019aider \u00e0 rendre ses forces arm\u00e9es plus \u00ab\u00a0attractives\u00a0\u00bb. Ayant d\u00e9j\u00e0 travaill\u00e9 \u00e0 des projets similaires dans le cadre des Nations Unies, j\u2019ai \u00e9t\u00e9 sollicit\u00e9 par l\u2019OTAN pour participer \u00e0 un programme destin\u00e9 \u00e0 restaurer l\u2019image des forces arm\u00e9es ukrainiennes. Mais c\u2019est un processus de longue haleine et les Ukrainiens veulent aller vite.<\/p>\n<p style=\"text-align: justify;\">Ainsi, pour compenser le manque de soldats, le gouvernement ukrainien recourt alors \u00e0 des milices paramilitaires. Elles sont essentiellement compos\u00e9es de mercenaires \u00e9trangers, souvent militants d\u2019extr\u00eame-droite. En 2020, elles constituent environ 40% des forces ukrainiennes et comptent <a href=\"https:\/\/graphics.reuters.com\/RUSSIA-UKRAINE\/dwpkrkwkgvm\/\">environ 102\u00a0000 hommes selon Reuters<\/a>. Elles sont arm\u00e9es, financ\u00e9es et form\u00e9es par les \u00c9tats-Unis, la Grande-Bretagne, le Canada et la France. On y trouve plus de 19 nationalit\u00e9s \u2013 dont des Suisses.<\/p>\n<p style=\"text-align: justify;\">Les pays occidentaux ont donc clairement cr\u00e9\u00e9 et soutenu des <a href=\"https:\/\/www.usatoday.com\/story\/news\/world\/2022\/03\/05\/russia-invasion-ukraine-attention-extremist-regiment-nazi\/9368016002\/?gnt-cfr=1\">milices d\u2019extr\u00eame droite ukrainiennes<\/a>. En octobre 2021, le <a href=\"https:\/\/www.jpost.com\/diaspora\/western-countries-training-far-right-extremists-in-ukraine-report-682411\">Jerusalem Post<\/a> sonnait l\u2019alarme en d\u00e9non\u00e7ant le projet <a href=\"https:\/\/www.illiberalism.org\/wp-content\/uploads\/2021\/09\/IERES-Papers-no-11-September-2021-FINAL.pdf\">Centuria<\/a>. Ces milices op\u00e8rent dans le Donbass depuis 2014, avec le soutien des Occidentaux. M\u00eame si on peut discuter le terme \u00ab\u00a0nazi\u00a0\u00bb, il n\u2019en demeure pas moins que ces milices sont violentes, v\u00e9hiculent une id\u00e9ologie naus\u00e9abonde et sont virulemment antis\u00e9mites. Leur <a href=\"https:\/\/www.jpost.com\/diaspora\/ukraine-progressively-restores-historical-memory-about-jews-652438\">antis\u00e9mitisme est plus culturel que politique<\/a>, c\u2019est pourquoi le qualificatif \u00ab\u00a0nazi\u00a0\u00bb n\u2019est pas vraiment adapt\u00e9. Leur haine du juif vient des grandes famines des ann\u00e9es 1920-1930 en Ukraine, r\u00e9sultant de la confiscation des r\u00e9coltes par Staline afin de financer la modernisation de l\u2019Arm\u00e9e Rouge. Or, ce g\u00e9nocide \u2013 connu en Ukraine sous le nom d\u2019<em>Holodomor<\/em> \u2013 a \u00e9t\u00e9 perp\u00e9tr\u00e9 par le NKVD (anc\u00eatre du KGB) dont les \u00e9chelons sup\u00e9rieurs de conduite \u00e9taient principalement compos\u00e9s de juifs. C\u2019est pourquoi, aujourd\u2019hui, les extr\u00e9mistes ukrainiens demandent \u00e0 Isra\u00ebl de <a href=\"https:\/\/www.jpost.com\/diaspora\/antisemitism\/far-right-protesters-in-ukraine-demand-israel-apologize-for-communism-654711\">s\u2019excuser pour les crimes du communisme<\/a>, comme le rel\u00e8ve le <em>Jerusalem Post<\/em>. On est donc bien loin d\u2019une \u00ab\u00a0<a href=\"https:\/\/www.rts.ch\/info\/monde\/12928403-podcast-ukrainerussie-cest-quoi-cette-histoire-de-nazis.html\">r\u00e9\u00e9criture de l\u2019Histoire\u00a0<\/a>\u00bb par Vladimir Poutine.<\/p>\n<p style=\"text-align: justify;\">Ces milices, issues des groupes d\u2019extr\u00eame-droite qui ont anim\u00e9 la r\u00e9volution de l\u2019Euroma\u00efdan en 2014, sont compos\u00e9es d\u2019individus fanatis\u00e9s et brutaux. La plus connue d\u2019entre elles est le r\u00e9giment Azov, dont l\u2019embl\u00e8me rappelle celui de la 2<sup>e<\/sup>Panzerdivision SS <em>Das Reich<\/em>, qui fait l\u2019objet d\u2019une v\u00e9ritable v\u00e9n\u00e9ration en Ukraine, pour avoir lib\u00e9r\u00e9 Kharkov des Sovi\u00e9tiques en 1943, avant de perp\u00e9trer le massacre d\u2019Oradour-sur-Glane en 1944, en France.<\/p>\n<p style=\"text-align: justify;\">Parmi les figures c\u00e9l\u00e8bres du r\u00e9giment Azov, on trouvait l\u2019opposant Roman Protassevitch, arr\u00eat\u00e9 en 2021 par les autorit\u00e9s b\u00e9larusses \u00e0 la suite de l\u2019affaire du vol RyanAir FR4978. Le 23 mai 2021, on \u00e9voque le <a href=\"https:\/\/www.rts.ch\/info\/monde\/12220530-la-bielorussie-a-arrete-un-militant-apres-avoir-intercepte-son-avion.html\">d\u00e9tournement d\u00e9lib\u00e9r\u00e9 d\u2019un avion<\/a> de ligne par un MiG-29 \u2013 avec <a href=\"https:\/\/youtu.be\/-LfZt4ESJ44?t=148\">l\u2019accord de Poutine<\/a>, bien \u00e9videmment \u2013 pour arr\u00eater Protassevitch, bien que les <a href=\"https:\/\/www.belta.by\/president\/view\/komandu-prinjat-v-minske-zaminirovannyj-samolet-ryanair-dal-lichno-lukashenko-442580-2021\/)\">informations alors disponibles<\/a> ne confirment absolument pas ce sc\u00e9nario.<\/p>\n<p style=\"text-align: justify;\">Mais il faut alors montrer que le pr\u00e9sident Loukachenko est un voyou et Protassevitch un \u00ab\u00a0journaliste\u00a0\u00bb \u00e9pris de d\u00e9mocratie. Pourtant, une enqu\u00eate assez \u00e9difiante produite par une <a href=\"https:\/\/www.foiaresearch.net\/person\/roman-protasevich\">ONG am\u00e9ricaine en 2020<\/a>, mettait en \u00e9vidence les activit\u00e9s militantes d\u2019extr\u00eame-droite de Protassevitch. Le complotisme occidental se met alors en marche et des m\u00e9dias peu scrupuleux <a href=\"https:\/\/www.rts.ch\/audio-podcast\/2021\/audio\/portrait-de-l-opposant-belarusse-roman-protassevitch-25201392.html\">\u00ab\u00a0toilettent\u00a0\u00bb sa biographie<\/a>. Finalement, en janvier 2022, <a href=\"https:\/\/www.politico.eu\/wp-content\/uploads\/2022\/01\/19\/ICAO-Fact-Finding-Investigation-Report_FR497849.pdf\">le rapport de l\u2019OACI<\/a> est publi\u00e9 et montre que malgr\u00e9 quelques erreurs de proc\u00e9dure, le B\u00e9larus a agi conform\u00e9ment aux r\u00e8gles en vigueur et que le MiG-29 a d\u00e9coll\u00e9 15 minutes apr\u00e8s que le pilote de RyanAir a d\u00e9cid\u00e9 d\u2019aller atterrir \u00e0 Minsk. Donc pas de complot b\u00e9larus et encore moins avec Poutine. Ah\u00a0!\u2026 Encore un d\u00e9tail\u00a0: Protassevitch, <a href=\"https:\/\/ici.radio-canada.ca\/nouvelle\/1798764\/opposant-belarus-entrevue-television-torture-interdiction-vols-ue\">cruellement tortur\u00e9<\/a> par la police b\u00e9larusse, est aujourd\u2019hui libre. Ceux qui voudraient correspondre avec lui, peuvent aller sur son compte <a href=\"https:\/\/twitter.com\/protas_by\">Twitter<\/a>.<\/p>\n<p style=\"text-align: justify;\">La qualification de \u00ab\u00a0nazi\u00a0\u00bb ou \u00ab\u00a0n\u00e9o-nazi\u00a0\u00bb donn\u00e9e aux paramilitaires ukrainiens est consid\u00e9r\u00e9e comme de la <a href=\"https:\/\/www.lemonde.fr\/international\/live\/2021\/05\/28\/avion-detourne-par-la-bielorussie-sanctions-de-l-union-europeenne-posez-vos-questions_6081892_3210.html\">propagande russe<\/a>. Peut-\u00eatre\u00a0; mais ce n\u2019est pas l\u2019avis du <a href=\"https:\/\/www.timesofisrael.com\/hundreds-march-in-ukraine-in-annual-tribute-to-nazi-collaborator\/\">Times of Israel<\/a>, du <a href=\"https:\/\/www.thenation.com\/article\/politics\/neo-nazis-far-right-ukraine\/\">Centre Simon Wiesenthal<\/a> ou du <a href=\"https:\/\/ctc.usma.edu\/wp-content\/uploads\/2020\/04\/CTC-SENTINEL-042020.pdf\">Centre de Lutte contre le Terrorisme<\/a> de l\u2019acad\u00e9mie de West Point. Mais cela reste discutable, car, en 2014, le <a href=\"https:\/\/www.newsweek.com\/evidence-war-crimes-committed-ukrainian-nationalist-volunteers-grows-269604\">magazine Newsweek<\/a> semblait plut\u00f4t les associer \u00e0\u2026 l\u2019\u00c9tat Islamique. Au choix\u00a0!<\/p>\n<p style=\"text-align: justify;\">Donc, l\u2019Occident soutient et continue d\u2019armer des milices qui se sont rendues coupables de nombreux <a href=\"https:\/\/www.osce.org\/files\/f\/documents\/e\/7\/233896.pdf\">crimes contre les populations civiles depuis 2014\u00a0<\/a>: viols, torture et massacres. Mais alors que le gouvernement suisse a \u00e9t\u00e9 tr\u00e8s prompt \u00e0 prendre des sanctions contre la Russie, il n\u2019en n\u2019a adopt\u00e9 aucune contre l\u2019Ukraine qui massacre sa propre population depuis 2014. En fait, ceux qui <a href=\"https:\/\/www.osce.org\/files\/f\/documents\/6\/0\/394781.pdf\">d\u00e9fendent les droits de l\u2019homme en Ukraine<\/a> ont depuis longtemps condamn\u00e9 les agissements de ces groupes, mais n\u2019ont pas \u00e9t\u00e9 suivis par nos gouvernements. Car, en r\u00e9alit\u00e9, on ne cherche pas \u00e0 aider l\u2019Ukraine, mais \u00e0 combattre la Russie.<\/p>\n<p style=\"text-align: justify;\">L\u2019int\u00e9gration de ces forces paramilitaires dans la Garde Nationale ne s\u2019est pas du tout accompagn\u00e9e d\u2019une \u00ab\u00a0d\u00e9nazification\u00a0\u00bb, comme <a href=\"https:\/\/www.rts.ch\/info\/monde\/12928403-podcast-ukrainerussie-cest-quoi-cette-histoire-de-nazis.html\">certains le pr\u00e9tendent<\/a>. Parmi les multiples exemples, celui de l\u2019insigne du R\u00e9giment Azov\u00a0est \u00e9difiant :<\/p>\n<p><img loading=\"lazy\" decoding=\"async\" class=\" wp-image-36462 aligncenter\" src=\"http:\/\/www.lapluma.net\/wp-content\/uploads\/2022\/03\/Capture-decran-2022-03-13-a-22.40.35-1536x1277-1-300x249.png\" alt=\"\" width=\"486\" height=\"403\" srcset=\"https:\/\/www.lapluma.net\/wp-content\/uploads\/2022\/03\/Capture-decran-2022-03-13-a-22.40.35-1536x1277-1-300x249.png 300w, https:\/\/www.lapluma.net\/wp-content\/uploads\/2022\/03\/Capture-decran-2022-03-13-a-22.40.35-1536x1277-1-1024x851.png 1024w, https:\/\/www.lapluma.net\/wp-content\/uploads\/2022\/03\/Capture-decran-2022-03-13-a-22.40.35-1536x1277-1-768x639.png 768w, https:\/\/www.lapluma.net\/wp-content\/uploads\/2022\/03\/Capture-decran-2022-03-13-a-22.40.35-1536x1277-1.png 1536w\" sizes=\"auto, (max-width: 486px) 100vw, 486px\" \/><\/p>\n<p style=\"text-align: justify;\">En 2022, tr\u00e8s sch\u00e9matiquement, les forces arm\u00e9es ukrainiennes qui combattent l\u2019offensive russe s\u2019articulent en\u00a0:<\/p>\n<p style=\"text-align: justify;\">\u2013 Arm\u00e9e de terre, subordonn\u00e9e au minist\u00e8re de la D\u00e9fense\u00a0: elle est articul\u00e9e en 3 corps d\u2019arm\u00e9e et compos\u00e9e de formations de man\u0153uvre (chars, artillerie lourde, missiles, etc.).<\/p>\n<p style=\"text-align: justify;\">\u2013 Garde Nationale, qui d\u00e9pend du minist\u00e8re de l\u2019Int\u00e9rieur et est articul\u00e9e en 5\u00a0commandements territoriaux.<\/p>\n<p style=\"text-align: justify;\">La Garde Nationale est donc une force de d\u00e9fense territoriale qui ne fait pas partie de l\u2019arm\u00e9e ukrainienne. Elle comprend les milices paramilitaires, appel\u00e9es \u00ab\u00a0<em>bataillons de volontaires\u00a0\u00bb<\/em> (\u0434\u043e\u0431\u0440\u043e\u0432\u043e\u043b\u044c\u0447\u0456 \u0431\u0430\u0442\u0430\u043b\u044c\u0439\u043e\u043d\u0456), \u00e9galement connues sous le nom \u00e9vocateur de <em>\u00ab\u00a0<\/em><em>bataillons de repr\u00e9sailles<\/em><em>\u00a0\u00bb,<\/em> compos\u00e9s d\u2019infanterie. Principalement form\u00e9s pour le combat urbain, ceux-ci assurent aujourd\u2019hui la d\u00e9fense de villes comme Kharkov, Marioupol, Odessa, Kiev, etc.<\/p>\n<h4><strong>La Guerre<\/strong><\/h4>\n<p style=\"text-align: justify;\">Ancien responsable des forces du Pacte de Varsovie au service de renseignement strat\u00e9gique helv\u00e9tique, j\u2019observe avec tristesse \u2013 mais sans \u00e9tonnement \u2013 que nos services ne sont plus en mesure de comprendre la situation militaire en Ukraine. Les \u00ab\u00a0experts\u00a0\u00bb auto-proclam\u00e9s qui d\u00e9filent sur nos \u00e9crans relaient inlassablement les m\u00eames informations modul\u00e9es par l\u2019affirmation que la Russie \u2013 et Vladimir Poutine \u2013 est irrationnel. Prenons un peu de recul.<\/p>\n<h4><strong>Le d\u00e9clenchement de la guerre<\/strong><\/h4>\n<p style=\"text-align: justify;\">Depuis le mois de novembre 2021, les Am\u00e9ricains ne cessent de brandir la menace d\u2019une invasion russe contre l\u2019Ukraine. Pourtant, les Ukrainiens ne semblent pas du m\u00eame avis. Pourquoi\u00a0?<\/p>\n<p style=\"text-align: justify;\">Il faut remonter au 24 mars 2021. Ce jour-l\u00e0, Volodymyr Zelensky promulgue <a href=\"https:\/\/www.president.gov.ua\/documents\/1172021-37533\">un d\u00e9cret<\/a> pour la <a href=\"https:\/\/www.president.gov.ua\/news\/prezident-zatverdiv-strategiyu-deokupaciyi-ta-reintegraciyi-67321\">reconqu\u00eate de la Crim\u00e9e<\/a> et commence \u00e0 d\u00e9ployer ses forces vers le sud du pays. Simultan\u00e9ment, a lieu la conduite de plusieurs exercices de l\u2019OTAN entre la mer Noire et la mer Baltique, accompagn\u00e9s d\u2019un <a href=\"https:\/\/www.janes.com\/defence-news\/news-detail\/us-uk-surge-surveillance-flights-over-ukraine-and-black-sea\">accroissement important des vols de reconnaissance<\/a> le long de la fronti\u00e8re russe. La Russie, m\u00e8ne alors quelques exercices, afin de tester la disponibilit\u00e9 op\u00e9rationnelle de ses troupes et montrer qu\u2019elle suit l\u2019\u00e9volution de la situation.<\/p>\n<p style=\"text-align: justify;\">Les choses se calment jusqu\u2019en octobre-novembre avec la fin des exercices ZAPAD 21, dont les mouvements de troupes sont interpr\u00e9t\u00e9s comme un renforcement en vue d\u2019une offensive contre l\u2019Ukraine. Pourtant, m\u00eame les autorit\u00e9s ukrainiennes r\u00e9futent l\u2019id\u00e9e de pr\u00e9paratifs russes pour une guerre et Oleksiy Reznikov, ministre de la D\u00e9fense ukrainien d\u00e9clare qu\u2019il n\u2019y a <a href=\"https:\/\/kyivindependent.com\/hot-topic\/defense-minister-downplays-russias-threat-says-its-similar-to-that-of-spring-2021\/\">pas de changement<\/a> \u00e0 sa fronti\u00e8re depuis le printemps.<\/p>\n<p style=\"text-align: justify;\">En violation des Accords de Minsk, l\u2019Ukraine m\u00e8ne des op\u00e9rations a\u00e9riennes au Donbass \u00e0 l\u2019aide de drones, dont au moins ex\u00e9cute <a href=\"https:\/\/nationalinterest.org\/feature\/ukraine%E2%80%99s-recent-drone-strike-reignites-tensions-donbass-195709\">une frappe contre un d\u00e9p\u00f4t de carburant \u00e0 Donetsk en octobre 2021<\/a>. La presse am\u00e9ricaine le rel\u00e8ve, mais pas les Europ\u00e9ens et personne ne condamne ces violations.<\/p>\n<p style=\"text-align: justify;\">En f\u00e9vrier 2022, les \u00e9v\u00e9nements se pr\u00e9cipitent. Le 7\u00a0f\u00e9vrier, lors de sa visite \u00e0 Moscou, Emmanuel Macron r\u00e9affirme \u00e0 Vladimir Poutine <a href=\"https:\/\/www.youtube.com\/watch?v=QHDAYz7g4u4\">son attachement aux Accords de Minsk<\/a>, un engagement qu\u2019il r\u00e9p\u00e9tera \u00e0 l\u2019issue de son <a href=\"https:\/\/www.youtube.com\/watch?v=InrDN7jYVOs\">entrevue avec Volodymyr Zelensky<\/a>, le lendemain. Mais le 11\u00a0f\u00e9vrier, \u00e0 Berlin, apr\u00e8s 9 heures de travail, la r\u00e9union des conseillers politiques des dirigeants du <em>\u00ab\u00a0<\/em><em>format Normandie<\/em><em>\u00a0\u00bb<\/em> s\u2019ach\u00e8ve, sans r\u00e9sultat concret\u00a0: les <a href=\"https:\/\/www.aa.com.tr\/en\/europe\/normandy-format-talks-in-berlin-end-without-tangible-results\/2499568\">Ukrainiens refusent encore et toujours d\u2019appliquer les Accords<\/a> de Minsk, apparemment sous la pression des \u00c9tats-Unis. Vladimir Poutine constate alors que Macron lui a fait des promesses en l\u2019air et que les Occidentaux ne sont pas pr\u00eats \u00e0 faire appliquer les Accords, comme ils le font depuis huit ans.<\/p>\n<p style=\"text-align: justify;\">Les pr\u00e9paratifs ukrainiens dans la zone de contact continuent. Le Parlement russe s\u2019alarme et le 15 f\u00e9vrier demande \u00e0 Vladimir Poutine de reconna\u00eetre l\u2019ind\u00e9pendance des R\u00e9publiques, ce qu\u2019il refuse.<\/p>\n<p style=\"text-align: justify;\">Le 17 f\u00e9vrier, le pr\u00e9sident Joe Biden <a href=\"https:\/\/edition.cnn.com\/2022\/02\/17\/politics\/joe-biden-russia\/index.html\">annonce que la Russie va attaquer l\u2019Ukraine<\/a> dans les prochains jours. Comment le sait-il\u00a0? Myst\u00e8re\u2026 Mais depuis le 16, le pilonnage d\u2019artillerie sur les populations du Donbass augmente de mani\u00e8re dramatique, comme le montrent les rapports journaliers des observateurs de l\u2019OSCE. Naturellement, ni les m\u00e9dias, ni l\u2019Union europ\u00e9enne, ni l\u2019OTAN, ni aucun gouvernement occidental ne r\u00e9agit et n\u2019intervient. On dira plus tard, qu\u2019il s\u2019agit de d\u00e9sinformation russe. En fait, il semble que l\u2019Union europ\u00e9enne et certains pays ont <em>\u00e0 dessein<\/em> pass\u00e9 sous silence le massacre des populations du Donbass, sachant que cela provoquerait une intervention russe.<\/p>\n<p style=\"text-align: justify;\">Simultan\u00e9ment, on signale des actes de sabotages dans le Donbass. Le 18 janvier, les combattants du Donbass interceptent des saboteurs \u00e9quip\u00e9s de mat\u00e9riel occidental et parlant polonais cherchant \u00e0 cr\u00e9er des incidents chimiques \u00e0 <a href=\"https:\/\/sprotyv.info\/news\/okkupanty-minirujut-mesta-hraneniya-ammiaka-na-zavode-stirol-dannye-gruppy-is\">Gorlivka<\/a>. Il pourrait s\u2019agir <a href=\"https:\/\/news.yahoo.com\/cia-trained-ukrainian-paramilitaries-may-take-central-role-if-russia-invades-185258008.html\">de mercenaires de la CIA<\/a>, conduits ou \u00ab\u00a0conseill\u00e9s\u00a0\u00bb par des Am\u00e9ricains et compos\u00e9s de combattants ukrainiens ou europ\u00e9ens, pour mener des actions de sabotage dans les R\u00e9publiques du Donbass.<\/p>\n<p><img loading=\"lazy\" decoding=\"async\" class=\" wp-image-36463 aligncenter\" src=\"http:\/\/www.lapluma.net\/wp-content\/uploads\/2022\/03\/Capture-decran-2022-03-13-a-22.44.40-1024x886-1-300x260.png\" alt=\"\" width=\"544\" height=\"472\" srcset=\"https:\/\/www.lapluma.net\/wp-content\/uploads\/2022\/03\/Capture-decran-2022-03-13-a-22.44.40-1024x886-1-300x260.png 300w, https:\/\/www.lapluma.net\/wp-content\/uploads\/2022\/03\/Capture-decran-2022-03-13-a-22.44.40-1024x886-1-768x665.png 768w, https:\/\/www.lapluma.net\/wp-content\/uploads\/2022\/03\/Capture-decran-2022-03-13-a-22.44.40-1024x886-1.png 1024w\" sizes=\"auto, (max-width: 544px) 100vw, 544px\" \/><\/p>\n<p><img loading=\"lazy\" decoding=\"async\" class=\" wp-image-36466 aligncenter\" src=\"http:\/\/www.lapluma.net\/wp-content\/uploads\/2022\/03\/Capture-decran-2022-03-13-a-22.46.36-214x300.png\" alt=\"\" width=\"401\" height=\"562\" srcset=\"https:\/\/www.lapluma.net\/wp-content\/uploads\/2022\/03\/Capture-decran-2022-03-13-a-22.46.36-214x300.png 214w, https:\/\/www.lapluma.net\/wp-content\/uploads\/2022\/03\/Capture-decran-2022-03-13-a-22.46.36-732x1024.png 732w, https:\/\/www.lapluma.net\/wp-content\/uploads\/2022\/03\/Capture-decran-2022-03-13-a-22.46.36-768x1075.png 768w, https:\/\/www.lapluma.net\/wp-content\/uploads\/2022\/03\/Capture-decran-2022-03-13-a-22.46.36-1098x1536.png 1098w, https:\/\/www.lapluma.net\/wp-content\/uploads\/2022\/03\/Capture-decran-2022-03-13-a-22.46.36.png 1408w\" sizes=\"auto, (max-width: 401px) 100vw, 401px\" \/><\/p>\n<p style=\"text-align: justify;\">En fait, d\u00e8s le 16 f\u00e9vrier, Joe Biden sait que les Ukrainiens ont commenc\u00e9 \u00e0 pilonner les populations civiles du Donbass, mettant Vladimir Poutine devant un choix difficile\u00a0: aider le Donbass militairement et cr\u00e9er un probl\u00e8me international ou rester sans rien faire et regarder les russophones du Donbass se faire \u00e9craser.<\/p>\n<p style=\"text-align: justify;\">S\u2019il d\u00e9cide d\u2019intervenir, Vladimir Poutine peut invoquer l\u2019obligation internationale de \u00ab\u00a0<em>Responsibility To Protect<\/em>\u00a0\u00bb (R2P). Mais il sait que quelle que soit sa nature ou son ampleur, l\u2019intervention d\u00e9clenchera une pluie de sanctions. D\u00e8s lors, que son intervention soit limit\u00e9e au Donbass ou qu\u2019elle aille plus loin pour faire pression sur les Occidentaux pour le statut de l\u2019Ukraine, le prix \u00e0 payer sera le m\u00eame. C\u2019est d\u2019ailleurs ce qu\u2019il explique lors de son allocution du 21 f\u00e9vrier.<\/p>\n<p style=\"text-align: justify;\">Ce jour-l\u00e0, il acc\u00e8de \u00e0 la demande de la Douma et reconna\u00eet l\u2019ind\u00e9pendance des deux R\u00e9publiques du Donbass et, dans la foul\u00e9e, il signe avec elles des trait\u00e9s d\u2019amiti\u00e9 et d\u2019assistance.<\/p>\n<p style=\"text-align: justify;\">Les bombardements de l\u2019artillerie ukrainienne sur les populations du Donbass se poursuivent et, le 23 f\u00e9vrier, les deux R\u00e9publiques demandent l\u2019aide militaire de la Russie. Le 24, Vladimir Poutine invoque l\u2019article 51 de la Charte des Nations Unies qui pr\u00e9voit l\u2019entraide militaire dans le cadre d\u2019une alliance d\u00e9fensive.<\/p>\n<p style=\"text-align: justify;\">Afin de rendre l\u2019intervention russe totalement ill\u00e9gale aux yeux du public nous occultons <em>d\u00e9lib\u00e9r\u00e9ment<\/em> le fait que la guerre a effectivement commenc\u00e9 le 16 f\u00e9vrier. L\u2019arm\u00e9e ukrainienne s\u2019appr\u00eatait \u00e0 attaquer le Donbass d\u00e8s 2021, comme le savaient pertinemment certains services de renseignement russes et europ\u00e9ens\u2026 Les juristes jugeront.<\/p>\n<p style=\"text-align: justify;\">Dans son allocution du 24 f\u00e9vrier, Vladimir Poutine a \u00e9nonc\u00e9 les deux objectifs de son op\u00e9ration\u00a0: \u00ab\u00a0d\u00e9militariser\u00a0\u00bb et \u00ab\u00a0d\u00e9nazifier\u00a0\u00bb l\u2019Ukraine. Il ne s\u2019agit donc pas de s\u2019emparer de l\u2019Ukraine, ni m\u00eame, vraisemblablement de l\u2019occuper et certainement pas de la d\u00e9truire.<\/p>\n<p style=\"text-align: justify;\">\u00c0 partir de l\u00e0, notre visibilit\u00e9 sur le d\u00e9roulement de l\u2019op\u00e9ration est limit\u00e9e\u00a0: les Russes ont une excellente s\u00e9curit\u00e9 des op\u00e9rations (OPSEC) et le d\u00e9tail de leur planification n\u2019est pas connue. Mais assez rapidement, le d\u00e9roulement des op\u00e9rations permet de comprendre comment les objectifs strat\u00e9giques se sont traduits sur le plan op\u00e9ratif.<\/p>\n<p style=\"text-align: justify;\"><em>\u2013 D\u00e9militarisation\u00a0:<\/em><\/p>\n<p style=\"text-align: justify;\">. destruction au sol de l\u2019aviation, des syst\u00e8mes de d\u00e9fense a\u00e9rienne et des moyens de reconnaissance ukrainiens\u00a0;<\/p>\n<p style=\"text-align: justify;\">. neutralisation des structures de commandement et de renseignement (C3I), ainsi que des principales voies logistiques dans la profondeur du territoire\u00a0;<\/p>\n<p style=\"text-align: justify;\">. encerclement du gros de l\u2019arm\u00e9e ukrainienne mass\u00e9e dans le sud-est du pays.<\/p>\n<p style=\"text-align: justify;\"><em>\u2013 D\u00e9nazification\u00a0: <\/em><\/p>\n<p style=\"text-align: justify;\">. destruction ou neutralisation des bataillons de volontaires qui op\u00e8rent dans les villes d\u2019Odessa, Kharkov et Marioupol, ainsi que dans diverses installations sur le territoire.<\/p>\n<h4><strong>La \u00ab d\u00e9militarisation\u00bb<\/strong><\/h4>\n<p style=\"text-align: justify;\">L\u2019offensive russe se d\u00e9roule de mani\u00e8re tr\u00e8s \u00ab\u00a0classique\u00a0\u00bb. Dans un premier temps\u00a0\u2013 comme l\u2019avaient fait les Isra\u00e9liens en 1967 \u2013 avec la destruction au sol des forces a\u00e9riennes dans les toutes premi\u00e8res heures. Puis, on assiste \u00e0 une progression simultan\u00e9e sur plusieurs axes selon le principe de \u00ab\u00a0l\u2019eau qui coule\u00a0\u00bb\u00a0: on avance partout o\u00f9 la r\u00e9sistance est faible et on laisse les villes (tr\u00e8s voraces en troupes) pour plus tard. Au nord, la centrale de Tchernobyl est occup\u00e9e imm\u00e9diatement afin de pr\u00e9venir des actes de sabotage. Les images de soldats ukrainiens et russes <a href=\"https:\/\/t.me\/intelslava\/20722\">assurant ensemble la surveillance<\/a> de la centrale ne sont naturellement pas montr\u00e9es\u2026<\/p>\n<p style=\"text-align: justify;\">L\u2019id\u00e9e que la Russie cherche \u00e0 s\u2019emparer de Kiev, la capitale pour \u00e9liminer Zelensky, vient typiquement des Occidentaux\u00a0: c\u2019est ce qu\u2019ils ont fait en Afghanistan, en Irak, en Libye et ce qu\u2019ils <a href=\"https:\/\/www.youtube.com\/watch?v=e4phB-_pXDM&amp;t=1224s\">voulaient faire en Syrie avec l\u2019aide de l\u2019\u00c9tat islamique<\/a>. Mais Vladimir Poutine n\u2019a jamais eu l\u2019intention d\u2019abattre ou de renverser Zelensky. La Russie cherche au contraire \u00e0 le maintenir au pouvoir en le poussant \u00e0 n\u00e9gocier en encerclant Kiev. Il avait refus\u00e9 de faire jusque-l\u00e0 pour appliquer les Accords de Minsk, mais maintenant les Russes veulent obtenir la neutralit\u00e9 de l\u2019Ukraine.<\/p>\n<p style=\"text-align: justify;\">Beaucoup de commentateurs occidentaux se sont \u00e9tonn\u00e9s que les Russes aient continu\u00e9 \u00e0 chercher une solution n\u00e9goci\u00e9e tout en menant des op\u00e9rations militaires. L\u2019explication est dans la conception strat\u00e9gique russe, depuis l\u2019\u00e9poque sovi\u00e9tique. Pour les Occidentaux, la guerre commence lorsque la politique cesse. Or, l\u2019approche russe suit une inspiration clausewitzienne\u00a0: la guerre est la continuit\u00e9 de la politique et on peut passer de mani\u00e8re fluide de l\u2019une \u00e0 l\u2019autre, m\u00eame au cours des combats. Cela permet de cr\u00e9er une pression sur l\u2019adversaire et le pousser \u00e0 n\u00e9gocier.<\/p>\n<p style=\"text-align: justify;\">Du point de vue op\u00e9ratif, l\u2019offensive russe a \u00e9t\u00e9 un exemple du genre\u00a0: en six jours, les Russes se sont empar\u00e9s d\u2019un territoire aussi vaste que le Royaume-Uni, avec une vitesse de progression plus grande que ce que la Wehrmacht avait r\u00e9alis\u00e9 en 1940.<\/p>\n<p style=\"text-align: justify;\">Le gros de l\u2019arm\u00e9e ukrainienne \u00e9tait d\u00e9ploy\u00e9 au sud du pays en vue d\u2019une op\u00e9ration majeure contre le Donbass. C\u2019est pourquoi, les forces russes ont pu l\u2019encercler d\u00e8s le d\u00e9but mars dans le \u00ab\u00a0chaudron\u00a0\u00bb compris entre Slavyansk, Kramatorsk et Severodonetsk, par une pouss\u00e9e venant de l\u2019est par Kharkov et une autres venant du sud depuis la Crim\u00e9e. Les troupes des R\u00e9publiques de Donetsk (RPD) et de Lougansk (RPL) compl\u00e8tent l\u2019action des forces russes par une pouss\u00e9e venant de l\u2019Est.<\/p>\n<p style=\"text-align: justify;\">A ce stade, les forces russes resserrent lentement l\u2019\u00e9tau, mais ne sont plus sous pression du temps. Leur objectif de d\u00e9militarisation est pratiquement atteint et les forces ukrainiennes r\u00e9siduelles n\u2019ont plus de structure de commandement op\u00e9ratif et strat\u00e9gique.<\/p>\n<p style=\"text-align: justify;\">Le \u00ab\u00a0ralentissement\u00a0\u00bb que nos \u00ab\u00a0experts\u00a0\u00bb attribuent \u00e0 une mauvaise logistique, n\u2019est que la cons\u00e9quence d\u2019avoir atteint les objectifs fix\u00e9s. La Russie ne semble pas vouloir s\u2019engager dans une occupation de l\u2019ensemble du territoire ukrainien. En fait, il semble plut\u00f4t que la Russie cherche \u00e0 limiter son avance \u00e0 la fronti\u00e8re linguistique du pays.\u00a0<\/p>\n<p style=\"text-align: justify;\">Nos m\u00e9dias parlent de bombardements indiscrimin\u00e9s contre les populations civiles, notamment \u00e0 Kharkov et des images dantesques sont diffus\u00e9es en boucle. Pourtant, Gonzalo Lira, un latino-am\u00e9ricain qui y vit, nous pr\u00e9sente une ville calme le <a href=\"https:\/\/www.youtube.com\/watch?v=Uecv6AX8P3Q\">10 mars<\/a>, et le <a href=\"https:\/\/youtu.be\/b8RNhQjjn-4\">11 mars<\/a>. Certes c\u2019est une grande ville et on ne voit pas tout, mais cela semble indiquer que l\u2019on n\u2019est pas dans la guerre totale qu\u2019on nous sert en continu sur nos \u00e9crans.<\/p>\n<p style=\"text-align: justify;\">Quant aux R\u00e9publiques du Donbass, elles ont \u00ab\u00a0lib\u00e9r\u00e9\u00a0\u00bb leurs propres territoires et combattent dans la ville de Marioupol.<\/p>\n<h4><strong>La \u00ab\u00a0d\u00e9nazification\u00a0\u00bb<\/strong><\/h4>\n<p style=\"text-align: justify;\">Dans les villes comme Kharkov, Marioupol et Odessa, la d\u00e9fense est assur\u00e9e par les milices paramilitaires. Elles savent que l\u2019objectif de \u00ab\u00a0d\u00e9nazification\u00a0\u00bb les vise au premier chef.<\/p>\n<p style=\"text-align: justify;\">Pour un attaquant en zone urbanis\u00e9e, les civils sont un probl\u00e8me. C\u2019est pourquoi la Russie cherche \u00e0 cr\u00e9er des couloirs humanitaires pour vider les villes des civils et ne laisser que les milices afin de les combattre plus facilement.<\/p>\n<p style=\"text-align: justify;\">\u00c0 l\u2019inverse, ces milices cherchent \u00e0 garder les civils dans les villes afin de dissuader l\u2019arm\u00e9e russe de venir y combattre. C\u2019est pourquoi elles sont r\u00e9ticentes \u00e0 mettre en \u0153uvre ces couloirs et font tout pour que les efforts russes soient vains\u00a0: ils peuvent ainsi utiliser la population civile comme \u00ab\u00a0boucliers humains\u00a0\u00bb. Les vid\u00e9os montrant des civils cherchant \u00e0 quitter Marioupol et tabass\u00e9s par les combattants du r\u00e9giment Azov sont naturellement soigneusement censur\u00e9es chez nous.<\/p>\n<p style=\"text-align: justify;\">Sur Facebook, le groupe Azov \u00e9tait consid\u00e9r\u00e9 dans la m\u00eame cat\u00e9gorie que l\u2019\u00c9tat islamique et soumis \u00e0 la <em>\u00ab\u00a0<\/em><em>politique sur les individus et organisations dangereuses<\/em><em>\u00a0\u00bb<\/em> de la plate-forme. Il \u00e9tait donc interdit de le glorifier, et les \u00ab\u00a0posts\u00a0\u00bb qui lui \u00e9taient favorables \u00e9taient syst\u00e9matiquement bannis. Mais le 24 f\u00e9vrier, Facebook modifie sa politique et <a href=\"https:\/\/theintercept.com\/2022\/02\/24\/ukraine-facebook-azov-battalion-russia\/\">autorise les posts favorables<\/a> \u00e0 la milice. Dans le m\u00eame esprit, en mars, la plate-forme autorise, dans les ex-pays de l\u2019Est, les <a href=\"https:\/\/www.theguardian.com\/technology\/2022\/mar\/11\/facebook-and-instagram-let-users-call-for-death-to-russian-soldiers-over-ukraine\">appels au meurtre de militaires et de dirigeants russes<\/a>. Voil\u00e0 pour les valeurs qui inspirent nos dirigeants, comme nous le verrons.\u00a0<\/p>\n<p style=\"text-align: justify;\">Nos m\u00e9dias propagent une image romanesque de la r\u00e9sistance populaire. C\u2019est cette image qui a conduit l\u2019Union europ\u00e9enne \u00e0 financer la distribution d\u2019armes \u00e0 la population civile. C\u2019est un acte criminel. Dans mes fonctions de chef de la doctrine des op\u00e9rations de maintien de la paix \u00e0 l\u2019ONU, j\u2019ai travaill\u00e9 sur la question de la protection des civils. Nous avons alors constat\u00e9 que les violences contre les civils avaient lieu dans des contextes tr\u00e8s pr\u00e9cis. En particulier lorsque les armes foisonnent et qu\u2019il n\u2019y pas de structures de commandement.<\/p>\n<p style=\"text-align: justify;\">Or, ces structures de conduite sont l\u2019essence des arm\u00e9es\u00a0: elles ont pour fonction de canaliser l\u2019emploi de la force en fonction d\u2019un objectif. En armant des citoyens de mani\u00e8re d\u00e9sordonn\u00e9e comme c\u2019est le cas actuellement, l\u2019UE les transforme en combattants, avec les cons\u00e9quences qui en d\u00e9coulent\u00a0: des cibles potentielles. En outre, sans commandement, sans buts op\u00e9ratifs, la distribution d\u2019armes conduit in\u00e9luctablement \u00e0 des r\u00e8glements de compte, du banditisme et \u00e0 des actions plus meurtri\u00e8res qu\u2019efficaces. La guerre devient une affaire d\u2019\u00e9motions. La force devient violence. C\u2019est ce qui s\u2019est pass\u00e9 \u00e0 Tawarga (Libye) du 11 au 13 ao\u00fbt 2011, o\u00f9 30\u00a0000 africains noirs ont \u00e9t\u00e9 massacr\u00e9s avec des armes parachut\u00e9es (ill\u00e9galement) par la France. D\u2019ailleurs, <a href=\"https:\/\/rusi.org\/explore-our-research\/publications\/commentary\/what-do-uk-weapons-deliveries-add-ukraines-armed-forces\">l\u2019Institut royal d\u2019\u00e9tude strat\u00e9gique britannique<\/a> (RUSI) ne voit pas de valeur ajout\u00e9e \u00e0 ces livraisons d\u2019armes.<\/p>\n<p style=\"text-align: justify;\">De plus, en livrant des armes \u00e0 un pays en guerre, on s\u2019expose \u00e0 \u00eatre consid\u00e9r\u00e9 comme un bellig\u00e9rant. Les frappes russes du 13 mars 2022, contre la base a\u00e9rienne de Mykola\u00efv suivent les <a href=\"https:\/\/www.aljazeera.com\/news\/2022\/3\/12\/russia-says-it-could-target-western-arms-supplies-to-ukraine\">avertissements russes<\/a> que les transports d\u2019armes seraient trait\u00e9s comme des cibles hostiles.<\/p>\n<p style=\"text-align: justify;\">L\u2019UE r\u00e9p\u00e8te la d\u00e9sastreuse exp\u00e9rience du IIIe Reich dans les derni\u00e8res heures de la bataille de Berlin. La guerre doit \u00eatre laiss\u00e9e aux militaires et lorsqu\u2019un camp a perdu, il faut l\u2019admettre. Et s\u2019il doit y avoir une r\u00e9sistance, elle doit imp\u00e9rativement \u00eatre conduite et structur\u00e9e. Or, nous faisons exactement l\u2019inverse\u00a0: on pousse des citoyens \u00e0 aller se battre et simultan\u00e9ment, Facebook autorise les <a href=\"https:\/\/www.theguardian.com\/technology\/2022\/mar\/11\/facebook-and-instagram-let-users-call-for-death-to-russian-soldiers-over-ukraine\">appels au meurtre de militaires et de dirigeants russes<\/a>. Voil\u00e0 pour les valeurs qui nous inspirent.\u00a0<\/p>\n<p style=\"text-align: justify;\">Dans certains services de renseignement, on voit cette d\u00e9cision irresponsable comme une mani\u00e8re d\u2019utiliser la population ukrainienne comme chair \u00e0 canon pour combattre la Russie de Vladimir Poutine. Il fallait laisser ce genre de d\u00e9cision meurtri\u00e8re aux coll\u00e8gues du grand-p\u00e8re de d\u2019Ursula von der Leyen. Il aurait \u00e9t\u00e9 plus judicieux d\u2019engager des n\u00e9gociations et ainsi obtenir des garanties pour les populations civiles que d\u2019ajouter de l\u2019huile sur le feu. Il est facile d\u2019\u00eatre combatif avec le sang des autres\u2026<\/p>\n<h4><strong>La maternit\u00e9 de Marioupol<\/strong><\/h4>\n<p style=\"text-align: justify;\">Il est important de comprendre au pr\u00e9alable que ce n\u2019est pas l\u2019arm\u00e9e ukrainienne qui assure la d\u00e9fense de Marioupol, mais la milice Azov, compos\u00e9e de mercenaires \u00e9trangers.<\/p>\n<p style=\"text-align: justify;\">Dans son r\u00e9sum\u00e9 de la situation du 7 mars 2022, <a href=\"https:\/\/russiaun.ru\/en\/news\/070322n\">la mission russe de l\u2019ONU<\/a> \u00e0 New\u00a0York d\u00e9clare que \u00ab\u00a0<em>Les habitants rapportent que les forces arm\u00e9es ukrainiennes ont expuls\u00e9 le personnel de l\u2019h\u00f4pital natal n\u00b01 de la ville de Marioupol et ont install\u00e9 un poste de tir \u00e0 l\u2019int\u00e9rieur de l\u2019\u00e9tablissement<\/em>.\u00a0\u00bb<\/p>\n<p style=\"text-align: justify;\">Le 8 mars, le <a href=\"https:\/\/lenta.ru\/articles\/2022\/03\/08\/mariupol\/\">m\u00e9dia ind\u00e9pendant russe Lenta.ru<\/a>, publie le t\u00e9moignage de civils de Marioupol qui racontent que la maternit\u00e9 a \u00e9t\u00e9 prise par les milices du r\u00e9giment Azov, et en ont chass\u00e9 les occupants civils en les mena\u00e7ant de leurs armes. Ils confirment ainsi les d\u00e9clarations de l\u2019ambassadeur russe quelques heures plus t\u00f4t.<\/p>\n<p style=\"text-align: justify;\">L\u2019h\u00f4pital de Marioupol occupe une position dominante, parfaitement ad\u00e9quate pour y installer des armes antichars et pour l\u2019observation. Le 9 mars, les forces russes frappent le b\u00e2timent. <a href=\"https:\/\/edition.cnn.com\/2022\/03\/09\/europe\/russia-invasion-ukraine-evacuations-03-09-intl\/index.html\">Selon CNN<\/a>, il y aurait 17 bless\u00e9s, mais les images ne montrent aucune victime dans les locaux et rien ne montre que les victimes dont on parle sont li\u00e9es \u00e0 cette frappe. On parle d\u2019enfants, mais en r\u00e9alit\u00e9, on ne voit rien. C\u2019est peut-\u00eatre vrai, mais c\u2019est peut-\u00eatre faux\u2026 Ce qui n\u2019emp\u00eache pas les <a href=\"https:\/\/www.timesofisrael.com\/eu-condemns-russian-bombing-of-mariupol-maternity-hospital-as-a-war-crime\/\">dirigeants de l\u2019UE d\u2019y voir un crime de guerre<\/a>\u2026 Ce qui permet, juste apr\u00e8s, \u00e0 Zelensky de r\u00e9clamer une zone d\u2019interdiction de vol au-dessus de l\u2019Ukraine\u2026<\/p>\n<p style=\"text-align: justify;\">En r\u00e9alit\u00e9, on ne sait pas exactement ce qui s\u2019est pass\u00e9. Mais la s\u00e9quence des \u00e9v\u00e9nements tend \u00e0 confirmer que les forces russes ont frapp\u00e9 une position du r\u00e9giment Azov et que la maternit\u00e9 \u00e9tait alors libre de tout civils.<\/p>\n<p style=\"text-align: justify;\">Le probl\u00e8me est que les milices paramilitaires qui assurent la d\u00e9fense des villes sont encourag\u00e9es par la communaut\u00e9 internationale \u00e0 ne pas respecter les usages de la guerre. Il semble que les Ukrainiens ont rejou\u00e9 le sc\u00e9nario de la <a href=\"https:\/\/www.youtube.com\/watch?v=LmfVs3WaE9Y\">maternit\u00e9 de Kowe\u00eft City en 1990<\/a>, qui avait \u00e9t\u00e9 totalement mise en sc\u00e8ne par la firme Hill &amp; Knowlton pour un montant de 10,7 millions de dollars afin de convaincre le Conseil de S\u00e9curit\u00e9 des Nations Unies d\u2019intervenir en Irak pour l\u2019op\u00e9ration <em>Desert Shield\/Storm<\/em>.<\/p>\n<p style=\"text-align: justify;\">Les politiciens occidentaux ont d\u2019ailleurs accept\u00e9 les frappes contres civils du Donbass pendant huit ans, sans adopter aucune sanction contre le gouvernement ukrainien. Nous sommes depuis longtemps entr\u00e9s dans une dynamique o\u00f9 les politiques occidentaux ont accept\u00e9 de sacrifier le droit international \u00e0 leur objectif <a href=\"https:\/\/www.rand.org\/content\/dam\/rand\/pubs\/research_reports\/RR3000\/RR3063\/RAND_RR3063.pdf\">d\u2019affaiblir \u00e0 la Russie<\/a>.<\/p>\n<h4><strong>Conclusions<\/strong><\/h4>\n<p style=\"text-align: justify;\">En tant qu\u2019ex-professionnel du renseignement, la premi\u00e8re chose qui me frappe est l\u2019absence totale des services de renseignement occidentaux dans la repr\u00e9sentation de la situation depuis une ann\u00e9e. En Suisse, <a href=\"https:\/\/www.20min.ch\/fr\/story\/les-services-secrets-suisses-critiques-pour-leur-manque-danticipation-324567615362?utm_source=pocket_mylist\">on a reproch\u00e9<\/a> aux services de ne pas avoir fourni une image correcte de la situation. En fait, il semble que dans tout le monde occidental, les services aient \u00e9t\u00e9 d\u00e9bord\u00e9s par les politiques. Le probl\u00e8me est que ce sont les politiques qui d\u00e9cident\u00a0: le meilleur service de renseignement du monde est inutile si le d\u00e9cideur ne l\u2019\u00e9coute pas. C\u2019est ce qui s\u2019est pass\u00e9 lors de cette crise.<\/p>\n<p style=\"text-align: justify;\">Cela \u00e9tant, si certains services de renseignement avaient une image tr\u00e8s pr\u00e9cise et rationnelle de la situation, d\u2019autres avaient manifestement la m\u00eame image que celle propag\u00e9e par nos m\u00e9dias. Dans cette crise, les services des pays de la \u00ab nouvelle Europe \u00bb ont jou\u00e9 un r\u00f4le important. Le probl\u00e8me est que, par exp\u00e9rience, j\u2019ai constat\u00e9 qu\u2019ils \u00e9taient extr\u00eamement mauvais sur le plan analytique : doctrinaires, ils n\u2019ont pas l\u2019ind\u00e9pendance intellectuelle et politique n\u00e9cessaire pour appr\u00e9cier une situation avec une \u00ab qualit\u00e9 \u00bb militaire. Il vaut mieux les avoir comme ennemis que comme amis.<\/p>\n<p style=\"text-align: justify;\">Ensuite, il semble que dans certains pays europ\u00e9ens, les politiques ont d\u00e9lib\u00e9r\u00e9ment ignor\u00e9 leurs services pour r\u00e9pondre de mani\u00e8re id\u00e9ologique \u00e0 la situation. C\u2019est pourquoi, cette crise a \u00e9t\u00e9 irrationnelle d\u00e8s le d\u00e9but. On observera, que tous les documents qui ont \u00e9t\u00e9 pr\u00e9sent\u00e9s au public lors de cette crise l\u2019ont \u00e9t\u00e9 par des politiques sur la base de sources commerciales\u2026<\/p>\n<p style=\"text-align: justify;\">Certains politiciens occidentaux voulaient manifestement qu\u2019il y ait un conflit. Aux \u00c9tats-Unis, les sc\u00e9narios d\u2019attaque pr\u00e9sent\u00e9s par Anthony Blinken au Conseil de S\u00e9curit\u00e9 n\u2019\u00e9taient que le fruit de l\u2019imagination d\u2019un <a href=\"https:\/\/www.washingtonpost.com\/national-security\/2022\/02\/14\/white-house-prepares-russian-invasion\/\">Tiger Team travaillant pour lui\u00a0<\/a>: il a fait exactement comme Donald Rumsfeld en 2002, qui avait ainsi \u00ab\u00a0contourn\u00e9\u00a0\u00bb la CIA et les autres services de renseignement qui \u00e9taient beaucoup moins affirmatifs sur les armes chimiques irakiennes.<\/p>\n<p style=\"text-align: justify;\">Les d\u00e9veloppements dramatiques dont nous sommes les t\u00e9moins aujourd\u2019hui ont des causes que nous connaissions, mais que nous avons refus\u00e9s de voir\u00a0:<\/p>\n<p style=\"text-align: justify;\">\u2013 sur le plan strat\u00e9gique, l\u2019expansion de l\u2019OTAN (que nous n\u2019avons pas trait\u00e9 ici)\u00a0;<\/p>\n<p style=\"text-align: justify;\">\u2013 sur le plan politique, le refus occidental de mettre en \u0153uvre les Accords de Minsk\u00a0;<\/p>\n<p style=\"text-align: justify;\">\u2013 et sur le plan op\u00e9ratif, les attaques continues et r\u00e9p\u00e9t\u00e9es des populations civiles du Donbass depuis ans et la dramatique augmentation de la fin f\u00e9vrier 2022.<\/p>\n<p style=\"text-align: justify;\">En d\u2019autres termes, nous pouvons naturellement d\u00e9plorer et condamner l\u2019attaque russe. Mais NOUS (c\u2019est-\u00e0-dire\u00a0: les \u00c9tats-Unis, la France et l\u2019Union europ\u00e9enne en t\u00eate) avons <em>cr\u00e9\u00e9<\/em> les conditions pour qu\u2019un conflit \u00e9clate. Nous t\u00e9moignons de la compassion pour le peuple ukrainien et les <a href=\"https:\/\/data2.unhcr.org\/en\/situations\/ukraine\">deux millions de r\u00e9fugi\u00e9s<\/a>. C\u2019est bien. Mais si nous avions eu un minimum de compassion pour le m\u00eame nombre de <a href=\"https:\/\/reliefweb.int\/report\/ukraine\/ukraine-humanitarian-response-plan-2022-february-2022-enuk?utm_source=pocket_mylist\">r\u00e9fugi\u00e9s des populations ukrainiennes du Donbass<\/a> massacr\u00e9es par leur propre gouvernement et qui se sont accumul\u00e9s en Russie durant huit ans, rien de cela ne serait probablement pass\u00e9.<\/p>\n<p><img loading=\"lazy\" decoding=\"async\" class=\" wp-image-36467 aligncenter\" src=\"http:\/\/www.lapluma.net\/wp-content\/uploads\/2022\/03\/Capture-decran-2022-03-13-a-22.55.19-1024x675-1-300x198.png\" alt=\"\" width=\"572\" height=\"378\" srcset=\"https:\/\/www.lapluma.net\/wp-content\/uploads\/2022\/03\/Capture-decran-2022-03-13-a-22.55.19-1024x675-1-300x198.png 300w, https:\/\/www.lapluma.net\/wp-content\/uploads\/2022\/03\/Capture-decran-2022-03-13-a-22.55.19-1024x675-1-768x506.png 768w, https:\/\/www.lapluma.net\/wp-content\/uploads\/2022\/03\/Capture-decran-2022-03-13-a-22.55.19-1024x675-1-150x100.png 150w, https:\/\/www.lapluma.net\/wp-content\/uploads\/2022\/03\/Capture-decran-2022-03-13-a-22.55.19-1024x675-1.png 1024w\" sizes=\"auto, (max-width: 572px) 100vw, 572px\" \/><\/p>\n<p style=\"text-align: justify;\">Que le terme de \u00ab\u00a0g\u00e9nocide\u00a0\u00bb s\u2019applique aux exactions subies par les populations du Donbass est une question ouverte. On r\u00e9serve g\u00e9n\u00e9ralement ce terme \u00e0 des cas de plus grande ampleur (Holocauste, etc.), n\u00e9anmoins, la d\u00e9finition qu\u2019en donne la <a href=\"https:\/\/www.ohchr.org\/FR\/ProfessionalInterest\/Pages\/CrimeOfGenocide.aspx\">Convention sur le g\u00e9nocide<\/a>, est probablement suffisamment large pour s\u2019y appliquer. Les juristes appr\u00e9cieront.<\/p>\n<p style=\"text-align: justify;\">Clairement, ce conflit nous a conduit dans l\u2019hyst\u00e9rie. Les sanctions semblent \u00eatre devenues l\u2019outil privil\u00e9gi\u00e9 de nos politiques \u00e9trang\u00e8res. Si nous avions insist\u00e9 pour que l\u2019Ukraine respecte les Accords de Minsk, que nous avions n\u00e9goci\u00e9 et cautionn\u00e9, tout cela ne serait pas arriv\u00e9. La condamnation de Vladimir Poutine est aussi la n\u00f4tre. Rien ne sert de pleurnicher apr\u00e8s coup, il fallait agir avant. Or, ni Emmanuel Macron (comme garant et comme membre du Conseil de S\u00e9curit\u00e9 de l\u2019ONU), ni Olaf Scholz, ni Volodymyr Zelensky n\u2019ont respect\u00e9 leurs engagements. En d\u00e9finitive, la vraie d\u00e9faite est celle de ceux qui n\u2019ont pas de parole.<\/p>\n<p style=\"text-align: justify;\">L\u2019Union europ\u00e9enne a \u00e9t\u00e9 incapable de promouvoir la mise en \u0153uvre des accords de Minsk, au contraire, elle n\u2019a pas r\u00e9agi lorsque l\u2019Ukraine bombardait sa propre population dans le Donbass. L\u2019e\u00fbt-elle fait, Vladimir Poutine n\u2019aurait pas eu besoin de r\u00e9agir. Absente de la phase diplomatique, l\u2019UE s\u2019est distingu\u00e9e en alimentant le conflit. Le 27 f\u00e9vrier, le gouvernement ukrainien est <a href=\"https:\/\/www.nbcnews.com\/news\/world\/ukraine-president-kyiv-kharkiv-foreign-fighters-join-russia-putin-rcna17844\">d\u2019accord d\u2019entamer des n\u00e9gociations<\/a> avec la Russie. Mais quelques heures plus tard, l\u2019Union europ\u00e9enne vote un budget de <a href=\"https:\/\/www.bloomberg.com\/news\/articles\/2022-02-27\/eu-approves-450-million-euros-in-lethal-military-aid-for-ukraine\">450 millions d\u2019euros pour fournir des armes<\/a> \u00e0 l\u2019Ukraine, remettant de l\u2019huile sur le feu. A partir de l\u00e0, les Ukrainiens sentent qu\u2019ils n\u2019auront pas besoin d\u2019arriver \u00e0 un accord. La r\u00e9sistance des milices Azov \u00e0 Marioupol provoquera m\u00eame <a href=\"https:\/\/www.rferl.org\/a\/european-union-sanctions-russia-ukraine-borrell\/31748462.html\">une relance de 500 millions d\u2019euros pour des armes<\/a>.<\/p>\n<div id=\"text\">\n<div class=\"wprt-container\">\n<p style=\"text-align: justify;\">En Ukraine, avec la b\u00e9n\u00e9diction des pays occidentaux, ceux qui sont en faveur d\u2019une n\u00e9gociation sont \u00e9limin\u00e9s. C\u2019est le cas de Denis Kireyev, un des n\u00e9gociateurs ukrainiens, <a href=\"https:\/\/www.timesofisrael.com\/ukraine-reports-claim-negotiator-shot-for-treason-officials-say-he-died-in-intel-op\/\">assassin\u00e9 le 5 mars<\/a> par le service secret ukrainien (SBU) car il est trop favorable \u00e0 la Russie et est consid\u00e9r\u00e9 comme tra\u00eetre. Le m\u00eame sort est r\u00e9serv\u00e9 \u00e0 Dmitry Demyanenko, ex-chef adjoint de la direction principale du SBU pour Kiev et sa r\u00e9gion, <a href=\"https:\/\/www.youtube.com\/watch?v=ZWHpVnrwfLY\">assassin\u00e9 le 10 mars<\/a>, car trop favorable \u00e0 un accord avec la Russie\u00a0: il est abattu par la milice <em>Mirotvorets<\/em> <em>(\u00ab\u00a0<\/em><em>Pacificateur<\/em><em>\u00a0\u00bb).<\/em> Cette milice est associ\u00e9e au site web <em>Mirotvorets<\/em> qui liste les \u00ab\u00a0<em>ennemis de l\u2019Ukraine\u00a0\u00bb<\/em>, avec leurs donn\u00e9es personnelles, leur adresse et num\u00e9ros de t\u00e9l\u00e9phone, afin qu\u2019ils <a href=\"https:\/\/www.mirror.co.uk\/news\/world-news\/dark-website-lists-russian-spies-26051893\">puissent \u00eatre harcel\u00e9s, voire \u00e9limin\u00e9s<\/a>\u00a0; une pratique punissable dans de nombreux pays, mais <a href=\"https:\/\/www.refworld.org\/docid\/58ec89ad13.html\">pas en Ukraine<\/a>. L\u2019ONU et quelques pays europ\u00e9ens en ont exig\u00e9 la fermeture\u2026 refus\u00e9e par la Rada.<\/p>\n<p style=\"text-align: justify;\">Finalement, le prix sera \u00e9lev\u00e9, mais Vladimir Poutine atteindra vraisemblablement les objectifs qu\u2019il s\u2019\u00e9tait fix\u00e9s. Ses liens avec P\u00e9kin se sont solidifi\u00e9s. La Chine \u00e9merge comme m\u00e9diatrice du conflit, tandis que la Suisse fait son entr\u00e9e dans la liste des ennemis de la Russie. Les Am\u00e9ricains doivent demander du p\u00e9trole au Venezuela et \u00e0 l\u2019Iran pour se sortir de l\u2019impasse \u00e9nerg\u00e9tique dans laquelle ils se sont mis\u00a0: Juan Guaido quitte d\u00e9finitivement la sc\u00e8ne et les Etats-Unis doivent revenir piteusement sur les sanctions impos\u00e9es \u00e0 leurs ennemis.<\/p>\n<p style=\"text-align: justify;\">Des ministres occidentaux qui cherchent \u00e0 faire <a href=\"https:\/\/www.youtube.com\/watch?v=Ntzacqlm-Ac\">s\u2019effondrer l\u2019\u00e9conomie russe<\/a> et faire en sorte que le <a href=\"https:\/\/www.youtube.com\/watch?v=n9BGOE_eVQc\">peuple russe<\/a> en <a href=\"https:\/\/youtu.be\/n9BGOE_eVQc?t=280\">souffre<\/a>, voire appellent \u00e0 <a href=\"https:\/\/lequotidien.lu\/politique-societe\/jean-asselborn-eliminer-physiquement-vladimir-poutine\/\">assassiner<\/a> Poutine, montrent (m\u00eame s\u2019ils sont partiellement revenus sur la forme de leurs propos, mais pas sur le fond\u00a0!) que nos dirigeants ne valent pas mieux que ceux que nous d\u00e9testons. Car, sanctionner des athl\u00e8tes russes des jeux para-olympiques ou des artistes russes n\u2019a strictement rien \u00e0 voir avec une lutte contre Poutine.<\/p>\n<p style=\"text-align: justify;\">Ainsi, nous reconnaissons donc que la Russie est une d\u00e9mocratie puisque nous consid\u00e9rons que le peuple russe est responsable de la guerre. Si ce n\u2019est pas le cas, alors pourquoi cherchons-nous \u00e0 punir toute une population pour la faute d\u2019un seul\u00a0? Rappelons que la punition collective est interdite par les Conventions de Gen\u00e8ve\u2026<\/p>\n<p style=\"text-align: justify;\">La le\u00e7on \u00e0 tirer de ce conflit est notre sens de l\u2019humanit\u00e9 g\u00e9om\u00e9trie variable. Si nous tenions tellement \u00e0 la paix et \u00e0 l\u2019Ukraine, pourquoi ne l\u2019avons-nous pas plus encourag\u00e9e \u00e0 respecter les accords qu\u2019elle avait sign\u00e9s et que les membres du Conseil de S\u00e9curit\u00e9 avaient approuv\u00e9s\u00a0?<\/p>\n<p style=\"text-align: justify;\">L\u2019int\u00e9grit\u00e9 de m\u00e9dias se mesure \u00e0 leur volont\u00e9 \u00e0 travailler selon les termes de la Charte de Munich. Ils avaient r\u00e9ussi \u00e0 propager la <a href=\"https:\/\/www.hrw.org\/fr\/news\/2020\/05\/12\/le-covid-19-attise-le-racisme-anti-asiatique-et-la-xenophobie-dans-le-monde-entier\">haine des Chinois<\/a> lors de la crise de la Covid et leur message polaris\u00e9 conduit aux <a href=\"https:\/\/fr.metrotime.be\/belgique\/harcelement-et-racisme-les-russes-de-belgique-victimes-collaterales-de-linvasion-russe\">m\u00eames effets contre les Russes<\/a>. Le journalisme se d\u00e9pouille de plus en plus du professionnalisme pour devenir militant\u2026<\/p>\n<p style=\"text-align: justify;\">Comme disait Goethe\u00a0: \u00ab\u00a0<em>Plus grande est la lumi\u00e8re, plus noire est l\u2019ombre<\/em>\u00a0\u00bb. Plus les sanctions contre la Russie sont d\u00e9mesur\u00e9es, plus les cas o\u00f9 nous n\u2019avons rien fait mettent en \u00e9vidence notre racisme et notre servilit\u00e9. Pourquoi aucun politicien occidental n\u2019a-t-il r\u00e9agi aux frappes contre les populations civiles du Donbass durant huit ans\u00a0?<\/p>\n<p style=\"text-align: justify;\">Car finalement, qu\u2019est-ce qui rend le conflit en Ukraine plus bl\u00e2mable que la guerre en Irak, en Afghanistan ou en Libye\u00a0? Quelles sanctions avons-nous adopt\u00e9 contre ceux qui ont d\u00e9lib\u00e9r\u00e9ment menti devant la communaut\u00e9 internationale pour mener des guerres injustes, injustifi\u00e9es, injustifiables et meurtri\u00e8res\u00a0? A-t-on cherch\u00e9 \u00e0 \u00ab\u00a0faire souffrir\u00a0\u00bb le peuple am\u00e9ricain qui nous avait menti (car c\u2019est une d\u00e9mocratie\u00a0!) avant la guerre en Irak\u00a0? Avons-nous seulement adopt\u00e9 une seule sanction contre les pays, les entreprises ou les politiciens qui alimentent en armes le conflit du Y\u00e9men, consid\u00e9r\u00e9 comme la \u00ab\u00a0<a href=\"https:\/\/www.un.org\/press\/fr\/2018\/cs13586.doc.htm\">pire catastrophe humanitaire au monde\u00a0<\/a>\u00bb\u00a0? Avons-nous sanctionn\u00e9 les pays de l\u2019Union europ\u00e9enne qui pratiquent la torture la plus abjecte sur leur territoire au profit des \u00c9tats-Unis\u00a0?<\/p>\n<p style=\"text-align: justify;\">Poser la question c\u2019est y r\u00e9pondre\u2026 et la r\u00e9ponse n\u2019est pas glorieuse.<\/p>\n<h4>Jacques Baud<\/h4>\n<h4>Edit\u00e9 par <a href=\"http:\/\/www.lapluma.net\/fr\/nosotros\/editora\/\">Mar\u00eda Piedad Ossaba<\/a><\/h4>\n<h4>Source:\u00a0<a href=\"https:\/\/cf2r.org\/documentation\/la-situation-militaire-en-ukraine\/\">Centre Fran\u00e7ais de Recherche sur le Renseignement<\/a>,\u00a0Bulletin de Documentation N\u00b0 27 \/ mars 2022.<\/h4>\n<h4>Traducciones disponibles:\u00a0 <a href=\"http:\/\/www.lapluma.net\/2022\/03\/24\/las-razones-y-detalles-de-la-guerra-de-ucrania\/\" rel=\"bookmark\">Espa\u00f1ol<\/a><\/h4>\n<p>\u00a0<\/p>\n<\/div>\n<\/div>\n","protected":false},"excerpt":{"rendered":"<p>Avons-nous sanctionn\u00e9 les pays de l\u2019Union europ\u00e9enne qui pratiquent la torture la plus abjecte sur leur territoire au profit des \u00c9tats-Unis\u00a0?<\/p>\n","protected":false},"author":1058,"featured_media":36474,"comment_status":"open","ping_status":"open","sticky":false,"template":"","format":"standard","meta":{"_uf_show_specific_survey":0,"_uf_disable_surveys":false,"footnotes":""},"categories":[5],"tags":[17957,17955,17958,17959,3757,1772,17954,17158,17126,17956,17089,17129],"coauthors":[17953],"class_list":["post-36459","post","type-post","status-publish","format-standard","has-post-thumbnail","hentry","category-editoriales-y-opiniones","tag-accords-de-minsk","tag-dombas-victimas-civiles","tag-dombass-victimes-civiles","tag-groupe-azov","tag-guerra-fria-2-0","tag-guerre-froide-2-0","tag-jacques-baud","tag-onu-otan-ueropa-rusia","tag-usa-rusia-ucrania","tag-usa-russie-ukraine","tag-usa-ueropa-rusia","tag-vladimir-putin-crisis-de-ucrania-expansion-de-otan"],"translation":{"provider":"WPGlobus","version":"2.12.2","language":"fr","enabled_languages":["es","fr"],"languages":{"es":{"title":true,"content":true,"excerpt":true},"fr":{"title":true,"content":true,"excerpt":true}}},"_links":{"self":[{"href":"https:\/\/www.lapluma.net\/fr\/wp-json\/wp\/v2\/posts\/36459","targetHints":{"allow":["GET"]}}],"collection":[{"href":"https:\/\/www.lapluma.net\/fr\/wp-json\/wp\/v2\/posts"}],"about":[{"href":"https:\/\/www.lapluma.net\/fr\/wp-json\/wp\/v2\/types\/post"}],"author":[{"embeddable":true,"href":"https:\/\/www.lapluma.net\/fr\/wp-json\/wp\/v2\/users\/1058"}],"replies":[{"embeddable":true,"href":"https:\/\/www.lapluma.net\/fr\/wp-json\/wp\/v2\/comments?post=36459"}],"version-history":[{"count":12,"href":"https:\/\/www.lapluma.net\/fr\/wp-json\/wp\/v2\/posts\/36459\/revisions"}],"predecessor-version":[{"id":36496,"href":"https:\/\/www.lapluma.net\/fr\/wp-json\/wp\/v2\/posts\/36459\/revisions\/36496"}],"wp:featuredmedia":[{"embeddable":true,"href":"https:\/\/www.lapluma.net\/fr\/wp-json\/wp\/v2\/media\/36474"}],"wp:attachment":[{"href":"https:\/\/www.lapluma.net\/fr\/wp-json\/wp\/v2\/media?parent=36459"}],"wp:term":[{"taxonomy":"category","embeddable":true,"href":"https:\/\/www.lapluma.net\/fr\/wp-json\/wp\/v2\/categories?post=36459"},{"taxonomy":"post_tag","embeddable":true,"href":"https:\/\/www.lapluma.net\/fr\/wp-json\/wp\/v2\/tags?post=36459"},{"taxonomy":"author","embeddable":true,"href":"https:\/\/www.lapluma.net\/fr\/wp-json\/wp\/v2\/coauthors?post=36459"}],"curies":[{"name":"wp","href":"https:\/\/api.w.org\/{rel}","templated":true}]}}