{"id":36374,"date":"2022-03-22T11:31:58","date_gmt":"2022-03-22T11:31:58","guid":{"rendered":"http:\/\/www.lapluma.net\/?p=36374"},"modified":"2023-12-31T18:32:28","modified_gmt":"2023-12-31T18:32:28","slug":"la-caida","status":"publish","type":"post","link":"https:\/\/www.lapluma.net\/fr\/2022\/03\/22\/la-caida\/","title":{"rendered":"La ca\u00edda"},"content":{"rendered":"\r\n<p class=\"gmail-font--secondary\" style=\"text-align: justify;\">El edificio uribista, con veinte a\u00f1os de dominios absolutos en el \u00e1mbito pol\u00edtico colombiano, se deterior\u00f3, se qued\u00f3 sin fundaciones y se ha derrumbado como una torre de fichas de domin\u00f3. El otrora \u201cmes\u00edas\u201d, tan amenazador y autoritario, que con el proceso de paz se qued\u00f3 sin su cu\u00f1a (y las Farc o \u201cla Far\u201d cu\u00e1nto contribuyeron a sus dos elecciones), ha rodado por el despe\u00f1adero de la derrota.<\/p>\r\n<p><img loading=\"lazy\" decoding=\"async\" class=\" wp-image-36377 aligncenter\" src=\"http:\/\/www.lapluma.net\/wp-content\/uploads\/2022\/03\/Uribe--300x172.jpg\" alt=\"\" width=\"436\" height=\"250\" srcset=\"https:\/\/www.lapluma.net\/wp-content\/uploads\/2022\/03\/Uribe--300x172.jpg 300w, https:\/\/www.lapluma.net\/wp-content\/uploads\/2022\/03\/Uribe-.jpg 750w\" sizes=\"auto, (max-width: 436px) 100vw, 436px\" \/><\/p>\r\n<p>&nbsp;<\/p>\r\n<p class=\"gmail-font--secondary\" style=\"text-align: justify;\">Y con \u00e9l, que en su decadencia tuvo que salir a volantear (no como un diez de f\u00fatbol, sino como un repartidor de octavillas), se deshizo a pedazos el Centro Democr\u00e1tico. Siempre habr\u00e1 la posibilidad, en un pa\u00eds como el nuestro, en que la memoria hist\u00f3rica no es su fuerte, de la \u201cresurrecci\u00f3n de los muertos\u201d, pero, hasta ahora, todo indica que se trata de una irreversible ca\u00edda. Ojal\u00e1 sin posibilidad de volverse a poner en pie.<\/p>\r\n<p class=\"gmail-font--secondary\" style=\"text-align: justify;\">El guarapazo ha sido tan rotundo que al expresidente no le cabe, como en otras instancias, la ranchera aquella de \u201cpero sigo siendo el rey\u201d. Los resultados electorales se\u00f1alan m\u00e1s bien que los s\u00edntomas son de una muerte irreversible, sin aplazamientos. El juicio de las urnas, que igual sigue siendo un riesgo porque, como dec\u00eda Camilo, \u201cel que escruta elige\u201d, le ha propinado un ment\u00eds a la ya inveterada politiquer\u00eda, a los m\u00e9todos de intimidaci\u00f3n y a se\u00f1orones feudales que han mantenido a casi toda la gente en un deplorable estado de necesidades sin resolver.<\/p>\r\n<p style=\"text-align: justify;\">La debacle uribista ha sido consecuencia de un proceso infeccioso de vieja data, con acumulaci\u00f3n de elementos del desastre, que viene desde la implantaci\u00f3n de pol\u00edticas desp\u00f3ticas y antipatri\u00f3ticas, como la feria de privatizaciones, los \u201cfalsos positivos\u201d y la macartizaci\u00f3n permanente a opositores y a todo aquel que no se prostern\u00f3 \u2014ni se dej\u00f3 intimidar\u2014ante su \u201cembrujo autoritario\u201d.<\/p>\r\n<p><iframe loading=\"lazy\" title=\"El rastro del horror de los falsos positivos\" width=\"660\" height=\"371\" src=\"https:\/\/www.youtube.com\/embed\/BMGuruvY1tw?start=1&#038;feature=oembed\" frameborder=\"0\" allow=\"accelerometer; autoplay; clipboard-write; encrypted-media; gyroscope; picture-in-picture; web-share\" referrerpolicy=\"strict-origin-when-cross-origin\" allowfullscreen><\/iframe><\/p>\r\n<h5 style=\"text-align: justify;\">La JEP revel\u00f3 que 6.402 personas fueron asesinadas por el estado colombiano entre los a\u00f1os 2002 y 2008. Este genocidio fue cometido en el marco de una estrategia sin antecedentes a nivel mundial consistente en disfrazar a civiles muertos para presentarlos como guerrilleros ca\u00eddos en combates contra el Ej\u00e9rcito y as\u00ed se quiso hacerle creer al pa\u00eds que las FARC estaban siendo derrotadas.<\/h5>\r\n<p>&nbsp;<\/p>\r\n<p class=\"gmail-font--secondary\" style=\"text-align: justify;\">Las elecciones recientes han sido un medidor de fuerzas, de las que suben, de las que bajan. Y en el panorama, en el que se han asomado las intentonas de fraude en un pa\u00eds de larga tradici\u00f3n de fraudes electorales, ha quedado el uribismo en una suerte de basurero. Ha sido tan contundente la p\u00e9rdida de curules en senado y c\u00e1mara, que el Centro Democr\u00e1tico, en un pataleo promovido por su decadente jefe, ha dicho que no est\u00e1 de acuerdo con los resultados.<\/p>\r\n<p><img loading=\"lazy\" decoding=\"async\" class=\" wp-image-36375 aligncenter\" src=\"http:\/\/www.lapluma.net\/wp-content\/uploads\/2022\/03\/Oscar-Ivan-Zuluaga-300x200.webp\" alt=\"\" width=\"458\" height=\"305\" srcset=\"https:\/\/www.lapluma.net\/wp-content\/uploads\/2022\/03\/Oscar-Ivan-Zuluaga-300x200.webp 300w, https:\/\/www.lapluma.net\/wp-content\/uploads\/2022\/03\/Oscar-Ivan-Zuluaga-1024x683.webp 1024w, https:\/\/www.lapluma.net\/wp-content\/uploads\/2022\/03\/Oscar-Ivan-Zuluaga-768x512.webp 768w, https:\/\/www.lapluma.net\/wp-content\/uploads\/2022\/03\/Oscar-Ivan-Zuluaga-1536x1024.webp 1536w, https:\/\/www.lapluma.net\/wp-content\/uploads\/2022\/03\/Oscar-Ivan-Zuluaga-2048x1365.webp 2048w, https:\/\/www.lapluma.net\/wp-content\/uploads\/2022\/03\/Oscar-Ivan-Zuluaga-435x290.webp 435w, https:\/\/www.lapluma.net\/wp-content\/uploads\/2022\/03\/Oscar-Ivan-Zuluaga-150x100.webp 150w, https:\/\/www.lapluma.net\/wp-content\/uploads\/2022\/03\/Oscar-Ivan-Zuluaga-370x247.webp 370w\" sizes=\"auto, (max-width: 458px) 100vw, 458px\" \/><\/p>\r\n<h5 style=\"text-align: justify;\"><span class=\"a-media-legend\">Oscar Iv\u00e1n Zuluaga, candidato presidencial por el Centro Democr\u00e1tico, habla durante un debate previo a las primarias en Bogot\u00e1, Colombia, el martes 25 de enero de 2022. Las elecciones primarias est\u00e1n previstas para el 13 de marzo.<\/span> <span class=\"a-media-legend\">\u00a9 Ivan Valencia \/ AP<\/span><\/h5>\r\n<p class=\"gmail-font--secondary\" style=\"text-align: justify;\">Otro de las consecuencias del rev\u00e9s que no parece ser solo electoral, sino que se desprende de un largo historial de desprop\u00f3sitos, ha sido la renuncia del candidato oficial del Centro Democr\u00e1tico, \u00d3scar Iv\u00e1n Zuluaga, que ten\u00eda todos los parabienes de Uribe, quien con su descolorido cetro determin\u00f3 su escogencia. Y ha quedado al descubierto que el m\u00e1ximo cabecilla de ese partido ten\u00eda otra carta bajo la manga, la de Fico, exalcalde de Medell\u00edn.<\/p>\r\n<p><img loading=\"lazy\" decoding=\"async\" class=\"size-medium wp-image-36170 aligncenter\" src=\"http:\/\/www.lapluma.net\/wp-content\/uploads\/2022\/03\/Ojo-con-la-Oficina-de-Envigado-300x300.jpg\" alt=\"\" width=\"300\" height=\"300\" srcset=\"https:\/\/www.lapluma.net\/wp-content\/uploads\/2022\/03\/Ojo-con-la-Oficina-de-Envigado-300x300.jpg 300w, https:\/\/www.lapluma.net\/wp-content\/uploads\/2022\/03\/Ojo-con-la-Oficina-de-Envigado-150x150.jpg 150w, https:\/\/www.lapluma.net\/wp-content\/uploads\/2022\/03\/Ojo-con-la-Oficina-de-Envigado.jpg 680w\" sizes=\"auto, (max-width: 300px) 100vw, 300px\" \/><\/p>\r\n<p class=\"gmail-font--secondary\" style=\"text-align: justify;\">La larga cadena de desprestigios de Uribe, su imputaci\u00f3n por presunto fraude procesal y soborno, el prontuario de decenas de sus \u201ccolaboradores\u201d, algunos de ellos ya condenados por diversos delitos, y otras suciedades se han sumado al proceso de declive de esa colectividad y de su patr\u00f3n. Ya ni siquiera es \u201cel que diga Uribe\u201d en cuanto a candidato, porque se vio c\u00f3mo el ungido por \u00e9l, ante el descalabro electoral y la visibilizaci\u00f3n de un \u201curibista camuflado\u201d, dio un paso al costado.<\/p>\r\n<p class=\"gmail-font--secondary\" style=\"text-align: justify;\">Una de las m\u00e1s categ\u00f3ricas causas del rev\u00e9s de las toldas del don del Ub\u00e9rrimo ha sido la desastrosa administraci\u00f3n del presidente Duque, tal vez el peor mandatario de los \u00faltimos cincuenta a\u00f1os. El pelele, cuyos hilos los ha manejado su jefe, con su desgobierno ha puesto patas arriba al \u201cpa\u00eds nacional\u201d. Lo podr\u00edan comprobar m\u00e1s de veinte millones de pobres, m\u00e1s de miles de desempleados, la peque\u00f1a y mediana empresa en crisis, los l\u00edderes sociales asesinados, las personas a mont\u00f3n que en Colombia no tienen modo de comer ni siquiera dos veces al d\u00eda y tantos otros desafueros oficiales contra los sin fortuna.<\/p>\r\n<p><img loading=\"lazy\" decoding=\"async\" class=\" wp-image-33405 aligncenter\" src=\"http:\/\/www.lapluma.net\/wp-content\/uploads\/2022\/03\/Duque4-286x300.png\" alt=\"\" width=\"303\" height=\"318\" srcset=\"https:\/\/www.lapluma.net\/wp-content\/uploads\/2022\/03\/Duque4-286x300.png 286w, https:\/\/www.lapluma.net\/wp-content\/uploads\/2022\/03\/Duque4.png 600w\" sizes=\"auto, (max-width: 303px) 100vw, 303px\" \/><\/p>\r\n<p class=\"gmail-font--secondary\" style=\"text-align: justify;\">A Uribe y su patota no le funcionaron m\u00e1s las viejas bribonadas de se\u00f1alar, en su propaganda y desinformaci\u00f3n, que los otros, sus opositores, son \u201ccomunistas disfrazados\u201d, \u201cguerrilleros de civil\u201d, \u201ccastrochavistas\u201d (cualquier pendejada que eso signifique), \u201cneocomunistas\u201d \u2026 Y, pese a las intentonas del gobierno de volver trizas los acuerdos de paz, como una l\u00ednea trazada por el Centro Democr\u00e1tico, el antiguo discurso se les agot\u00f3 cuando ya dejaron de existir las Farc.<\/p>\r\n<p class=\"gmail-font--secondary\" style=\"text-align: justify;\">Tantos miedos artificiosos que echaron a volar con el fin de perpetuar su dominio; tantas mentiras y consejas arrojadas contra sus contradictores; tantas falacias y falsos se\u00f1alamientos, tantas tenebrosidades e infundios, se les fueron gastando hasta volverse contra ellos mismos: contra Uribe y su banda de manipuladores. Es un extenso caudal de desmanes y truculencias las que tiene el uribismo en su haber. Y ya comienza a notarse, como en un tango, la rodada cuesta abajo del cham\u00e1n de la secta y sus adl\u00e1teres.<\/p>\r\n<p class=\"gmail-font--secondary\" style=\"text-align: justify;\">Tras las elecciones parlamentarias, el uribismo (l\u00e9ase extrema derecha) qued\u00f3 \u201cchilinguiando\u201d. Y parece que no habr\u00e1 barranco que ataje su ca\u00edda.<\/p>\r\n<h4>Reinaldo Spitaletta para La Pluma,22 de marzo de 2022<\/h4>\r\n<h4>Editado por <a href=\"http:\/\/www.lapluma.net\/nosotros\/editora\/\">Mar\u00eda Piedad Ossaba<\/a><\/h4>\r\n","protected":false},"excerpt":{"rendered":"<p>El edificio uribista, con veinte a&ntilde;os de dominios absolutos en el &aacute;mbito pol&iacute;tico colombiano, se deterior&oacute;, se qued&oacute; sin fundaciones y se ha derrumbado como una torre de fichas de domin&oacute;. El otrora &ldquo;mes&iacute;as&rdquo;, tan amenazador y autoritario, que con el proceso de paz se qued&oacute; sin su cu&ntilde;a (y las Farc o &ldquo;la Far&rdquo;&#8230;<\/p>\n","protected":false},"author":20,"featured_media":36376,"comment_status":"open","ping_status":"open","sticky":false,"template":"","format":"standard","meta":{"_uf_show_specific_survey":0,"_uf_disable_surveys":false,"footnotes":""},"categories":[5],"tags":[17931,17933,15682,519,17935],"coauthors":[265],"class_list":["post-36374","post","type-post","status-publish","format-standard","has-post-thumbnail","hentry","category-editoriales-y-opiniones","tag-centro-democratico-depenadero-de-la-derrota","tag-debacle-uribista-politicas-despoticas-y-antipatrioticas","tag-falsos-positivos-2","tag-reinaldo-spitaletta","tag-uribe-larga-cadena-de-desprestigios"],"translation":{"provider":"WPGlobus","version":"2.12.2","language":"fr","enabled_languages":["es","fr"],"languages":{"es":{"title":true,"content":true,"excerpt":false},"fr":{"title":false,"content":false,"excerpt":false}}},"_links":{"self":[{"href":"https:\/\/www.lapluma.net\/fr\/wp-json\/wp\/v2\/posts\/36374","targetHints":{"allow":["GET"]}}],"collection":[{"href":"https:\/\/www.lapluma.net\/fr\/wp-json\/wp\/v2\/posts"}],"about":[{"href":"https:\/\/www.lapluma.net\/fr\/wp-json\/wp\/v2\/types\/post"}],"author":[{"embeddable":true,"href":"https:\/\/www.lapluma.net\/fr\/wp-json\/wp\/v2\/users\/20"}],"replies":[{"embeddable":true,"href":"https:\/\/www.lapluma.net\/fr\/wp-json\/wp\/v2\/comments?post=36374"}],"version-history":[{"count":2,"href":"https:\/\/www.lapluma.net\/fr\/wp-json\/wp\/v2\/posts\/36374\/revisions"}],"predecessor-version":[{"id":60701,"href":"https:\/\/www.lapluma.net\/fr\/wp-json\/wp\/v2\/posts\/36374\/revisions\/60701"}],"wp:featuredmedia":[{"embeddable":true,"href":"https:\/\/www.lapluma.net\/fr\/wp-json\/wp\/v2\/media\/36376"}],"wp:attachment":[{"href":"https:\/\/www.lapluma.net\/fr\/wp-json\/wp\/v2\/media?parent=36374"}],"wp:term":[{"taxonomy":"category","embeddable":true,"href":"https:\/\/www.lapluma.net\/fr\/wp-json\/wp\/v2\/categories?post=36374"},{"taxonomy":"post_tag","embeddable":true,"href":"https:\/\/www.lapluma.net\/fr\/wp-json\/wp\/v2\/tags?post=36374"},{"taxonomy":"author","embeddable":true,"href":"https:\/\/www.lapluma.net\/fr\/wp-json\/wp\/v2\/coauthors?post=36374"}],"curies":[{"name":"wp","href":"https:\/\/api.w.org\/{rel}","templated":true}]}}