{"id":36283,"date":"2022-03-19T09:37:11","date_gmt":"2022-03-19T09:37:11","guid":{"rendered":"http:\/\/www.lapluma.net\/?p=36283"},"modified":"2022-03-19T09:37:13","modified_gmt":"2022-03-19T09:37:13","slug":"el-periodismo-y-el-sueno-republicano","status":"publish","type":"post","link":"https:\/\/www.lapluma.net\/fr\/2022\/03\/19\/el-periodismo-y-el-sueno-republicano\/","title":{"rendered":"El periodismo y el sue\u00f1o republicano"},"content":{"rendered":"\n<p style=\"text-align: justify;\" align=\"left\">Qui\u00e9nes mejor que los propios periodistas podr\u00edan advertirle al pa\u00eds que la profundizaci\u00f3n de la democracia requiere tambi\u00e9n de dr\u00e1sticas reformas al sistema informativo y de los medios de comunicaci\u00f3n. El requisito de la diversidad, que se asume como condici\u00f3n esencial de un r\u00e9gimen republicano, en nada o muy poco se expresa en Chile, donde los niveles de desinformaci\u00f3n respecto de lo que sucede en el pa\u00eds y en el mundo tiene como principales responsables a los grandes medios de la televisi\u00f3n, la radio y la prensa.<\/p>\n<h5 style=\"text-align: center;\" align=\"left\"><img loading=\"lazy\" decoding=\"async\" class=\" wp-image-36284 aligncenter\" src=\"http:\/\/www.lapluma.net\/wp-content\/uploads\/2022\/03\/Boric-y-prensa-820x547-1-300x200.jpg\" alt=\"\" width=\"470\" height=\"313\" srcset=\"https:\/\/www.lapluma.net\/wp-content\/uploads\/2022\/03\/Boric-y-prensa-820x547-1-300x200.jpg 300w, https:\/\/www.lapluma.net\/wp-content\/uploads\/2022\/03\/Boric-y-prensa-820x547-1-768x512.jpg 768w, https:\/\/www.lapluma.net\/wp-content\/uploads\/2022\/03\/Boric-y-prensa-820x547-1-435x290.jpg 435w, https:\/\/www.lapluma.net\/wp-content\/uploads\/2022\/03\/Boric-y-prensa-820x547-1-150x100.jpg 150w, https:\/\/www.lapluma.net\/wp-content\/uploads\/2022\/03\/Boric-y-prensa-820x547-1-370x247.jpg 370w, https:\/\/www.lapluma.net\/wp-content\/uploads\/2022\/03\/Boric-y-prensa-820x547-1.jpg 820w\" sizes=\"auto, (max-width: 470px) 100vw, 470px\" \/>Boric y la prensa. (Imagen de Enzo Blondel)<\/h5>\n<p style=\"text-align: justify;\" align=\"left\">Naciones mucho m\u00e1s pobres y menos pretenciosas que la nuestra pueden exhibir diarios, revistas y espacios audiovisuales muy variopintos en cuanto a sus niveles de pluralismo e independencia. Incluso estados ricos como el de Francia, Alemania y otros mantienen pol\u00edticas que otorgan a los medios toda suerte de subsidios y est\u00edmulos para que puedan cumplir con su misi\u00f3n de informar. Al mismo tiempo que se procura una formaci\u00f3n de excelencia a los futuros periodistas y comunicadores sociales, entendiendo que su tarea es tan necesaria como el ejercicio de la medicina, la econom\u00eda, el derecho y otras disciplinas que tienen antiguo sitio en las universidades.<\/p>\n<p style=\"text-align: justify;\" align=\"left\">A prop\u00f3sito de conflictos como el de Rusia con Ucrania, la crisis de la Araucan\u00eda, tanto como la pandemia y las profundas inequidades econ\u00f3mico sociales, podemos comprobar que son tratados con el sesgo de los m\u00e1s poderosos medios de comunicaci\u00f3n, avalados tambi\u00e9n por la ignorancia de muchos periodistas y analistas que ofician de verdaderos mercenarios. La uniformidad en la orientaci\u00f3n medi\u00e1tica llega a ser alarmante, existiendo medios televisivos que llegan al descaro de utilizar im\u00e1genes de archivo referidos a otros conflictos para convencernos de la posici\u00f3n que en el orden informativo pr\u00e1cticamente imponen hoy los intereses estadounidenses. En Chile, todav\u00eda tenemos fresca en nuestra memoria las repugnantes mentiras propiciadas por el gobierno de Pi\u00f1era a trav\u00e9s de los medios informativos a objeto de menoscabar las vindicaciones de los mapuches y ocultar los cr\u00edmenes de polic\u00edas y militares. Lo mismo que hizo para desacreditar las movilizaciones estudiantiles y el Estallido Social.<\/p>\n<p align=\"left\"><img loading=\"lazy\" decoding=\"async\" class=\" wp-image-36285 aligncenter\" src=\"http:\/\/www.lapluma.net\/wp-content\/uploads\/2022\/03\/manipulacion-mediatica-300x300.jpg\" alt=\"\" width=\"479\" height=\"479\" srcset=\"https:\/\/www.lapluma.net\/wp-content\/uploads\/2022\/03\/manipulacion-mediatica-300x300.jpg 300w, https:\/\/www.lapluma.net\/wp-content\/uploads\/2022\/03\/manipulacion-mediatica-150x150.jpg 150w, https:\/\/www.lapluma.net\/wp-content\/uploads\/2022\/03\/manipulacion-mediatica.jpg 626w\" sizes=\"auto, (max-width: 479px) 100vw, 479px\" \/><\/p>\n<p style=\"text-align: justify;\" align=\"left\">Sorprende hoy el oportunismo de los m\u00e1s conocidos rostros del periodismo para empatizar ahora con los que se impusieron en las elecciones presidenciales buscando mantener su presencia especialmente en los medios televisivos. Seguros de que en el m\u00e1s breve plazo podr\u00e1n volver por sus fueros y reasumir la defensa de los grandes intereses que siguen dominando el espectro audiovisual. Algo parecido aconteci\u00f3 despu\u00e9s de que Patricio Aylwin llegara a La Moneda y se le permitiera a las m\u00e1s destacadas caras del pinochetismo mantenerse en sus funciones, dejarlos impunes y reiterar despu\u00e9s su oposici\u00f3n a las reformas que se dec\u00edan indispensables para superar el r\u00e9gimen dictatorial.<\/p>\n<p style=\"text-align: justify;\" align=\"left\">Ciertamente no se trata de cambiar algunos rostros por otros o que los diarios agreguen a sus n\u00f3minas, como en el pasado, algunos columnistas \u201cliberales\u201d o considerados de \u201cIzquierda\u201d para aparentar independencia u objetividad. Cuando la historia nos demuestra que casi todos ellos, por lo dem\u00e1s, terminaron como arietes del conservadurismo y abjurando de las posiciones que ten\u00edan antes de convertirse en las m\u00e1s destacadas \u201cplumas\u201d de los diarios del duopolio.<\/p>\n<p style=\"text-align: justify;\" align=\"left\">El pluralismo que hace falta debe comprometer activamente al Estado y a las instituciones republicanas en la multiplicaci\u00f3n de los medios de informaci\u00f3n de tal manera que la cultura, la ciencia, la tecnolog\u00eda y hasta el deporte ganen espacio y puedan aportar a la educaci\u00f3n c\u00edvica. Faltan imprentas, diarios de papel, emisoras y, desde luego, canales de TV que ampl\u00eden su tem\u00e1tica y l\u00edneas editoriales. Un est\u00edmulo y financiamiento para que se fortalezcan los medios partidarios del desarrollo y progreso de todos, del medio ambiente sustentable y de los derechos humanos. Que reaparezcan, por ejemplo, aquellas revistas para los j\u00f3venes y nuevos emprendedores. Y , desde luego, informen sobre el mundo de las regiones, a fin de que Santiago disminuya su exagerada atenci\u00f3n medi\u00e1tica en un pa\u00eds tan diverso de norte a sur y de cordillera al mar.<\/p>\n<p style=\"text-align: justify;\" align=\"left\">Tampoco la diversidad debe agotarse en lo pol\u00edtico. Una democracia verdadera debe considerar lo que ocurre con muchas expresiones ideol\u00f3gicas y sociales que no tienen espacio en los \u00e1mbitos del Estado, debido a un sistema electoral excluyente y digitado por el dinero y los grupos de poder amigos del cohecho y la corrupci\u00f3n. Chile es un pa\u00eds pr\u00e1cticamente sin igual en el mundo en cuanto a la mantenci\u00f3n de partidos y expresiones pol\u00edticas casi ya sin militantes y con ideolog\u00edas que dan cuenta de otros tiempos, problemas y desaf\u00edos.<\/p>\n<p style=\"text-align: justify;\" align=\"left\">Ahora bien, si el presidente Boric quiere tener prensa propia y adicta, evitando que los periodistas libres cuestionen su gobierno, lo que tiene que hacer es destinar recursos fiscales para seguir encantando a los plumarios de siempre, como para exterminar a la prensa inc\u00f3moda e insobornable, que incluso fue capaz de sostenerse durante el acoso dictatorial. Continuar, entonces, lo que hicieron los gobiernos de la Concertaci\u00f3n, cuyas administraciones le heredaron a la derecha, a Pi\u00f1era y a los m\u00e1s poderosos empresarios un sistema comunicacional postrado a sus intereses, encantados de recibir la publicidad oficial, adem\u00e1s de los sobornos de las AFPs, de las isapres, las empresas del Consejo Minero como de la Banca. Es decir, de las instituciones rectoras y beneficiarias de la rep\u00fablica neoliberal chilena.<\/p>\n<p style=\"text-align: justify;\" align=\"left\">As\u00ed, en apenas cuatro a\u00f1os, se podr\u00eda reeditar un nuevo gobierno como el de Pi\u00f1era, con un pueblo a\u00fan m\u00e1s vulnerado en sus derechos.<\/p>\n<h4 align=\"left\">Juan Pablo C\u00e1rdenas S.<\/h4>\n<h4>Editado por <a href=\"http:\/\/www.lapluma.net\/nosotros\/editora\/\">Mar\u00eda Piedad Ossaba<\/a><\/h4>\n<h4>Fuente: <a href=\"https:\/\/www.pressenza.com\/es\/2022\/03\/el-periodismo-y-el-sueno-republicano\/\">Pressenza<\/a>, 18 de marzo de 2022<\/h4>\n<p>\u00a0<\/p>\n","protected":false},"excerpt":{"rendered":"<p>As\u00ed, en apenas cuatro a\u00f1os, se podr\u00eda reeditar un nuevo gobierno como el de Pi\u00f1era, con un pueblo a\u00fan m\u00e1s vulnerado en sus derechos.<\/p>\n","protected":false},"author":750,"featured_media":35209,"comment_status":"open","ping_status":"open","sticky":false,"template":"","format":"standard","meta":{"_uf_show_specific_survey":0,"_uf_disable_surveys":false,"footnotes":""},"categories":[5],"tags":[7163,17870,17182,17871],"coauthors":[11477],"class_list":["post-36283","post","type-post","status-publish","format-standard","has-post-thumbnail","hentry","category-editoriales-y-opiniones","tag-concentracion-monopolica-de-medios-de-comunicacion","tag-cultura-y-medios","tag-desinformacion-cerco-mediatico","tag-periodismo-sueno-republicano"],"translation":{"provider":"WPGlobus","version":"2.12.2","language":"fr","enabled_languages":["es","fr"],"languages":{"es":{"title":true,"content":true,"excerpt":true},"fr":{"title":false,"content":false,"excerpt":false}}},"_links":{"self":[{"href":"https:\/\/www.lapluma.net\/fr\/wp-json\/wp\/v2\/posts\/36283","targetHints":{"allow":["GET"]}}],"collection":[{"href":"https:\/\/www.lapluma.net\/fr\/wp-json\/wp\/v2\/posts"}],"about":[{"href":"https:\/\/www.lapluma.net\/fr\/wp-json\/wp\/v2\/types\/post"}],"author":[{"embeddable":true,"href":"https:\/\/www.lapluma.net\/fr\/wp-json\/wp\/v2\/users\/750"}],"replies":[{"embeddable":true,"href":"https:\/\/www.lapluma.net\/fr\/wp-json\/wp\/v2\/comments?post=36283"}],"version-history":[{"count":1,"href":"https:\/\/www.lapluma.net\/fr\/wp-json\/wp\/v2\/posts\/36283\/revisions"}],"predecessor-version":[{"id":36286,"href":"https:\/\/www.lapluma.net\/fr\/wp-json\/wp\/v2\/posts\/36283\/revisions\/36286"}],"wp:featuredmedia":[{"embeddable":true,"href":"https:\/\/www.lapluma.net\/fr\/wp-json\/wp\/v2\/media\/35209"}],"wp:attachment":[{"href":"https:\/\/www.lapluma.net\/fr\/wp-json\/wp\/v2\/media?parent=36283"}],"wp:term":[{"taxonomy":"category","embeddable":true,"href":"https:\/\/www.lapluma.net\/fr\/wp-json\/wp\/v2\/categories?post=36283"},{"taxonomy":"post_tag","embeddable":true,"href":"https:\/\/www.lapluma.net\/fr\/wp-json\/wp\/v2\/tags?post=36283"},{"taxonomy":"author","embeddable":true,"href":"https:\/\/www.lapluma.net\/fr\/wp-json\/wp\/v2\/coauthors?post=36283"}],"curies":[{"name":"wp","href":"https:\/\/api.w.org\/{rel}","templated":true}]}}