{"id":35995,"date":"2022-03-10T23:27:13","date_gmt":"2022-03-10T23:27:13","guid":{"rendered":"http:\/\/www.lapluma.net\/?p=35995"},"modified":"2022-03-10T23:27:15","modified_gmt":"2022-03-10T23:27:15","slug":"la-guerra-que-llevamos-dentro","status":"publish","type":"post","link":"https:\/\/www.lapluma.net\/fr\/2022\/03\/10\/la-guerra-que-llevamos-dentro\/","title":{"rendered":"La guerra que llevamos dentro"},"content":{"rendered":"\n<p style=\"text-align: justify;\"><i>El a\u00f1o pasado publicamos que, luego de la costosa derrota de Washington en Afganist\u00e1n, hab\u00eda que prepararse para una nueva guerra; que mucho antes que China vendr\u00eda un conflicto con Rusia. Cuando la nueva guerra finalmente lleg\u00f3, intentamos entenderla. Aparte de las donaciones que son como aspirinas cada vez que un pa\u00eds es invadido, la importancia de nuestros esfuerzos dial\u00e9cticos, por importante que sea el medio donde se publican, es igualmente irrelevante.<\/i><\/p>\n<p><iframe loading=\"lazy\" title=\"CIVILES ucranianos APRENDEN a MANEJAR ARMAS de guerra dentro de un CINE #ElNotidelaGente\" width=\"660\" height=\"371\" src=\"https:\/\/www.youtube.com\/embed\/UBPEBfIUpAU?feature=oembed\" frameborder=\"0\" allow=\"accelerometer; autoplay; clipboard-write; encrypted-media; gyroscope; picture-in-picture; web-share\" referrerpolicy=\"strict-origin-when-cross-origin\" allowfullscreen><\/iframe><\/p>\n<p style=\"text-align: justify;\">Hay una realidad que no ocupa ni a tirios ni troyanos en los medios internacionales: la guerra que todos llevamos dentro y que, en gran medida, explica una parte de esta guerra y de todas las guerras pol\u00edticas. Me dir\u00e1n que eso pertenece a la psicolog\u00eda, que no debo meterme en esos temas. Bueno, en los m\u00e1s de <a href=\"https:\/\/majfud.org\/articulos\/\">530<\/a> art\u00edculos que llevo publicados desde la cat\u00e1strofe neoliberal en Am\u00e9rica latina a fines de los a\u00f1os 90, en todos los casos hice ejercicio ilegal de la profesi\u00f3n de ensayista.\u00a0<\/p>\n<p style=\"text-align: justify;\">Para resumir, vamos a tomar un par de casos entre miles. Como dijo alguien hace mucho tiempo, voy a empezar hablando de m\u00ed mismo que es quien tengo m\u00e1s cerca.\u00a0\u00a0<\/p>\n<p style=\"text-align: justify;\">A principios de 2017, unos amigos de un medio espa\u00f1ol para el cual colabor\u00e9 por muchos a\u00f1os, me pidieron que me pronunciara sobre el caso del conflicto en Catalu\u00f1a. Les insist\u00ed que, aparte de aficionado a la cultura y la tr\u00e1gica historia de Espa\u00f1a, no era ni soy un experto en Catalu\u00f1a y que, desde mi perspectiva exterior, hab\u00eda que dejar a los catalanes realizar su refer\u00e9ndum sobre la debatida independencia, como lo hab\u00eda hecho Escocia en 2014. Un refer\u00e9ndum no vinculante, como el que quiso hacer Manuel Zelaya en Honduras. Como resultado, al igual que me ocurri\u00f3 con el caso de Honduras, perd\u00ed varios amigos. Llam\u00e9moslo as\u00ed, \u201camigos\u201d, aunque todos saben que los amigos de verdad no se pierden por diferencias pol\u00edticas. As\u00ed, en unas pocas horas, pas\u00e9 de ser, por a\u00f1os, \u201cel intelectual m\u00e1s importante de Am\u00e9rica Latina\u201d a la categor\u00eda de \u201cidiota\u201d. En ambos casos exageraban, aunque de lo \u00faltimo nadie nunca puede estar tan seguro.<\/p>\n<p style=\"text-align: justify;\">Estrictamente lo mismo ha ocurrido con el conflicto de Ucrania. Mi posici\u00f3n, como en el caso de Catalu\u00f1a, nada tiene de radical. Otra vez, asumo y reconozco que no soy un experto en temas de Ucrania. S\u00f3lo intento aportar una perspectiva exterior, basada en mis limitados conocimientos hist\u00f3ricos y globales (\u00bfqu\u00e9 no es este conflicto sino un choque hist\u00f3rico-geopol\u00edtico?).\u00a0<\/p>\n<p style=\"text-align: justify;\">El mismo d\u00eda de la invasi\u00f3n de Putin, publiqu\u00e9 en varios diarios una comparaci\u00f3n del discurso de Bush antes de invadir Irak y el de Putin antes de invadir Ucrania. Claro que hay grandes diferencias factuales, pero por entonces entend\u00ed, y entiendo, que Putin estaba enviando un mensaje con el paralelo ret\u00f3rico. Las acusaciones de rusofobia no se hicieron esperar. Poco despu\u00e9s, a pedido de un par de editores, envi\u00e9 otras notas, con resultados semejantes: era un \u201czurdo\u201d que estaba justificando la muerte de cientos de ucranianos al mencionar la responsabilidad de la OTAN en su avance sobre la frontera rusa, las matanzas ucranianas en Donbas, el paramilitarismo nazi del Batall\u00f3n Azov, la censura en los medios occidentales y la diferente vara para juzgar otras invasiones y matanzas que no son solo historia sino presente, como Palestina, Irak, Afganist\u00e1n, Libia, Siria, Yemen, Somalia\u2026 \u201cNo es momento de hablar de imperialismo occidental porque v\u00edctimas ucranianas est\u00e1n sufriendo\u201d; \u201c\u00bfracismo contra los refugiados negros de Ucrania?\u201d; \u201cno es momento para mencionar la pol\u00edtica de fronteras abiertas para gente rubia y fronteras cerradas para los de \u00c1frica o Medio Oriente; le est\u00e1s haciendo el juego a Putin\u201d.<\/p>\n<h5 style=\"text-align: center;\"><img loading=\"lazy\" decoding=\"async\" class=\" wp-image-35996 aligncenter\" src=\"http:\/\/www.lapluma.net\/wp-content\/uploads\/2022\/03\/El-infierno-Carlos-Alonso-300x223.jpg\" alt=\"\" width=\"409\" height=\"304\" srcset=\"https:\/\/www.lapluma.net\/wp-content\/uploads\/2022\/03\/El-infierno-Carlos-Alonso-300x223.jpg 300w, https:\/\/www.lapluma.net\/wp-content\/uploads\/2022\/03\/El-infierno-Carlos-Alonso.jpg 647w\" sizes=\"auto, (max-width: 409px) 100vw, 409px\" \/>Carlos Alonso, \u00ab\u00a0El infierno\u00a0\u00bb, obra de la serie inspirada en La Divina Comedia.\u00a0<\/h5>\n<p style=\"text-align: justify;\">Aunque todas las cr\u00edticas son respetables, en una gran proporci\u00f3n los comentarios no s\u00f3lo demostraban que sus autores no hab\u00edan le\u00eddo con cuidado cada art\u00edculo (equivocado o no), sino que combat\u00edan argumentos que no estaban en ellos o repet\u00edan otros que ya estaban, como acusaciones. Claro, en gran parte puede deberse a las mismas carencias de cada art\u00edculo. No es f\u00e1cil ser claro cuando se debe decirlo todo en menos de mil palabras, como si uno fuese Maradona sac\u00e1ndose de encima dos adversarios y tirando un centro de rabona, todo en una baldosa.\u00a0<\/p>\n<p style=\"text-align: justify;\">Hasta aqu\u00ed, bien. Todo esto es parte de una din\u00e1mica necesaria para cualquier democracia, para cualquier maduraci\u00f3n de la libertad de los pueblos. Pensar diferente est\u00e1 en la naturaleza humana y no es eso lo que deseamos corregir en nosotros. El problema (caso de studio) surge cuando los desacuerdos pol\u00edticos terminan con amistades de a\u00f1os. Es ah\u00ed donde tenemos un problema global y la zona de conflicto es s\u00f3lo un escenario de las rabias y frustraciones personales. M\u00e1s cuando se trata de conflictos imprevistos que reposicionan a mucha gente. Cuando Rusia bombarde\u00f3 Chechenia y en un par de a\u00f1os caus\u00f3 la muerte de 50.000 civiles, no inflam\u00f3 el pecho de casi nadie. Los palestinos, iraqu\u00edes o afganos \u201cson todos terroristas\u201d y no \u201ctienen los ojos celestes\u201d. Lo mismo otras incontables masacres de las potencias occidentales. Estamos acostumbrados; nuestras opiniones no toman a nadie por sorpresa.<\/p>\n<p style=\"text-align: justify;\">Como en el caso de Catalu\u00f1a, con Ucrania perd\u00ed varios amigos. Repito, no es que sea algo importante, porque los verdaderos amigos no se pierden por diferencias de opiniones; tampoco se trata de un conflicto sobre el cual yo mismo tenga opiniones acabadas desde hace a\u00f1os. Lo que importa, creo, es el estado psicol\u00f3gico en el que estamos sumergidos todos, el que se parece mucho al momento en que la euforia de un borracho comienza a descender la Campana de Gauss y se transforma en imperiosa necesidad de pelea con quien se cruce por delante.<\/p>\n<p style=\"text-align: justify;\">Claro que nada de esto es casualidad. Los conflictos por opiniones siempre existieron, y tambi\u00e9n en el pasado bastaba una diferente interpretaci\u00f3n sobre el sexo de los \u00e1ngeles para terminar con una masacre en la civilizada Par\u00eds, como La noche de San Bartolom\u00e9. Pero luego de algunos siglos de progresos sociales basados en la lucha por la <em>Igual-libertad<\/em>, m\u00e1s recientemente hemos ido perdiendo terreno. El auge del fascismo y del nazismo son solo s\u00edntomas de una realidad mayor: el secuestro del progreso de la Humanidad por los due\u00f1os de los medios (medios productivos; medios de informaci\u00f3n).\u00a0<\/p>\n<p style=\"text-align: justify;\">Vieja historia. Tambi\u00e9n en esto, las redes sociales est\u00e1n jugando un papel decisivo: acerc\u00e1ndonos, pero no pocas veces como quien, en una autopista, alguien se acerca a los otros conductores\u2013a contramano. En gran parte, se trata de una ingenier\u00eda social. Unos pocos est\u00e1n capitalizando todo este odio, y lo hacen muy bien. \u00bfEs muy dif\u00edcil adivinar en qu\u00e9 invierten trillones de d\u00f3lares las agencias secretas con, por ejemplo, mega softwares como Pegasus, esas cuevas del verdadero poder que no tienen rostros como Biden o Putin y que todo lo hacen en nombre de la Seguridad y la Defensa? Pues, no en otra cosa que, en pol\u00edtica, porque esa es el arma del siglo XXI. La Tercera Guerra mundial ya comenz\u00f3 en el ciberespacio y es mucho m\u00e1s poderosa que cualquier ej\u00e9rcito y que esas payasadas de soldados de elite entrenados para aguantar cinco minutos bajo el agua.<\/p>\n<p style=\"text-align: justify;\">El resto tenemos un problema invisible, pero global. Esta guerra pasar\u00e1 y vendr\u00e1n otras, y los culpables no ser\u00e1n s\u00f3lo Bush o Sadam, Hussein Obama, Osama, Biden, Putin o Rasput\u00edn, sino gente muy parecida a ellos que se creen mejores que ellos solo porque no tienen el poder destructivo que tienen ellos: nosotros, odi\u00e1ndonos, divididos, manipulados y peleando una guerra equivocada.<\/p>\n<p style=\"text-align: justify;\">Una guerra ajena.<\/p>\n<h4 style=\"text-align: justify;\">Jorge Majfud<\/h4>\n<h4 style=\"text-align: justify;\">Fuente: <a href=\"https:\/\/tlaxcala-int.blogspot.com\/2022\/03\/jorge-majfud-la-guerra-que-llevamos.html\">Tlaxcala<\/a>, 8 de marzo de 2022<\/h4>\n<h4>Publicado por <a href=\"https:\/\/majfud.org\/2022\/03\/08\/la-guerra-que-llevamos-dentro\/\">Escritos cr\u00edticos<\/a><\/h4>\n","protected":false},"excerpt":{"rendered":"<p>El auge del fascismo y del nazismo son solo s\u00edntomas de una realidad mayor: el secuestro del progreso de la Humanidad por los due\u00f1os de los medios (medios productivos; medios de informaci\u00f3n).\u00a0<\/p>\n","protected":false},"author":32,"featured_media":35996,"comment_status":"open","ping_status":"open","sticky":false,"template":"","format":"standard","meta":{"_uf_show_specific_survey":0,"_uf_disable_surveys":false,"footnotes":""},"categories":[5],"tags":[17749,274,17752,17753],"coauthors":[271],"class_list":["post-35995","post","type-post","status-publish","format-standard","has-post-thumbnail","hentry","category-editoriales-y-opiniones","tag-guerra-de-ucrania","tag-jorge-majfud","tag-la-guerra-que-llevamos-dentro","tag-una-guerra-ajena"],"translation":{"provider":"WPGlobus","version":"2.12.2","language":"fr","enabled_languages":["es","fr"],"languages":{"es":{"title":true,"content":true,"excerpt":true},"fr":{"title":false,"content":false,"excerpt":false}}},"_links":{"self":[{"href":"https:\/\/www.lapluma.net\/fr\/wp-json\/wp\/v2\/posts\/35995","targetHints":{"allow":["GET"]}}],"collection":[{"href":"https:\/\/www.lapluma.net\/fr\/wp-json\/wp\/v2\/posts"}],"about":[{"href":"https:\/\/www.lapluma.net\/fr\/wp-json\/wp\/v2\/types\/post"}],"author":[{"embeddable":true,"href":"https:\/\/www.lapluma.net\/fr\/wp-json\/wp\/v2\/users\/32"}],"replies":[{"embeddable":true,"href":"https:\/\/www.lapluma.net\/fr\/wp-json\/wp\/v2\/comments?post=35995"}],"version-history":[{"count":1,"href":"https:\/\/www.lapluma.net\/fr\/wp-json\/wp\/v2\/posts\/35995\/revisions"}],"predecessor-version":[{"id":35997,"href":"https:\/\/www.lapluma.net\/fr\/wp-json\/wp\/v2\/posts\/35995\/revisions\/35997"}],"wp:featuredmedia":[{"embeddable":true,"href":"https:\/\/www.lapluma.net\/fr\/wp-json\/wp\/v2\/media\/35996"}],"wp:attachment":[{"href":"https:\/\/www.lapluma.net\/fr\/wp-json\/wp\/v2\/media?parent=35995"}],"wp:term":[{"taxonomy":"category","embeddable":true,"href":"https:\/\/www.lapluma.net\/fr\/wp-json\/wp\/v2\/categories?post=35995"},{"taxonomy":"post_tag","embeddable":true,"href":"https:\/\/www.lapluma.net\/fr\/wp-json\/wp\/v2\/tags?post=35995"},{"taxonomy":"author","embeddable":true,"href":"https:\/\/www.lapluma.net\/fr\/wp-json\/wp\/v2\/coauthors?post=35995"}],"curies":[{"name":"wp","href":"https:\/\/api.w.org\/{rel}","templated":true}]}}