{"id":3592,"date":"2018-11-26T19:32:28","date_gmt":"2018-11-26T19:32:28","guid":{"rendered":"http:\/\/www.lapluma.net\/?p=3592"},"modified":"2018-11-26T19:32:28","modified_gmt":"2018-11-26T19:32:28","slug":"las-leyes-anticorrupcion-en-colombia-de-que-han-servido","status":"publish","type":"post","link":"https:\/\/www.lapluma.net\/fr\/2018\/11\/26\/las-leyes-anticorrupcion-en-colombia-de-que-han-servido\/","title":{"rendered":"Las leyes anticorrupci\u00f3n en Colombia: \u00bfde qu\u00e9 han servido?"},"content":{"rendered":"<p style=\"text-align: justify;\"><span style=\"font-size: 12pt;\"><img loading=\"lazy\" decoding=\"async\" class=\"size-full wp-image-3287 alignleft\" src=\"http:\/\/www.lapluma.net\/wp-content\/uploads\/2018\/11\/Oto-Higuita1Bis.jpg\" alt=\"\" width=\"62\" height=\"70\" \/>Quien no conoce el orden jur\u00eddico colombiano, pensar\u00e1 que la extensa corrupci\u00f3n que saquea las finanzas p\u00fablicas se da porque el pa\u00eds adolece de leyes robustas y punitivas que enfrenten con castigos severos este delito, que no s\u00f3lo apropia los recursos de la contrataci\u00f3n estatal y la inversi\u00f3n social pas\u00e1ndolos a manos privadas; si no que acaba la confianza de sus ciudadanos en el Estado y sus gobernantes.<\/span><\/p>\n<p><img loading=\"lazy\" decoding=\"async\" class=\"aligncenter\" src=\"https:\/\/4.bp.blogspot.com\/-m1jzShxtT5w\/WdPqVX7ETyI\/AAAAAAAA4kg\/H7UGqcsIXGEPav_xgVAUcXyLmyGL_1uRwCLcBGAs\/s640\/Sin%2Bt%25C3%25ADtulo.png\" width=\"640\" height=\"426\" border=\"0\" data-original-height=\"366\" data-original-width=\"549\" \/><\/p>\n<p style=\"text-align: justify;\"><span style=\"font-size: 12pt;\">Quien as\u00ed piensa, corre el riesgo de equivocarse porque si algo caracteriza a Colombia es su amplio y renovado r\u00e9gimen jur\u00eddico; ya desde la Independencia se distingui\u00f3 por ser un pa\u00eds de leguleyos, llamando as\u00ed a aquellos que se ocupan de los asuntos legales sin tener conocimiento.<\/span><\/p>\n<p>&nbsp;<\/p>\n<p style=\"text-align: justify;\"><span style=\"font-size: 12pt;\">Sin embargo, la pr\u00e1ctica de la corrupci\u00f3n en el pa\u00eds es tal que abarca, con algunas excepciones, todas las esferas del poder p\u00fablico y privado, lo cual ha llevado a que el malestar general de la ciudadan\u00eda se expresara contundente y masivamente a trav\u00e9s de la <a href=\"https:\/\/bit.ly\/2TAUtAO\">Consulta Anticorrupci\u00f3n<\/a> que sirvi\u00f3 de campanazo de alerta contra aquellos que se enriquecen de cuenta del Estado; pero sobre todo lanz\u00f3 una dura advertencia al legislativo y a los cargos de elecci\u00f3n popular, de que el malestar general ciudadano transita hacia un movimiento por el cambio y la restauraci\u00f3n moral de la administraci\u00f3n p\u00fablica.<\/span><\/p>\n<p style=\"text-align: justify;\"><span style=\"font-size: 12pt;\">Pero si <a href=\"https:\/\/bit.ly\/1RzFVNP\">Colombia es un pa\u00eds de leyes<\/a> que castigan la corrupci\u00f3n, \u00bfpor qu\u00e9 no ha sido capaz de contrarrestarla?<\/span><\/p>\n<p style=\"text-align: justify;\"><span style=\"font-size: 12pt;\">La ley 1474 de 2011 o <a href=\"https:\/\/bit.ly\/1B5nYsB\">Estatuto Anticorrupci\u00f3n<\/a> es un buen ejemplo para se\u00f1alar que no son m\u00e1s leyes lo que necesita el pa\u00eds; \u00e9ste Estatuto contiene un completo y detallado conjunto de<em> \u201cnormas orientadas a fortalecer los mecanismos de prevenci\u00f3n, investigaci\u00f3n y sanci\u00f3n de actos de corrupci\u00f3n y la efectividad del control de la gesti\u00f3n p\u00fablica\u201d <\/em>y \u201c<em>Medidas penales en la lucha contra la corrupci\u00f3n p\u00fablica y privada<\/em>\u201d; que regula las funciones administrativas, contractuales, al r\u00e9gimen de inhabilidades, con penas de c\u00e1rcel y multas tanto para personas naturales como jur\u00eddicas; as\u00ed como una propuesta de pedagog\u00eda de la moral, con \u00e9nfasis en el castigo de la conducta il\u00edcita para funcionarios y administradores de recursos y empresas del Estado.<\/span><\/p>\n<p style=\"text-align: justify;\"><span style=\"font-size: 12pt;\">Endurece las penas y sanciones con \u201c<em>exclusi\u00f3n de beneficios en los delitos contra la Administraci\u00f3n P\u00fablica relacionados con corrupci\u00f3n<\/em>\u201d, \u201c<em>enriquecimiento il\u00edcito\u201d<\/em> y la \u201c<em>evasi\u00f3n fiscal\u201d<\/em>, en los casos de quienes administran monopolios rent\u00edsticos que generen ganancias en salud o educaci\u00f3n, como <a href=\"https:\/\/bit.ly\/2JGKuUO\">Saludcoop<\/a>, con condenas de prisi\u00f3n entre 5 y 10 a\u00f1os y multas.<\/span><\/p>\n<p><img loading=\"lazy\" decoding=\"async\" class=\"aligncenter\" src=\"https:\/\/pbs.twimg.com\/media\/CJ9JodMWEAAiclO.jpg\" alt=\"\" width=\"570\" height=\"268\" data-aria-label-part=\"\" \/><\/p>\n<p style=\"text-align: justify;\"><span style=\"font-size: 12pt;\">Incrementa las condiciones de la detenci\u00f3n domiciliaria; y regula el \u201c<em>lobby y cabildeo\u201d<\/em>, una de las pr\u00e1cticas de presi\u00f3n de grupos de inter\u00e9s preferidas y que com\u00fanmente se lleva a cabo ante cargos p\u00fablicos (congresistas, concejales, representantes, alcaldes, gobernadores y dem\u00e1s funcionarios) donde se toman las decisiones concernientes a las normas, leyes, planes de gobierno, contrataci\u00f3n, presupuestos y obras p\u00fablicas.<\/span><\/p>\n<p style=\"text-align: justify;\"><span style=\"font-size: 12pt;\">Crea la \u201c<em>Comisi\u00f3n Nacional para la Moralizaci\u00f3n\u201d<\/em> de la cual hacen parte desde el presidente, ministro del Interior, Procurador, Contralor, Fiscal, Auditor General, hasta los presidentes de la Corte Suprema de Justicia y del Consejo de Estado, el Consejero Presidencial para el Buen Gobierno y la Transparencia, y el Defensor del Pueblo; y las \u201c<em>Alianzas Estrat\u00e9gicas\u201d<\/em> entre las \u201c<em>Contralor\u00edas territoriales y la academia\u201d y<\/em> organizaciones de estudios e investigaci\u00f3n para conformar \u201c<em>equipos especializados de veedores ciudadanos, con el prop\u00f3sito de ejercer con fines preventivos el control fiscal social a la formulaci\u00f3n y presupuestaci\u00f3n de las pol\u00edticas p\u00fablicas y los recursos del erario comprometidos en su ejecuci\u00f3n<\/em>.\u201d<\/span><\/p>\n<p style=\"text-align: center;\"><strong><img loading=\"lazy\" decoding=\"async\" src=\"https:\/\/3.bp.blogspot.com\/-L3O9gq1EzMY\/Vr6KoHncc0I\/AAAAAAAAIkA\/OIhj-kj2Pns\/s640\/Sobrecosto%2BReficar.jpg\" width=\"430\" height=\"640\" border=\"0\" \/><\/strong><\/p>\n<p style=\"text-align: justify;\"><span style=\"font-size: 12pt;\">Dentro de los casos m\u00e1s graves de corrupci\u00f3n en Colombia, <a href=\"https:\/\/www.elpais.com.co\/economia\/guia-para-entender-el-robo-al-estado-en-reficar.html\">Reficar<\/a> es uno de ellos. Fue un proyecto que consisti\u00f3 en la modernizaci\u00f3n de la refiner\u00eda de Cartagena que empez\u00f3 en el 2007 y termin\u00f3 con retrasos y sobrecostos enormes en el 2015. Del costo inicial calculado de US$3.993 millones, se termin\u00f3 por un valor de US$8.016 millones, es decir, US$4.023 millones m\u00e1s, generando un grave detrimento patrimonial a la naci\u00f3n. Seg\u00fan la Contralor\u00eda, la obra dej\u00f3 <a href=\"https:\/\/www.portafolio.co\/negocios\/empresas\/sobrecostos-en-la-construccion-de-reficar-504463\">sobrescostos que superan los 17 billones de pesos<\/a>.<\/span><\/p>\n<p style=\"text-align: center;\"><img loading=\"lazy\" decoding=\"async\" class=\"aligncenter\" title=\"nestor_martinez_colombia.jpg\" src=\"https:\/\/www.alainet.org\/sites\/default\/files\/styles\/imagen-principal-articulo\/public\/nestor_martinez_colombia.jpg?itok=hLHki9gT\" alt=\"nestor_martinez_colombia.jpg\" width=\"500\" height=\"280\" \/><strong>N\u00e9stor Humberto Mart\u00ednez<\/strong><\/p>\n<p style=\"text-align: justify;\"><span style=\"font-size: 12pt;\">El otro es , que ha llevado la crisis de corrupci\u00f3n a un nivel pol\u00edtico superior e involucra a altos funcionarios del Estado como al Fiscal General N\u00e9stor Humberto Mart\u00ednez (en adelante NHM), pero tambi\u00e9n a expresidentes como \u00c1lvaro Uribe y Juan Manuel Santos, a ex ministros de Minas, de Hacienda y ex presidentes de Ecopetrol, as\u00ed como al Grupo AVAL y Luis Carlos Sarmiento Angulo (en adelante LCSA), uno de los grandes empresarios y hombres detr\u00e1s del poder real en Colombia.<\/span><\/p>\n<p><img loading=\"lazy\" decoding=\"async\" class=\"aligncenter\" src=\"https:\/\/1.bp.blogspot.com\/-_LKkc6pESfs\/WJtr6rizVEI\/AAAAAAAAKu8\/D7qtxJpFwJU0ZGsVgn11HLtIIFyOHiqEwCLcB\/s640\/Elefante%2Belectoral.jpg\" width=\"430\" height=\"640\" border=\"0\" \/><img loading=\"lazy\" decoding=\"async\" class=\"irc_mi aligncenter\" src=\"http:\/\/www.pazfarc-ep.org\/media\/k2\/items\/cache\/dc6a34cddcdc355994851dd7b6faf2ee_XL.jpg\" alt=\"R\u00e9sultat de recherche d'images pour &quot;grupo AVAL Y LUIS cARLOS sARMIENTO aNGULO&quot;\" width=\"689\" height=\"237\" \/><\/p>\n<p style=\"text-align: justify;\"><span style=\"font-size: 12pt;\">Jorge Enrique Pizano (en adelante Pizano), uno de los principales testigos en este caso de corrupci\u00f3n, dej\u00f3 grabaciones que comprometen al Fiscal por silenciar y ocultar los sobornos que pag\u00f3 la multinacional brasile\u00f1a por la construcci\u00f3n de la Ruta del Sol II, a la filial del grupo AVAL, Corficolombiana.<\/span><\/p>\n<p><img loading=\"lazy\" decoding=\"async\" class=\"article-image aligncenter\" title=\"Las declaraciones de Pizano, el fallecido testigo estrella del caso Odebrecht \" src=\"https:\/\/static.iris.net.co\/semana\/upload\/images\/2018\/11\/8\/589934_1.jpg\" alt=\"Enrique Pizano, el fallecido testigo estrella del caso Odebrecht\" width=\"607\" height=\"322\" \/><\/p>\n<p style=\"text-align: justify;\"><span style=\"font-size: 12pt;\">Este esc\u00e1ndalo que trasciende al plano internacional, tiene al pa\u00eds dividido entre quienes piden la renuncia de NHM por encubrir y tener informaci\u00f3n privilegiada de contratos e irregularidades que compromet\u00edan a su empleador, Grupo AVAL y Corficolombiana, cundo fue su asesor jur\u00eddico; o declararse impedido y que se nombre un Fiscal Ad Hoc para resolver el conflicto de intereses, que es lo que quieren quienes lo protegen, entre ellos el mismo presidente Iv\u00e1n Duque.<\/span><\/p>\n<p style=\"text-align: center;\"><strong><br \/>\n<iframe loading=\"lazy\" src=\"https:\/\/web.cloudvideo.com.co\/p\/106\/sp\/10600\/embedIframeJs\/uiconf_id\/23448268\/partner_id\/106?iframeembed=true&amp;playerId=player_f8263af6-779e-4da2-91b0-b8b92a7c0563&amp;entry_id=0_ov3hqsrw&amp;flashvars[streamerType]=auto\" width=\"560\" height=\"395\" frameborder=\"0\" allowfullscreen=\"allowfullscreen\"><\/iframe><\/strong><\/p>\n<p style=\"text-align: justify;\"><span style=\"font-size: 12pt;\">En entrevista concedida a Noticias Uno, Pizano afirm\u00f3 que <a href=\"https:\/\/www.youtube.com\/watch?v=M14ZDbaNuuA\">encontr\u00f3 irregularidades<\/a> en forma de giros al exterior por 2.700 millones de d\u00f3lares a Consultores Unidos, una empresa de consultor\u00eda. En la entrevista pidi\u00f3 que hicieran p\u00fablica sus pruebas y audios, cuando recibiera protecci\u00f3n en el exterior (EE.UU.) o falleciera.<\/span><\/p>\n<p style=\"text-align: justify;\"><span style=\"font-size: 12pt;\">El testigo cont\u00f3 que desde el desde el 2015 le inform\u00f3 a NHM, cuando \u00e9ste no era todav\u00eda Fiscal, sobre las violaciones a las normas y leyes sobre contrataci\u00f3n p\u00fablica e irregularidades que ven\u00edan cometiendo las empresas colombianas Corficolombiana y CONSOL, socias de Odebrecht en el contrato de construcci\u00f3n de la Ruta del Sol II. Habl\u00f3 de contratos raros por $25.000 millones, aparte de los $37.000 millones que dijo hay en la otra firma CONSOL. No obstante, la misma Fiscal\u00eda estima hoy que el monto de las <a href=\"https:\/\/www.semana.com\/nacion\/articulo\/contratos-espurios-en-ruta-del-sol-serian-de-mas-de-65-mil-millones-fiscalia\/591384\">coimas asciende a 65.000 millones de pesos<\/a>.<\/span><\/p>\n<p style=\"text-align: justify;\"><span style=\"font-size: 12pt;\">A pesar de la muerte tr\u00e1gica de Pizano, sin que haya certeza porqu\u00e9 causa y motivos, adem\u00e1s de la de su hijo por envenenamiento con cianuro que <a href=\"https:\/\/www.youtube.com\/watch?v=cng1z2VpA9c\">seg\u00fan la investigaci\u00f3n que lleva a cabo la Fiscal\u00eda<\/a> fue <a href=\"https:\/\/www.youtube.com\/watch?v=hMMxUYTmlDQ\">encontrado escondido en un lugar de su casa<\/a>, este caso sigue sin resolverse y es probable que quede impune debido a los grandes intereses que toca.<\/span><\/p>\n<p style=\"text-align: justify;\"><span style=\"font-size: 12pt;\">Si bien es cierto en Colombia ha habido muchos casos de corrupci\u00f3n, como el\u00a0 no hay evidencias que el Estatuto anticorrupci\u00f3n haya servido para evitar el grave da\u00f1o patrimonial y moral que le vienen causando al Estado, la <em>cosa p\u00fablica<\/em> (res publica) por excelencia; lo que ha llevado a una mayor p\u00e9rdida de confianza de la gente en el gobierno y las instituciones. <strong>\u00a0<\/strong><\/span><\/p>\n<p><img decoding=\"async\" class=\"CSS_LIGHTBOX_SCALED_IMAGE_IMG aligncenter\" src=\"http:\/\/uribestiario.files.wordpress.com\/2009\/10\/agro-ingreso-robo-seguro.jpg\" \/><\/p>\n<p style=\"text-align: justify;\"><span style=\"font-size: 12pt;\">Desde el punto de vista jur\u00eddico, el Estatuto es una prueba de que no era necesaria la Consulta Anticorrupci\u00f3n, teniendo en cuenta que \u00e9ste va m\u00e1s all\u00e1 en su alcance y medidas que aquella, que busca atacar el nido de la corrupci\u00f3n centrando su objetivo en los altos cargos del Estado encargados de administrar la <em>cosa p\u00fablica,<\/em> principalmente los legisladores responsables de hacer las leyes y el Congreso donde se lleva a cabo el <em>Lobby<\/em> a favor de los grandes grupos econ\u00f3micos, los verdaderos <em>factores reales<\/em> de poder.\u00a0<\/span><\/p>\n<p style=\"text-align: justify;\"><span style=\"font-size: 12pt;\">Por otra parte, podr\u00eda decirse que el Estatuto no ha cumplido con su prop\u00f3sito de<em> \u201cfortalecer los mecanismos de prevenci\u00f3n, investigaci\u00f3n y sanci\u00f3n de actos de corrupci\u00f3n y la efectividad del control de la gesti\u00f3n p\u00fablica\u201d<\/em> como demuestran las denuncias de corrupci\u00f3n citadas arriba, donde queda claro que no es la falta de normas lo que necesita el pa\u00eds.<\/span><\/p>\n<p style=\"text-align: justify;\"><span style=\"font-size: 12pt;\">Donde se concluye que, una de las falencias de la lucha contra la corrupci\u00f3n es la falta de una pol\u00edtica p\u00fablica nacional, de un programa pedag\u00f3gico que vaya desde el jard\u00edn infantil hasta las facultades de ense\u00f1anza superior que ponga la ense\u00f1anza de la \u00e9tica, en su acepci\u00f3n m\u00e1s amplia y profunda, al centro de los planes de educaci\u00f3n, incluy\u00e9ndola como materia fundamental en la formaci\u00f3n de profesionales y funcionarios.<\/span><\/p>\n<p style=\"text-align: justify;\"><span style=\"font-size: 12pt;\">Que haga de la administraci\u00f3n de la <em>cosa p\u00fablica<\/em> su objeto de estudio y pr\u00e1ctica fundamental, que ataque la idea del Estado como un bot\u00edn para el enriquecimiento personal y difunda la de lo p\u00fablico<em> para el buen vivir de todos<\/em>, principalmente los m\u00e1s vulnerados, los millones socialmente excluidos.<\/span><\/p>\n<p style=\"text-align: justify;\"><span style=\"font-size: 12pt;\">No parece que tom\u00e1ramos consciencia a\u00fan como sociedad, de que cuando la riqueza p\u00fablica es apropiada por particulares, se est\u00e1 vulnerando el derecho al bienestar y buen vivir de todos.<\/span><\/p>\n<p style=\"text-align: justify;\"><span style=\"font-size: 12pt;\">De ah\u00ed que, no son m\u00e1s leyes sino \u00e9tica, consciencia y lucha ciudadana lo que necesita el pa\u00eds para avanzar hacia un Estado democr\u00e1tico eficiente y transparente; pero mientras sigan gobernando los mismos viejos poderes, no ser\u00e1 f\u00e1cil ni viable a corto plazo un cambio en esta direcci\u00f3n.<\/span><\/p>\n<p style=\"text-align: justify;\"><span style=\"font-size: 12pt;\">Oto Higuita para La Pluma, Medell\u00edn, 26 de noviembre de 2018<\/span><\/p>\n<p style=\"text-align: justify;\"><span style=\"font-size: 12pt;\">Twitter: <a href=\"https:\/\/twitter.com\/Otohiguita\">@Otohiguita<\/a><\/span><\/p>\n<p style=\"text-align: justify;\">\n","protected":false},"excerpt":{"rendered":"<p>Una de las falencias de la lucha contra la corrupci\u00f3n es la falta de una pol\u00edtica p\u00fablica nacional, de un programa pedag\u00f3gico que vaya desde el jard\u00edn infantil hasta las facultades de ense\u00f1anza superior que ponga la ense\u00f1anza de la \u00e9tica, en su acepci\u00f3n m\u00e1s amplia y profunda, al centro de los planes de educaci\u00f3n, incluy\u00e9ndola como materia fundamental en la formaci\u00f3n de profesionales y funcionarios<\/p>\n","protected":false},"author":188,"featured_media":0,"comment_status":"open","ping_status":"open","sticky":false,"template":"","format":"standard","meta":{"_uf_show_specific_survey":0,"_uf_disable_surveys":false,"footnotes":""},"categories":[216,446],"tags":[28,65,1618,1621,74,1619,1620,1737,199,1738,1739],"coauthors":[1615],"class_list":["post-3592","post","type-post","status-publish","format-standard","hentry","category-colombia","category-debates","tag-colombia","tag-abya-yala","tag-corporaciones","tag-impunidad","tag-justicia","tag-nestor-humberto-martinez","tag-odebrecht","tag-orden-juridico","tag-politica","tag-practica-de-la-corrupcion","tag-ruta-del-sol"],"translation":{"provider":"WPGlobus","version":"2.12.2","language":"fr","enabled_languages":["es","fr"],"languages":{"es":{"title":true,"content":true,"excerpt":true},"fr":{"title":false,"content":false,"excerpt":false}}},"_links":{"self":[{"href":"https:\/\/www.lapluma.net\/fr\/wp-json\/wp\/v2\/posts\/3592","targetHints":{"allow":["GET"]}}],"collection":[{"href":"https:\/\/www.lapluma.net\/fr\/wp-json\/wp\/v2\/posts"}],"about":[{"href":"https:\/\/www.lapluma.net\/fr\/wp-json\/wp\/v2\/types\/post"}],"author":[{"embeddable":true,"href":"https:\/\/www.lapluma.net\/fr\/wp-json\/wp\/v2\/users\/188"}],"replies":[{"embeddable":true,"href":"https:\/\/www.lapluma.net\/fr\/wp-json\/wp\/v2\/comments?post=3592"}],"version-history":[{"count":2,"href":"https:\/\/www.lapluma.net\/fr\/wp-json\/wp\/v2\/posts\/3592\/revisions"}],"predecessor-version":[{"id":3595,"href":"https:\/\/www.lapluma.net\/fr\/wp-json\/wp\/v2\/posts\/3592\/revisions\/3595"}],"wp:attachment":[{"href":"https:\/\/www.lapluma.net\/fr\/wp-json\/wp\/v2\/media?parent=3592"}],"wp:term":[{"taxonomy":"category","embeddable":true,"href":"https:\/\/www.lapluma.net\/fr\/wp-json\/wp\/v2\/categories?post=3592"},{"taxonomy":"post_tag","embeddable":true,"href":"https:\/\/www.lapluma.net\/fr\/wp-json\/wp\/v2\/tags?post=3592"},{"taxonomy":"author","embeddable":true,"href":"https:\/\/www.lapluma.net\/fr\/wp-json\/wp\/v2\/coauthors?post=3592"}],"curies":[{"name":"wp","href":"https:\/\/api.w.org\/{rel}","templated":true}]}}