{"id":34923,"date":"2022-02-12T13:13:38","date_gmt":"2022-02-12T13:13:38","guid":{"rendered":"http:\/\/www.lapluma.net\/?p=34923"},"modified":"2022-02-12T17:37:11","modified_gmt":"2022-02-12T17:37:11","slug":"los-pinochos-de-la-politica-de-estados-unidos","status":"publish","type":"post","link":"https:\/\/www.lapluma.net\/fr\/2022\/02\/12\/los-pinochos-de-la-politica-de-estados-unidos\/","title":{"rendered":"Les pinocchios de la politique yankee"},"content":{"rendered":"\n<p style=\"text-align: justify;\"><em>Je m&rsquo;excuse aupr\u00e8s des lecteurs d\u2019insister sur le sujet, mais lorsque la paix mondiale et l&rsquo;imp\u00e9ratif d&#8217;emp\u00eacher une guerre insens\u00e9e sont en jeu, nous devons tous fournir un effort pour contribuer \u00e0 ces objectifs. C&rsquo;est pourquoi, pour la troisi\u00e8me semaine cons\u00e9cutive, je reviens sur cette question. Cette fois, je l&rsquo;aborderai sous l&rsquo;angle de la mani\u00e8re dont les mensonges sont fabriqu\u00e9s par la collusion entre les gouvernements occidentaux et les m\u00e9dias transnationaux.<\/em><\/p>\n<p><img loading=\"lazy\" decoding=\"async\" class=\" wp-image-35001 aligncenter\" src=\"http:\/\/www.lapluma.net\/wp-content\/uploads\/2022\/02\/Pinochos-Eduardo-Alvarez-Lozano-300x202.jpg\" alt=\"\" width=\"425\" height=\"286\" srcset=\"https:\/\/www.lapluma.net\/wp-content\/uploads\/2022\/02\/Pinochos-Eduardo-Alvarez-Lozano-300x202.jpg 300w, https:\/\/www.lapluma.net\/wp-content\/uploads\/2022\/02\/Pinochos-Eduardo-Alvarez-Lozano-768x518.jpg 768w, https:\/\/www.lapluma.net\/wp-content\/uploads\/2022\/02\/Pinochos-Eduardo-Alvarez-Lozano-150x100.jpg 150w, https:\/\/www.lapluma.net\/wp-content\/uploads\/2022\/02\/Pinochos-Eduardo-Alvarez-Lozano.jpg 770w\" sizes=\"auto, (max-width: 425px) 100vw, 425px\" \/><\/p>\n<h5>Eduardo \u00c1lvarez Lozano, \u00abPinochos\u00bb, Huile sur papier, 23,6 X 5.7 cm, M\u00e9xique<\/h5>\n<p style=\"text-align: justify;\">La semaine derni\u00e8re, le minist\u00e8re usam\u00e9ricain de la D\u00e9fense a d\u00e9classifi\u00e9 une vid\u00e9o de <a href=\"https:\/\/actualidad.rt.com\/actualidad\/402010-explosion-aeropuerto-kabul-afganistan\">l&rsquo;attentat <\/a>suicide perp\u00e9tr\u00e9 par l&rsquo;\u00c9tat islamique (EI) le 26 ao\u00fbt 2021 \u00e0 l&rsquo;une des entr\u00e9es de l&rsquo;a\u00e9roport international de Kaboul, faisant des centaines de victimes. L&rsquo;enqu\u00eate sur l&rsquo;attentat a conclu que, contrairement aux rapports initiaux, il ne s&rsquo;agissait pas d&rsquo;une attaque de haute technologie organis\u00e9e et structur\u00e9e par des terroristes de Daech qui, apr\u00e8s l&rsquo;explosion, ont apparemment tir\u00e9 sur la foule rassembl\u00e9e \u00e0 l&rsquo;a\u00e9roport pour tenter de quitter le pays apr\u00e8s l&rsquo;arriv\u00e9e au pouvoir des <a href=\"https:\/\/actualidad.rt.com\/actualidad\/400850-minuto-minuto-talibanes-kabul-afganistan\">talibans. <\/a>En r\u00e9alit\u00e9, un kamikaze a fait exploser \u00ab\u00a0un seul engin explosif\u00a0\u00bb, selon le g\u00e9n\u00e9ral Frank McKenzie, chef du commandement central usam\u00e9ricain.<\/p>\n<p style=\"text-align: justify;\">Cependant, la reconnaissance que les informations fournies \u00e9taient fausses ne cache pas le fait qu&rsquo;affirmer n&rsquo;importe quoi sans responsabilit\u00e9, monter des campagnes m\u00e9diatiques, mobiliser l&rsquo;opinion publique et m\u00eame prendre des d\u00e9cisions \u00e9tatiques sur la base de ces \u00ab\u00a0erreurs\u00a0\u00bb est devenu une pratique courante en Occident. En arri\u00e8re-plan, il est clair que tout est valable &#8211; y compris les mensonges, la stupidit\u00e9 et la tromperie &#8211; lorsqu&rsquo;il s&rsquo;agit d&rsquo;atteindre les objectifs souhait\u00e9s.<\/p>\n<p><iframe loading=\"lazy\" title=\"Ned Price&#039;s Verbal Duel with Matt Lee at US State Department Press Briefing\" width=\"660\" height=\"371\" src=\"https:\/\/www.youtube.com\/embed\/xuvb3FEHz3U?start=5&#038;feature=oembed\" frameborder=\"0\" allow=\"accelerometer; autoplay; clipboard-write; encrypted-media; gyroscope; picture-in-picture; web-share\" referrerpolicy=\"strict-origin-when-cross-origin\" allowfullscreen><\/iframe><\/p>\n<p style=\"text-align: justify;\">Presque en m\u00eame temps que ce mensonge aberrant \u00e9tait d\u00e9voil\u00e9, lors d&rsquo;une conf\u00e9rence de presse le 4 f\u00e9vrier, le journaliste de l&rsquo;Associated Press Matt Lee a mis le porte-parole du D\u00e9partement d&rsquo;\u00c9tat Ned Price au pied du mur en exigeant qu&rsquo;il pr\u00e9sente des preuves de l&rsquo; \u00ab attaque imminente \u00bb que la Russie pr\u00e9parait contre l&rsquo;Ukraine, d&rsquo;autant plus qu&rsquo;il justifiait le fait de ne pas pr\u00e9senter de preuves ou de sources en supposant que les informations avaient \u00e9t\u00e9 obtenues par des agences de renseignement.<\/p>\n<p style=\"text-align: justify;\">L&rsquo;expos\u00e9 \u00ab\u00a0hollywoodien\u00a0\u00bb de Mister Price n&rsquo;a pas convaincu Mister Lee, journaliste v\u00e9t\u00e9ran chevronn\u00e9, qui lui a demand\u00e9 de pr\u00e9senter des preuves concernant les actions sous faux drapeau que la Russie organisait et la grave accusation port\u00e9e contre elle. Au malaise apparent de Price, qui semblait \u00eatre pris en flagrant d\u00e9lit de mensonge, Lee a r\u00e9p\u00e9t\u00e9 les questions. M. Price a cherch\u00e9 \u00e0 rassurer le journaliste en affirmant qu&rsquo;il s&rsquo;agissait d&rsquo;informations connues du gouvernement usam\u00e9ricain, les qualifiant d&rsquo;\u00a0\u00ab\u00a0informations de renseignement que nous avons d\u00e9classifi\u00e9es\u00a0\u00bb. Le dialogue qui a suivi m\u00e9rite d&rsquo;\u00eatre cit\u00e9 textuellement :<\/p>\n<ul>\n<li style=\"text-align: justify;\"><em>Matt Lee : Eh bien, o\u00f9 est-elle ? O\u00f9 est cette information ?<\/em><\/li>\n<li style=\"text-align: justify;\"><em>Ned Price : Ce sont des renseignements que nous avons d\u00e9classifi\u00e9s.<\/em><\/li>\n<li style=\"text-align: justify;\"><em>Matt Lee : Mais o\u00f9 sont-elles ? O\u00f9 sont les informations d\u00e9classifi\u00e9es ?<\/em><\/li>\n<li style=\"text-align: justify;\"><em>Ned Price : Je viens de le remettre.<\/em><\/li>\n<li style=\"text-align: justify;\"><em>Matt Lee : Non, vous avez fait une s\u00e9rie d&rsquo;accusations&#8230;<\/em><\/li>\n<li style=\"text-align: justify;\"><em>Ned Price : Qu\u2019est-ce que tu veux, Matt ?<\/em><\/li>\n<li style=\"text-align: justify;\"><em>Matt Lee : Je veux voir des preuves que je peux montrer afin de confirmer que les Russes ont fait cela.<\/em><\/li>\n<li style=\"text-align: justify;\"><em>Ned Price : Tu fais \u00e7a depuis&#8230;<\/em><\/li>\n<li style=\"text-align: justify;\"><em>Matt Lee : C&rsquo;est vrai, je fais \u00e7a depuis longtemps&#8230; Je me souviens des ADM [armes de destruction massive] en Irak, et je me souviens que Kaboul n&rsquo;allait pas s&rsquo;effondrer&#8230; Je me souviens de beaucoup de choses. Alors o\u00f9 sont les informations, autres que les d\u00e9clarations que tu as faites ?<\/em><\/li>\n<\/ul>\n<p style=\"text-align: justify;\"><img loading=\"lazy\" decoding=\"async\" class=\"alignnone  wp-image-34999 aligncenter\" src=\"http:\/\/www.lapluma.net\/wp-content\/uploads\/2022\/02\/Psakinocchio-300x285.jpg\" alt=\"\" width=\"433\" height=\"411\" srcset=\"https:\/\/www.lapluma.net\/wp-content\/uploads\/2022\/02\/Psakinocchio-300x285.jpg 300w, https:\/\/www.lapluma.net\/wp-content\/uploads\/2022\/02\/Psakinocchio.jpg 680w\" sizes=\"auto, (max-width: 433px) 100vw, 433px\" \/><\/p>\n<h5 style=\"text-align: center;\"><strong>Jen Psakinocchio<\/strong><\/h5>\n<p style=\"text-align: justify;\">Price a \u00e9t\u00e9 pris en flagrant d\u00e9lit de mensonge, ce qui \u00e9tait \u00e9vident pour le public, m\u00eame s&rsquo;ils ont essay\u00e9 de le cacher. Lui et la porte-parole de la Maison Blanche, Jen Psaki, sont les menteurs officiels du gouvernement usam\u00e9ricain, jouant le m\u00eame r\u00f4le que Joseph Goebbels dans l&rsquo;Allemagne nazie. Dans les deux gouvernements, des machines de propagande ont \u00e9t\u00e9 mises en place pour confondre l&rsquo;opinion publique, cr\u00e9er de fausses images de la r\u00e9alit\u00e9 et tenter de diriger les citoyens comme s&rsquo;ils \u00e9taient des moutons rassembl\u00e9s dans l&rsquo;enclos des int\u00e9r\u00eats corporatifs du pouvoir imp\u00e9rial.<\/p>\n<p style=\"text-align: justify;\">\u00c0\u00a0 court d&rsquo;arguments, Price a tent\u00e9 de contre-attaquer Lee en l&rsquo;incitant \u00e0 prendre des positions fond\u00e9es non pas sur l&rsquo;\u00e9thique journalistique, mais sur la d\u00e9fense sans restriction de la \u00ab v\u00e9rit\u00e9 \u00bb du gouvernement usam\u00e9ricain. Il a d\u00e9clar\u00e9 : \u00ab &#8230;Je suis d\u00e9sol\u00e9 si tu n\u2019aimes pas le contenu, je suis d\u00e9sol\u00e9 que tu doutes des informations dont dispose le gouvernement am\u00e9ricain&#8230;Si tu doutes de la cr\u00e9dibilit\u00e9 du gouvernement am\u00e9ricain, du gouvernement britannique et d&rsquo;autres gouvernements et que tu veux faire confiance aux informations diffus\u00e9es par les Russes, libre \u00e0 toi de le faire \u00bb. Ainsi, Price, agissant conform\u00e9ment \u00e0 son ancien emploi d&rsquo;agent de la CIA, plut\u00f4t que de porte-parole du minist\u00e8re des Affaires \u00e9trang\u00e8res usam\u00e9ricain, a \u00e9mis une menace ouverte insinuant que le fait de r\u00e9p\u00e9ter ce que dit le gouvernement russe place le journaliste au seuil de la trahison. Quelle libert\u00e9 de la presse !<br \/>Dans ce contexte, le samedi 6, la m\u00eame agence Associated Press a annonc\u00e9 que sa confiance dans le gouvernement usam\u00e9ricain avait brusquement diminu\u00e9 \u00ab en raison de ses fausses d\u00e9clarations, de ses mensonges, de ses fausset\u00e9s et de son manque de transparence \u00bb. <br \/>Outre ce qui s&rsquo;est pass\u00e9 avec Lee lors de la conf\u00e9rence de presse d&rsquo;il y a deux jours, l&rsquo;agence signale une autre question li\u00e9e \u00e0 la mort de civils dans l&rsquo;op\u00e9ration pr\u00e9tendument men\u00e9e par l&rsquo;arm\u00e9e usam\u00e9ricaine pour liquider Abu Ibrahim al Hashemi al Qurash, chef de l&rsquo;\u00c9tat islamique (EI). \u00c0 cette occasion, la Maison Blanche a d\u00e9clar\u00e9 que les victimes civiles avaient \u00e9t\u00e9 caus\u00e9es par l&rsquo;explosion d&rsquo;une bombe par le terroriste, mais il a \u00e9t\u00e9 r\u00e9v\u00e9l\u00e9 que ce sont en fait les forces militaires attaquantes qui ont caus\u00e9 ces morts. Quoi qu&rsquo;il en soit, le manque de transparence, la perte de cr\u00e9dibilit\u00e9 et la poursuite de ses objectifs \u00e0 tout prix mettent en \u00e9vidence l&rsquo;opacit\u00e9 du gouvernement usam\u00e9ricain.<br \/>Lorsque cette situation est transpos\u00e9e \u00e0 la fronti\u00e8re entre la Russie et l&rsquo;Ukraine, o\u00f9 le pr\u00e9sident ukrainien lui-m\u00eame a ni\u00e9 toute possibilit\u00e9 d&rsquo;une situation d&rsquo;avant-guerre, la construction artificielle du conflit devient de plus en plus \u00e9vidente. Dans ce contexte, il a fallu un certain nombre de dirigeants europ\u00e9ens pour contrer la folie militariste de Washington.<br \/>\u00c0\u00a0\u00a0 l&rsquo;issue d&rsquo;une visite \u00e0 Moscou, mardi 1er\u00a0 f\u00e9vrier, le Premier ministre hongrois Victor Orban a d\u00e9clar\u00e9 que son voyage \u00e9tait \u00ab une tentative de paix \u00bb. Orban a assur\u00e9 au pr\u00e9sident Poutine qu\u2019\u00ab aucun dirigeant des \u00c9tats membres de l&rsquo;UE ne souhaitait la guerre [car ils \u00e9taient] favorables \u00e0 une solution politique \u00bb.<br \/>Une semaine plus t\u00f4t, le 25 janvier, le pr\u00e9sident croate Zoran Milanovic a affirm\u00e9 que la crise actuelle n&rsquo;avait rien \u00e0 voir avec l&rsquo;Ukraine ou la Russie, mais qu&rsquo;elle \u00e9tait li\u00e9e \u00e0 \u00ab la dynamique de la politique int\u00e9rieure de Joe Biden et de son administration \u00bb. Milanovic a estim\u00e9 que la crise devait \u00eatre r\u00e9gl\u00e9e en tenant compte des int\u00e9r\u00eats de la Russie en mati\u00e8re de s\u00e9curit\u00e9.<br \/>Dans le m\u00eame ordre d&rsquo;id\u00e9es, la ministre allemande de la D\u00e9fense, Christine Lambrecht, a assur\u00e9 que son pays n&rsquo;avait pas l&rsquo;intention de fournir des armes \u00e0 l&rsquo;Ukraine, car la possibilit\u00e9 de recourir au dialogue comme moyen de r\u00e9soudre le conflit demeure. Elle a d\u00e9clar\u00e9 : \u00ab Depuis longtemps, la position claire du gouvernement allemand est qu&rsquo;aucune arme ne sera livr\u00e9e dans les zones de crise afin d&#8217;emp\u00eacher une nouvelle escalade \u00bb. Elle a ajout\u00e9 qu&rsquo;il \u00e9tait toujours possible de n\u00e9gocier dans le cadre du Conseil OTAN-Russie et du format Normandie, et a insist\u00e9 sur le fait que son pays entendait contribuer \u00e0 la d\u00e9sescalade du conflit et \u00e0 son r\u00e8glement pacifique. <br \/>Mais c&rsquo;est le pr\u00e9sident fran\u00e7ais Emmanuel Macron qui est all\u00e9 plus loin dans sa caract\u00e9risation du diff\u00e9rend et de la voie vers une solution par la n\u00e9gociation. Apr\u00e8s des entretiens \u00e0 Moscou avec son homologue russe, il a d\u00e9clar\u00e9 que \u00ab l&rsquo;objectif g\u00e9opolitique de la Russie aujourd&rsquo;hui n&rsquo;est clairement pas l&rsquo;Ukraine, mais de clarifier les r\u00e8gles de coexistence avec l&rsquo;OTAN et l&rsquo;Union europ\u00e9enne \u00bb. Macron a d\u00e9clar\u00e9 : \u00ab La s\u00e9curit\u00e9 et la souverainet\u00e9 de l&rsquo;Ukraine ou de tout autre \u00c9tat europ\u00e9en ne peuvent \u00eatre compromises, alors qu&rsquo;il est \u00e9galement l\u00e9gitime que la Russie pose la question de sa propre s\u00e9curit\u00e9 \u00bb <br \/>Dans une atmosph\u00e8re d\u00e9tendue, le Premier ministre fran\u00e7ais a assur\u00e9 \u00e0 la presse qu&rsquo;il a toujours eu un dialogue approfondi avec son homologue russe, car ils sont unis par la volont\u00e9 de g\u00e9n\u00e9rer des solutions prospectives et permanentes. Soulignant la n\u00e9cessit\u00e9 pour les peuples d&rsquo;Europe de se sentir prot\u00e9g\u00e9s, il a estim\u00e9 qu&rsquo;il fallait construire un nouvel \u00e9quilibre qui pr\u00e9serve la souverainet\u00e9 et la paix, ce qui doit se faire \u00ab dans le respect de la Russie et en comprenant les traumatismes contemporains de ce grand peuple et de cette nation \u00bb. <br \/>Entretemps, il ne reste que quelques jours avant que la pr\u00e9diction de la sous-secr\u00e9taire d&rsquo;\u00c9tat usam\u00e9ricaine Wendy Sherman, qui a rendu publique sa conviction que la Russie envahirait l&rsquo;Ukraine au plus tard \u00e0\u00a0\u00a0 la mi-f\u00e9vrier, se r\u00e9alise, ou pas. Dans moins d&rsquo;une semaine, nous confirmerons que cette fonctionnaire aura rejoint la constellation de menteurs qui, par la tromperie, semblent se frayer un chemin dans la structure du pouvoir imp\u00e9rial.<\/p>\n<h4>Sergio Rodriguez Gelfenstein<\/h4>\n<h4>Original: <a href=\"http:\/\/www.lapluma.net\/2022\/02\/12\/los-pinochos-de-la-politica-de-estados-unidos\/\" rel=\"bookmark\">Los \u201cpinochos\u201d de la pol\u00edtica de Estados Unidos<\/a><\/h4>\n<h4>Traduit par Fausto Giudice<\/h4>\n<h4>Source: <a href=\"https:\/\/tlaxcala-int.blogspot.com\/2022\/02\/sergio-rodriguez-gelfenstein-les.html#more\">Tlaxcala<\/a>, le 9 f\u00e9vrier 2022<\/h4>\n\n\n","protected":false},"excerpt":{"rendered":"<p>Macron a d\u00e9clar\u00e9 que \u00ab l&rsquo;objectif g\u00e9opolitique de la Russie aujourd&rsquo;hui n&rsquo;est clairement pas l&rsquo;Ukraine, mais de clarifier les r\u00e8gles de coexistence avec l&rsquo;OTAN et l&rsquo;Union europ\u00e9enne \u00bb.<\/p>\n","protected":false},"author":9,"featured_media":35000,"comment_status":"open","ping_status":"open","sticky":false,"template":"","format":"standard","meta":{"_uf_show_specific_survey":0,"_uf_disable_surveys":false,"footnotes":""},"categories":[218],"tags":[11524,17301,17302,3011,17298,17303,17299,17274,17305,17300,17304],"coauthors":[266],"class_list":["post-34923","post","type-post","status-publish","format-standard","has-post-thumbnail","hentry","category-monde","tag-falsimedia-mediamentiras","tag-gobiernos-occidentales-medios-transnacionales","tag-imperialisme-yankee","tag-imperialismo-yanqui","tag-jen-psakinocchio","tag-mensonges-detat","tag-mentiras-de-estado","tag-paz-mundial-en-juego","tag-pinocchios-yankees","tag-pinochos-usa","tag-tambours-de-guerre"],"translation":{"provider":"WPGlobus","version":"2.12.2","language":"fr","enabled_languages":["es","fr"],"languages":{"es":{"title":true,"content":true,"excerpt":true},"fr":{"title":true,"content":true,"excerpt":true}}},"_links":{"self":[{"href":"https:\/\/www.lapluma.net\/fr\/wp-json\/wp\/v2\/posts\/34923","targetHints":{"allow":["GET"]}}],"collection":[{"href":"https:\/\/www.lapluma.net\/fr\/wp-json\/wp\/v2\/posts"}],"about":[{"href":"https:\/\/www.lapluma.net\/fr\/wp-json\/wp\/v2\/types\/post"}],"author":[{"embeddable":true,"href":"https:\/\/www.lapluma.net\/fr\/wp-json\/wp\/v2\/users\/9"}],"replies":[{"embeddable":true,"href":"https:\/\/www.lapluma.net\/fr\/wp-json\/wp\/v2\/comments?post=34923"}],"version-history":[{"count":5,"href":"https:\/\/www.lapluma.net\/fr\/wp-json\/wp\/v2\/posts\/34923\/revisions"}],"predecessor-version":[{"id":35009,"href":"https:\/\/www.lapluma.net\/fr\/wp-json\/wp\/v2\/posts\/34923\/revisions\/35009"}],"wp:featuredmedia":[{"embeddable":true,"href":"https:\/\/www.lapluma.net\/fr\/wp-json\/wp\/v2\/media\/35000"}],"wp:attachment":[{"href":"https:\/\/www.lapluma.net\/fr\/wp-json\/wp\/v2\/media?parent=34923"}],"wp:term":[{"taxonomy":"category","embeddable":true,"href":"https:\/\/www.lapluma.net\/fr\/wp-json\/wp\/v2\/categories?post=34923"},{"taxonomy":"post_tag","embeddable":true,"href":"https:\/\/www.lapluma.net\/fr\/wp-json\/wp\/v2\/tags?post=34923"},{"taxonomy":"author","embeddable":true,"href":"https:\/\/www.lapluma.net\/fr\/wp-json\/wp\/v2\/coauthors?post=34923"}],"curies":[{"name":"wp","href":"https:\/\/api.w.org\/{rel}","templated":true}]}}