{"id":34478,"date":"2022-01-22T23:40:02","date_gmt":"2022-01-22T23:40:02","guid":{"rendered":"http:\/\/www.lapluma.net\/?p=34478"},"modified":"2022-01-23T00:35:24","modified_gmt":"2022-01-23T00:35:24","slug":"colombia-los-wayuu-y-el-chantaje-del-hambre-con-la-energia-eolica","status":"publish","type":"post","link":"https:\/\/www.lapluma.net\/fr\/2022\/01\/22\/colombia-los-wayuu-y-el-chantaje-del-hambre-con-la-energia-eolica\/","title":{"rendered":"Colombia: Los Way\u00fau y el chantaje del hambre con la energ\u00eda e\u00f3lica"},"content":{"rendered":"\n<p style=\"text-align: justify;\"><strong><em>Hambre, desnutrici\u00f3n, sed, abandono, miseria, contaminaci\u00f3n, explotaci\u00f3n, desplazamiento y conflictos internos.<\/em><\/strong><\/p>\n<p style=\"text-align: justify;\"><img loading=\"lazy\" decoding=\"async\" class=\" wp-image-34481 aligncenter\" src=\"http:\/\/www.lapluma.net\/wp-content\/uploads\/2022\/01\/energia-eolica1-300x225.jpg\" alt=\"\" width=\"508\" height=\"381\" srcset=\"https:\/\/www.lapluma.net\/wp-content\/uploads\/2022\/01\/energia-eolica1-300x225.jpg 300w, https:\/\/www.lapluma.net\/wp-content\/uploads\/2022\/01\/energia-eolica1-768x576.jpg 768w, https:\/\/www.lapluma.net\/wp-content\/uploads\/2022\/01\/energia-eolica1.jpg 950w\" sizes=\"auto, (max-width: 508px) 100vw, 508px\" \/>Si el hambre, la sed, la contaminaci\u00f3n, y el olvido del gobierno colombiano viene arrasando con la etnia way\u00fau asentada en La Guajira, al norte de Colombia, otra penuria se suma, el chantaje e\u00f3lico\u00a0 de la necesidad y el hambre, sin contar con el desplazamiento y las confrontaciones internas que se est\u00e1n dando a ra\u00edz de las instalaciones de varios parques e\u00f3licos en los territorios ancestrales de esta poblaci\u00f3n originaria.<\/p>\n<p style=\"text-align: justify;\">Lo que algunos consideran una bendici\u00f3n de la naturaleza tener en La Guajira riquezas mineras y ventajas como el viento y el sol, para las comunidades wayuu pareciera ser una maldici\u00f3n, ya que est\u00e1n siendo empujados a desplazarse y desaparecer, todo esto en aras del desarrollo y ganancias econ\u00f3micas de poderosas empresas multinacionales patrocinadas por el gobierno colombiano las cuales vienen invadiendo de forma desproporcionada el bello, rico y semides\u00e9rtico territorio ancestral de los way\u00fau.<\/p>\n<p style=\"text-align: justify;\">Esto debido a que, sin el lleno de requisitos legales como las consultas previas en debida forma, y en donde algunos \u00a0way\u00fau\u00a0\u00a0vienen siendo practicamente \u00ab chantajeados \u00bb a ra\u00edz de sus grandes necesidades alimentarias y por unas cuantas monedas de parte de las empresas multinacionales que est\u00e1n \u00ab invadiendo \u00bb el territorio con gigantescos aerogeneradores los cuales est\u00e1n impactando desde ya social, cultural, espiritual, territorial y ambientalmente a esta comunidad con el auspicio de los gobiernos , dirigentes nacionales , regionales y locales, los cuales guardan silencio c\u00f3mplice ante la tragedia que vive y le espera a esta etnia que de continuar as\u00ed est\u00e1n llamados a desplazarse y extinguirse.<\/p>\n<h4 style=\"text-align: justify;\"><strong>Negociaci\u00f3n desigual<\/strong><\/h4>\n<p style=\"text-align: justify;\">Para el abogado \u00c1lvaro Iguar\u00e1n Uriana, reconocida autoridad tradicional ind\u00edgena Way\u00fau, en Casiyour\u00e9n, alta Guajira, Corregimiento de Bah\u00eda Honda, en el Municipio de Uribia, all\u00e1 donde comienza Colombia esto : \u00ab Es muy preocupante ya que como se est\u00e1 negociando en forma desigual las consultas previas con todas las empresas de energ\u00eda e\u00f3lica que se est\u00e1n estableciendo en nuestro territorio se vienen haciendo consultas previas ama\u00f1adas y patrocinadas por el gobierno nacional sin la informaci\u00f3n correspondiente y sin el consentimiento libre y formal de las comunidades. Mientras las empresas e\u00f3licas se presentan con todo su equipo profesional t\u00e9cnico a negociar, los way\u00fau apenas alcanzan a medio mover la cabeza y dar un consentimiento sin saber que est\u00e1n aprobando, porque las empresas no est\u00e1n siendo claras acerca de lo que va a suceder en el territorio \u00bb.<\/p>\n<p style=\"text-align: justify;\">El dirigente way\u00fau y abogado, dijo que : \u00ab Las consultas previas que se est\u00e1n haciendo se deben revisar en su totalidad para saber si cumplieron con todos los requerimientos jur\u00eddicos y legales establecidos en la normatividad colombiana y en el convenio 169 de la OIT. Esto es algo preocupante ya que todas esas consultas tienen graves falencias e inconsistencias que van en detrimento de nuestras comunidades y el territorio way\u00fau \u00bb.<\/p>\n<p style=\"text-align: justify;\"><strong>Lo que muchos no saben es al menos unos 65 parques e\u00f3licos deber\u00e1n estar funcionando hacia\u00a0 el 2030 en toda en toda la Alta y Media Guajira. Unas 600 comunidades Way\u00fau tendr\u00e1n impactos con unos 2.600 aerogeneradores que ser\u00e1n instalados en el 97% del territorio Way\u00fau.<\/strong><\/p>\n<p style=\"text-align: justify;\">Para este dirigente way\u00fau \u00ab Las grandes inquietudes est\u00e1n latentes ya que el presidente colombiano \u00a0Iv\u00e1n Duque tiene previsto inaugurar en los pr\u00f3ximos d\u00edas el primer parque e\u00f3lico con 10 aerogeneradores pero proyectado para 14 y eso que es la empresa m\u00e1s peque\u00f1a que tiene ISAGEN, la cual se comenz\u00f3 a hablar desde el ano 2.002 de estos proyectos y en el a\u00f1o 2.009 se empez\u00f3 supuestamente a tocar el tema de las consultas previas, pero sin tener en cuenta todos los miembros de las comunidades y de los due\u00f1os de los territorios como son los \u00ab Aurauray\u00fau \u00bb o autoridad tradicional ancestral de cada Eirruko del territorio Way\u00fau desde nuestra cosmovisi\u00f3n; estas autoridades no han sido consultadas y nuestro territorio ha sido invadido con la venia del gobierno y sin tener unos defensores propios que verdaderamente puedan decir esto no se puede y ni siquiera saben los ind\u00edgenas cual va ha ser el impacto ambiental, social, econ\u00f3mico que van a tener en nuestro territorio ancestral. \u00bb<\/p>\n<p style=\"text-align: justify;\">Iguar\u00e1n Uriana dijo que : \u00ab Las implicaciones son grandes y profundas ya que se viene m\u00e1s desertificaci\u00f3n, ya que este territorio es semi\u00e1rido y los molinos e\u00f3licos lo van a secar mucho m\u00e1s, las fuentes h\u00eddricas van a cambiar su cause natural, adem\u00e1s la violaci\u00f3n de los sitios sagrados que para nosotros los ind\u00edgenas way\u00fau tienen una connotaci\u00f3n espiritual inmensa no han sido tenidos en cuenta, entre otras, son las cosas que nosotros los ind\u00edgenas way\u00fau venimos reclamando, sumado a los modelos de compensaci\u00f3n irrisorias que est\u00e1n estableciendo para utilizar el territorio por el termino de 25-30 a\u00f1os lo que no llega a solventar el m\u00ednimo vital de nuestras comunidades.<\/p>\n<h4 style=\"text-align: justify;\"><strong>Vej\u00e1menez, migajas y chantaje con el hambre.<\/strong><\/h4>\n<p style=\"text-align: justify;\">Y se habla de desarrollo, de mano de obra, nada de eso est\u00e1 existiendo y no va haber ese desarrollo socio-econ\u00f3mico que el gobierno le ha querido meter a nuestras comunidades \u00ab cacareandolo \u00bb a nivel internacional lo cual no es cierto ; si las veedur\u00edas internacionales vinieran a La Guajira se dar\u00edan cuenta de todos los vej\u00e1menes que tenemos que pasar las comunidades ind\u00edgenas en las denominadas consultas previas, como los tratan con migajas en negociasiones desiguales de un poderoso internacional con todos los recursos, contra una comunidad ind\u00edgena que esta pasando y negociando con la f\u00edsica hambre, ya que necesitan conseguir algo de comer y no porque le van a solventar el modus vivendi o mejorar la calidad de vida de nuestras comunidades y que no vemos futuro ya que est\u00e1n generando conflictos inter\u00e9tnico dentro de los territorios \u00bb<\/p>\n<figure class=\"wp-block-image size-full\" style=\"text-align: justify;\"><a href=\"https:\/\/www.resumenlatinoamericano.org\/wp-content\/uploads\/2022\/01\/45582191_403.jpg\"><img loading=\"lazy\" decoding=\"async\" class=\"wp-image-484293\" src=\"https:\/\/www.resumenlatinoamericano.org\/wp-content\/uploads\/2022\/01\/45582191_403.jpg\" sizes=\"auto, (max-width: 940px) 100vw, 940px\" srcset=\"https:\/\/www.resumenlatinoamericano.org\/wp-content\/uploads\/2022\/01\/45582191_403.jpg 940w, https:\/\/www.resumenlatinoamericano.org\/wp-content\/uploads\/2022\/01\/45582191_403-768x432.jpg 768w\" alt=\"\" width=\"940\" height=\"529\" \/><\/a><\/figure>\n<h4 style=\"text-align: justify;\"><strong>Hambre, desnutrici\u00f3n, sed, abandono, muerte y desplazamientos<\/strong><\/h4>\n<p style=\"text-align: justify;\">Iguar\u00e1n Uriana expresa que : \u00ab es mucho lo que se puede hacer en la medida que las veedur\u00edas nacionales e internacionales miren hacia La Guajira y nuestra comunidades ind\u00edgenas, esto va ha ser determinante ya que solamente as\u00ed podremos tener una voz de alerta si la comunidad internacional nos apoya porque el gobierno colombiano no nos va a apoyar ya que este hace todo lo imposible para favorecer las multinacionales que est\u00e1n instal\u00e1ndose en la construcci\u00f3n de los parques e\u00f3licos en nuestro territorio y perjudicarnos, ya que el gobierno colombiano no ha sido capaz de cumplir con la sentencia T302 del 2017 donde la Corte Constitucional lo conmina a solucionar el problema de desnutrici\u00f3n a la ni\u00f1ez Way\u00fau, al problema por falta de agua , salud, transporte, etc y esto va tambi\u00e9n camino al fracaso \u00bb.<\/p>\n<h4 style=\"text-align: justify;\"><strong><span class=\"ILfuVd\"><span class=\"hgKElc\">\u00a1<\/span><\/span>No tenemos futuro y las autoridades regionales no hacen nada !<\/strong><\/h4>\n<p style=\"text-align: justify;\">Si los espa\u00f1oles no pudieron conquistarnos a nosotros los way\u00fau , el gobierno colombiano est\u00e1 terminando de acabar con la existencia de nuestras comunidades y nuestro territorio way\u00fau, sumado a que las autoridades y dirigentes regionales , departamentales, locales no est\u00e1n haciendo absolutamente nada, ni los ejecutivos, ni los legislativos a pesar que se les ha invitado desde el gobernador, alcaldes, diputados, secretarios de asuntos ind\u00edgenas, los entes de control , Procuradur\u00eda, Fiscal\u00eda, Defensor\u00eda del Pueblo, la Controlar\u00eda General de la Rep\u00fablica se les han invitado para que asistan a las reuniones, observen y sirvan de garantes para hacer las cosas de forma transparente y brillan por su ausencia a pesar que son invitados, por ello los way\u00fau no tenemos garant\u00edas cuando estamos negociando con las multinacionales en inferioridad de condiciones y con f\u00edsica hambre, a pesar que algunos asesores que conocemos y advertimos de no negociar, algunas ind\u00edgenas nos dicen \u00ab es que estamos pasando \u00a0f\u00edsica hambre y tenemos que recibir lo que medio nos den para ver si as\u00ed paleamos la desnutrici\u00f3n que tenemos y el hambre de nuestros hijos. \u00bb<\/p>\n<h4 style=\"text-align: justify;\"><strong>Organizaci\u00f3n y Constituyente Way\u00fau\u00a0<\/strong><\/h4>\n<p style=\"text-align: justify;\">En medio de las grandes dificultades con un pasado y presente de hambre, sed, olvido y muerte y un futuro peor por el desplazamiento y el miedo a desaparecer, los dirigentes ind\u00edgenas way\u00fau no se amilanan y siguen en proceso de di\u00e1logo interno para la lucha y por ello : \u00ab nos estamos organizando y reuniendo para poder poner un alto contra todos estos abusos del gobierno con todas las leyes, normas, decretos etc. que ha venido implementando en contra de nuestras comunidades ya que recientemente el gobierno expidi\u00f3 la <em>Ley de transici\u00f3n energ\u00e9tica<\/em> la cual es acabar y usurpar los territorios a nuestras comunidades ind\u00edgenas, porque la tienen que declarar como de prioridad p\u00fablica para as\u00ed llegar y explotar nuestros territorios ancestrales, esta Ley es una falsedad ya que, est\u00e1n implementado m\u00e1s la explotaci\u00f3n del carb\u00f3n, as\u00ed est\u00e1 actuando el gobierno, pero nosotros nos estamos organizando, promoviendo una Asamblea Constituyente del Pueblo Way\u00fau, para ponerle un tajo al gobierno y parar todos estos abusos y violaciones que a trav\u00e9s de la expedici\u00f3n de normas contra el pueblo way\u00fau viene realizando el gobierno colombiano \u00bb, concluy\u00f3 \u00c1lvaro Iguar\u00e1n Uriana.<\/p>\n<h5 style=\"text-align: center;\"><img loading=\"lazy\" decoding=\"async\" class=\" wp-image-34484 aligncenter\" src=\"http:\/\/www.lapluma.net\/wp-content\/uploads\/2022\/01\/el-gran-negocio-de-la-transicion-energetica-300x167.webp\" alt=\"\" width=\"404\" height=\"225\" srcset=\"https:\/\/www.lapluma.net\/wp-content\/uploads\/2022\/01\/el-gran-negocio-de-la-transicion-energetica-300x167.webp 300w, https:\/\/www.lapluma.net\/wp-content\/uploads\/2022\/01\/el-gran-negocio-de-la-transicion-energetica-768x427.webp 768w, https:\/\/www.lapluma.net\/wp-content\/uploads\/2022\/01\/el-gran-negocio-de-la-transicion-energetica.webp 800w\" sizes=\"auto, (max-width: 404px) 100vw, 404px\" \/>El gran negocio de la \u00abtransici\u00f3n energ\u00e9tica\u00bb<\/h5>\n<h4 style=\"text-align: left;\"><span class=\"ILfuVd\"><span class=\"hgKElc\"><strong>Eli\u00e9cer Jim\u00e9nez Julio<\/strong> para La Pluma, 20 de enero de 2022<br \/><\/span><\/span><\/h4>\n<h4>Editado por <a href=\"http:\/\/www.lapluma.net\/nosotros\/editora\/\">Mar\u00eda Piedad Ossaba<\/a><\/h4>\n","protected":false},"excerpt":{"rendered":"<p>Unas 600 comunidades Way\u00fau tendr\u00e1n impactos con unos 2.600 aerogeneradores que ser\u00e1n instalados en el 97% del territorio Way\u00fau.<\/p>\n","protected":false},"author":1026,"featured_media":34483,"comment_status":"open","ping_status":"open","sticky":false,"template":"","format":"standard","meta":{"_uf_show_specific_survey":0,"_uf_disable_surveys":false,"footnotes":""},"categories":[216],"tags":[17035,17033,17029,17043,17024,17041,17028,1458,17037,17027,566,17042,114,17034,17032],"coauthors":[17038],"class_list":["post-34478","post","type-post","status-publish","format-standard","has-post-thumbnail","hentry","category-colombia","tag-alvaro-iguaran-uriana","tag-chantaje-energia-eolica","tag-conflitos-internos","tag-eliecer-jimenez-julio","tag-energia-eolica","tag-energia-eolica-energia-renovable","tag-explotacion-desplazamiento-forzado","tag-impacto-ambiental","tag-impacto-ambiental-social-y-economico","tag-miseria-abandono-estatal-contaminacion","tag-multinacionales","tag-multinacionales-neoliberalismo","tag-neoliberalismo","tag-teerritorios-ancestrales-poblacion-originaria","tag-violacion-ddhh-dih-3"],"translation":{"provider":"WPGlobus","version":"2.12.2","language":"fr","enabled_languages":["es","fr"],"languages":{"es":{"title":true,"content":true,"excerpt":true},"fr":{"title":false,"content":false,"excerpt":false}}},"_links":{"self":[{"href":"https:\/\/www.lapluma.net\/fr\/wp-json\/wp\/v2\/posts\/34478","targetHints":{"allow":["GET"]}}],"collection":[{"href":"https:\/\/www.lapluma.net\/fr\/wp-json\/wp\/v2\/posts"}],"about":[{"href":"https:\/\/www.lapluma.net\/fr\/wp-json\/wp\/v2\/types\/post"}],"author":[{"embeddable":true,"href":"https:\/\/www.lapluma.net\/fr\/wp-json\/wp\/v2\/users\/1026"}],"replies":[{"embeddable":true,"href":"https:\/\/www.lapluma.net\/fr\/wp-json\/wp\/v2\/comments?post=34478"}],"version-history":[{"count":5,"href":"https:\/\/www.lapluma.net\/fr\/wp-json\/wp\/v2\/posts\/34478\/revisions"}],"predecessor-version":[{"id":34493,"href":"https:\/\/www.lapluma.net\/fr\/wp-json\/wp\/v2\/posts\/34478\/revisions\/34493"}],"wp:featuredmedia":[{"embeddable":true,"href":"https:\/\/www.lapluma.net\/fr\/wp-json\/wp\/v2\/media\/34483"}],"wp:attachment":[{"href":"https:\/\/www.lapluma.net\/fr\/wp-json\/wp\/v2\/media?parent=34478"}],"wp:term":[{"taxonomy":"category","embeddable":true,"href":"https:\/\/www.lapluma.net\/fr\/wp-json\/wp\/v2\/categories?post=34478"},{"taxonomy":"post_tag","embeddable":true,"href":"https:\/\/www.lapluma.net\/fr\/wp-json\/wp\/v2\/tags?post=34478"},{"taxonomy":"author","embeddable":true,"href":"https:\/\/www.lapluma.net\/fr\/wp-json\/wp\/v2\/coauthors?post=34478"}],"curies":[{"name":"wp","href":"https:\/\/api.w.org\/{rel}","templated":true}]}}