{"id":33360,"date":"2021-12-31T19:59:06","date_gmt":"2021-12-31T19:59:06","guid":{"rendered":"http:\/\/www.lapluma.net\/?p=33360"},"modified":"2022-01-01T14:59:35","modified_gmt":"2022-01-01T14:59:35","slug":"la-pandemia-de-cov-19-vs-movilizaciones-mundiales-para-transformar","status":"publish","type":"post","link":"https:\/\/www.lapluma.net\/fr\/2021\/12\/31\/la-pandemia-de-cov-19-vs-movilizaciones-mundiales-para-transformar\/","title":{"rendered":"La Pandemia de CoV-19 Vs Movilizaciones mundiales para transformar"},"content":{"rendered":"\n<p style=\"text-align: justify;\">Esta tercera d\u00e9cada del siglo 21 tiene que ser de mayor concientizaci\u00f3n no solo pol\u00edtica sino human\u00edstica para lograr que el planeta Tierra sobreviva ante los diferentes gobiernos de pa\u00edses agresores, opresores, depredadores y extractivistas que utilizando las guerras, las mentiras y los gobiernos de naciones genuflexos a sus \u201cd\u00e1divas y ayudas democr\u00e1ticas\u201d, que se apropian de los maravillosos pero finitos bienes comunes (agua, aire, tierra, biodiversidad en flora\u00a0 fauna). Veamos c\u00f3mo han sido los cambios y las respuestas a tales pr\u00e1cticas.<\/p>\n<p style=\"text-align: justify;\">Hace casi dos a\u00f1os, la Organizaci\u00f3n Mundial de la salud, OMS (WHO: World Health Organization) decret\u00f3 la pandemia del COVID-19 que transform\u00f3 las relaciones sociales y pol\u00edticas del mundo, aprovechando el desconocimiento en salud de los dirigentes pol\u00edticos para as\u00ed imponer de una manera gradual y dosificada el miedo ante un virus que si bien causa morbilidad y mortalidad como otros virus respiratorios (influenza, adenovirus, rinovirus, sincitio respiratorio) a diferentes grupos etarios de la poblaci\u00f3n, ha conducido h\u00e1bilmente a que la salud p\u00fablica hable principal y exclusivamente de esta enfermedad y \u201colvidando\u201d otras enfermedades que tambi\u00e9n matan (tuberculosis, malaria, dengue, hepatitis) \u00a0que son reemergentes, y bajando la guardia ante otras muy prevalentes (desnutrici\u00f3n).<\/p>\n<p><img loading=\"lazy\" decoding=\"async\" class=\" wp-image-30969 aligncenter\" src=\"http:\/\/www.lapluma.net\/wp-content\/uploads\/2021\/09\/desnutricion-300x169.jpg\" alt=\"\" width=\"454\" height=\"256\" srcset=\"https:\/\/www.lapluma.net\/wp-content\/uploads\/2021\/09\/desnutricion-300x169.jpg 300w, https:\/\/www.lapluma.net\/wp-content\/uploads\/2021\/09\/desnutricion-768x432.jpg 768w, https:\/\/www.lapluma.net\/wp-content\/uploads\/2021\/09\/desnutricion-870x489.jpg 870w, https:\/\/www.lapluma.net\/wp-content\/uploads\/2021\/09\/desnutricion.jpg 888w\" sizes=\"auto, (max-width: 454px) 100vw, 454px\" \/><\/p>\n<p style=\"text-align: justify;\">En octubre 14 de 2021,\u00a0 la OMS en su informe dice lo siguiente:<em>\u201cEn 2020, murieron por tuberculosis (TB) 1.5 millones de personas en el mundo y enfermaron cerca de 10 millones, de \u00e9stos, 1.1 millones fueron ni\u00f1os La tuberculosis es una enfermedad curable y prevenible. Se calcula que una cuarta parte de la poblaci\u00f3n mundial est\u00e1 infectada por el bacilo de la tuberculosis (unos 1750 millones)\u201d. En: <\/em><span style=\"color: #0000ff;\"><em>https:\/\/www.who.int\/es\/news\/item\/14-10-2020-who-global-tb-progress-at-risk, http:\/\/www.who.int<\/em><\/span><\/p>\n<p style=\"text-align: justify;\">\u00bfNo te llama la atenci\u00f3n este tenebroso dato?<\/p>\n<p style=\"text-align: justify;\">\u00bfPor qu\u00e9 no existe una vacuna para esta enfermedad \u00a0prevenible y curable que mata a la poblaci\u00f3n m\u00e1s pobre?<\/p>\n<p style=\"text-align: justify;\">\u00bfPor qu\u00e9 no se realiza un programa en salud p\u00fablica para erradicarla, sabiendo que la COVID-19 continuar\u00e1 siendo una enfermedad end\u00e9mica como\u00a0 la gripa estacional\u00a0 causada por el virus de influenza?<\/p>\n<p><img loading=\"lazy\" decoding=\"async\" class=\" wp-image-17910 aligncenter\" src=\"http:\/\/www.lapluma.net\/wp-content\/uploads\/2020\/04\/Covid-19-300x204.jpg\" alt=\"\" width=\"472\" height=\"321\" srcset=\"https:\/\/www.lapluma.net\/wp-content\/uploads\/2020\/04\/Covid-19-300x204.jpg 300w, https:\/\/www.lapluma.net\/wp-content\/uploads\/2020\/04\/Covid-19-1024x698.jpg 1024w, https:\/\/www.lapluma.net\/wp-content\/uploads\/2020\/04\/Covid-19-768x523.jpg 768w, https:\/\/www.lapluma.net\/wp-content\/uploads\/2020\/04\/Covid-19-1536x1046.jpg 1536w, https:\/\/www.lapluma.net\/wp-content\/uploads\/2020\/04\/Covid-19-220x150.jpg 220w, https:\/\/www.lapluma.net\/wp-content\/uploads\/2020\/04\/Covid-19.jpg 1920w\" sizes=\"auto, (max-width: 472px) 100vw, 472px\" \/><\/p>\n<p style=\"text-align: justify;\">La meta 3.3 de los Objetivos de Desarrollo Sostenible (ODS) incluye poner fin a la epidemia de la tuberculosis para 2030. La Estrategia Fin a la tuberculosis establece objetivos intermedios (en 2020 y 2025) y metas (2030 y 2035). Son 17 objetivos, y el tercero se denomina <em>Salud y bienestar, <\/em>y el objetivo 3.3 dice:<\/p>\n<p style=\"text-align: justify;\"><em>\u201cPara 2030, poner fin a las epidemias de SIDA, tuberculosis, la malaria y las enfermedades tropicales desatendidas y combatir las enfermedades transmitidas por el agua y otras enfermedades transmisibles\u201d. <\/em>En: <a href=\"https:\/\/onu.org.gt\/objetivos\">https:\/\/onu.org.gt\/objetivos<\/a> de desarrollo.\u00a0<\/p>\n<p style=\"text-align: justify;\">Ya sabemos que todas las acciones pol\u00edticas y financieras est\u00e1n incesantemente dirigidas a la COVID-19. Ejemplo claro, la competencia de m\u00faltiples transnacionales farmac\u00e9uticas en producir vacunas contra esta enfermedad, a pesar de la resistencia de la poblaci\u00f3n como de organizaciones cient\u00edficas que son censuradas y vetadas.<\/p>\n<p><img loading=\"lazy\" decoding=\"async\" class=\" wp-image-33780 aligncenter\" src=\"http:\/\/www.lapluma.net\/wp-content\/uploads\/2021\/12\/farmaceuticas-300x169.jpg\" alt=\"\" width=\"373\" height=\"210\" srcset=\"https:\/\/www.lapluma.net\/wp-content\/uploads\/2021\/12\/farmaceuticas-300x169.jpg 300w, https:\/\/www.lapluma.net\/wp-content\/uploads\/2021\/12\/farmaceuticas.jpg 640w\" sizes=\"auto, (max-width: 373px) 100vw, 373px\" \/><\/p>\n<p style=\"text-align: justify;\">La pandemia evidenci\u00f3 como nunca antes, las indignantes desigualdades sociales, principalmente en los mal llamados \u201cpa\u00edses subdesarrollados\u201d que han visto restringidos los derechos a la movilizaci\u00f3n, la libertad y el trabajo, para que los centros de Poder puedan ejercer un estricto control social y as\u00ed configurar un nuevo mapa geopol\u00edtico.<\/p>\n<p style=\"text-align: justify;\">La pandemia ha movilizado durante estos casi dos a\u00f1os a extraordinarias y multitudinarias protestas y movilizaciones en todo el planeta (muchas no visibilizadas por los \u201cmedios de comunicaci\u00f3n\u201d). Paralelamente, muchos gobiernos se han reafirmado en sus pol\u00edticas fascistas (Estados Unidos, Inglaterra, Alemania, Francia, Austria) ante la resistencia de sus Pueblos. Y para continuar con el f\u00e9rreo control social, van apareciendo las m\u00faltiples variantes del COVID-19, la \u00faltima de las cuales se llama <em>\u00f3micron. <\/em>Y con seguridad vendr\u00e1n otras, pues el virus muta constantemente y las vacunas ya utilizadas no son tan efectivas. Y ya est\u00e1n dise\u00f1adas vacunas contra esta nueva variante por las mismas empresas farmac\u00e9uticas. \u2018\u00bfNo parece bastante sospechoso?<\/p>\n<h6 style=\"text-align: justify;\"><a href=\"http:\/\/www.lapluma.net\/wp-content\/uploads\/2021\/12\/FRANCE1-1.webp\"><img loading=\"lazy\" decoding=\"async\" class=\" wp-image-33781 aligncenter\" src=\"http:\/\/www.lapluma.net\/wp-content\/uploads\/2021\/12\/FRANCE1-1-300x169.webp\" alt=\"\" width=\"396\" height=\"223\" srcset=\"https:\/\/www.lapluma.net\/wp-content\/uploads\/2021\/12\/FRANCE1-1-300x169.webp 300w, https:\/\/www.lapluma.net\/wp-content\/uploads\/2021\/12\/FRANCE1-1-768x432.webp 768w, https:\/\/www.lapluma.net\/wp-content\/uploads\/2021\/12\/FRANCE1-1-870x489.webp 870w, https:\/\/www.lapluma.net\/wp-content\/uploads\/2021\/12\/FRANCE1-1-895x503.webp 895w, https:\/\/www.lapluma.net\/wp-content\/uploads\/2021\/12\/FRANCE1-1.webp 1024w\" sizes=\"auto, (max-width: 396px) 100vw, 396px\" \/><\/a><span class=\"a-media-legend\">Los manifestantes sostienen pancartas durante una manifestaci\u00f3n contra el pase de salud obligatorio Covid-19 para acceder a la mayor parte del espacio p\u00fablico, en Nantes, en el oeste de Francia, el 4 de septiembre de 2021.<\/span> <span class=\"a-media-legend\">AFP &#8211; SEBASTIEN SALOM-GOMIS<\/span><\/h6>\n<p style=\"text-align: justify;\">Am\u00e9rica Latina se est\u00e1 reconfigurando con nuevos gobiernos progresistas como Per\u00fa, Bolivia, Honduras y recientemente Chile.<\/p>\n<p style=\"text-align: justify;\">Y el \u201cgobierno\u201d de Colombia manejado pero no dirigido por Iv\u00e1n Duque M\u00e1rquez, obedeciendo mansamente los designios del gobierno gringo, ha sobresalido en el mundo como el campe\u00f3n en violaci\u00f3n de derechos humanos, desplazamientos forzados, asesinatos de defensores de derechos humanos, l\u00edderes sociales e ind\u00edgenas, genocidios de negros e ind\u00edgenas, despojo de tierras (m\u00e1s de 7 millones de hect\u00e1reas) en complicidad con los grupos paramilitares, e incumplimiento de los Acuerdos de La Habana, firmados por el gobierno colombiano y las FARC-EP en el a\u00f1o 2016 para poner fin al conflicto armado interno.<\/p>\n<p style=\"text-align: justify;\"><img loading=\"lazy\" decoding=\"async\" class=\" wp-image-26497 aligncenter\" src=\"http:\/\/www.lapluma.net\/wp-content\/uploads\/2021\/05\/PARO-NACIONAL-COL-2021-CALI-MediosLibresCali-01-678x453-1-300x200.png\" alt=\"\" width=\"441\" height=\"294\" srcset=\"https:\/\/www.lapluma.net\/wp-content\/uploads\/2021\/05\/PARO-NACIONAL-COL-2021-CALI-MediosLibresCali-01-678x453-1-300x200.png 300w, https:\/\/www.lapluma.net\/wp-content\/uploads\/2021\/05\/PARO-NACIONAL-COL-2021-CALI-MediosLibresCali-01-678x453-1-435x290.png 435w, https:\/\/www.lapluma.net\/wp-content\/uploads\/2021\/05\/PARO-NACIONAL-COL-2021-CALI-MediosLibresCali-01-678x453-1-150x100.png 150w, https:\/\/www.lapluma.net\/wp-content\/uploads\/2021\/05\/PARO-NACIONAL-COL-2021-CALI-MediosLibresCali-01-678x453-1-370x247.png 370w, https:\/\/www.lapluma.net\/wp-content\/uploads\/2021\/05\/PARO-NACIONAL-COL-2021-CALI-MediosLibresCali-01-678x453-1.png 678w\" sizes=\"auto, (max-width: 441px) 100vw, 441px\" \/><\/p>\n<p style=\"text-align: justify;\">Y para la elecci\u00f3n presidencial en el 2022 existen decenas de candidatos: de los desprestigiados partidos liberal y conservador; \u201dnuevos\u201d partidos que supuestamente no recuerdan a los caducos partidos hist\u00f3ricos pero su accionar es semejante.<\/p>\n<p style=\"text-align: justify;\">Y se presentan movimientos y grupos llamados alternativos. Existe para Colombia una opci\u00f3n muy real de ser gobierno y as\u00ed realizar un cambio pol\u00edtico y social: que se llama el <strong>PACTO HIST\u00d3RICO<\/strong>. Pero para que el gobierno que se pueda inaugurar en 2022 se requiere tener un congreso con mayor\u00eda de este Pacto Hist\u00f3rico y as\u00ed realizar las transformaciones sociales, pol\u00edticas, educativas y ser un pa\u00eds educado y equitativo como lo desearon nuestros hombres y mujeres que han luchado desde siempre.<\/p>\n<p><img loading=\"lazy\" decoding=\"async\" class=\" wp-image-25987 aligncenter\" src=\"http:\/\/www.lapluma.net\/wp-content\/uploads\/2021\/05\/Colombia-Paro-Nacional-696x461-1-300x199.jpg\" alt=\"\" width=\"450\" height=\"298\" srcset=\"https:\/\/www.lapluma.net\/wp-content\/uploads\/2021\/05\/Colombia-Paro-Nacional-696x461-1-300x199.jpg 300w, https:\/\/www.lapluma.net\/wp-content\/uploads\/2021\/05\/Colombia-Paro-Nacional-696x461-1-150x100.jpg 150w, https:\/\/www.lapluma.net\/wp-content\/uploads\/2021\/05\/Colombia-Paro-Nacional-696x461-1.jpg 696w\" sizes=\"auto, (max-width: 450px) 100vw, 450px\" \/><\/p>\n<p style=\"text-align: justify;\">Colombia no puede seguir por el camino de la barbarie impuesta por los partidos pol\u00edticos de la gran burgues\u00eda antipatri\u00f3tica, que ha permitido la expoliaci\u00f3n de nuestras fabulosas riquezas y los vitales bienes comunes, feri\u00e1ndolos a los grupos financieros y a las poderosas transnacionales. Y la juventud, con su alegr\u00eda y fuerza comunicativa pero organizada y con objetivos y ambici\u00f3n de Poder,\u00a0 ser\u00e1 protagonista en las pr\u00f3ximas elecciones para nuevo y distinto congreso, que ser\u00e1 el apoyo para que el nuevo presidente alternativo\u00a0 como cabeza del gobierno, ejerza con dignidad lo que la poblaci\u00f3n le deposita en confianza y credibilidad y ser una sociedad,\u00a0 la s\u00edntesis de una Colombia que cree en sus capacidades pol\u00edticas y humanas.<\/p>\n<p style=\"text-align: justify;\">El coronavirus seguir\u00e1 circulando en el ambiente, ser\u00e1 end\u00e9mico. Y Colombia inaugurar\u00e1 un nuevo y mejor pa\u00eds.<\/p>\n<h4 style=\"text-align: justify;\">F\u00e9lix Orlando Giraldo Giraldo especial para La Pluma, 31 de diciembre de 2021<\/h4>\n<h4 style=\"text-align: justify;\">Editado por <a href=\"http:\/\/www.lapluma.net\/nosotros\/editora\/\">Mar\u00eda Piedad Ossaba<\/a><\/h4>\n","protected":false},"excerpt":{"rendered":"<p>El coronavirus seguir\u00e1 circulando en el ambiente, ser\u00e1 end\u00e9mico. Y Colombia inaugurar\u00e1 un nuevo y mejor pa\u00eds.<\/p>\n","protected":false},"author":272,"featured_media":33778,"comment_status":"open","ping_status":"open","sticky":false,"template":"","format":"standard","meta":{"_uf_show_specific_survey":0,"_uf_disable_surveys":false,"footnotes":""},"categories":[5],"tags":[13716,2279,16542,16543,16541,16545,345],"coauthors":[2407],"class_list":["post-33360","post","type-post","status-publish","format-standard","has-post-thumbnail","hentry","category-editoriales-y-opiniones","tag-las-comunidades-en-resistencia","tag-luchas-y-resistencias","tag-movilizaciones-mundiales","tag-paises-agresores-opresores-depredadores-y-extractivistas","tag-pandemia-de-cov-19","tag-restricion-derecho-a-la-movilizacion-la-libertad-el-trabajo","tag-revueltas-logicas"],"translation":{"provider":"WPGlobus","version":"2.12.2","language":"fr","enabled_languages":["es","fr"],"languages":{"es":{"title":true,"content":true,"excerpt":true},"fr":{"title":false,"content":false,"excerpt":false}}},"_links":{"self":[{"href":"https:\/\/www.lapluma.net\/fr\/wp-json\/wp\/v2\/posts\/33360","targetHints":{"allow":["GET"]}}],"collection":[{"href":"https:\/\/www.lapluma.net\/fr\/wp-json\/wp\/v2\/posts"}],"about":[{"href":"https:\/\/www.lapluma.net\/fr\/wp-json\/wp\/v2\/types\/post"}],"author":[{"embeddable":true,"href":"https:\/\/www.lapluma.net\/fr\/wp-json\/wp\/v2\/users\/272"}],"replies":[{"embeddable":true,"href":"https:\/\/www.lapluma.net\/fr\/wp-json\/wp\/v2\/comments?post=33360"}],"version-history":[{"count":9,"href":"https:\/\/www.lapluma.net\/fr\/wp-json\/wp\/v2\/posts\/33360\/revisions"}],"predecessor-version":[{"id":33874,"href":"https:\/\/www.lapluma.net\/fr\/wp-json\/wp\/v2\/posts\/33360\/revisions\/33874"}],"wp:featuredmedia":[{"embeddable":true,"href":"https:\/\/www.lapluma.net\/fr\/wp-json\/wp\/v2\/media\/33778"}],"wp:attachment":[{"href":"https:\/\/www.lapluma.net\/fr\/wp-json\/wp\/v2\/media?parent=33360"}],"wp:term":[{"taxonomy":"category","embeddable":true,"href":"https:\/\/www.lapluma.net\/fr\/wp-json\/wp\/v2\/categories?post=33360"},{"taxonomy":"post_tag","embeddable":true,"href":"https:\/\/www.lapluma.net\/fr\/wp-json\/wp\/v2\/tags?post=33360"},{"taxonomy":"author","embeddable":true,"href":"https:\/\/www.lapluma.net\/fr\/wp-json\/wp\/v2\/coauthors?post=33360"}],"curies":[{"name":"wp","href":"https:\/\/api.w.org\/{rel}","templated":true}]}}