{"id":33293,"date":"2021-12-23T16:00:00","date_gmt":"2021-12-23T16:00:00","guid":{"rendered":"http:\/\/www.lapluma.net\/?p=33293"},"modified":"2021-12-24T19:10:30","modified_gmt":"2021-12-24T19:10:30","slug":"censura-vergonzosa-a-cumbia-palestina-el-gobierno-argentino-acata-senalizaciones-de-israel","status":"publish","type":"post","link":"https:\/\/www.lapluma.net\/fr\/2021\/12\/23\/censura-vergonzosa-a-cumbia-palestina-el-gobierno-argentino-acata-senalizaciones-de-israel\/","title":{"rendered":"Censura vergonzosa a Cumbia palestina: El gobierno argentino acata se\u00f1alizaciones de Israel"},"content":{"rendered":"\n<p style=\"text-align: justify;\"><em>Acaba de suceder un acontecimiento pol\u00edtico, mejor di\/cho un no acontecimiento, que nos revela c\u00f3mo ha ido imponi\u00e9ndose, por ejemplo en Argentina, la decisi\u00f3n de la c\u00fapula israeloestadounidense bautizada como \u201cAcuerdo del Siglo\u201d (principios 2020). <\/em><\/p>\n<p style=\"text-align: justify;\">Un acuerdo entre EE.UU. e Israel para terminar con la cuesti\u00f3n palestina, en donde, obviamente los palestinos no tuvieron arte ni parte, transformados en puro objeto de la decisi\u00f3n de los que tienen poder (es decir, ratificando exactamente lo que ha estado pasando desde fines del siglo XIX en Palestina, donde sus pobladores ancestrales fueron siempre ignorados como actores o parte pol\u00edtica de una cuesti\u00f3n, aunque hayan resistido y procurado defenderse incluso con armas\u2026).<\/p>\n<p style=\"text-align: justify;\">Con el acuerdo, firmado por D. Trump y sus asistentes, Jason Greenblatt y Jared Kushner, con B. Netanyahu, se ha tratado de invisibilizar la cuesti\u00f3n palestina y pulverizar su resistencia, convirtiendo a palestinos en meros receptores de limosnas que el Acuerdo del Siglo brindar\u00eda \u201cgenerosamente\u201d para que los palestinos desaparezcan (como realidad pol\u00edtica).<\/p>\n<p><img loading=\"lazy\" decoding=\"async\" class=\" wp-image-33302 aligncenter\" src=\"http:\/\/www.lapluma.net\/wp-content\/uploads\/2021\/12\/Cumbia-P-300x300.jpg\" alt=\"\" width=\"438\" height=\"438\" srcset=\"https:\/\/www.lapluma.net\/wp-content\/uploads\/2021\/12\/Cumbia-P-300x300.jpg 300w, https:\/\/www.lapluma.net\/wp-content\/uploads\/2021\/12\/Cumbia-P-1024x1024.jpg 1024w, https:\/\/www.lapluma.net\/wp-content\/uploads\/2021\/12\/Cumbia-P-150x150.jpg 150w, https:\/\/www.lapluma.net\/wp-content\/uploads\/2021\/12\/Cumbia-P-768x768.jpg 768w, https:\/\/www.lapluma.net\/wp-content\/uploads\/2021\/12\/Cumbia-P.jpg 1400w\" sizes=\"auto, (max-width: 438px) 100vw, 438px\" \/><\/p>\n<p style=\"text-align: justify;\">Israel ha avanzado mucho en su labor de erosi\u00f3n en este conflicto, tal vez el m\u00e1s prolongado, sangriento e ininterrumpido que tiene nuestro mundo presente (m\u00e1s de un siglo\u2026).<\/p>\n<p style=\"text-align: justify;\">Ya hab\u00edan logrado un paso enorme en su conquista instaurando la Autoridad Nacional Palestina; una cu\u00f1a para empezar a decidir en el nombre de los palestinos.<\/p>\n<p style=\"text-align: justify;\">En verdad, tomando las palabras del m\u00e9dico noruego Mads Gilbert, admirado de la resistencia y resiliencia del tejido social palestino, los palestinos han mostrado ser uno de los m\u00e1s tenaces pueblos, sociedades del mundo entero.<\/p>\n<p style=\"text-align: justify;\">El Acuerdo del Siglo fue instaurado as\u00ed a espaldas de los palestinos hace dos a\u00f1os. No s\u00f3lo represi\u00f3n directa, entonces; siempre violenta, abusiva. Tambi\u00e9n ignorancia sistem\u00e1tica.<\/p>\n<p>&nbsp;<\/p>\n<p style=\"text-align: justify;\">Y bien: el gobierno argentino actual, el de los Fern\u00e1ndez, sindicado como \u201cpopulista\u201d, organizando una jornada mayor de honor, defensa y reconocimiento de los derechos humanos (en una fecha muy cara a la sociedad argentina; 10 de diciembre, instaurada por el presidente Ra\u00fal Alfons\u00edn a la salida de una dictadura y qu\u00e9 dictadura), ha retirado de los elencos que se iban a presentar en la conmemoraci\u00f3n, como por ejemplo Super Ratones, V\u00edctor Heredia, Peteco Carbajal y el ensamble R\u00e1faga entre otros, a la Orkesta Popular San Bomba, que presentaba en su repertorio una cumbia titulada \u201cCumbia palestina\u201d.<\/p>\n<p style=\"text-align: justify;\">Una representaci\u00f3n muy bien cuidada, con enorme carga simb\u00f3lica.<\/p>\n<p><iframe loading=\"lazy\" title=\"CUMBIA PALESTINA\" width=\"660\" height=\"371\" src=\"https:\/\/www.youtube.com\/embed\/1YaKHUKT_qQ?feature=oembed\" frameborder=\"0\" allow=\"accelerometer; autoplay; clipboard-write; encrypted-media; gyroscope; picture-in-picture; web-share\" referrerpolicy=\"strict-origin-when-cross-origin\" allowfullscreen><\/iframe><\/p>\n<p style=\"text-align: justify;\">Siguiendo los lineamientos del Acuerdo del Siglo, la DAIA [<em>Delegaci\u00f3n de Asociaciones Israelitas Argentinas]<\/em>, con su desfachatez habitual, le ha reclamado al gobierno argentino que no autorizara esa presentaci\u00f3n. No ejerciendo censura ni despotismo, cultural e ideol\u00f3gico \u2013eso suena mal\u2212&nbsp; sino recurriendo a un resorte que garantiza impunidad: la \u201cCumbia palestina\u201d o la Orkesta fueron tildadas de antisemitas. Y autom\u00e1ticamente, las instituciones o instancias correspondientes replicaron al est\u00edmulo prohibiendo o sacando de en medio eso, calificado de \u201cantisemita\u201d.<\/p>\n<p style=\"text-align: justify;\">Vi la obra. No tiene nada, absolutamente nada antisemita. Aunque s\u00ed una cr\u00edtica a la apropiaci\u00f3n del territorio palestino por lo que ahora se llama Estado de Israel.<\/p>\n<p style=\"text-align: justify;\">La borratina de Orkesta Popular sigue as\u00ed los lineamientos del mal llamado Acuerdo del Siglo. Como muy bien lo se\u00f1ala Jonathan Cook, un cronista brit\u00e1nico radicado en Nazareth, muy certero acerca de esa pol\u00edtica en su \u00faltimo libro: <em>Dissapearing Palestine. Israel\u2019s Experiments in Human Despair &nbsp;<\/em>(Haciendo desaparecer a Palestina. Experimentos israel\u00edes en desesperaci\u00f3n humana).<\/p>\n<p style=\"text-align: justify;\">Como dec\u00eda Mahatma Gandhi: \u201c<em>Lo m\u00e1s atroz de las cosas malas de la gente mala es el silencio de la gente buena.<\/em>\u00a0\u00bb De los que se creen tales.<\/p>\n<h4><strong>Luis Ernesto Sabini Fern\u00e1ndez<\/strong><\/h4>\n<h4>Editado por <a href=\"http:\/\/www.lapluma.net\/2021\/12\/15\/cumbia-palestina\/\">Mar\u00eda Piedad Ossaba<\/a><\/h4>\n<h4>Publicado por <a href=\"https:\/\/tlaxcala-int.blogspot.com\/2021\/12\/luis-e-sabini-f-censura-vergonzosa.html#more\">Tlaxcala<\/a> el 22 de diciembre de 2021<\/h4>\n","protected":false},"excerpt":{"rendered":"<p>Como dec\u00eda Mahatma Gandhi: \u201cLo m\u00e1s atroz de las cosas malas de la gente mala es el silencio de la gente buena.\u00a0\u00bb De los que se creen tales.<\/p>\n","protected":false},"author":12,"featured_media":33299,"comment_status":"open","ping_status":"open","sticky":false,"template":"","format":"standard","meta":{"_uf_show_specific_survey":0,"_uf_disable_surveys":false,"footnotes":""},"categories":[5,218],"tags":[16230,16505,16506,16504,16507,16509,16508],"coauthors":[215],"class_list":["post-33293","post","type-post","status-publish","format-standard","has-post-thumbnail","hentry","category-editoriales-y-opiniones","category-monde","tag-argentina-america-latina-abya-yala-2","tag-censura-sionista","tag-cumbia-palestina","tag-daia","tag-fernandez","tag-luis-ernesto-sabini","tag-orkesta-popular-san-bomba"],"translation":{"provider":"WPGlobus","version":"2.12.2","language":"fr","enabled_languages":["es","fr"],"languages":{"es":{"title":true,"content":true,"excerpt":true},"fr":{"title":false,"content":false,"excerpt":false}}},"_links":{"self":[{"href":"https:\/\/www.lapluma.net\/fr\/wp-json\/wp\/v2\/posts\/33293","targetHints":{"allow":["GET"]}}],"collection":[{"href":"https:\/\/www.lapluma.net\/fr\/wp-json\/wp\/v2\/posts"}],"about":[{"href":"https:\/\/www.lapluma.net\/fr\/wp-json\/wp\/v2\/types\/post"}],"author":[{"embeddable":true,"href":"https:\/\/www.lapluma.net\/fr\/wp-json\/wp\/v2\/users\/12"}],"replies":[{"embeddable":true,"href":"https:\/\/www.lapluma.net\/fr\/wp-json\/wp\/v2\/comments?post=33293"}],"version-history":[{"count":5,"href":"https:\/\/www.lapluma.net\/fr\/wp-json\/wp\/v2\/posts\/33293\/revisions"}],"predecessor-version":[{"id":33305,"href":"https:\/\/www.lapluma.net\/fr\/wp-json\/wp\/v2\/posts\/33293\/revisions\/33305"}],"wp:featuredmedia":[{"embeddable":true,"href":"https:\/\/www.lapluma.net\/fr\/wp-json\/wp\/v2\/media\/33299"}],"wp:attachment":[{"href":"https:\/\/www.lapluma.net\/fr\/wp-json\/wp\/v2\/media?parent=33293"}],"wp:term":[{"taxonomy":"category","embeddable":true,"href":"https:\/\/www.lapluma.net\/fr\/wp-json\/wp\/v2\/categories?post=33293"},{"taxonomy":"post_tag","embeddable":true,"href":"https:\/\/www.lapluma.net\/fr\/wp-json\/wp\/v2\/tags?post=33293"},{"taxonomy":"author","embeddable":true,"href":"https:\/\/www.lapluma.net\/fr\/wp-json\/wp\/v2\/coauthors?post=33293"}],"curies":[{"name":"wp","href":"https:\/\/api.w.org\/{rel}","templated":true}]}}