{"id":3279,"date":"2018-11-21T17:58:21","date_gmt":"2018-11-21T17:58:21","guid":{"rendered":"http:\/\/www.lapluma.net\/?p=3279"},"modified":"2018-11-21T20:44:02","modified_gmt":"2018-11-21T20:44:02","slug":"los-primeros-meses-de-ivan-duque-el-gobierno-jamas-sonado","status":"publish","type":"post","link":"https:\/\/www.lapluma.net\/fr\/2018\/11\/21\/los-primeros-meses-de-ivan-duque-el-gobierno-jamas-sonado\/","title":{"rendered":"Los primeros meses de Iv\u00e1n Duque, el gobierno jam\u00e1s so\u00f1ado"},"content":{"rendered":"<p style=\"text-align: justify;\"><em><span style=\"font-size: 12pt;\"><strong><img loading=\"lazy\" decoding=\"async\" class=\"size-full wp-image-3287 alignleft\" src=\"http:\/\/www.lapluma.net\/wp-content\/uploads\/2018\/11\/Oto-Higuita1Bis.jpg\" alt=\"\" width=\"62\" height=\"70\" \/>Ese es el sue\u00f1o del movimiento alternativo y la izquierda<\/strong>. Le favorece a la larga porque de no cambiar su rumbo, algo poco probable por el gabinete que nombr\u00f3 y el paquete de medidas que anunci\u00f3; el deterioro y desprestigio ser\u00e1n m\u00e1s acelerados y el costo de haber llevado a la presidencia un inexperto y pr\u00e1cticamente desconocido, como un as sacado debajo de la manga por \u00c1lvaro Uribe, le va a costar muy caro a Colombia.<\/span><\/em><\/p>\n<p><img loading=\"lazy\" decoding=\"async\" class=\"kalooga_34297 aligncenter\" title=\"Durante estos primeros cien d\u00edas ya han sido asesinados al menos 40 l\u00edderes sociales. | Foto: Reuters\" src=\"https:\/\/www.telesurtv.net\/__export\/1542212092071\/sites\/telesur\/img\/multimedia\/2018\/11\/14\/xqux_dejan_a_colombia_primeros_100_dxas_del_gobierno_de_duque-efeedit.jpg_1718483347.jpg\" alt=\"Durante estos primeros cien d\u00edas ya han sido asesinados al menos 40 l\u00edderes sociales.\" width=\"600\" height=\"340\" data-original=\"\/__export\/1542212092071\/sites\/telesur\/img\/multimedia\/2018\/11\/14\/xqux_dejan_a_colombia_primeros_100_dxas_del_gobierno_de_duque-efeedit.jpg_1718483347.jpg\" \/><\/p>\n<p style=\"text-align: justify;\"><span style=\"font-size: 12pt;\">Es temprano a\u00fan para decir c\u00f3mo, pero lo menos que puede pasar de continuar el rumbo que lleva este gobierno hacia una situaci\u00f3n de mayor inestabilidad y agitaci\u00f3n social, es que sea el \u00faltimo presidente electo por el bipartidismo que <em>por m\u00e1s que se vista de seda, alianza liberal-conservadora se queda<\/em>. No se trata simplemente de calificar de malo este gobierno, para atreverse a hacer tal afirmaci\u00f3n, puesto que un gobierno no se valora \u00fanicamente por lo que pregona sino por las decisiones que toma, que son las que producen un efecto en la vida de la gente.<\/span><\/p>\n<p style=\"text-align: justify;\"><span style=\"font-size: 12pt;\">Los que est\u00e1n acostumbrados a mandar en Colombia no imaginaron lo mal que les saldr\u00eda su maniobra, pues probablemente \u00e9ste gobierno no les garantice la continuidad futura. Y no es porque Iv\u00e1n Duque no sea fiel al mandato que le encomendaron, sino porque no est\u00e1 a la altura del momento, ni tiene la experiencia necesaria para ser el presidente de un pa\u00eds con una inmensa deuda hist\u00f3rica con los millones socialmente excluidos, con un acumulado de conflictos sociales represados estallando con mayor asiduidad cada d\u00eda, expresi\u00f3n de un descontento general y represado que profundiza la crisis sist\u00e9mica y la p\u00e9rdida de legitimidad del r\u00e9gimen constitucional vigente; pero adem\u00e1s porque el manejo de la <em>cosa p\u00fablica<\/em>, el Estado, no es una funci\u00f3n para que la asuma cualquiera.<\/span><\/p>\n<p style=\"text-align: justify;\"><span style=\"font-size: 12pt;\">Ya <strong>no hay vuelta atr\u00e1s<\/strong>, y en este punto es cuando mejor se mueve el p\u00e9ndulo de la historia, sobre todo si conviene a tus intereses, porque si no, ser\u00eda una gran frustraci\u00f3n. La ventaja de haber elegido alguien sin suficiente preparaci\u00f3n ni carisma, atado a los intereses de las clases acaudaladas que lo pusieron all\u00ed, sin experiencia en el manejo del Estado y sin otro m\u00e9rito que haber trabajado como <a href=\"https:\/\/lasillavacia.com\/quienesquien\/perfilquien\/ivan-duque-marquez\">consultor, asesor y senador por un per\u00edodo<\/a>, en pocas palabras, un buen chico de clase alta, formado en una universidad extranjera; le brinda a la oposici\u00f3n una oportunidad hist\u00f3rica \u00fanica: organizarse para recoger los frutos de lo acumulado a lo largo de muchas d\u00e9cadas de luchas, muertos, frustraciones y fracasos. \u00bfSer\u00e1 capaz esta vez?\u00a0 <u>\u00a0<\/u><\/span><\/p>\n<p style=\"text-align: justify;\"><span style=\"font-size: 12pt;\">Lleg\u00f3 a la presidencia con el apoyo de la alianza que arm\u00f3 la derecha tras la primera vuelta, reciclando lo m\u00e1s conservador y reaccionario de la sociedad colombiana. Y lo hizo a trav\u00e9s de una agresiva y masiva campa\u00f1a en las redes sociales (internet, Facebook, twitter, whatsapp) donde las cadenas de noticias falsas (fake news) les sirvi\u00f3 para mentir, generar miedo y manipular una amplia franja del electorado que les permiti\u00f3 obtener el triunfo. Sin embargo, dicha coalici\u00f3n no s\u00f3lo es d\u00e9bil sino que ha empezado a mostrar sus fisuras.<\/span><\/p>\n<p><img loading=\"lazy\" decoding=\"async\" class=\"irc_mi aligncenter\" src=\"https:\/\/pbs.twimg.com\/media\/Didmzi7WAAYnqZ3.jpg:large\" alt=\"R\u00e9sultat de recherche d'images pour \" width=\"440\" height=\"388\" \/><\/p>\n<p style=\"text-align: justify;\"><span style=\"font-size: 12pt;\"><strong>Equipo de <a href=\"https:\/\/lasillavacia.com\/opinion\/mermelada-si-pero-solo-para-el-centro-democratico-67326\">gobierno enmermelado<\/a><\/strong>. Con poco m\u00e1s que tres meses en el poder, ha ido a la deriva en temas fundamentales, pero sigue el camino del continuismo en otros. Algunos incluso resaltan la composici\u00f3n paritaria, alta representaci\u00f3n de mujeres en su gabinete, como un elemento positivo. No obstante, la llamada <em>mermelada<\/em>, distribuci\u00f3n de altos cargos del Estado y sus instituciones en correspondencia con las cuotas de poder de quienes conformaron la alianza de todas las derechas, es un hecho irrefutable.<\/span><\/p>\n<p style=\"text-align: justify;\"><span style=\"font-size: 12pt;\"><a href=\"https:\/\/www.elespectador.com\/noticias\/politica\/posturas-mas-polemicas-de-ordonez-su-era-de-procurador-articulo-653620\">Alejandro Ord\u00f3\u00f1ez<\/a>, ex-procurador defensor de los valores m\u00e1s conservadores y tradicionales, al tiempo que ha sido un negador de derechos y principios como la igualdad, la libertad y la diversidad LGTBIQ, el derecho al aborto, el matrimonio de parejas del mismo sexo, nombrado embajador ante la OEA.\u00a0<\/span><\/p>\n<p><img loading=\"lazy\" decoding=\"async\" class=\"aligncenter\" src=\"https:\/\/www.elespectador.com\/sites\/default\/files\/cc02901acc9fc14030c41f727961f569_1.jpg\" alt=\"\" width=\"575\" height=\"383\" \/><\/p>\n<p style=\"text-align: center;\"><strong>Alejandro Ordo\u00f1ez<\/strong><\/p>\n<p style=\"text-align: justify;\"><span style=\"font-size: 12pt;\">Francisco Santos, ex vicepresidente de gobierno de \u00c1lvaro Uribe, quien hab\u00eda pedido que se usara pistolas el\u00e9ctricas para detener las protestas estudiantiles y nunca pudo responder satisfactoriamente las acusaciones de crear el <a href=\"https:\/\/www.semana.com\/nacion\/articulo\/francisco-santos-y-las-auc-sala-de-justicia-y-paz-pide-esclarecer-relacion\/483666\">Bloque paramilitar Capital<\/a>, embajador en EE.UU.<\/span><\/p>\n<p style=\"text-align: center;\"><img loading=\"lazy\" decoding=\"async\" class=\"article-image aligncenter\" title=\"Francisco 'Pacho' Santos.\" src=\"https:\/\/static.iris.net.co\/semana\/upload\/images\/2016\/1\/18\/457134_16227_1.jpg\" alt=\"Francisco Santos y las AUC: Sala de Justicia y Paz pide esclarecer relaci\u00f3n\" width=\"574\" height=\"302\" \/><strong>Francisco Santos<\/strong><\/p>\n<p style=\"text-align: justify;\"><span style=\"font-size: 12pt;\">Viviane Morales, ex fiscal, cristiana ferviente, quien critica la \u201c<a href=\"https:\/\/www.elespectador.com\/opinion\/el-ciudadano-vegetativo-de-viviane-morales-columna-734257\">ideolog\u00eda de g\u00e9nero<\/a>\u201d, promovi\u00f3 un referendo que prohibiera el derecho a la adopci\u00f3n por parejas del mismo sexo, embajadora en Francia.<\/span><\/p>\n<p style=\"text-align: center;\"><img loading=\"lazy\" decoding=\"async\" class=\"entry-thumb aligncenter\" title=\"viviana-morales\" src=\"https:\/\/i0.wp.com\/elpilon.com.co\/wp-content\/uploads\/2017\/05\/viviana-morales.jpg?resize=500%2C333&amp;ssl=1\" sizes=\"auto, (max-width: 500px) 100vw, 500px\" srcset=\"https:\/\/i0.wp.com\/elpilon.com.co\/wp-content\/uploads\/2017\/05\/viviana-morales.jpg?w=500&amp;ssl=1 500w, https:\/\/i0.wp.com\/elpilon.com.co\/wp-content\/uploads\/2017\/05\/viviana-morales.jpg?resize=300%2C200&amp;ssl=1 300w, https:\/\/i0.wp.com\/elpilon.com.co\/wp-content\/uploads\/2017\/05\/viviana-morales.jpg?resize=30%2C20&amp;ssl=1 30w\" alt=\"\" width=\"500\" height=\"333\" \/><strong>Viviane Morales<\/strong><\/p>\n<p style=\"text-align: justify;\"><span style=\"font-size: 12pt;\"><img loading=\"lazy\" decoding=\"async\" class=\"alignleft\" src=\"https:\/\/d2yoo3qu6vrk5d.cloudfront.net\/images\/20180910054305\/betico-333-180x180.jpg\" alt=\"Alberto Carrasquilla\" width=\"129\" height=\"129\" \/>Alberto Carrasquilla, recordado por su pasado como ministro de Hacienda durante el gobierno de Uribe, estaf\u00f3 a decenas de municipios con los llamados <a href=\"https:\/\/www.pulzo.com\/nacion\/pagaron-intereses-municipios-por-bonos-agua-PP558789\">&lsquo;Bonos de Agua&rsquo; o Carrasquilla<\/a> utilizados para financiar acueductos y alcantarillados en 117 municipios, por $440.000 millones; repite en el mismo ministerio para impulsar un adefesio que llaman \u201cley de financiamiento\u201d con el que buscan aumentar el IVA a los productos de la canasta familiar que oscilan entre 0% y 5%, al 19%.\u00a0<\/span><\/p>\n<p style=\"text-align: justify;\"><span style=\"font-size: 12pt;\">Ministro de Defensa Guillermo Botero, ex presidente de Fenalco y quien lo primero que prometi\u00f3 tras su nombramiento fue una reforma para <a href=\"https:\/\/www.pulzo.com\/nacion\/guillermo-botero-nuevo-mindefensa-propone-regular-protestas-sociales-PP523845\">limitar la protesta social<\/a>.<\/span><\/p>\n<p style=\"text-align: center;\"><img loading=\"lazy\" decoding=\"async\" class=\"aligncenter\" src=\"https:\/\/www.eltiempo.com\/files\/article_main\/files\/crop\/uploads\/2018\/07\/17\/5b4de6cabd1d1.r_1531961756425.0-0-3000-1500.jpeg\" alt=\"Guillermo Botero\" width=\"552\" height=\"276\" data-original=\"\/files\/article_main\/files\/crop\/uploads\/2018\/07\/17\/5b4de6cabd1d1.r_1531961756425.0-0-3000-1500.jpeg\" \/><strong>Guillermo Botero<\/strong><\/p>\n<p style=\"text-align: justify;\"><span style=\"font-size: 12pt;\">Ministra de Minas Maria Fernanda Su\u00e1rez, una <a href=\"https:\/\/www.elespectador.com\/noticias\/nacional\/es-posible-hacer-fracking-de-manera-responsable-ministra-de-minas-articulo-805901\">devota del fracking<\/a> quien llama a utilizar este criticado m\u00e9todo de destrucci\u00f3n ambiental en el pa\u00eds, de manera \u201cresponsable\u201d.<\/span><\/p>\n<p><img loading=\"lazy\" decoding=\"async\" class=\"aligncenter\" src=\"https:\/\/www.elespectador.com\/sites\/default\/files\/maria_fernanda_suarez_-_ministra_de_minas_y_energia_21512163-1.jpg\" alt=\"\" width=\"476\" height=\"317\" \/><\/p>\n<p style=\"text-align: center;\"><strong>Maria Fernanda Su\u00e1rez<\/strong><\/p>\n<p style=\"text-align: justify;\"><span style=\"font-size: 12pt;\">Con un gabinete de esta talla, es f\u00e1cil deducir cu\u00e1l es el rumbo econ\u00f3mico y a qui\u00e9nes busca beneficiar Duque o quienes lo manejan.<\/span><\/p>\n<p style=\"text-align: justify;\"><span style=\"font-size: 12pt;\">\u00bfY <strong>los acuerdos de paz<\/strong>, que dijo iba a respetar? Para quienes creyeron en Colombia que la\u00a0 paz negociada era la salida, a trav\u00e9s del di\u00e1logo y acuerdo entre las partes, los hechos no les est\u00e1n dando la raz\u00f3n, principalmente porque se ha cumplido muy poco de los acuerdos con las FARC. La posibilidad de un acuerdo con el ELN no parece cercana; de hecho, <a href=\"http:\/\/www.lapatria.com\/nacional\/duque-retira-negociadores-con-el-eln-423536\">Duque retir\u00f3 los negociadores<\/a> que hab\u00eda nombrado su antecesor Juan Manuel Santos, y cada vez le pone m\u00e1s condiciones a esta guerrilla, que al parecer no est\u00e1 dispuesta a cruzarse de brazos y ha emprendido una campa\u00f1a de ataques que tampoco ayuda a un entendimiento.\u00a0<\/span><\/p>\n<p style=\"text-align: center;\"><img loading=\"lazy\" decoding=\"async\" class=\"irc_mi aligncenter\" src=\"http:\/\/www.lapatria.com\/sites\/default\/files\/imagenprincipal\/2018\/Septiembre\/2018-09-20_2_1418593.jpg\" alt=\"R\u00e9sultat de recherche d'images pour \" width=\"408\" height=\"276\" \/><strong>El exvicepresidente Gustavo Bell deja de ser el jefe negociador del gobierno en los di\u00e1logos de paz con el Eln. <\/strong><\/p>\n<p style=\"text-align: justify;\"><span style=\"font-size: 12pt;\">Para el instituto Kroc que le hace el <a href=\"https:\/\/kroc.nd.edu\/assets\/284864\/informe_2_instituto_kroc_final_with_logos.pdf\">seguimiento a la implemantaci\u00f3n del acuerdo de paz<\/a> en Colombia, en su \u00faltimo informe afirma que, de \u201c<em>las <\/em><em>578 disposiciones a las que la Iniciativa Bar\u00f3metro le hace seguimiento, 353 (61%) est\u00e1n en alg\u00fan nivel de implementaci\u00f3n\u201d<\/em>. Que el 39% de la implementaci\u00f3n del acuerdo, corresponde a la etapa<em> no iniciada<\/em>, y el 31% a la etapa <em>m\u00ednima<\/em> sin especifican lo que quieren decir con este dato. Es decir el 70% del acuerdo est\u00e1 entre incumplimiento total y etapa m\u00ednima de implementaci\u00f3n, con un 21% de implementaci\u00f3n completa, y el restante 9% en etapa de implementaci\u00f3n intermedia.<\/span><\/p>\n<p style=\"text-align: justify;\"><span style=\"font-size: 12pt;\">A pesar de ello, en sus conclusiones sostiene que, <em>\u201cLos principales logros del proceso son el exitoso proceso de cese del fuego, acantonamiento y dejaci\u00f3n de armas, y reincorporaci\u00f3n temprana, as\u00ed como la transici\u00f3n de las FARC-EP a partido pol\u00edtico democr\u00e1tico. Estos avances muestran un fuerte compromiso de las FARC con el proceso de paz.\u201d <\/em><\/span><\/p>\n<p style=\"text-align: justify;\"><span style=\"font-size: 12pt;\">Finalmente enumera las dificultades<em>: 1. La falta de garant\u00edas efectivas de seguridad y protecci\u00f3n para l\u00edderes sociales, defensores de derechos humanos y excombatientes de las FARC en territorios priorizados. 2. Incertidumbres y retrasos en el proceso de reintegraci\u00f3n pol\u00edtica, econ\u00f3mica y social de excombatientes. 3. La ausencia de ajustes normativos y legislativos necesarios para completar el proceso de implementaci\u00f3n. 4. La necesidad de una mayor atenci\u00f3n a la paz territorial y los enfoques transversales de g\u00e9nero y \u00e9tnico\u201d <\/em><\/span><\/p>\n<p style=\"text-align: justify;\"><span style=\"font-size: 12pt;\"><strong><a href=\"https:\/\/medellin.unal.edu.co\/noticias\/2033-que-y-por-que-reclaman-las-32-universidades-publicas-del-pais.html\">\u00bfY la educaci\u00f3n p\u00fablica en Colombia?<\/a><\/strong> El pa\u00eds ha visto las masivas y justas marchas estudiantiles reclamando un financiamiento acorde con el crecimiento y expansi\u00f3n de la universidad e instituciones de educaci\u00f3n superior. Parten de que la educaci\u00f3n p\u00fablica atraviesa una crisis financiera que suma 18,2 billones de pesos, que el Estado le adeuda a las 32 universidades p\u00fablicas, el SENA, y las 28 universidades privadas.<\/span><\/p>\n<p style=\"text-align: justify;\"><span style=\"font-size: 12pt;\">En un pronunciamiento reciente de la sede de la Unal [Universidad Nacional] Medell\u00edn, se afirma que: \u201c&#8230;<em>desde la implementaci\u00f3n de la Ley 30 de 1992, la educaci\u00f3n p\u00fablica del pa\u00eds ha dejado de recibir el dinero necesario para su funcionamiento y que hoy, 25 a\u00f1os despu\u00e9s la tiene sumida en una crisis presupuestal de m\u00e1s de 18 billones de pesos.\u201d\u00a0 <\/em><\/span><\/p>\n<p><img loading=\"lazy\" decoding=\"async\" class=\" wp-image-3282 aligncenter\" src=\"http:\/\/www.lapluma.net\/wp-content\/uploads\/2018\/11\/Crisis-universidades-publicas-colombia-79x300.jpg\" alt=\"\" width=\"333\" height=\"1265\" srcset=\"https:\/\/www.lapluma.net\/wp-content\/uploads\/2018\/11\/Crisis-universidades-publicas-colombia-79x300.jpg 79w, https:\/\/www.lapluma.net\/wp-content\/uploads\/2018\/11\/Crisis-universidades-publicas-colombia.jpg 500w\" sizes=\"auto, (max-width: 333px) 100vw, 333px\" \/><\/p>\n<p style=\"text-align: justify;\"><span style=\"font-size: 12pt;\">Las cuentas, seg\u00fan estudiantes, profesores y directivas son \u00e9stas: las universidades necesitan 500.000 millones de pesos para cerrar 2018; 3,2 billones para gastos operacionales y 15 billones para saldar la \u201cdeuda hist\u00f3rica\u201d en materia de infraestructura y calidad educativa.<\/span><\/p>\n<p style=\"text-align: justify;\"><span style=\"font-size: 12pt;\"><a href=\"https:\/\/www.elespectador.com\/noticias\/educacion\/las-universidades-publicas-en-la-olla-articulo-817089\">El problema grande y de fondo, es el desfinanciamiento estructural<\/a> de la educaci\u00f3n superior, ya que el presupuesto destinado a las universidades p\u00fablicas se qued\u00f3 congelado en 1993, a pesar de que estas siguen creciendo en n\u00famero de estudiantes, pregrados, maestr\u00edas y grupos de investigaci\u00f3n.\u00a0<\/span><\/p>\n<p><img loading=\"lazy\" decoding=\"async\" class=\"aligncenter\" src=\"https:\/\/www.elespectador.com\/sites\/default\/files\/marchas_-_estudiantes_-_10_octubre_0_0.jpg\" alt=\"\" width=\"566\" height=\"377\" \/><\/p>\n<p style=\"text-align: justify;\"><span style=\"font-size: 12pt;\"><strong>Finalmente, corrupci\u00f3n, crimen y deslegitimaci\u00f3n<\/strong> se juntaron para acabar de\u00a0 destruir la confianza de la gente en el Estado y sus instituciones. El \u00faltimo esc\u00e1ndalo da para una excelente novela de terror.<\/span><\/p>\n<p style=\"text-align: justify;\"><span style=\"font-size: 12pt;\">El actual Fiscal general, N\u00e9stor Humberto Mart\u00ednez, protege y encubre a los grandes poderes corruptos y criminales en Colombia. Su actuaci\u00f3n ha venido siendo denunciada hace un tiempo por <a href=\"http:\/\/lanuevaprensa.com.co\/component\/k2\/fiscal-general-de-colombia-oculta-bienes-y-fondos-en-espana-con-una-empresa-fachada-panamena-de-su-propiedad\">reconocidos periodistas<\/a>, medios y cr\u00edticos.<\/span><\/p>\n<p style=\"text-align: center;\"><img decoding=\"async\" class=\"aligncenter\" src=\"http:\/\/lanuevaprensa.com.co\/media\/k2\/items\/cache\/63ae8dd535459e6ddaa9950601158f8d_L.jpg\" alt=\"Foto de Presidencia de la Rep\u00fablica \/ Foto de Gonzalo Guill\u00e9n\" \/><strong>N\u00e9stor Humberto Mart\u00ednez<\/strong><\/p>\n<p style=\"text-align: justify;\"><span style=\"font-size: 12pt;\">El \u00faltimo <a href=\"https:\/\/www.elheraldo.co\/colombia\/en-video-las-declaraciones-de-jorge-pizano-testigo-clave-en-caso-odebrecht-565592\">caso de corrupci\u00f3n que lo involucra a \u00e9l y su anterior jefe<\/a>, ha cobrado la vida de un testigo principal y su hijo, en otro caso m\u00e1s de soborno por parte de Odebrecht a los socios de uno de los grandes empresarios y vacas sagradas del poder, el Grupo AVAL y su principal due\u00f1o Luis Carlos Sarmiento Angulo. \u00bfCu\u00e1ndo veremos el final del t\u00fanel a este hediondo estado de cosas en Colombia?\u00a0\u00a0\u00a0\u00a0 <\/span><\/p>\n<p style=\"text-align: justify;\"><span style=\"font-size: 12pt;\">\u00bfY entonces qu\u00e9 es lo positivo del gobierno de Iv\u00e1n Duque? Que por el camino que va, llevar\u00e1 al pa\u00eds a un acelerado deterioro, conflictos y resistencia como ning\u00fan otro lo hab\u00eda hecho. Y eso no necesariamente es malo, puede ser bueno para que muchos adormecidos por el candor de la guerra medi\u00e1tica y la publicidad enga\u00f1osa, cuando sienta que aumenta su desespero, su hambre, su no futuro, despierten. Es muy positivo para una sociedad como la colombiana, en estado permanente de inestabilidad, corrupci\u00f3n y conflicto.\u00a0<\/span><\/p>\n<p style=\"text-align: justify;\"><strong><span style=\"font-size: 12pt;\">Oto Higuita\u00a0 para La Pluma, 19 de noviembre de 2018<\/span><\/strong><\/p>\n<p style=\"text-align: justify;\"><strong><span style=\"font-size: 12pt;\">Editado por <a href=\"http:\/\/www.lapluma.net\/nosotros\/editora\/\">Mar\u00eda Piedad<\/a><\/span> <span style=\"font-size: 12pt;\">Ossaba<\/span><\/strong><\/p>\n","protected":false},"excerpt":{"rendered":"<p>\u00bfY entonces qu\u00e9 es lo positivo del gobierno de Iv\u00e1n Duque? Que por el camino que va, llevar\u00e1 al pa\u00eds a un acelerado deterioro, conflictos y resistencia como ning\u00fan otro lo hab\u00eda hecho.<\/p>\n","protected":false},"author":188,"featured_media":0,"comment_status":"open","ping_status":"open","sticky":false,"template":"","format":"standard","meta":{"_uf_show_specific_survey":0,"_uf_disable_surveys":false,"footnotes":""},"categories":[216],"tags":[28,65,108,54,419,1616,1617,199],"coauthors":[1615],"class_list":["post-3279","post","type-post","status-publish","format-standard","hentry","category-colombia","tag-colombia","tag-abya-yala","tag-educacion","tag-estado","tag-ivan-duque","tag-justica","tag-oto-huisguita","tag-politica"],"translation":{"provider":"WPGlobus","version":"2.12.2","language":"fr","enabled_languages":["es","fr"],"languages":{"es":{"title":true,"content":true,"excerpt":true},"fr":{"title":false,"content":false,"excerpt":false}}},"_links":{"self":[{"href":"https:\/\/www.lapluma.net\/fr\/wp-json\/wp\/v2\/posts\/3279","targetHints":{"allow":["GET"]}}],"collection":[{"href":"https:\/\/www.lapluma.net\/fr\/wp-json\/wp\/v2\/posts"}],"about":[{"href":"https:\/\/www.lapluma.net\/fr\/wp-json\/wp\/v2\/types\/post"}],"author":[{"embeddable":true,"href":"https:\/\/www.lapluma.net\/fr\/wp-json\/wp\/v2\/users\/188"}],"replies":[{"embeddable":true,"href":"https:\/\/www.lapluma.net\/fr\/wp-json\/wp\/v2\/comments?post=3279"}],"version-history":[{"count":6,"href":"https:\/\/www.lapluma.net\/fr\/wp-json\/wp\/v2\/posts\/3279\/revisions"}],"predecessor-version":[{"id":3331,"href":"https:\/\/www.lapluma.net\/fr\/wp-json\/wp\/v2\/posts\/3279\/revisions\/3331"}],"wp:attachment":[{"href":"https:\/\/www.lapluma.net\/fr\/wp-json\/wp\/v2\/media?parent=3279"}],"wp:term":[{"taxonomy":"category","embeddable":true,"href":"https:\/\/www.lapluma.net\/fr\/wp-json\/wp\/v2\/categories?post=3279"},{"taxonomy":"post_tag","embeddable":true,"href":"https:\/\/www.lapluma.net\/fr\/wp-json\/wp\/v2\/tags?post=3279"},{"taxonomy":"author","embeddable":true,"href":"https:\/\/www.lapluma.net\/fr\/wp-json\/wp\/v2\/coauthors?post=3279"}],"curies":[{"name":"wp","href":"https:\/\/api.w.org\/{rel}","templated":true}]}}