{"id":32568,"date":"2021-12-02T14:27:16","date_gmt":"2021-12-02T14:27:16","guid":{"rendered":"http:\/\/www.lapluma.net\/?p=32568"},"modified":"2021-12-02T14:35:22","modified_gmt":"2021-12-02T14:35:22","slug":"dia-mundial-del-no-uso-de-plaguicidas-viernes-3-de-diciembre-de-2021-conferencia-virtual-del-consejo-seccional-de-plaguicidas-de-antioquia","status":"publish","type":"post","link":"https:\/\/www.lapluma.net\/fr\/2021\/12\/02\/dia-mundial-del-no-uso-de-plaguicidas-viernes-3-de-diciembre-de-2021-conferencia-virtual-del-consejo-seccional-de-plaguicidas-de-antioquia\/","title":{"rendered":"D\u00eda Mundial del No Uso de Plaguicidas, viernes 3 de diciembre de 2021: Conferencia virtual del Consejo Seccional de Plaguicidas de Antioquia"},"content":{"rendered":"\n<p style=\"text-align: justify;\"><img loading=\"lazy\" decoding=\"async\" class=\" wp-image-32576 aligncenter\" src=\"http:\/\/www.lapluma.net\/wp-content\/uploads\/2021\/12\/Capture-dia-mundial-uso-no-plaguicidas-300x300.jpg\" alt=\"\" width=\"377\" height=\"377\" srcset=\"https:\/\/www.lapluma.net\/wp-content\/uploads\/2021\/12\/Capture-dia-mundial-uso-no-plaguicidas-300x300.jpg 300w, https:\/\/www.lapluma.net\/wp-content\/uploads\/2021\/12\/Capture-dia-mundial-uso-no-plaguicidas-150x150.jpg 150w, https:\/\/www.lapluma.net\/wp-content\/uploads\/2021\/12\/Capture-dia-mundial-uso-no-plaguicidas.jpg 473w\" sizes=\"auto, (max-width: 377px) 100vw, 377px\" \/><span id=\"page3R_mcid2\" class=\"markedContent\"><span dir=\"ltr\" role=\"presentation\">Esta fecha fue establecida por las 400 organizaciones miembros de la Red de Acci\u00f3n en Plaguicidas, PAN Internacional (Pestici<\/span><span dir=\"ltr\" role=\"presentation\">de <\/span><span dir=\"ltr\" role=\"presentation\">Action Network), en 60 pa\u00edses, recordando a las m\u00e1s de 16.000 personas fallecidas a consecuencia de la cat\u00e1strofe de Bophal, <\/span><span dir=\"ltr\" role=\"presentation\">Ind<\/span><span dir=\"ltr\" role=\"presentation\">ia, <\/span><span dir=\"ltr\" role=\"presentation\">ocurrida en 1984 por el escape de 27 toneladas del gas t\u00f3xico metil isocianato, utilizado en la elaboraci\u00f3n de un plaguicida <\/span> <span dir=\"ltr\" role=\"presentation\">de la <\/span><span dir=\"ltr\" role=\"presentation\">Corporaci\u00f3n <\/span><span dir=\"ltr\" role=\"presentation\">Uni\u00f3n<\/span> <span dir=\"ltr\" role=\"presentation\">Carbide. Este desastre qu\u00edmico ocurri\u00f3 en un \u00e1rea densamente poblada y s\u00f3lo en los tres primeros d\u00edas m<\/span><span dir=\"ltr\" role=\"presentation\">urieron <\/span><span dir=\"ltr\" role=\"presentation\">8.000 personas.<\/span> <\/span><\/p>\n<p style=\"text-align: justify;\"><span id=\"page3R_mcid3\" class=\"markedContent\"><\/span><span id=\"page3R_mcid3\" class=\"markedContent\"><\/span><span id=\"page3R_mcid4\" class=\"markedContent\"><span dir=\"ltr\" role=\"presentation\">Adem\u00e1s de otros graves accidentes ocurridos en el mundo desde que se impuso la agricultura de monocultivos con uso intensivo <\/span> <span dir=\"ltr\" role=\"presentation\">de <\/span><span dir=\"ltr\" role=\"presentation\">plaguicidas<\/span><span dir=\"ltr\" role=\"presentation\">, se ha contaminado aire, suelos, aguas y alimentos causando graves desequilibrios en los ec<\/span><span dir=\"ltr\" role=\"presentation\">osistemas, muerte y <\/span><span dir=\"ltr\" role=\"presentation\">reducci\u00f3n de vida silvestre. Tambi\u00e9n se han producido graves impactos en la biodiversidad agr\u00edcola y cambios en el patr\u00f3n de <\/span><span dir=\"ltr\" role=\"presentation\">cultivos. <\/span><span dir=\"ltr\" role=\"presentation\">As\u00ed <\/span><span dir=\"ltr\" role=\"presentation\">mismo, se han acelerado los procesos de deforestaci\u00f3n y eliminaci\u00f3n de la cobertura vegetal, con <\/span><span dir=\"ltr\" role=\"presentation\">grave p\u00e9rdida de la fertilidad de <\/span><span dir=\"ltr\" role=\"presentation\">nuestros suelos.<\/span><\/span><\/p>\n<p style=\"text-align: justify;\"><span id=\"page18R_mcid0\" class=\"markedContent\"><span dir=\"ltr\" role=\"presentation\">El <\/span> <span dir=\"ltr\" role=\"presentation\">Consejo Seccional de Plaguicidas de Antioquia<\/span> <span dir=\"ltr\" role=\"presentation\">conmemora<\/span> <span dir=\"ltr\" role=\"presentation\">3<\/span><span dir=\"ltr\" role=\"presentation\">4<\/span> <span dir=\"ltr\" role=\"presentation\">a\u00f1os de existencia<\/span> <span dir=\"ltr\" role=\"presentation\">como ente asesor del departamento en <\/span><span dir=\"ltr\" role=\"presentation\">temas de plaguicidas<\/span><span dir=\"ltr\" role=\"presentation\">, <\/span><span dir=\"ltr\" role=\"presentation\">y <\/span><span dir=\"ltr\" role=\"presentation\">ha venido uni\u00e9ndose a las reflexiones que a\u00f1o a a\u00f1o se llevan a cabo en <\/span><span dir=\"ltr\" role=\"presentation\">esta<\/span> <span dir=\"ltr\" role=\"presentation\">fecha. Para el <\/span><span dir=\"ltr\" role=\"presentation\">202<\/span><span dir=\"ltr\" role=\"presentation\">1<\/span> <span dir=\"ltr\" role=\"presentation\">\u201c<\/span><span dir=\"ltr\" role=\"presentation\">El uso de <\/span><span dir=\"ltr\" role=\"presentation\">plaguicidas, salud y cambio clim\u00e1tico en tiempos de pandemia<\/span><span dir=\"ltr\" role=\"presentation\">\u201d<\/span> <span dir=\"ltr\" role=\"presentation\">ocupara<\/span> <span dir=\"ltr\" role=\"presentation\">el lugar central de nuestro debate.<\/span> <\/span><span id=\"page18R_mcid1\" class=\"markedContent\"><\/span><span id=\"page18R_mcid2\" class=\"markedContent\"><br role=\"presentation\" \/><span dir=\"ltr\" role=\"presentation\">En general, en el continente <\/span><span dir=\"ltr\" role=\"presentation\">podemos observar que el capital y el extractivismo han seguido avanzando durante la pandemia, con m\u00e1s <\/span><span dir=\"ltr\" role=\"presentation\">despojo, apropiaci\u00f3n de tierras, aguas y bienes comunes. Ellos no se detienen y aprovechan la pandemia para seguir acumulando<\/span> <span dir=\"ltr\" role=\"presentation\">riqueza<\/span><span dir=\"ltr\" role=\"presentation\">. <\/span> <span dir=\"ltr\" role=\"presentation\">La pandemia causada<\/span> <span dir=\"ltr\" role=\"presentation\">por el<\/span> <span dir=\"ltr\" role=\"presentation\">Virus Sars 2 Covid 19<\/span><span dir=\"ltr\" role=\"presentation\">, ha exacerbado <\/span> <span dir=\"ltr\" role=\"presentation\">esta situaci\u00f3n y se usa como excusa para desviar la <\/span><span dir=\"ltr\" role=\"presentation\">atenci\u00f3n. Es por ello que desde el CSPA y durante esta conmemoraci\u00f3n, nos enfocaremos en mostrar diferentes problem\u00e1ticas que<\/span> <span dir=\"ltr\" role=\"presentation\">nos est\u00e1n conduciendo r\u00e1pidamente<\/span> <span dir=\"ltr\" role=\"presentation\">a un colapso civilizatorio, donde un<\/span><span dir=\"ltr\" role=\"presentation\">a masiva respuesta de los pueblos es el \u00fanico modo de <\/span><span dir=\"ltr\" role=\"presentation\">impedir que el capital mafioso y los Estados puedan dise\u00f1ar la coyuntura de la pandemia a su medida.<\/span><\/span><span id=\"page18R_mcid2\" class=\"markedContent\"><\/span><span id=\"page18R_mcid3\" class=\"markedContent\"><\/span><span id=\"page18R_mcid4\" class=\"markedContent\"><br role=\"presentation\" \/><\/span><span id=\"undefined\" class=\"markedContent\"><\/span><span id=\"page18R_mcid5\" class=\"markedContent\"><\/span><span id=\"page18R_mcid6\" class=\"markedContent\"><\/span><\/p>\n<p><img loading=\"lazy\" decoding=\"async\" class=\" wp-image-32573 aligncenter\" src=\"http:\/\/www.lapluma.net\/wp-content\/uploads\/2021\/12\/Capture-PROGRAMACION-1-300x199.jpg\" alt=\"\" width=\"575\" height=\"381\" srcset=\"https:\/\/www.lapluma.net\/wp-content\/uploads\/2021\/12\/Capture-PROGRAMACION-1-300x199.jpg 300w, https:\/\/www.lapluma.net\/wp-content\/uploads\/2021\/12\/Capture-PROGRAMACION-1-768x510.jpg 768w, https:\/\/www.lapluma.net\/wp-content\/uploads\/2021\/12\/Capture-PROGRAMACION-1-150x100.jpg 150w, https:\/\/www.lapluma.net\/wp-content\/uploads\/2021\/12\/Capture-PROGRAMACION-1.jpg 818w\" sizes=\"auto, (max-width: 575px) 100vw, 575px\" \/><\/p>\n<p><span id=\"page18R_mcid35\" class=\"markedContent\"><strong><span dir=\"ltr\" role=\"presentation\">LUGAR<\/span> \u00a0\u00a0\u00a0\u00a0\u00a0\u00a0\u00a0\u00a0\u00a0\u00a0\u00a0\u00a0\u00a0\u00a0\u00a0\u00a0\u00a0\u00a0\u00a0\u00a0\u00a0\u00a0\u00a0\u00a0\u00a0\u00a0\u00a0\u00a0\u00a0\u00a0\u00a0\u00a0\u00a0\u00a0\u00a0\u00a0\u00a0\u00a0\u00a0\u00a0\u00a0\u00a0\u00a0\u00a0\u00a0\u00a0\u00a0\u00a0\u00a0\u00a0\u00a0\u00a0\u00a0\u00a0\u00a0\u00a0\u00a0\u00a0\u00a0\u00a0\u00a0\u00a0\u00a0\u00a0\u00a0\u00a0\u00a0\u00a0 <span dir=\"ltr\" role=\"presentation\">CUPO MAXIMO<\/span> <\/strong><\/span><span id=\"page18R_mcid36\" class=\"markedContent\"><br role=\"presentation\" \/><span dir=\"ltr\" role=\"presentation\">Conferencia Virtual Plataforma (google Meet)<\/span> \u00a0\u00a0\u00a0\u00a0\u00a0\u00a0 <span dir=\"ltr\" role=\"presentation\">100<\/span> <span dir=\"ltr\" role=\"presentation\">p<\/span><span dir=\"ltr\" role=\"presentation\">articipantes<\/span> <\/span><span id=\"page18R_mcid37\" class=\"markedContent\"><\/span><span id=\"page18R_mcid38\" class=\"markedContent\"><br role=\"presentation\" \/><\/span><\/p>\n<p><strong>Unirse con Google Meet<\/strong> <br \/><a href=\"https:\/\/meet.google.com\/gxs-fynv-trv\">https:\/\/meet.google.com\/gxs-fynv-trv<\/a><\/p>\n<p><img loading=\"lazy\" decoding=\"async\" class=\" wp-image-32577 aligncenter\" src=\"http:\/\/www.lapluma.net\/wp-content\/uploads\/2021\/12\/invitacion-2-300x300.jpg\" alt=\"\" width=\"467\" height=\"467\" srcset=\"https:\/\/www.lapluma.net\/wp-content\/uploads\/2021\/12\/invitacion-2-300x300.jpg 300w, https:\/\/www.lapluma.net\/wp-content\/uploads\/2021\/12\/invitacion-2-1024x1024.jpg 1024w, https:\/\/www.lapluma.net\/wp-content\/uploads\/2021\/12\/invitacion-2-150x150.jpg 150w, https:\/\/www.lapluma.net\/wp-content\/uploads\/2021\/12\/invitacion-2-768x768.jpg 768w, https:\/\/www.lapluma.net\/wp-content\/uploads\/2021\/12\/invitacion-2-1536x1536.jpg 1536w, https:\/\/www.lapluma.net\/wp-content\/uploads\/2021\/12\/invitacion-2-2048x2048.jpg 2048w\" sizes=\"auto, (max-width: 467px) 100vw, 467px\" \/><\/p>\n<h4>Consejo Seccional de Plaguicidas de Antioquia (CSPA)<\/h4>\n<h4>Editado por <a href=\"http:\/\/www.lapluma.net\/nosotros\/editora\/\">Mar\u00eda Piedad Ossaba<\/a><\/h4>\n","protected":false},"excerpt":{"rendered":"<p>Esta fecha fue establecida por las 400 organizaciones miembros de la Red de Acci&oacute;n en Plaguicidas, PAN Internacional (Pesticide Action Network), en 60 pa&iacute;ses, recordando a las m&aacute;s de 16.000 personas fallecidas a consecuencia de la cat&aacute;strofe de Bophal, India, ocurrida en 1984 por el escape de 27 toneladas del gas t&oacute;xico metil isocianato, utilizado&#8230;<\/p>\n","protected":false},"author":991,"featured_media":22426,"comment_status":"open","ping_status":"open","sticky":false,"template":"","format":"standard","meta":{"_uf_show_specific_survey":0,"_uf_disable_surveys":false,"footnotes":""},"categories":[2489,9],"tags":[16208,15774,16205],"coauthors":[16204],"class_list":["post-32568","post","type-post","status-publish","format-standard","has-post-thumbnail","hentry","category-agenda","category-economia-de-la-naturaleza","tag-colapso-civilizatorio","tag-consejo-seccional-de-plaguicidas-de-antioquia-cspa","tag-uso-de-plaguicidas"],"translation":{"provider":"WPGlobus","version":"2.12.2","language":"fr","enabled_languages":["es","fr"],"languages":{"es":{"title":true,"content":true,"excerpt":false},"fr":{"title":false,"content":false,"excerpt":false}}},"_links":{"self":[{"href":"https:\/\/www.lapluma.net\/fr\/wp-json\/wp\/v2\/posts\/32568","targetHints":{"allow":["GET"]}}],"collection":[{"href":"https:\/\/www.lapluma.net\/fr\/wp-json\/wp\/v2\/posts"}],"about":[{"href":"https:\/\/www.lapluma.net\/fr\/wp-json\/wp\/v2\/types\/post"}],"author":[{"embeddable":true,"href":"https:\/\/www.lapluma.net\/fr\/wp-json\/wp\/v2\/users\/991"}],"replies":[{"embeddable":true,"href":"https:\/\/www.lapluma.net\/fr\/wp-json\/wp\/v2\/comments?post=32568"}],"version-history":[{"count":11,"href":"https:\/\/www.lapluma.net\/fr\/wp-json\/wp\/v2\/posts\/32568\/revisions"}],"predecessor-version":[{"id":32589,"href":"https:\/\/www.lapluma.net\/fr\/wp-json\/wp\/v2\/posts\/32568\/revisions\/32589"}],"wp:featuredmedia":[{"embeddable":true,"href":"https:\/\/www.lapluma.net\/fr\/wp-json\/wp\/v2\/media\/22426"}],"wp:attachment":[{"href":"https:\/\/www.lapluma.net\/fr\/wp-json\/wp\/v2\/media?parent=32568"}],"wp:term":[{"taxonomy":"category","embeddable":true,"href":"https:\/\/www.lapluma.net\/fr\/wp-json\/wp\/v2\/categories?post=32568"},{"taxonomy":"post_tag","embeddable":true,"href":"https:\/\/www.lapluma.net\/fr\/wp-json\/wp\/v2\/tags?post=32568"},{"taxonomy":"author","embeddable":true,"href":"https:\/\/www.lapluma.net\/fr\/wp-json\/wp\/v2\/coauthors?post=32568"}],"curies":[{"name":"wp","href":"https:\/\/api.w.org\/{rel}","templated":true}]}}