{"id":32312,"date":"2021-11-23T17:00:08","date_gmt":"2021-11-23T17:00:08","guid":{"rendered":"http:\/\/www.lapluma.net\/?p=32312"},"modified":"2021-11-23T17:00:11","modified_gmt":"2021-11-23T17:00:11","slug":"gobierno-y-poder","status":"publish","type":"post","link":"https:\/\/www.lapluma.net\/fr\/2021\/11\/23\/gobierno-y-poder\/","title":{"rendered":"Gobierno y poder"},"content":{"rendered":"\n<p style=\"text-align: justify;\">Gobernar no significa necesariamente alcanzar el poder, tal como pueden constatar en el panorama latinoamericano los gobiernos progresistas, de tinte nacionalista y m\u00e1s a\u00fan aquellos que apuestan por la construcci\u00f3n de un orden social nuevo que no se limite a superar el modelo neoliberal vigente. Por supuesto que el gobierno ofrece ciertos m\u00e1rgenes para ejercer el poder pero en la pr\u00e1ctica resultan muy estrechos si quien gobierna se proponga afectar los intereses del gran capital nacional, y mucho m\u00e1s si se trata del capital extranjero. La izquierda y el progresismo deben considerar entonces que, adem\u00e1s de la lucha por alcanzar el gobierno tienen que asegurar mecanismos efectivos para contrarrestar el poder efectivo del gran capital nacional y extranjero.<\/p>\n<p><img loading=\"lazy\" decoding=\"async\" class=\" wp-image-32334 aligncenter\" src=\"http:\/\/www.lapluma.net\/wp-content\/uploads\/2021\/11\/division-de-poderes-300x129.jpg\" alt=\"\" width=\"514\" height=\"221\" srcset=\"https:\/\/www.lapluma.net\/wp-content\/uploads\/2021\/11\/division-de-poderes-300x129.jpg 300w, https:\/\/www.lapluma.net\/wp-content\/uploads\/2021\/11\/division-de-poderes.jpg 700w\" sizes=\"auto, (max-width: 514px) 100vw, 514px\" \/><\/p>\n<p style=\"text-align: justify;\">Aunque en las urnas la izquierda pol\u00edtica y los movimientos sociales de la protesta alcancen m\u00e1rgenes suficientes (poderes ejecutivo y legislativo) es com\u00fan que el poder judicial, casi siempre de un tinte conservador muy acusado, se convierta en un obst\u00e1culo importante, igual que la burocracia sobre todo en sus niveles superiores, pues ambos est\u00e1n dise\u00f1ados para administrar los asuntos de la clase dominante. Un gobierno de inspiraci\u00f3n popular no puede proceder ignorando esta realidad. Interesa ante todo el rol de militares, polic\u00edas y cuerpos de seguridad que siempre son la carta salvadora del orden vigente cuando las fuerzas populares logran imponerse y proceden a dar cumplimiento a sus objetivos reformadores. Desde el gobierno progresista es pues indispensable proceder a la remodelaci\u00f3n profunda de estas instituciones de suerte que antes que un obst\u00e1culo sirvan a los prop\u00f3sitos de la reforma.<\/p>\n<p><img loading=\"lazy\" decoding=\"async\" class=\" wp-image-32342 aligncenter\" src=\"http:\/\/www.lapluma.net\/wp-content\/uploads\/2021\/11\/poder1-300x187.jpg\" alt=\"\" width=\"473\" height=\"295\" srcset=\"https:\/\/www.lapluma.net\/wp-content\/uploads\/2021\/11\/poder1-300x187.jpg 300w, https:\/\/www.lapluma.net\/wp-content\/uploads\/2021\/11\/poder1-1024x637.jpg 1024w, https:\/\/www.lapluma.net\/wp-content\/uploads\/2021\/11\/poder1-768x478.jpg 768w, https:\/\/www.lapluma.net\/wp-content\/uploads\/2021\/11\/poder1-1536x956.jpg 1536w, https:\/\/www.lapluma.net\/wp-content\/uploads\/2021\/11\/poder1.jpg 1597w\" sizes=\"auto, (max-width: 473px) 100vw, 473px\" \/><\/p>\n<p style=\"text-align: justify;\">Pero esto no es suficiente porque de nuevo se pone de manifiesto que tener el gobierno no es tener el poder real pues a\u00fan con un aparato gubernamental favorable, el gobierno progresista se enfrenta al poder enorme y decisivo de los grandes propietarios nacionales y extranjeros, que como los principales beneficiarios del actual estado de cosas ser\u00e1n por lo mismo el objetivo principal de las reformas. El atraso, la pobreza y la enorme desigualdad que registran los pa\u00edses latinoamericanos y caribe\u00f1os tienen su raz\u00f3n primera en las relaciones de propiedad de la tierra, de los recursos naturales, de la industria, del sistema financiero, del comercio y los servicios. Los resortes principales de la econom\u00eda pertenecen de hecho a la gran burgues\u00eda nacional y extranjera, que cuenta adem\u00e1s con un respaldo pol\u00edtico y social de sectores de la mediana y peque\u00f1a propiedad y hasta de sectores populares pobres y marginados, de escasa o nula consciencia pol\u00edtica que son\u00a0 presa f\u00e1cil de los partidos burgueses tradicionales no menos que de las nuevas formas de la extrema derecha (el fascismo criollo). La clase dominante utiliza estos resortes econ\u00f3micos para obstaculizar las medidas del gobierno progresista, en algunos casos sirvi\u00e9ndose de la legislaci\u00f3n vigente (que ha sido redactada precisamente para defender la propiedad) pero sin excluir formas abiertamente ilegales. As\u00ed, por ejemplo, se reduce dr\u00e1sticamente la producci\u00f3n o se la suspende alegando dificultades existentes o no y se retira producci\u00f3n y servicios esenciales del mercado y otros m\u00e9todos similares para provocar el desabastecimiento masivo, sin excluir la moderna guerra electr\u00f3nica y otros m\u00e9todos parecidos que impactan directamente en la vidas cotidiana de la poblaci\u00f3n. A las nuevas autoridades solo les queda como alternativa, por un lado aplicar la ley de forma contundente, y de otro, movilizar a sus bases sociales para neutralizar la acci\u00f3n de la derecha. Pero la cuesti\u00f3n plantea un asunto de fondo a las fuerzas progresistas: o la gran propiedad se somete\u00a0 al control p\u00fablico o el Estado debe poseer, en nombre de la comunidad los principales resortes de la econom\u00eda; ambas alternativas contrarias al neoliberalismo.<\/p>\n<p><img loading=\"lazy\" decoding=\"async\" class=\" wp-image-32337 aligncenter\" src=\"http:\/\/www.lapluma.net\/wp-content\/uploads\/2021\/11\/reforma-agraria-300x157.jpg\" alt=\"\" width=\"439\" height=\"230\" srcset=\"https:\/\/www.lapluma.net\/wp-content\/uploads\/2021\/11\/reforma-agraria-300x157.jpg 300w, https:\/\/www.lapluma.net\/wp-content\/uploads\/2021\/11\/reforma-agraria.jpg 572w\" sizes=\"auto, (max-width: 439px) 100vw, 439px\" \/><\/p>\n<p style=\"text-align: justify;\">La reforma agraria, por ejemplo, debe no solo contar con un respaldo normativo suficiente sino generar formas de poder popular movilizando a los campesinos para que de manera organizada impidan el sabotaje de los grandes propietarios \u2013los tradicionales y los modernos-. Pero es casi imposible adelantar las reformas si las autoridades no cuentan con el respaldo efectivo de la fuerza p\u00fablica para neutralizar la acci\u00f3n armada privada de los grandes propietarios (tan com\u00fan en esta regi\u00f3n). Sin el respaldo de unos cuarteles renovados en su base misma, la posibilidad de ver la reforma agraria convertida en papel mojado es enorme, comprobado de nuevo que tener el gobierno, la ley y el derecho de su parte no servir\u00e1 para neutralizar el poder real que ejercen terratenientes, grandes empresas agroindustriales y madereras, la moderna miner\u00eda y en general las empresas que deciden el destino de los recursos naturales y el destino de las masas campesinas. Afectar el gran capital nacional y extranjero en la industria, el comercio y los servicios exige igualmente contar no solo con las armas legales que permitan a las autoridades neutralizar las muy conocidas campa\u00f1as de desabastecimiento, sabotaje, paralizaciones intencionadas y el acaparamiento que buscan paralizar la econom\u00eda y culpar entonces al gobierno reformista del caos producido, sino una movilizaci\u00f3n social contundente y avances significativos de las empresas p\u00fablicas en todas las ramas de la econom\u00eda. En efecto, el enorme poder del capital puede neutralizarse o moderarse\u00a0 al menos de tres maneras: fortaleciendo al m\u00e1ximo la empresa p\u00fablica para que el gobierno controle los principales resortes de la econom\u00eda en nombre de toda la comunidad, elevando notoriamente el nivel de consciencia pol\u00edtica y de organizaci\u00f3n de sus bases sociales y buscando alianzas \u2013posibles e indispensables- con la mediana y peque\u00f1a propiedad del capital criollo que en la perspectiva de un nuevo proteccionismo ver\u00e1n defendidos sus intereses, igualmente perjudicados por el modelo neoliberal vigente.<\/p>\n<p><img loading=\"lazy\" decoding=\"async\" class=\" wp-image-32339 aligncenter\" src=\"http:\/\/www.lapluma.net\/wp-content\/uploads\/2021\/11\/0001-poder-politico-300x192.jpg\" alt=\"\" width=\"480\" height=\"307\" srcset=\"https:\/\/www.lapluma.net\/wp-content\/uploads\/2021\/11\/0001-poder-politico-300x192.jpg 300w, https:\/\/www.lapluma.net\/wp-content\/uploads\/2021\/11\/0001-poder-politico-1024x654.jpg 1024w, https:\/\/www.lapluma.net\/wp-content\/uploads\/2021\/11\/0001-poder-politico-768x490.jpg 768w, https:\/\/www.lapluma.net\/wp-content\/uploads\/2021\/11\/0001-poder-politico.jpg 1200w\" sizes=\"auto, (max-width: 480px) 100vw, 480px\" \/><\/p>\n<p style=\"text-align: justify;\">El poder del gran capital internacional es enorme y tiene como caracter\u00edstica no respetar en absoluto ni las leyes locales (a las cuales supuestamente se acoge cuando invierte en un pa\u00eds) ni menos\u00a0 a\u00fan a las leyes internacionales que de forma tan evidente muestran que el poder es mucho m\u00e1s que normas y acuerdos y que depende de la capacidad de imponerse de cualquier forma mediante regulaciones internacionales ama\u00f1adas y favorables a las metr\u00f3polis. El gran capital puede manipular en su favor el sistema financiero, crediticio y bancario; puede controlar de mil formas el mercado internacional, y por supuesto, agredir militarmente de diversas maneras a gobiernos rebeldes que pretendan defender sus intereses nacionales. Ante este desaf\u00edo las fuerzas nacionalistas y de progreso tienen, por fortuna, la alternativa de construir alianzas mediante la integraci\u00f3n regional y, sobre todo, aprovechar las contradicciones existentes entre las grandes potencias construyendo nuevas relaciones en el mercado mundial; la alianza con China, en particular. En s\u00edntesis, el reto de gobernar para las fuerzas del progreso en Latinoam\u00e9rica y el Caribe exige tener claro que gobierno y poder no son la misma cosa, que deben comenzar por remodelar el Estado(las fuerzas armadas, en particular), avanzar en la organizaci\u00f3n y educaci\u00f3n pol\u00edtica de sus ciudadanos, convencer a parte del empresariado local de las ventajas de un nuevo proteccionismo y rehacer las alianzas en el escenario internacional de suerte que el pa\u00eds alcance una mayor autonom\u00eda fruto de la integraci\u00f3n regional y de la alianza con nuevos socios, aunque esto no sea del agrado de Washington.<\/p>\n<h4>Juan Diego Garc\u00eda para la Pluma, 22 de noviembre de 2021<\/h4>\n<h4><strong><b>Editado por <a href=\"http:\/\/www.lapluma.net\/fr\/nosotros\/editora\/\">Mar\u00eda Piedad Ossaba<\/a><\/b><\/strong><\/h4>\n","protected":false},"excerpt":{"rendered":"<p>La reforma agraria, por ejemplo, debe no solo contar con un respaldo normativo suficiente sino generar formas de poder popular&#8230;<\/p>\n","protected":false},"author":87,"featured_media":32332,"comment_status":"open","ping_status":"open","sticky":false,"template":"","format":"standard","meta":{"_uf_show_specific_survey":0,"_uf_disable_surveys":false,"footnotes":""},"categories":[5],"tags":[16056,1255,16061,16055,16057,16059,16060],"coauthors":[760],"class_list":["post-32312","post","type-post","status-publish","format-standard","has-post-thumbnail","hentry","category-editoriales-y-opiniones","tag-gobierno-poder","tag-juan-diego-garcia","tag-orden-vigente-fuerzas-populares","tag-poder-del-gran-capital-internacional","tag-poder-ejecutivo-y-legislativo","tag-poder-ejecutivo-legislativo-y-judicial","tag-rol-de-militares-policias-y-cuerpos-de-seguridad"],"translation":{"provider":"WPGlobus","version":"2.12.2","language":"fr","enabled_languages":["es","fr"],"languages":{"es":{"title":true,"content":true,"excerpt":true},"fr":{"title":false,"content":false,"excerpt":false}}},"_links":{"self":[{"href":"https:\/\/www.lapluma.net\/fr\/wp-json\/wp\/v2\/posts\/32312","targetHints":{"allow":["GET"]}}],"collection":[{"href":"https:\/\/www.lapluma.net\/fr\/wp-json\/wp\/v2\/posts"}],"about":[{"href":"https:\/\/www.lapluma.net\/fr\/wp-json\/wp\/v2\/types\/post"}],"author":[{"embeddable":true,"href":"https:\/\/www.lapluma.net\/fr\/wp-json\/wp\/v2\/users\/87"}],"replies":[{"embeddable":true,"href":"https:\/\/www.lapluma.net\/fr\/wp-json\/wp\/v2\/comments?post=32312"}],"version-history":[{"count":6,"href":"https:\/\/www.lapluma.net\/fr\/wp-json\/wp\/v2\/posts\/32312\/revisions"}],"predecessor-version":[{"id":32343,"href":"https:\/\/www.lapluma.net\/fr\/wp-json\/wp\/v2\/posts\/32312\/revisions\/32343"}],"wp:featuredmedia":[{"embeddable":true,"href":"https:\/\/www.lapluma.net\/fr\/wp-json\/wp\/v2\/media\/32332"}],"wp:attachment":[{"href":"https:\/\/www.lapluma.net\/fr\/wp-json\/wp\/v2\/media?parent=32312"}],"wp:term":[{"taxonomy":"category","embeddable":true,"href":"https:\/\/www.lapluma.net\/fr\/wp-json\/wp\/v2\/categories?post=32312"},{"taxonomy":"post_tag","embeddable":true,"href":"https:\/\/www.lapluma.net\/fr\/wp-json\/wp\/v2\/tags?post=32312"},{"taxonomy":"author","embeddable":true,"href":"https:\/\/www.lapluma.net\/fr\/wp-json\/wp\/v2\/coauthors?post=32312"}],"curies":[{"name":"wp","href":"https:\/\/api.w.org\/{rel}","templated":true}]}}